{"id":53103,"date":"2020-06-09T22:53:01","date_gmt":"2020-06-10T01:53:01","guid":{"rendered":"https:\/\/portalnpm.com\/index.php\/2020\/06\/09\/picos-registra-mais-12-casos-de-covid-19-nas-ultimas-24h-agora-sao-244-casos-confirmados-de-covid-19-com-cinco-obitos\/"},"modified":"2024-01-15T18:39:31","modified_gmt":"2024-01-15T21:39:31","slug":"picos-registra-mais-12-casos-de-covid-19-nas-ultimas-24h-agora-sao-244-casos-confirmados-de-covid-19-com-cinco-obitos","status":"publish","type":"post","link":"https:\/\/portalnpm.com\/index.php\/2020\/06\/09\/picos-registra-mais-12-casos-de-covid-19-nas-ultimas-24h-agora-sao-244-casos-confirmados-de-covid-19-com-cinco-obitos\/","title":{"rendered":"Picos registra mais 12 casos de covid-19 nas \u00faltimas 24h, agora s\u00e3o 244 casos confirmados de covid-19 com cinco \u00f3bitos"},"content":{"rendered":"<p><p style=\"text-align: justify;\">A Secretaria Municipal de Sa&uacute;de de Picos, divulgou na noite desta ter&ccedil;a-feira (09), atrav&eacute;s da Coordena&ccedil;&atilde;o de Vigil&acirc;ncia Epidemiol&oacute;gica, mais um boletim informativo sobre os casos de coronav&iacute;rus no munic&iacute;pio de acordo com um novo levantamento realizado.<\/p>\n<p style=\"text-align: justify;\">\n<p style=\"text-align: justify;\">Segundo dados da secretaria de Sa&uacute;de que foram coletados nas &uacute;ltimas 24 horas no munic&iacute;pio, o resultado &eacute; o seguinte: novos casos &ndash;12, n&uacute;mero de pessoas curadas at&eacute; agora &ndash; 92, n&uacute;mero de &oacute;bitos &ndash; 05, e o total geral de casos confirmados s&atilde;o &ndash; 244.<\/p>\n<p style=\"text-align: justify;\">Ainda de acordo com a secretaria, os bairros com maior incid&ecirc;ncia de casos s&atilde;o o Junco, Canto da V&aacute;rzea e Centro, j&aacute; os outros bairros da cidade, o n&uacute;mero de casos confirmados &eacute; bem menor, mesmo estando em uma regi&atilde;o estrat&eacute;gica e cortada por tr&ecirc;s BR`s federais, o n&uacute;mero de casos de covid-19 est&aacute; dentro do esperado na avalia&ccedil;&atilde;o da secretaria de Sa&uacute;de.<\/p>\n<p style=\"text-align: justify;\">Para o Secret&aacute;rio Municipal de Sa&uacute;de de Picos, Dr. J&uacute;nior Santos, no in&iacute;cio da pandemia o comit&ecirc; gestor de enfrentamento ao coronav&iacute;rus, avaliava que pudesse haver uma explos&atilde;o de casos logo de uma vez, mais com o trabalho que foi feito atrav&eacute;s do isolamento e distanciamento social e a quarentena, fez com que isso n&atilde;o acontecesse, avaliou ele.<\/p>\n<p style=\"text-align: justify;\">A secretaria de Sa&uacute;de divulgou tamb&eacute;m os bairros e localidades que j&aacute; foram registrados os casos de Covd-19 no munic&iacute;pio de Picos.<\/p>\n<p style=\"text-align: justify;\">Veja a rela&ccedil;&atilde;o abaixo:<\/p>\n<p style=\"text-align: justify;\"><strong>Bairros:<\/strong> Aerol&acirc;ndia; Aroeiras do Matadouro; Bela Vista; Belo Norte; Boa Vista; Bomba; Canto da V&aacute;rzea; Catavento; Centro; Conduru; DNER; Ema&uacute;s; Jardim Natal; Junco; Lousinho Monteiro; Malva; Morada do Sol; Morada Nova; Paraibinha; Pantanal; Paroquial; Parque de Exposi&ccedil;&atilde;o; Passagem das Pedras; Pedrinhas; S&atilde;o Jos&eacute;; S&atilde;o Sebasti&atilde;o; S&atilde;o Vicente.<\/p>\n<p style=\"text-align: justify;\"><strong>Localidades:<\/strong> Altamira; Cajazeiras dos Gon&ccedil;alves; Carnaibas &#8211; I; Curralinho; Cipauba; F&aacute;tima do Piau&iacute;; Gameleira dos Rodrigues; Lagoa Comprida; Lagoa Grande; Mirol&acirc;ndia; Morrinhos; Queimada da Ema; Umar&iacute;; Valpara&iacute;so.<\/p>\n<p style=\"text-align: justify;\"><strong>Boletim Informativo da Secretaria Municipal de Sa&uacute;de<\/strong><\/p>\n<p style=\"text-align: justify;\"><img fetchpriority=\"high\" decoding=\"async\" class=\"alignnone size-full wp-image-20828\" src=\"https:\/\/portalnpm.com\/wp-content\/uploads\/2024\/01\/5e8c4cae-03a3-45cb-94c4-340007946cc3.jpg\" alt=\"\" width=\"960\" height=\"1200\"><\/p>\n<p style=\"text-align: justify;\">*Com Informa&ccedil;&otilde;es Portal Agoraed<\/p><\/p>\n","protected":false},"excerpt":{"rendered":"<p>A Secretaria Municipal de Sa&uacute;de de Picos, divulgou na noite desta ter&ccedil;a-feira (09), atrav&eacute;s da Coordena&ccedil;&atilde;o de Vigil&acirc;ncia Epidemiol&oacute;gica, mais um boletim informativo sobre os casos de coronav&iacute;rus no munic&iacute;pio de acordo com um novo levantamento realizado. Segundo dados da secretaria de Sa&uacute;de que foram coletados nas &uacute;ltimas 24 horas no munic&iacute;pio, o resultado &eacute; &hellip;<\/p>\n","protected":false},"author":2,"featured_media":53104,"comment_status":"open","ping_status":"open","sticky":false,"template":"","format":"standard","meta":{"content-type":"","rop_custom_images_group":[],"rop_custom_messages_group":[],"rop_publish_now":"initial","rop_publish_now_accounts":{"facebook_2648258775420054_1618374048415101":""},"rop_publish_now_history":[],"rop_publish_now_status":"pending","footnotes":"","_jetpack_memberships_contains_paid_content":false},"categories":[109,127],"tags":[857,1912,128],"yoast_head":"<!-- This site is optimized with the Yoast SEO plugin v22.3 - https:\/\/yoast.com\/wordpress\/plugins\/seo\/ -->\n<title>Picos registra mais 12 casos de covid-19 nas \u00faltimas 24h, agora s\u00e3o 244 casos confirmados de covid-19 com cinco \u00f3bitos<\/title>\n<meta name=\"robots\" content=\"index, follow, max-snippet:-1, max-image-preview:large, max-video-preview:-1\" \/>\n<link rel=\"canonical\" href=\"https:\/\/portalnpm.com\/index.php\/2020\/06\/09\/picos-registra-mais-12-casos-de-covid-19-nas-ultimas-24h-agora-sao-244-casos-confirmados-de-covid-19-com-cinco-obitos\/\" \/>\n<meta property=\"og:locale\" content=\"pt_BR\" \/>\n<meta property=\"og:type\" content=\"article\" \/>\n<meta property=\"og:title\" content=\"Picos registra mais 12 casos de covid-19 nas \u00faltimas 24h, agora s\u00e3o 244 casos confirmados de covid-19 com cinco \u00f3bitos\" \/>\n<meta property=\"og:description\" content=\"A Secretaria Municipal de Sa&uacute;de de Picos, divulgou na noite desta ter&ccedil;a-feira (09), atrav&eacute;s da Coordena&ccedil;&atilde;o de Vigil&acirc;ncia Epidemiol&oacute;gica, mais um boletim informativo sobre os casos de coronav&iacute;rus no munic&iacute;pio de acordo com um novo levantamento realizado. Segundo dados da secretaria de Sa&uacute;de que foram coletados nas &uacute;ltimas 24 horas no munic&iacute;pio, o resultado &eacute; &hellip;\" \/>\n<meta property=\"og:url\" content=\"https:\/\/portalnpm.com\/index.php\/2020\/06\/09\/picos-registra-mais-12-casos-de-covid-19-nas-ultimas-24h-agora-sao-244-casos-confirmados-de-covid-19-com-cinco-obitos\/\" \/>\n<meta property=\"og:site_name\" content=\"Portal NPM\" \/>\n<meta property=\"article:published_time\" content=\"2020-06-10T01:53:01+00:00\" \/>\n<meta property=\"article:modified_time\" content=\"2024-01-15T21:39:31+00:00\" \/>\n<meta property=\"og:image\" content=\"https:\/\/portalnpm.com\/wp-content\/uploads\/2024\/01\/b8ca473d98b1e5502b8181a51b01.jpg\" \/>\n\t<meta property=\"og:image:width\" content=\"800\" \/>\n\t<meta property=\"og:image:height\" content=\"568\" \/>\n\t<meta property=\"og:image:type\" content=\"image\/jpeg\" \/>\n<meta name=\"author\" content=\"Genival Barbosa\" \/>\n<meta name=\"twitter:card\" content=\"summary_large_image\" \/>\n<meta name=\"twitter:label1\" content=\"Escrito por\" \/>\n\t<meta name=\"twitter:data1\" content=\"Genival Barbosa\" \/>\n\t<meta name=\"twitter:label2\" content=\"Est. tempo de leitura\" \/>\n\t<meta name=\"twitter:data2\" content=\"2 minutos\" \/>\n<script type=\"application\/ld+json\" class=\"yoast-schema-graph\">{\"@context\":\"https:\/\/schema.org\",\"@graph\":[{\"@type\":\"WebPage\",\"@id\":\"https:\/\/portalnpm.com\/index.php\/2020\/06\/09\/picos-registra-mais-12-casos-de-covid-19-nas-ultimas-24h-agora-sao-244-casos-confirmados-de-covid-19-com-cinco-obitos\/\",\"url\":\"https:\/\/portalnpm.com\/index.php\/2020\/06\/09\/picos-registra-mais-12-casos-de-covid-19-nas-ultimas-24h-agora-sao-244-casos-confirmados-de-covid-19-com-cinco-obitos\/\",\"name\":\"Picos registra mais 12 casos de covid-19 nas \u00faltimas 24h, agora s\u00e3o 244 casos confirmados de covid-19 com cinco \u00f3bitos\",\"isPartOf\":{\"@id\":\"https:\/\/portalnpm.com\/#website\"},\"primaryImageOfPage\":{\"@id\":\"https:\/\/portalnpm.com\/index.php\/2020\/06\/09\/picos-registra-mais-12-casos-de-covid-19-nas-ultimas-24h-agora-sao-244-casos-confirmados-de-covid-19-com-cinco-obitos\/#primaryimage\"},\"image\":{\"@id\":\"https:\/\/portalnpm.com\/index.php\/2020\/06\/09\/picos-registra-mais-12-casos-de-covid-19-nas-ultimas-24h-agora-sao-244-casos-confirmados-de-covid-19-com-cinco-obitos\/#primaryimage\"},\"thumbnailUrl\":\"https:\/\/portalnpm.com\/wp-content\/uploads\/2024\/01\/b8ca473d98b1e5502b8181a51b01.jpg\",\"datePublished\":\"2020-06-10T01:53:01+00:00\",\"dateModified\":\"2024-01-15T21:39:31+00:00\",\"author\":{\"@id\":\"https:\/\/portalnpm.com\/#\/schema\/person\/49313e563cfdefcc167f1ee4c017c294\"},\"breadcrumb\":{\"@id\":\"https:\/\/portalnpm.com\/index.php\/2020\/06\/09\/picos-registra-mais-12-casos-de-covid-19-nas-ultimas-24h-agora-sao-244-casos-confirmados-de-covid-19-com-cinco-obitos\/#breadcrumb\"},\"inLanguage\":\"pt-BR\",\"potentialAction\":[{\"@type\":\"ReadAction\",\"target\":[\"https:\/\/portalnpm.com\/index.php\/2020\/06\/09\/picos-registra-mais-12-casos-de-covid-19-nas-ultimas-24h-agora-sao-244-casos-confirmados-de-covid-19-com-cinco-obitos\/\"]}]},{\"@type\":\"ImageObject\",\"inLanguage\":\"pt-BR\",\"@id\":\"https:\/\/portalnpm.com\/index.php\/2020\/06\/09\/picos-registra-mais-12-casos-de-covid-19-nas-ultimas-24h-agora-sao-244-casos-confirmados-de-covid-19-com-cinco-obitos\/#primaryimage\",\"url\":\"https:\/\/portalnpm.com\/wp-content\/uploads\/2024\/01\/b8ca473d98b1e5502b8181a51b01.jpg\",\"contentUrl\":\"https:\/\/portalnpm.com\/wp-content\/uploads\/2024\/01\/b8ca473d98b1e5502b8181a51b01.jpg\",\"width\":800,\"height\":568},{\"@type\":\"BreadcrumbList\",\"@id\":\"https:\/\/portalnpm.com\/index.php\/2020\/06\/09\/picos-registra-mais-12-casos-de-covid-19-nas-ultimas-24h-agora-sao-244-casos-confirmados-de-covid-19-com-cinco-obitos\/#breadcrumb\",\"itemListElement\":[{\"@type\":\"ListItem\",\"position\":1,\"name\":\"In\u00edcio\",\"item\":\"https:\/\/portalnpm.com\/\"},{\"@type\":\"ListItem\",\"position\":2,\"name\":\"Picos registra mais 12 casos de covid-19 nas \u00faltimas 24h, agora s\u00e3o 244 casos confirmados de covid-19 com cinco \u00f3bitos\"}]},{\"@type\":\"WebSite\",\"@id\":\"https:\/\/portalnpm.com\/#website\",\"url\":\"https:\/\/portalnpm.com\/\",\"name\":\"Portal NPM\",\"description\":\"Not\u00edcias em Primeira M\u00e3o\",\"potentialAction\":[{\"@type\":\"SearchAction\",\"target\":{\"@type\":\"EntryPoint\",\"urlTemplate\":\"https:\/\/portalnpm.com\/?s={search_term_string}\"},\"query-input\":\"required name=search_term_string\"}],\"inLanguage\":\"pt-BR\"},{\"@type\":\"Person\",\"@id\":\"https:\/\/portalnpm.com\/#\/schema\/person\/49313e563cfdefcc167f1ee4c017c294\",\"name\":\"Genival Barbosa\",\"image\":{\"@type\":\"ImageObject\",\"inLanguage\":\"pt-BR\",\"@id\":\"https:\/\/portalnpm.com\/#\/schema\/person\/image\/\",\"url\":\"https:\/\/portalnpm.com\/wp-content\/uploads\/2024\/02\/avatar_user_2_1707743258-96x96.jpeg\",\"contentUrl\":\"https:\/\/portalnpm.com\/wp-content\/uploads\/2024\/02\/avatar_user_2_1707743258-96x96.jpeg\",\"caption\":\"Genival Barbosa\"},\"url\":\"https:\/\/portalnpm.com\/index.php\/author\/genival\/\"}]}<\/script>\n<!-- \/ Yoast SEO plugin. -->","yoast_head_json":{"title":"Picos registra mais 12 casos de covid-19 nas \u00faltimas 24h, agora s\u00e3o 244 casos confirmados de covid-19 com cinco \u00f3bitos","robots":{"index":"index","follow":"follow","max-snippet":"max-snippet:-1","max-image-preview":"max-image-preview:large","max-video-preview":"max-video-preview:-1"},"canonical":"https:\/\/portalnpm.com\/index.php\/2020\/06\/09\/picos-registra-mais-12-casos-de-covid-19-nas-ultimas-24h-agora-sao-244-casos-confirmados-de-covid-19-com-cinco-obitos\/","og_locale":"pt_BR","og_type":"article","og_title":"Picos registra mais 12 casos de covid-19 nas \u00faltimas 24h, agora s\u00e3o 244 casos confirmados de covid-19 com cinco \u00f3bitos","og_description":"A Secretaria Municipal de Sa&uacute;de de Picos, divulgou na noite desta ter&ccedil;a-feira (09), atrav&eacute;s da Coordena&ccedil;&atilde;o de Vigil&acirc;ncia Epidemiol&oacute;gica, mais um boletim informativo sobre os casos de coronav&iacute;rus no munic&iacute;pio de acordo com um novo levantamento realizado. Segundo dados da secretaria de Sa&uacute;de que foram coletados nas &uacute;ltimas 24 horas no munic&iacute;pio, o resultado &eacute; &hellip;","og_url":"https:\/\/portalnpm.com\/index.php\/2020\/06\/09\/picos-registra-mais-12-casos-de-covid-19-nas-ultimas-24h-agora-sao-244-casos-confirmados-de-covid-19-com-cinco-obitos\/","og_site_name":"Portal NPM","article_published_time":"2020-06-10T01:53:01+00:00","article_modified_time":"2024-01-15T21:39:31+00:00","og_image":[{"width":800,"height":568,"url":"https:\/\/portalnpm.com\/wp-content\/uploads\/2024\/01\/b8ca473d98b1e5502b8181a51b01.jpg","type":"image\/jpeg"}],"author":"Genival Barbosa","twitter_card":"summary_large_image","twitter_misc":{"Escrito por":"Genival Barbosa","Est. tempo de leitura":"2 minutos"},"schema":{"@context":"https:\/\/schema.org","@graph":[{"@type":"WebPage","@id":"https:\/\/portalnpm.com\/index.php\/2020\/06\/09\/picos-registra-mais-12-casos-de-covid-19-nas-ultimas-24h-agora-sao-244-casos-confirmados-de-covid-19-com-cinco-obitos\/","url":"https:\/\/portalnpm.com\/index.php\/2020\/06\/09\/picos-registra-mais-12-casos-de-covid-19-nas-ultimas-24h-agora-sao-244-casos-confirmados-de-covid-19-com-cinco-obitos\/","name":"Picos registra mais 12 casos de covid-19 nas \u00faltimas 24h, agora s\u00e3o 244 casos confirmados de covid-19 com cinco \u00f3bitos","isPartOf":{"@id":"https:\/\/portalnpm.com\/#website"},"primaryImageOfPage":{"@id":"https:\/\/portalnpm.com\/index.php\/2020\/06\/09\/picos-registra-mais-12-casos-de-covid-19-nas-ultimas-24h-agora-sao-244-casos-confirmados-de-covid-19-com-cinco-obitos\/#primaryimage"},"image":{"@id":"https:\/\/portalnpm.com\/index.php\/2020\/06\/09\/picos-registra-mais-12-casos-de-covid-19-nas-ultimas-24h-agora-sao-244-casos-confirmados-de-covid-19-com-cinco-obitos\/#primaryimage"},"thumbnailUrl":"https:\/\/portalnpm.com\/wp-content\/uploads\/2024\/01\/b8ca473d98b1e5502b8181a51b01.jpg","datePublished":"2020-06-10T01:53:01+00:00","dateModified":"2024-01-15T21:39:31+00:00","author":{"@id":"https:\/\/portalnpm.com\/#\/schema\/person\/49313e563cfdefcc167f1ee4c017c294"},"breadcrumb":{"@id":"https:\/\/portalnpm.com\/index.php\/2020\/06\/09\/picos-registra-mais-12-casos-de-covid-19-nas-ultimas-24h-agora-sao-244-casos-confirmados-de-covid-19-com-cinco-obitos\/#breadcrumb"},"inLanguage":"pt-BR","potentialAction":[{"@type":"ReadAction","target":["https:\/\/portalnpm.com\/index.php\/2020\/06\/09\/picos-registra-mais-12-casos-de-covid-19-nas-ultimas-24h-agora-sao-244-casos-confirmados-de-covid-19-com-cinco-obitos\/"]}]},{"@type":"ImageObject","inLanguage":"pt-BR","@id":"https:\/\/portalnpm.com\/index.php\/2020\/06\/09\/picos-registra-mais-12-casos-de-covid-19-nas-ultimas-24h-agora-sao-244-casos-confirmados-de-covid-19-com-cinco-obitos\/#primaryimage","url":"https:\/\/portalnpm.com\/wp-content\/uploads\/2024\/01\/b8ca473d98b1e5502b8181a51b01.jpg","contentUrl":"https:\/\/portalnpm.com\/wp-content\/uploads\/2024\/01\/b8ca473d98b1e5502b8181a51b01.jpg","width":800,"height":568},{"@type":"BreadcrumbList","@id":"https:\/\/portalnpm.com\/index.php\/2020\/06\/09\/picos-registra-mais-12-casos-de-covid-19-nas-ultimas-24h-agora-sao-244-casos-confirmados-de-covid-19-com-cinco-obitos\/#breadcrumb","itemListElement":[{"@type":"ListItem","position":1,"name":"In\u00edcio","item":"https:\/\/portalnpm.com\/"},{"@type":"ListItem","position":2,"name":"Picos registra mais 12 casos de covid-19 nas \u00faltimas 24h, agora s\u00e3o 244 casos confirmados de covid-19 com cinco \u00f3bitos"}]},{"@type":"WebSite","@id":"https:\/\/portalnpm.com\/#website","url":"https:\/\/portalnpm.com\/","name":"Portal NPM","description":"Not\u00edcias em Primeira M\u00e3o","potentialAction":[{"@type":"SearchAction","target":{"@type":"EntryPoint","urlTemplate":"https:\/\/portalnpm.com\/?s={search_term_string}"},"query-input":"required name=search_term_string"}],"inLanguage":"pt-BR"},{"@type":"Person","@id":"https:\/\/portalnpm.com\/#\/schema\/person\/49313e563cfdefcc167f1ee4c017c294","name":"Genival Barbosa","image":{"@type":"ImageObject","inLanguage":"pt-BR","@id":"https:\/\/portalnpm.com\/#\/schema\/person\/image\/","url":"https:\/\/portalnpm.com\/wp-content\/uploads\/2024\/02\/avatar_user_2_1707743258-96x96.jpeg","contentUrl":"https:\/\/portalnpm.com\/wp-content\/uploads\/2024\/02\/avatar_user_2_1707743258-96x96.jpeg","caption":"Genival Barbosa"},"url":"https:\/\/portalnpm.com\/index.php\/author\/genival\/"}]}},"jetpack_sharing_enabled":true,"jetpack_featured_media_url":"https:\/\/portalnpm.com\/wp-content\/uploads\/2024\/01\/b8ca473d98b1e5502b8181a51b01.jpg","_links":{"self":[{"href":"https:\/\/portalnpm.com\/index.php\/wp-json\/wp\/v2\/posts\/53103"}],"collection":[{"href":"https:\/\/portalnpm.com\/index.php\/wp-json\/wp\/v2\/posts"}],"about":[{"href":"https:\/\/portalnpm.com\/index.php\/wp-json\/wp\/v2\/types\/post"}],"author":[{"embeddable":true,"href":"https:\/\/portalnpm.com\/index.php\/wp-json\/wp\/v2\/users\/2"}],"replies":[{"embeddable":true,"href":"https:\/\/portalnpm.com\/index.php\/wp-json\/wp\/v2\/comments?post=53103"}],"version-history":[{"count":1,"href":"https:\/\/portalnpm.com\/index.php\/wp-json\/wp\/v2\/posts\/53103\/revisions"}],"predecessor-version":[{"id":53109,"href":"https:\/\/portalnpm.com\/index.php\/wp-json\/wp\/v2\/posts\/53103\/revisions\/53109"}],"wp:featuredmedia":[{"embeddable":true,"href":"https:\/\/portalnpm.com\/index.php\/wp-json\/wp\/v2\/media\/53104"}],"wp:attachment":[{"href":"https:\/\/portalnpm.com\/index.php\/wp-json\/wp\/v2\/media?parent=53103"}],"wp:term":[{"taxonomy":"category","embeddable":true,"href":"https:\/\/portalnpm.com\/index.php\/wp-json\/wp\/v2\/categories?post=53103"},{"taxonomy":"post_tag","embeddable":true,"href":"https:\/\/portalnpm.com\/index.php\/wp-json\/wp\/v2\/tags?post=53103"}],"curies":[{"name":"wp","href":"https:\/\/api.w.org\/{rel}","templated":true}]}}