{"id":5322,"date":"2019-01-28T19:46:08","date_gmt":"2019-01-28T21:46:08","guid":{"rendered":"http:\/\/srv.portalnpm.com.br\/?p=5322"},"modified":"2019-01-28T19:46:08","modified_gmt":"2019-01-28T21:46:08","slug":"homem-e-acusado-de-estuprar-sobrinha-de-8-anos-no-piaui","status":"publish","type":"post","link":"https:\/\/portalnpm.com\/index.php\/2019\/01\/28\/homem-e-acusado-de-estuprar-sobrinha-de-8-anos-no-piaui\/","title":{"rendered":"Homem \u00e9 acusado de estuprar sobrinha de 8 anos no Piau\u00ed"},"content":{"rendered":"<p style=\"text-align: justify;\">O delegado Arthur Leal ouviu na manh\u00e3 dessa segunda-feira (28) uma crian\u00e7a de 8 anos que teria sido estuprada pelo pr\u00f3prio tio, na localidade Alagadi\u00e7o, na zona rural de Matias Ol\u00edmpio.<\/p>\n<p style=\"text-align: justify;\">Em entrevista ao GP1, Arthur Leal, titular da Delegacia de Matias Ol\u00edmpio, informou que a crian\u00e7a foi abusada pelo tio no dia 6 de janeiro. Ela relatou primeiramente para uma tia sobre os abusos e depois contou para a m\u00e3e.<\/p>\n<p style=\"text-align: justify;\">Por se tratar de um crime envolvendo uma crian\u00e7a, o delegado ainda afirmou que n\u00e3o ir\u00e1 revelar como o crime ocorreu. \u201cDiante da situa\u00e7\u00e3o de uma crian\u00e7a de 8 anos eu prefiro n\u00e3o me manifestar. Vou fazer o inqu\u00e9rito sigilosamente e encaminhar para o f\u00f3rum\u201d, disse.<\/p>\n<p style=\"text-align: justify;\">O acusado ainda se encontra foragido. \u201cA gente ouviu a v\u00edtima, as testemunhas e eu vou pedir a pris\u00e3o preventiva dele e a\u00ed vamos tentar localiz\u00e1-lo e efetuar a pris\u00e3o\u201d, afirmou o delegado.<\/p>\n<p style=\"text-align: justify;\">O caso est\u00e1 sendo acompanhado pelo Conselho Tutelar de Matias Ol\u00edmpio. A crian\u00e7a foi ouvida pelo delegado e foi levada \u00e0 Teresina para realizar exame de corpo de delito no Servi\u00e7o de Aten\u00e7\u00e3o \u00e0s Mulheres V\u00edtimas de Viol\u00eancia Sexual (SAMVIS).<\/p>\n<p style=\"text-align: justify;\"><strong>Fonte:\u00a0GP1<\/strong><\/p>\n","protected":false},"excerpt":{"rendered":"<p>O delegado Arthur Leal ouviu na manh\u00e3 dessa segunda-feira (28) uma crian\u00e7a de 8 anos que teria sido estuprada pelo pr\u00f3prio tio, na localidade Alagadi\u00e7o, na zona rural de Matias Ol\u00edmpio. Em entrevista ao GP1, Arthur Leal, titular da Delegacia de Matias Ol\u00edmpio, informou que a crian\u00e7a foi abusada pelo tio no dia 6 de &hellip;<\/p>\n","protected":false},"author":3,"featured_media":5323,"comment_status":"open","ping_status":"open","sticky":false,"template":"","format":"standard","meta":{"content-type":"","rop_custom_images_group":[],"rop_custom_messages_group":[],"rop_publish_now":"initial","rop_publish_now_accounts":{"facebook_2648258775420054_1618374048415101":""},"rop_publish_now_history":[],"rop_publish_now_status":"pending","footnotes":"","_jetpack_memberships_contains_paid_content":false},"categories":[113,145],"tags":[513,2118,1240],"yoast_head":"<!-- This site is optimized with the Yoast SEO plugin v22.3 - https:\/\/yoast.com\/wordpress\/plugins\/seo\/ -->\n<title>Homem \u00e9 acusado de estuprar sobrinha de 8 anos no Piau\u00ed - Portal NPM<\/title>\n<meta name=\"robots\" content=\"index, follow, max-snippet:-1, max-image-preview:large, max-video-preview:-1\" \/>\n<link rel=\"canonical\" href=\"https:\/\/portalnpm.com\/index.php\/2019\/01\/28\/homem-e-acusado-de-estuprar-sobrinha-de-8-anos-no-piaui\/\" \/>\n<meta property=\"og:locale\" content=\"pt_BR\" \/>\n<meta property=\"og:type\" content=\"article\" \/>\n<meta property=\"og:title\" content=\"Homem \u00e9 acusado de estuprar sobrinha de 8 anos no Piau\u00ed - Portal NPM\" \/>\n<meta property=\"og:description\" content=\"O delegado Arthur Leal ouviu na manh\u00e3 dessa segunda-feira (28) uma crian\u00e7a de 8 anos que teria sido estuprada pelo pr\u00f3prio tio, na localidade Alagadi\u00e7o, na zona rural de Matias Ol\u00edmpio. Em entrevista ao GP1, Arthur Leal, titular da Delegacia de Matias Ol\u00edmpio, informou que a crian\u00e7a foi abusada pelo tio no dia 6 de &hellip;\" \/>\n<meta property=\"og:url\" content=\"https:\/\/portalnpm.com\/index.php\/2019\/01\/28\/homem-e-acusado-de-estuprar-sobrinha-de-8-anos-no-piaui\/\" \/>\n<meta property=\"og:site_name\" content=\"Portal NPM\" \/>\n<meta property=\"article:published_time\" content=\"2019-01-28T21:46:08+00:00\" \/>\n<meta name=\"author\" content=\"Luis Alberto\" \/>\n<meta name=\"twitter:card\" content=\"summary_large_image\" \/>\n<meta name=\"twitter:label1\" content=\"Escrito por\" \/>\n\t<meta name=\"twitter:data1\" content=\"Luis Alberto\" \/>\n\t<meta name=\"twitter:label2\" content=\"Est. tempo de leitura\" \/>\n\t<meta name=\"twitter:data2\" content=\"1 minuto\" \/>\n<script type=\"application\/ld+json\" class=\"yoast-schema-graph\">{\"@context\":\"https:\/\/schema.org\",\"@graph\":[{\"@type\":\"WebPage\",\"@id\":\"https:\/\/portalnpm.com\/index.php\/2019\/01\/28\/homem-e-acusado-de-estuprar-sobrinha-de-8-anos-no-piaui\/\",\"url\":\"https:\/\/portalnpm.com\/index.php\/2019\/01\/28\/homem-e-acusado-de-estuprar-sobrinha-de-8-anos-no-piaui\/\",\"name\":\"Homem \u00e9 acusado de estuprar sobrinha de 8 anos no Piau\u00ed - Portal NPM\",\"isPartOf\":{\"@id\":\"https:\/\/portalnpm.com\/#website\"},\"primaryImageOfPage\":{\"@id\":\"https:\/\/portalnpm.com\/index.php\/2019\/01\/28\/homem-e-acusado-de-estuprar-sobrinha-de-8-anos-no-piaui\/#primaryimage\"},\"image\":{\"@id\":\"https:\/\/portalnpm.com\/index.php\/2019\/01\/28\/homem-e-acusado-de-estuprar-sobrinha-de-8-anos-no-piaui\/#primaryimage\"},\"thumbnailUrl\":\"\",\"datePublished\":\"2019-01-28T21:46:08+00:00\",\"dateModified\":\"2019-01-28T21:46:08+00:00\",\"author\":{\"@id\":\"https:\/\/portalnpm.com\/#\/schema\/person\/5c8006acdf71774cd4e7a5ab98482152\"},\"breadcrumb\":{\"@id\":\"https:\/\/portalnpm.com\/index.php\/2019\/01\/28\/homem-e-acusado-de-estuprar-sobrinha-de-8-anos-no-piaui\/#breadcrumb\"},\"inLanguage\":\"pt-BR\",\"potentialAction\":[{\"@type\":\"ReadAction\",\"target\":[\"https:\/\/portalnpm.com\/index.php\/2019\/01\/28\/homem-e-acusado-de-estuprar-sobrinha-de-8-anos-no-piaui\/\"]}]},{\"@type\":\"ImageObject\",\"inLanguage\":\"pt-BR\",\"@id\":\"https:\/\/portalnpm.com\/index.php\/2019\/01\/28\/homem-e-acusado-de-estuprar-sobrinha-de-8-anos-no-piaui\/#primaryimage\",\"url\":\"\",\"contentUrl\":\"\"},{\"@type\":\"BreadcrumbList\",\"@id\":\"https:\/\/portalnpm.com\/index.php\/2019\/01\/28\/homem-e-acusado-de-estuprar-sobrinha-de-8-anos-no-piaui\/#breadcrumb\",\"itemListElement\":[{\"@type\":\"ListItem\",\"position\":1,\"name\":\"In\u00edcio\",\"item\":\"https:\/\/portalnpm.com\/\"},{\"@type\":\"ListItem\",\"position\":2,\"name\":\"Homem \u00e9 acusado de estuprar sobrinha de 8 anos no Piau\u00ed\"}]},{\"@type\":\"WebSite\",\"@id\":\"https:\/\/portalnpm.com\/#website\",\"url\":\"https:\/\/portalnpm.com\/\",\"name\":\"Portal NPM\",\"description\":\"Not\u00edcias em Primeira M\u00e3o\",\"potentialAction\":[{\"@type\":\"SearchAction\",\"target\":{\"@type\":\"EntryPoint\",\"urlTemplate\":\"https:\/\/portalnpm.com\/?s={search_term_string}\"},\"query-input\":\"required name=search_term_string\"}],\"inLanguage\":\"pt-BR\"},{\"@type\":\"Person\",\"@id\":\"https:\/\/portalnpm.com\/#\/schema\/person\/5c8006acdf71774cd4e7a5ab98482152\",\"name\":\"Luis Alberto\",\"image\":{\"@type\":\"ImageObject\",\"inLanguage\":\"pt-BR\",\"@id\":\"https:\/\/portalnpm.com\/#\/schema\/person\/image\/\",\"url\":\"https:\/\/portalnpm.com\/wp-content\/uploads\/2024\/12\/avatar_user_3_1734699769-96x96.jpeg\",\"contentUrl\":\"https:\/\/portalnpm.com\/wp-content\/uploads\/2024\/12\/avatar_user_3_1734699769-96x96.jpeg\",\"caption\":\"Luis Alberto\"},\"description\":\"Editor-geral do Portal NPM, \u00e9 formado como T\u00e9cnico em Seguran\u00e7a do Trabalho pela Escola Metropolitana de Cursos T\u00e9cnicos. Det\u00e9m ainda licenciatura em Educa\u00e7\u00e3o F\u00edsica e bacharelado em Ci\u00eancias Pol\u00edticas, ambos obtidos pela institui\u00e7\u00e3o Anhanguera\/UNOPAR.\",\"url\":\"https:\/\/portalnpm.com\/index.php\/author\/pereira\/\"}]}<\/script>\n<!-- \/ Yoast SEO plugin. -->","yoast_head_json":{"title":"Homem \u00e9 acusado de estuprar sobrinha de 8 anos no Piau\u00ed - Portal NPM","robots":{"index":"index","follow":"follow","max-snippet":"max-snippet:-1","max-image-preview":"max-image-preview:large","max-video-preview":"max-video-preview:-1"},"canonical":"https:\/\/portalnpm.com\/index.php\/2019\/01\/28\/homem-e-acusado-de-estuprar-sobrinha-de-8-anos-no-piaui\/","og_locale":"pt_BR","og_type":"article","og_title":"Homem \u00e9 acusado de estuprar sobrinha de 8 anos no Piau\u00ed - Portal NPM","og_description":"O delegado Arthur Leal ouviu na manh\u00e3 dessa segunda-feira (28) uma crian\u00e7a de 8 anos que teria sido estuprada pelo pr\u00f3prio tio, na localidade Alagadi\u00e7o, na zona rural de Matias Ol\u00edmpio. Em entrevista ao GP1, Arthur Leal, titular da Delegacia de Matias Ol\u00edmpio, informou que a crian\u00e7a foi abusada pelo tio no dia 6 de &hellip;","og_url":"https:\/\/portalnpm.com\/index.php\/2019\/01\/28\/homem-e-acusado-de-estuprar-sobrinha-de-8-anos-no-piaui\/","og_site_name":"Portal NPM","article_published_time":"2019-01-28T21:46:08+00:00","author":"Luis Alberto","twitter_card":"summary_large_image","twitter_misc":{"Escrito por":"Luis Alberto","Est. tempo de leitura":"1 minuto"},"schema":{"@context":"https:\/\/schema.org","@graph":[{"@type":"WebPage","@id":"https:\/\/portalnpm.com\/index.php\/2019\/01\/28\/homem-e-acusado-de-estuprar-sobrinha-de-8-anos-no-piaui\/","url":"https:\/\/portalnpm.com\/index.php\/2019\/01\/28\/homem-e-acusado-de-estuprar-sobrinha-de-8-anos-no-piaui\/","name":"Homem \u00e9 acusado de estuprar sobrinha de 8 anos no Piau\u00ed - Portal NPM","isPartOf":{"@id":"https:\/\/portalnpm.com\/#website"},"primaryImageOfPage":{"@id":"https:\/\/portalnpm.com\/index.php\/2019\/01\/28\/homem-e-acusado-de-estuprar-sobrinha-de-8-anos-no-piaui\/#primaryimage"},"image":{"@id":"https:\/\/portalnpm.com\/index.php\/2019\/01\/28\/homem-e-acusado-de-estuprar-sobrinha-de-8-anos-no-piaui\/#primaryimage"},"thumbnailUrl":"","datePublished":"2019-01-28T21:46:08+00:00","dateModified":"2019-01-28T21:46:08+00:00","author":{"@id":"https:\/\/portalnpm.com\/#\/schema\/person\/5c8006acdf71774cd4e7a5ab98482152"},"breadcrumb":{"@id":"https:\/\/portalnpm.com\/index.php\/2019\/01\/28\/homem-e-acusado-de-estuprar-sobrinha-de-8-anos-no-piaui\/#breadcrumb"},"inLanguage":"pt-BR","potentialAction":[{"@type":"ReadAction","target":["https:\/\/portalnpm.com\/index.php\/2019\/01\/28\/homem-e-acusado-de-estuprar-sobrinha-de-8-anos-no-piaui\/"]}]},{"@type":"ImageObject","inLanguage":"pt-BR","@id":"https:\/\/portalnpm.com\/index.php\/2019\/01\/28\/homem-e-acusado-de-estuprar-sobrinha-de-8-anos-no-piaui\/#primaryimage","url":"","contentUrl":""},{"@type":"BreadcrumbList","@id":"https:\/\/portalnpm.com\/index.php\/2019\/01\/28\/homem-e-acusado-de-estuprar-sobrinha-de-8-anos-no-piaui\/#breadcrumb","itemListElement":[{"@type":"ListItem","position":1,"name":"In\u00edcio","item":"https:\/\/portalnpm.com\/"},{"@type":"ListItem","position":2,"name":"Homem \u00e9 acusado de estuprar sobrinha de 8 anos no Piau\u00ed"}]},{"@type":"WebSite","@id":"https:\/\/portalnpm.com\/#website","url":"https:\/\/portalnpm.com\/","name":"Portal NPM","description":"Not\u00edcias em Primeira M\u00e3o","potentialAction":[{"@type":"SearchAction","target":{"@type":"EntryPoint","urlTemplate":"https:\/\/portalnpm.com\/?s={search_term_string}"},"query-input":"required name=search_term_string"}],"inLanguage":"pt-BR"},{"@type":"Person","@id":"https:\/\/portalnpm.com\/#\/schema\/person\/5c8006acdf71774cd4e7a5ab98482152","name":"Luis Alberto","image":{"@type":"ImageObject","inLanguage":"pt-BR","@id":"https:\/\/portalnpm.com\/#\/schema\/person\/image\/","url":"https:\/\/portalnpm.com\/wp-content\/uploads\/2024\/12\/avatar_user_3_1734699769-96x96.jpeg","contentUrl":"https:\/\/portalnpm.com\/wp-content\/uploads\/2024\/12\/avatar_user_3_1734699769-96x96.jpeg","caption":"Luis Alberto"},"description":"Editor-geral do Portal NPM, \u00e9 formado como T\u00e9cnico em Seguran\u00e7a do Trabalho pela Escola Metropolitana de Cursos T\u00e9cnicos. Det\u00e9m ainda licenciatura em Educa\u00e7\u00e3o F\u00edsica e bacharelado em Ci\u00eancias Pol\u00edticas, ambos obtidos pela institui\u00e7\u00e3o Anhanguera\/UNOPAR.","url":"https:\/\/portalnpm.com\/index.php\/author\/pereira\/"}]}},"jetpack_sharing_enabled":true,"jetpack_featured_media_url":"","_links":{"self":[{"href":"https:\/\/portalnpm.com\/index.php\/wp-json\/wp\/v2\/posts\/5322"}],"collection":[{"href":"https:\/\/portalnpm.com\/index.php\/wp-json\/wp\/v2\/posts"}],"about":[{"href":"https:\/\/portalnpm.com\/index.php\/wp-json\/wp\/v2\/types\/post"}],"author":[{"embeddable":true,"href":"https:\/\/portalnpm.com\/index.php\/wp-json\/wp\/v2\/users\/3"}],"replies":[{"embeddable":true,"href":"https:\/\/portalnpm.com\/index.php\/wp-json\/wp\/v2\/comments?post=5322"}],"version-history":[{"count":0,"href":"https:\/\/portalnpm.com\/index.php\/wp-json\/wp\/v2\/posts\/5322\/revisions"}],"wp:featuredmedia":[{"embeddable":true,"href":"https:\/\/portalnpm.com\/index.php\/wp-json\/"}],"wp:attachment":[{"href":"https:\/\/portalnpm.com\/index.php\/wp-json\/wp\/v2\/media?parent=5322"}],"wp:term":[{"taxonomy":"category","embeddable":true,"href":"https:\/\/portalnpm.com\/index.php\/wp-json\/wp\/v2\/categories?post=5322"},{"taxonomy":"post_tag","embeddable":true,"href":"https:\/\/portalnpm.com\/index.php\/wp-json\/wp\/v2\/tags?post=5322"}],"curies":[{"name":"wp","href":"https:\/\/api.w.org\/{rel}","templated":true}]}}