{"id":53222,"date":"2020-06-12T10:35:01","date_gmt":"2020-06-12T13:35:01","guid":{"rendered":"https:\/\/portalnpm.com\/index.php\/2020\/06\/12\/picos-confirma-sexto-obito-por-covid-19\/"},"modified":"2020-06-12T10:35:01","modified_gmt":"2020-06-12T13:35:01","slug":"picos-confirma-sexto-obito-por-covid-19","status":"publish","type":"post","link":"https:\/\/portalnpm.com\/index.php\/2020\/06\/12\/picos-confirma-sexto-obito-por-covid-19\/","title":{"rendered":"Picos confirma sexto \u00f3bito por Covid-19"},"content":{"rendered":"<p style=\"text-align: justify;\">A cidade de Picos registrou nesta quinta-feira (11) o sexto \u00f3bito em decorr\u00eancia do novo coronav\u00edrus. Trata-se de um homem de 41 anos, que faleceu na UTI do Hospital Regional de Picos.<\/p>\n<p style=\"text-align: justify;\">\n<p style=\"text-align: justify;\">O paciente veio a \u00f3bito na \u00faltima segunda-feira, dia 8, e nesta quinta teve resultado positivo para Covid-19.<\/p>\n<p>Boletim do HRJL<\/p>\n<p style=\"text-align: justify;\">O boletim do Hospital Regional de Picos informou que na UTI para pacientes com s\u00edndromes respirat\u00f3rias est\u00e3o internados quatro pessoas; uma de Dom Expedito Lopes, duas de Marcol\u00e2ndia e um de Campo Grande do Piau\u00ed, que estava na enfermaria. Todos s\u00e3o positivos para covid.<\/p>\n<p style=\"text-align: justify;\">O paciente de Massap\u00ea do Piau\u00ed que estava na UTI, veio a \u00f3bito, ele era um caso suspeito e teve resultado negativo para covid, por isso n\u00e3o foi contabilizado no boletim.<\/p>\n<p style=\"text-align: justify;\">O boletim registrou tamb\u00e9m a alta de um paciente de Caldeir\u00e3o Grande do Piau\u00ed, ele tem 24 anos. A enfermaria conta agora com sete pacientes internados, seis deles est\u00e3o com covid.<\/p>\n<p style=\"text-align: justify;\">O boletim informativo divulgado pelo Hospital Regional Justino Luz diz respeito apenas aos casos que d\u00e3o entrada no hospital.<\/p>\n<p style=\"text-align: justify;\"><strong>Fonte: Riach\u00e3o Net<\/strong><\/p>\n","protected":false},"excerpt":{"rendered":"<p>A cidade de Picos registrou nesta quinta-feira (11) o sexto \u00f3bito em decorr\u00eancia do novo coronav\u00edrus. Trata-se de um homem de 41 anos, que faleceu na UTI do Hospital Regional de Picos. O paciente veio a \u00f3bito na \u00faltima segunda-feira, dia 8, e nesta quinta teve resultado positivo para Covid-19. Boletim do HRJL O boletim &hellip;<\/p>\n","protected":false},"author":2,"featured_media":53223,"comment_status":"open","ping_status":"open","sticky":false,"template":"","format":"standard","meta":{"content-type":"","rop_custom_images_group":[],"rop_custom_messages_group":[],"rop_publish_now":"initial","rop_publish_now_accounts":{"facebook_2648258775420054_1618374048415101":""},"rop_publish_now_history":[],"rop_publish_now_status":"pending","footnotes":"","_jetpack_memberships_contains_paid_content":false},"categories":[125,109,127],"tags":[864,1113,128,4599],"yoast_head":"<!-- This site is optimized with the Yoast SEO plugin v22.3 - https:\/\/yoast.com\/wordpress\/plugins\/seo\/ -->\n<title>Picos confirma sexto \u00f3bito por Covid-19<\/title>\n<meta name=\"robots\" content=\"index, follow, max-snippet:-1, max-image-preview:large, max-video-preview:-1\" \/>\n<link rel=\"canonical\" href=\"https:\/\/portalnpm.com\/index.php\/2020\/06\/12\/picos-confirma-sexto-obito-por-covid-19\/\" \/>\n<meta property=\"og:locale\" content=\"pt_BR\" \/>\n<meta property=\"og:type\" content=\"article\" \/>\n<meta property=\"og:title\" content=\"Picos confirma sexto \u00f3bito por Covid-19\" \/>\n<meta property=\"og:description\" content=\"A cidade de Picos registrou nesta quinta-feira (11) o sexto \u00f3bito em decorr\u00eancia do novo coronav\u00edrus. Trata-se de um homem de 41 anos, que faleceu na UTI do Hospital Regional de Picos. O paciente veio a \u00f3bito na \u00faltima segunda-feira, dia 8, e nesta quinta teve resultado positivo para Covid-19. Boletim do HRJL O boletim &hellip;\" \/>\n<meta property=\"og:url\" content=\"https:\/\/portalnpm.com\/index.php\/2020\/06\/12\/picos-confirma-sexto-obito-por-covid-19\/\" \/>\n<meta property=\"og:site_name\" content=\"Portal NPM\" \/>\n<meta property=\"article:published_time\" content=\"2020-06-12T13:35:01+00:00\" \/>\n<meta property=\"og:image\" content=\"https:\/\/portalnpm.com\/wp-content\/uploads\/2024\/01\/76-Picos-0025.jpg\" \/>\n\t<meta property=\"og:image:width\" content=\"1086\" \/>\n\t<meta property=\"og:image:height\" content=\"721\" \/>\n\t<meta property=\"og:image:type\" content=\"image\/jpeg\" \/>\n<meta name=\"author\" content=\"Genival Barbosa\" \/>\n<meta name=\"twitter:card\" content=\"summary_large_image\" \/>\n<meta name=\"twitter:label1\" content=\"Escrito por\" \/>\n\t<meta name=\"twitter:data1\" content=\"Genival Barbosa\" \/>\n\t<meta name=\"twitter:label2\" content=\"Est. tempo de leitura\" \/>\n\t<meta name=\"twitter:data2\" content=\"1 minuto\" \/>\n<script type=\"application\/ld+json\" class=\"yoast-schema-graph\">{\"@context\":\"https:\/\/schema.org\",\"@graph\":[{\"@type\":\"WebPage\",\"@id\":\"https:\/\/portalnpm.com\/index.php\/2020\/06\/12\/picos-confirma-sexto-obito-por-covid-19\/\",\"url\":\"https:\/\/portalnpm.com\/index.php\/2020\/06\/12\/picos-confirma-sexto-obito-por-covid-19\/\",\"name\":\"Picos confirma sexto \u00f3bito por Covid-19\",\"isPartOf\":{\"@id\":\"https:\/\/portalnpm.com\/#website\"},\"primaryImageOfPage\":{\"@id\":\"https:\/\/portalnpm.com\/index.php\/2020\/06\/12\/picos-confirma-sexto-obito-por-covid-19\/#primaryimage\"},\"image\":{\"@id\":\"https:\/\/portalnpm.com\/index.php\/2020\/06\/12\/picos-confirma-sexto-obito-por-covid-19\/#primaryimage\"},\"thumbnailUrl\":\"https:\/\/portalnpm.com\/wp-content\/uploads\/2024\/01\/76-Picos-0025.jpg\",\"datePublished\":\"2020-06-12T13:35:01+00:00\",\"dateModified\":\"2020-06-12T13:35:01+00:00\",\"author\":{\"@id\":\"https:\/\/portalnpm.com\/#\/schema\/person\/49313e563cfdefcc167f1ee4c017c294\"},\"breadcrumb\":{\"@id\":\"https:\/\/portalnpm.com\/index.php\/2020\/06\/12\/picos-confirma-sexto-obito-por-covid-19\/#breadcrumb\"},\"inLanguage\":\"pt-BR\",\"potentialAction\":[{\"@type\":\"ReadAction\",\"target\":[\"https:\/\/portalnpm.com\/index.php\/2020\/06\/12\/picos-confirma-sexto-obito-por-covid-19\/\"]}]},{\"@type\":\"ImageObject\",\"inLanguage\":\"pt-BR\",\"@id\":\"https:\/\/portalnpm.com\/index.php\/2020\/06\/12\/picos-confirma-sexto-obito-por-covid-19\/#primaryimage\",\"url\":\"https:\/\/portalnpm.com\/wp-content\/uploads\/2024\/01\/76-Picos-0025.jpg\",\"contentUrl\":\"https:\/\/portalnpm.com\/wp-content\/uploads\/2024\/01\/76-Picos-0025.jpg\",\"width\":1086,\"height\":721},{\"@type\":\"BreadcrumbList\",\"@id\":\"https:\/\/portalnpm.com\/index.php\/2020\/06\/12\/picos-confirma-sexto-obito-por-covid-19\/#breadcrumb\",\"itemListElement\":[{\"@type\":\"ListItem\",\"position\":1,\"name\":\"In\u00edcio\",\"item\":\"https:\/\/portalnpm.com\/\"},{\"@type\":\"ListItem\",\"position\":2,\"name\":\"Picos confirma sexto \u00f3bito por Covid-19\"}]},{\"@type\":\"WebSite\",\"@id\":\"https:\/\/portalnpm.com\/#website\",\"url\":\"https:\/\/portalnpm.com\/\",\"name\":\"Portal NPM\",\"description\":\"Not\u00edcias em Primeira M\u00e3o\",\"potentialAction\":[{\"@type\":\"SearchAction\",\"target\":{\"@type\":\"EntryPoint\",\"urlTemplate\":\"https:\/\/portalnpm.com\/?s={search_term_string}\"},\"query-input\":\"required name=search_term_string\"}],\"inLanguage\":\"pt-BR\"},{\"@type\":\"Person\",\"@id\":\"https:\/\/portalnpm.com\/#\/schema\/person\/49313e563cfdefcc167f1ee4c017c294\",\"name\":\"Genival Barbosa\",\"image\":{\"@type\":\"ImageObject\",\"inLanguage\":\"pt-BR\",\"@id\":\"https:\/\/portalnpm.com\/#\/schema\/person\/image\/\",\"url\":\"https:\/\/portalnpm.com\/wp-content\/uploads\/2024\/02\/avatar_user_2_1707743258-96x96.jpeg\",\"contentUrl\":\"https:\/\/portalnpm.com\/wp-content\/uploads\/2024\/02\/avatar_user_2_1707743258-96x96.jpeg\",\"caption\":\"Genival Barbosa\"},\"url\":\"https:\/\/portalnpm.com\/index.php\/author\/genival\/\"}]}<\/script>\n<!-- \/ Yoast SEO plugin. -->","yoast_head_json":{"title":"Picos confirma sexto \u00f3bito por Covid-19","robots":{"index":"index","follow":"follow","max-snippet":"max-snippet:-1","max-image-preview":"max-image-preview:large","max-video-preview":"max-video-preview:-1"},"canonical":"https:\/\/portalnpm.com\/index.php\/2020\/06\/12\/picos-confirma-sexto-obito-por-covid-19\/","og_locale":"pt_BR","og_type":"article","og_title":"Picos confirma sexto \u00f3bito por Covid-19","og_description":"A cidade de Picos registrou nesta quinta-feira (11) o sexto \u00f3bito em decorr\u00eancia do novo coronav\u00edrus. Trata-se de um homem de 41 anos, que faleceu na UTI do Hospital Regional de Picos. O paciente veio a \u00f3bito na \u00faltima segunda-feira, dia 8, e nesta quinta teve resultado positivo para Covid-19. Boletim do HRJL O boletim &hellip;","og_url":"https:\/\/portalnpm.com\/index.php\/2020\/06\/12\/picos-confirma-sexto-obito-por-covid-19\/","og_site_name":"Portal NPM","article_published_time":"2020-06-12T13:35:01+00:00","og_image":[{"width":1086,"height":721,"url":"https:\/\/portalnpm.com\/wp-content\/uploads\/2024\/01\/76-Picos-0025.jpg","type":"image\/jpeg"}],"author":"Genival Barbosa","twitter_card":"summary_large_image","twitter_misc":{"Escrito por":"Genival Barbosa","Est. tempo de leitura":"1 minuto"},"schema":{"@context":"https:\/\/schema.org","@graph":[{"@type":"WebPage","@id":"https:\/\/portalnpm.com\/index.php\/2020\/06\/12\/picos-confirma-sexto-obito-por-covid-19\/","url":"https:\/\/portalnpm.com\/index.php\/2020\/06\/12\/picos-confirma-sexto-obito-por-covid-19\/","name":"Picos confirma sexto \u00f3bito por Covid-19","isPartOf":{"@id":"https:\/\/portalnpm.com\/#website"},"primaryImageOfPage":{"@id":"https:\/\/portalnpm.com\/index.php\/2020\/06\/12\/picos-confirma-sexto-obito-por-covid-19\/#primaryimage"},"image":{"@id":"https:\/\/portalnpm.com\/index.php\/2020\/06\/12\/picos-confirma-sexto-obito-por-covid-19\/#primaryimage"},"thumbnailUrl":"https:\/\/portalnpm.com\/wp-content\/uploads\/2024\/01\/76-Picos-0025.jpg","datePublished":"2020-06-12T13:35:01+00:00","dateModified":"2020-06-12T13:35:01+00:00","author":{"@id":"https:\/\/portalnpm.com\/#\/schema\/person\/49313e563cfdefcc167f1ee4c017c294"},"breadcrumb":{"@id":"https:\/\/portalnpm.com\/index.php\/2020\/06\/12\/picos-confirma-sexto-obito-por-covid-19\/#breadcrumb"},"inLanguage":"pt-BR","potentialAction":[{"@type":"ReadAction","target":["https:\/\/portalnpm.com\/index.php\/2020\/06\/12\/picos-confirma-sexto-obito-por-covid-19\/"]}]},{"@type":"ImageObject","inLanguage":"pt-BR","@id":"https:\/\/portalnpm.com\/index.php\/2020\/06\/12\/picos-confirma-sexto-obito-por-covid-19\/#primaryimage","url":"https:\/\/portalnpm.com\/wp-content\/uploads\/2024\/01\/76-Picos-0025.jpg","contentUrl":"https:\/\/portalnpm.com\/wp-content\/uploads\/2024\/01\/76-Picos-0025.jpg","width":1086,"height":721},{"@type":"BreadcrumbList","@id":"https:\/\/portalnpm.com\/index.php\/2020\/06\/12\/picos-confirma-sexto-obito-por-covid-19\/#breadcrumb","itemListElement":[{"@type":"ListItem","position":1,"name":"In\u00edcio","item":"https:\/\/portalnpm.com\/"},{"@type":"ListItem","position":2,"name":"Picos confirma sexto \u00f3bito por Covid-19"}]},{"@type":"WebSite","@id":"https:\/\/portalnpm.com\/#website","url":"https:\/\/portalnpm.com\/","name":"Portal NPM","description":"Not\u00edcias em Primeira M\u00e3o","potentialAction":[{"@type":"SearchAction","target":{"@type":"EntryPoint","urlTemplate":"https:\/\/portalnpm.com\/?s={search_term_string}"},"query-input":"required name=search_term_string"}],"inLanguage":"pt-BR"},{"@type":"Person","@id":"https:\/\/portalnpm.com\/#\/schema\/person\/49313e563cfdefcc167f1ee4c017c294","name":"Genival Barbosa","image":{"@type":"ImageObject","inLanguage":"pt-BR","@id":"https:\/\/portalnpm.com\/#\/schema\/person\/image\/","url":"https:\/\/portalnpm.com\/wp-content\/uploads\/2024\/02\/avatar_user_2_1707743258-96x96.jpeg","contentUrl":"https:\/\/portalnpm.com\/wp-content\/uploads\/2024\/02\/avatar_user_2_1707743258-96x96.jpeg","caption":"Genival Barbosa"},"url":"https:\/\/portalnpm.com\/index.php\/author\/genival\/"}]}},"jetpack_sharing_enabled":true,"jetpack_featured_media_url":"https:\/\/portalnpm.com\/wp-content\/uploads\/2024\/01\/76-Picos-0025.jpg","_links":{"self":[{"href":"https:\/\/portalnpm.com\/index.php\/wp-json\/wp\/v2\/posts\/53222"}],"collection":[{"href":"https:\/\/portalnpm.com\/index.php\/wp-json\/wp\/v2\/posts"}],"about":[{"href":"https:\/\/portalnpm.com\/index.php\/wp-json\/wp\/v2\/types\/post"}],"author":[{"embeddable":true,"href":"https:\/\/portalnpm.com\/index.php\/wp-json\/wp\/v2\/users\/2"}],"replies":[{"embeddable":true,"href":"https:\/\/portalnpm.com\/index.php\/wp-json\/wp\/v2\/comments?post=53222"}],"version-history":[{"count":0,"href":"https:\/\/portalnpm.com\/index.php\/wp-json\/wp\/v2\/posts\/53222\/revisions"}],"wp:featuredmedia":[{"embeddable":true,"href":"https:\/\/portalnpm.com\/index.php\/wp-json\/wp\/v2\/media\/53223"}],"wp:attachment":[{"href":"https:\/\/portalnpm.com\/index.php\/wp-json\/wp\/v2\/media?parent=53222"}],"wp:term":[{"taxonomy":"category","embeddable":true,"href":"https:\/\/portalnpm.com\/index.php\/wp-json\/wp\/v2\/categories?post=53222"},{"taxonomy":"post_tag","embeddable":true,"href":"https:\/\/portalnpm.com\/index.php\/wp-json\/wp\/v2\/tags?post=53222"}],"curies":[{"name":"wp","href":"https:\/\/api.w.org\/{rel}","templated":true}]}}