{"id":5331,"date":"2019-01-29T10:32:07","date_gmt":"2019-01-29T12:32:07","guid":{"rendered":"http:\/\/srv.portalnpm.com.br\/?p=5331"},"modified":"2019-01-29T10:32:07","modified_gmt":"2019-01-29T12:32:07","slug":"homem-sofre-descarga-eletrica-e-morre-no-sul-do-piaui","status":"publish","type":"post","link":"https:\/\/portalnpm.com\/index.php\/2019\/01\/29\/homem-sofre-descarga-eletrica-e-morre-no-sul-do-piaui\/","title":{"rendered":"Homem sofre descarga el\u00e9trica e morre no Sul do Piau\u00ed"},"content":{"rendered":"<p style=\"text-align: justify;\"><span style=\"color: #808000;\">Valmir Dias Ferreira, de 56 anos de idade, morreu no final da tarde desta segunda-feira (28), vitima de um choque el\u00e9trico quando realizava seu trabalho.\u00a0A fatalidade aconteceu na zona rural do munic\u00edpio de Cristino Castro, na localidade Lages.<\/span><\/p>\n<p style=\"text-align: justify;\">Valmir, estava trabalhando, entregando uma carrada de areia, quando levantou a ca\u00e7amba para descarregar o material, a mesma ficou presa na rede el\u00e9trica e de acordo com vizinhos que presenciaram o incidente o motorista tentou retirar os cabos de energia presos na carroceria com um peda\u00e7o de madeira, quando recebeu a descarga.<\/p>\n<p style=\"text-align: justify;\">O Samu foi acionado imediatamente, os primeiros socorros foram realizados em Cristino Castro, em seguida Valmir foi encaminhado para o Hospital Regional de Bom Jesus. Uma equipe m\u00e9dica j\u00e1 aguardava o paciente devido o seu estado ser muito grave.<\/p>\n<p style=\"text-align: justify;\">A vitima n\u00e3o resistiu ao choque el\u00e9trico e veio a \u00f3bito. O seu corpo est\u00e1 no necrot\u00e9rio do hospital, a fam\u00edlia est\u00e1 cuidando dos procedimentos legais para fazer o translado do corpo para Cristino Castro.<\/p>\n<p style=\"text-align: justify;\"><strong>Fonte:\u00a0Portal Ponto X<\/strong><\/p>\n","protected":false},"excerpt":{"rendered":"<p>Valmir Dias Ferreira, de 56 anos de idade, morreu no final da tarde desta segunda-feira (28), vitima de um choque el\u00e9trico quando realizava seu trabalho.\u00a0A fatalidade aconteceu na zona rural do munic\u00edpio de Cristino Castro, na localidade Lages. Valmir, estava trabalhando, entregando uma carrada de areia, quando levantou a ca\u00e7amba para descarregar o material, a &hellip;<\/p>\n","protected":false},"author":3,"featured_media":5332,"comment_status":"open","ping_status":"open","sticky":false,"template":"","format":"standard","meta":{"content-type":"","rop_custom_images_group":[],"rop_custom_messages_group":[],"rop_publish_now":"initial","rop_publish_now_accounts":{"facebook_2648258775420054_1618374048415101":""},"rop_publish_now_history":[],"rop_publish_now_status":"pending","footnotes":"","_jetpack_memberships_contains_paid_content":false},"categories":[113,125],"tags":[2119,459,187],"yoast_head":"<!-- This site is optimized with the Yoast SEO plugin v22.3 - https:\/\/yoast.com\/wordpress\/plugins\/seo\/ -->\n<title>Homem sofre descarga el\u00e9trica e morre no Sul do Piau\u00ed - Portal NPM<\/title>\n<meta name=\"robots\" content=\"index, follow, max-snippet:-1, max-image-preview:large, max-video-preview:-1\" \/>\n<link rel=\"canonical\" href=\"https:\/\/portalnpm.com\/index.php\/2019\/01\/29\/homem-sofre-descarga-eletrica-e-morre-no-sul-do-piaui\/\" \/>\n<meta property=\"og:locale\" content=\"pt_BR\" \/>\n<meta property=\"og:type\" content=\"article\" \/>\n<meta property=\"og:title\" content=\"Homem sofre descarga el\u00e9trica e morre no Sul do Piau\u00ed - Portal NPM\" \/>\n<meta property=\"og:description\" content=\"Valmir Dias Ferreira, de 56 anos de idade, morreu no final da tarde desta segunda-feira (28), vitima de um choque el\u00e9trico quando realizava seu trabalho.\u00a0A fatalidade aconteceu na zona rural do munic\u00edpio de Cristino Castro, na localidade Lages. Valmir, estava trabalhando, entregando uma carrada de areia, quando levantou a ca\u00e7amba para descarregar o material, a &hellip;\" \/>\n<meta property=\"og:url\" content=\"https:\/\/portalnpm.com\/index.php\/2019\/01\/29\/homem-sofre-descarga-eletrica-e-morre-no-sul-do-piaui\/\" \/>\n<meta property=\"og:site_name\" content=\"Portal NPM\" \/>\n<meta property=\"article:published_time\" content=\"2019-01-29T12:32:07+00:00\" \/>\n<meta name=\"author\" content=\"Luis Alberto\" \/>\n<meta name=\"twitter:card\" content=\"summary_large_image\" \/>\n<meta name=\"twitter:label1\" content=\"Escrito por\" \/>\n\t<meta name=\"twitter:data1\" content=\"Luis Alberto\" \/>\n\t<meta name=\"twitter:label2\" content=\"Est. tempo de leitura\" \/>\n\t<meta name=\"twitter:data2\" content=\"1 minuto\" \/>\n<script type=\"application\/ld+json\" class=\"yoast-schema-graph\">{\"@context\":\"https:\/\/schema.org\",\"@graph\":[{\"@type\":\"WebPage\",\"@id\":\"https:\/\/portalnpm.com\/index.php\/2019\/01\/29\/homem-sofre-descarga-eletrica-e-morre-no-sul-do-piaui\/\",\"url\":\"https:\/\/portalnpm.com\/index.php\/2019\/01\/29\/homem-sofre-descarga-eletrica-e-morre-no-sul-do-piaui\/\",\"name\":\"Homem sofre descarga el\u00e9trica e morre no Sul do Piau\u00ed - Portal NPM\",\"isPartOf\":{\"@id\":\"https:\/\/portalnpm.com\/#website\"},\"primaryImageOfPage\":{\"@id\":\"https:\/\/portalnpm.com\/index.php\/2019\/01\/29\/homem-sofre-descarga-eletrica-e-morre-no-sul-do-piaui\/#primaryimage\"},\"image\":{\"@id\":\"https:\/\/portalnpm.com\/index.php\/2019\/01\/29\/homem-sofre-descarga-eletrica-e-morre-no-sul-do-piaui\/#primaryimage\"},\"thumbnailUrl\":\"\",\"datePublished\":\"2019-01-29T12:32:07+00:00\",\"dateModified\":\"2019-01-29T12:32:07+00:00\",\"author\":{\"@id\":\"https:\/\/portalnpm.com\/#\/schema\/person\/5c8006acdf71774cd4e7a5ab98482152\"},\"breadcrumb\":{\"@id\":\"https:\/\/portalnpm.com\/index.php\/2019\/01\/29\/homem-sofre-descarga-eletrica-e-morre-no-sul-do-piaui\/#breadcrumb\"},\"inLanguage\":\"pt-BR\",\"potentialAction\":[{\"@type\":\"ReadAction\",\"target\":[\"https:\/\/portalnpm.com\/index.php\/2019\/01\/29\/homem-sofre-descarga-eletrica-e-morre-no-sul-do-piaui\/\"]}]},{\"@type\":\"ImageObject\",\"inLanguage\":\"pt-BR\",\"@id\":\"https:\/\/portalnpm.com\/index.php\/2019\/01\/29\/homem-sofre-descarga-eletrica-e-morre-no-sul-do-piaui\/#primaryimage\",\"url\":\"\",\"contentUrl\":\"\"},{\"@type\":\"BreadcrumbList\",\"@id\":\"https:\/\/portalnpm.com\/index.php\/2019\/01\/29\/homem-sofre-descarga-eletrica-e-morre-no-sul-do-piaui\/#breadcrumb\",\"itemListElement\":[{\"@type\":\"ListItem\",\"position\":1,\"name\":\"In\u00edcio\",\"item\":\"https:\/\/portalnpm.com\/\"},{\"@type\":\"ListItem\",\"position\":2,\"name\":\"Homem sofre descarga el\u00e9trica e morre no Sul do Piau\u00ed\"}]},{\"@type\":\"WebSite\",\"@id\":\"https:\/\/portalnpm.com\/#website\",\"url\":\"https:\/\/portalnpm.com\/\",\"name\":\"Portal NPM\",\"description\":\"Not\u00edcias em Primeira M\u00e3o\",\"potentialAction\":[{\"@type\":\"SearchAction\",\"target\":{\"@type\":\"EntryPoint\",\"urlTemplate\":\"https:\/\/portalnpm.com\/?s={search_term_string}\"},\"query-input\":\"required name=search_term_string\"}],\"inLanguage\":\"pt-BR\"},{\"@type\":\"Person\",\"@id\":\"https:\/\/portalnpm.com\/#\/schema\/person\/5c8006acdf71774cd4e7a5ab98482152\",\"name\":\"Luis Alberto\",\"image\":{\"@type\":\"ImageObject\",\"inLanguage\":\"pt-BR\",\"@id\":\"https:\/\/portalnpm.com\/#\/schema\/person\/image\/\",\"url\":\"https:\/\/portalnpm.com\/wp-content\/uploads\/2024\/12\/avatar_user_3_1734699769-96x96.jpeg\",\"contentUrl\":\"https:\/\/portalnpm.com\/wp-content\/uploads\/2024\/12\/avatar_user_3_1734699769-96x96.jpeg\",\"caption\":\"Luis Alberto\"},\"description\":\"Editor-geral do Portal NPM, \u00e9 formado como T\u00e9cnico em Seguran\u00e7a do Trabalho pela Escola Metropolitana de Cursos T\u00e9cnicos. Det\u00e9m ainda licenciatura em Educa\u00e7\u00e3o F\u00edsica e bacharelado em Ci\u00eancias Pol\u00edticas, ambos obtidos pela institui\u00e7\u00e3o Anhanguera\/UNOPAR.\",\"url\":\"https:\/\/portalnpm.com\/index.php\/author\/pereira\/\"}]}<\/script>\n<!-- \/ Yoast SEO plugin. -->","yoast_head_json":{"title":"Homem sofre descarga el\u00e9trica e morre no Sul do Piau\u00ed - Portal NPM","robots":{"index":"index","follow":"follow","max-snippet":"max-snippet:-1","max-image-preview":"max-image-preview:large","max-video-preview":"max-video-preview:-1"},"canonical":"https:\/\/portalnpm.com\/index.php\/2019\/01\/29\/homem-sofre-descarga-eletrica-e-morre-no-sul-do-piaui\/","og_locale":"pt_BR","og_type":"article","og_title":"Homem sofre descarga el\u00e9trica e morre no Sul do Piau\u00ed - Portal NPM","og_description":"Valmir Dias Ferreira, de 56 anos de idade, morreu no final da tarde desta segunda-feira (28), vitima de um choque el\u00e9trico quando realizava seu trabalho.\u00a0A fatalidade aconteceu na zona rural do munic\u00edpio de Cristino Castro, na localidade Lages. Valmir, estava trabalhando, entregando uma carrada de areia, quando levantou a ca\u00e7amba para descarregar o material, a &hellip;","og_url":"https:\/\/portalnpm.com\/index.php\/2019\/01\/29\/homem-sofre-descarga-eletrica-e-morre-no-sul-do-piaui\/","og_site_name":"Portal NPM","article_published_time":"2019-01-29T12:32:07+00:00","author":"Luis Alberto","twitter_card":"summary_large_image","twitter_misc":{"Escrito por":"Luis Alberto","Est. tempo de leitura":"1 minuto"},"schema":{"@context":"https:\/\/schema.org","@graph":[{"@type":"WebPage","@id":"https:\/\/portalnpm.com\/index.php\/2019\/01\/29\/homem-sofre-descarga-eletrica-e-morre-no-sul-do-piaui\/","url":"https:\/\/portalnpm.com\/index.php\/2019\/01\/29\/homem-sofre-descarga-eletrica-e-morre-no-sul-do-piaui\/","name":"Homem sofre descarga el\u00e9trica e morre no Sul do Piau\u00ed - Portal NPM","isPartOf":{"@id":"https:\/\/portalnpm.com\/#website"},"primaryImageOfPage":{"@id":"https:\/\/portalnpm.com\/index.php\/2019\/01\/29\/homem-sofre-descarga-eletrica-e-morre-no-sul-do-piaui\/#primaryimage"},"image":{"@id":"https:\/\/portalnpm.com\/index.php\/2019\/01\/29\/homem-sofre-descarga-eletrica-e-morre-no-sul-do-piaui\/#primaryimage"},"thumbnailUrl":"","datePublished":"2019-01-29T12:32:07+00:00","dateModified":"2019-01-29T12:32:07+00:00","author":{"@id":"https:\/\/portalnpm.com\/#\/schema\/person\/5c8006acdf71774cd4e7a5ab98482152"},"breadcrumb":{"@id":"https:\/\/portalnpm.com\/index.php\/2019\/01\/29\/homem-sofre-descarga-eletrica-e-morre-no-sul-do-piaui\/#breadcrumb"},"inLanguage":"pt-BR","potentialAction":[{"@type":"ReadAction","target":["https:\/\/portalnpm.com\/index.php\/2019\/01\/29\/homem-sofre-descarga-eletrica-e-morre-no-sul-do-piaui\/"]}]},{"@type":"ImageObject","inLanguage":"pt-BR","@id":"https:\/\/portalnpm.com\/index.php\/2019\/01\/29\/homem-sofre-descarga-eletrica-e-morre-no-sul-do-piaui\/#primaryimage","url":"","contentUrl":""},{"@type":"BreadcrumbList","@id":"https:\/\/portalnpm.com\/index.php\/2019\/01\/29\/homem-sofre-descarga-eletrica-e-morre-no-sul-do-piaui\/#breadcrumb","itemListElement":[{"@type":"ListItem","position":1,"name":"In\u00edcio","item":"https:\/\/portalnpm.com\/"},{"@type":"ListItem","position":2,"name":"Homem sofre descarga el\u00e9trica e morre no Sul do Piau\u00ed"}]},{"@type":"WebSite","@id":"https:\/\/portalnpm.com\/#website","url":"https:\/\/portalnpm.com\/","name":"Portal NPM","description":"Not\u00edcias em Primeira M\u00e3o","potentialAction":[{"@type":"SearchAction","target":{"@type":"EntryPoint","urlTemplate":"https:\/\/portalnpm.com\/?s={search_term_string}"},"query-input":"required name=search_term_string"}],"inLanguage":"pt-BR"},{"@type":"Person","@id":"https:\/\/portalnpm.com\/#\/schema\/person\/5c8006acdf71774cd4e7a5ab98482152","name":"Luis Alberto","image":{"@type":"ImageObject","inLanguage":"pt-BR","@id":"https:\/\/portalnpm.com\/#\/schema\/person\/image\/","url":"https:\/\/portalnpm.com\/wp-content\/uploads\/2024\/12\/avatar_user_3_1734699769-96x96.jpeg","contentUrl":"https:\/\/portalnpm.com\/wp-content\/uploads\/2024\/12\/avatar_user_3_1734699769-96x96.jpeg","caption":"Luis Alberto"},"description":"Editor-geral do Portal NPM, \u00e9 formado como T\u00e9cnico em Seguran\u00e7a do Trabalho pela Escola Metropolitana de Cursos T\u00e9cnicos. Det\u00e9m ainda licenciatura em Educa\u00e7\u00e3o F\u00edsica e bacharelado em Ci\u00eancias Pol\u00edticas, ambos obtidos pela institui\u00e7\u00e3o Anhanguera\/UNOPAR.","url":"https:\/\/portalnpm.com\/index.php\/author\/pereira\/"}]}},"jetpack_sharing_enabled":true,"jetpack_featured_media_url":"","_links":{"self":[{"href":"https:\/\/portalnpm.com\/index.php\/wp-json\/wp\/v2\/posts\/5331"}],"collection":[{"href":"https:\/\/portalnpm.com\/index.php\/wp-json\/wp\/v2\/posts"}],"about":[{"href":"https:\/\/portalnpm.com\/index.php\/wp-json\/wp\/v2\/types\/post"}],"author":[{"embeddable":true,"href":"https:\/\/portalnpm.com\/index.php\/wp-json\/wp\/v2\/users\/3"}],"replies":[{"embeddable":true,"href":"https:\/\/portalnpm.com\/index.php\/wp-json\/wp\/v2\/comments?post=5331"}],"version-history":[{"count":0,"href":"https:\/\/portalnpm.com\/index.php\/wp-json\/wp\/v2\/posts\/5331\/revisions"}],"wp:featuredmedia":[{"embeddable":true,"href":"https:\/\/portalnpm.com\/index.php\/wp-json\/"}],"wp:attachment":[{"href":"https:\/\/portalnpm.com\/index.php\/wp-json\/wp\/v2\/media?parent=5331"}],"wp:term":[{"taxonomy":"category","embeddable":true,"href":"https:\/\/portalnpm.com\/index.php\/wp-json\/wp\/v2\/categories?post=5331"},{"taxonomy":"post_tag","embeddable":true,"href":"https:\/\/portalnpm.com\/index.php\/wp-json\/wp\/v2\/tags?post=5331"}],"curies":[{"name":"wp","href":"https:\/\/api.w.org\/{rel}","templated":true}]}}