{"id":53310,"date":"2020-06-15T18:36:34","date_gmt":"2020-06-15T21:36:34","guid":{"rendered":"https:\/\/portalnpm.com\/index.php\/2020\/06\/15\/aumenta-a-taxa-de-transmissao-da-covid-19-no-piaui-e-governo-adia-reabertura-de-novas-atividades\/"},"modified":"2020-06-15T18:36:34","modified_gmt":"2020-06-15T21:36:34","slug":"aumenta-a-taxa-de-transmissao-da-covid-19-no-piaui-e-governo-adia-reabertura-de-novas-atividades","status":"publish","type":"post","link":"https:\/\/portalnpm.com\/index.php\/2020\/06\/15\/aumenta-a-taxa-de-transmissao-da-covid-19-no-piaui-e-governo-adia-reabertura-de-novas-atividades\/","title":{"rendered":"Aumenta a taxa de transmiss\u00e3o da covid-19 no Piau\u00ed e governo adia reabertura de novas atividades"},"content":{"rendered":"<p style=\"text-align: justify;\">O governador Wellington Dias (PT) anunciou que o governo do Piau\u00ed n\u00e3o ampliar\u00e1 as medidas de reabertura da economia. A decis\u00e3o foi tomada ap\u00f3s a sexta etapa da pesquisa\u00a0 epidemol\u00f3gica apontar crescimento na taxa de infectados pelo coronav\u00edrus e no n\u00famero de mortes.<\/p>\n<p style=\"text-align: justify;\">\n<p style=\"text-align: justify;\">Com a decis\u00e3o, os protocolos j\u00e1 discutidos \u2013 em \u00e1reas como constru\u00e7\u00e3o civil, servi\u00e7os de sa\u00fade e automotivos \u2013\u00a0 ser\u00e3o mantidos. Por\u00e9m, novas \u00e1reas n\u00e3o ser\u00e3o reabertas.\u00a0Uma nova reuni\u00e3o ser\u00e1 realizada no dia 22 de junho para discutir a reabertura de outras atividades. Uma nova pesquisa ser\u00e1 realizada.<\/p>\n<p style=\"text-align: justify;\">\u201cDe acordo com a amostra, n\u00e3o houve recuo na curva de pessoas infectadas com o novo coronav\u00edrus\u00a0 O estado n\u00e3o conseguiu avan\u00e7ar no crescimento do n\u00famero de leitos de UTI. Com isso, o governo n\u00e3o ampliar\u00e1, no momento, o processo de reabertura econ\u00f4mica. Ser\u00e3o mantidos os protocolos j\u00e1 estabelecidos. Por\u00e9m, novas \u00e1reas n\u00e3o possuem data de abertura\u201d, afirmou o governador.<\/p>\n<p>https:\/\/youtu.be\/xlKuIYNtKMg<\/p>\n<p style=\"text-align: justify;\">A taxa de transmissibilidade cresceu de 0.9 para 1. 3. De acordo com a pesquisa anterior, a taxa havia ca\u00eddo de 1.7 para 0.9 e, agora, voltou a crescer.\u00a0A taxa de infectados que havia ca\u00eddo de 1,83 para 1,32 da quarta para a quinta etapa da pesquisa, voltou a subir para 1,53. A meta de \u00f3bitos que era de 300, chegou a 374.\u00a0Das 4.003 pessoas testadas em 11 munic\u00edpios, 164 testaram positivo. Com base na pesquisa, a estimativa \u00e9 que o Piau\u00ed atualmente conte com 134.102 pessoas infectadas. Dessas, cerca de 70 mil s\u00e3o transmissores da doen\u00e7a e 64 mil n\u00e3o est\u00e3o transmitindo.<\/p>\n<p style=\"text-align: justify;\"><a href=\"https:\/\/cidadeverde.com\/assets\/uploads\/files\/pesquisa6_1592241648.pdf\" target=\"_blank\" rel=\"noopener noreferrer\">Veja pesquisa aqui<\/a><\/p>\n<p style=\"text-align: justify;\">O n\u00famero de subnotifica\u00e7\u00f5es \u00e9 de 15 vezes maior que os dados oficiais, registrando uma queda, j\u00e1 que o passado era de 18 vezes maior.<\/p>\n<p style=\"text-align: justify;\">\u201cTivemos um crescimento de infectados e \u00edndice de\u00a0 transmissibilidade, adoecimento, agravamento e n\u00famero de mortes. Temos uma situa\u00e7\u00e3o em que havia uma meta de leitos de UTI, mas n\u00e3o foi alcan\u00e7ada. Isso nos coloca na posi\u00e7\u00e3o de n\u00e3o avan\u00e7ar com as medidas\u201d, destacou.<\/p>\n<p style=\"text-align: justify;\">O governador destacou a import\u00e2ncia do programa Busca Ativa para a identifica\u00e7\u00e3o das pessoas que ainda est\u00e3o na fase de transmiss\u00e3o da doen\u00e7a. Wellington Dias pede que as pessoas que apresentem sintomas, busquem orienta\u00e7\u00e3o m\u00e9dica.<\/p>\n<p style=\"text-align: justify;\">\u201cTemos 73. 592 pessoas com coronav\u00edrus com risco de transmissibilidade. Temos que localizar e evitar a transmiss\u00e3o. Elas devem seguir as medidas de seguran\u00e7a, se tiver sintomas procurar a rede de sa\u00fade\u201d, disse.<\/p>\n<p style=\"text-align: justify;\">O governador voltou a refor\u00e7ar a necessidade da popula\u00e7\u00e3o ficar em casa. \u201cSe as pessoas continuarem relaxando nos cuidados individuais, a tend\u00eancia \u00e9 que n\u00e3o ocorra um recuo dentro do que esper\u00e1vamos. \u00c9 preciso manter o isolamento social, lavar as m\u00e3os, usar m\u00e1scaras, entre outras medidas\u201d, destacou.<\/p>\n<p style=\"text-align: justify;\">Falta de insumos<\/p>\n<p style=\"text-align: justify;\">O governador alerta que o Piau\u00ed e o Brasil vive uma situa\u00e7\u00e3o nova: a falta de profissionais da sa\u00fade no mercado dificulta a amplia\u00e7\u00e3o do atendimento nos hospitais. \u201cAqui quero agradecer ao CRM (Conselho Regional de Medicina) e demais conselhos, da \u00e1rea intensivista, da fisioterapia, da psicologia, por exemplo, por nos ajudar a encontrar um caminho para garantir condi\u00e7\u00f5es de atendimento a nossa popula\u00e7\u00e3o\u201d.<\/p>\n<p style=\"text-align: justify;\">Al\u00e9m disos, o governador chama a aten\u00e7\u00e3o, ap\u00f3s analisar toda a rede hospitalar do estado, que alguns hospitais est\u00e1 com 100% da capacidade ocupada ou com n\u00famero de vagas limitadas. O gestor comenta que de um lado est\u00e1 o aumento do adoecimento das pessoas pela Covid-19 e do outro a dificuldade em encontrar medicamento e insumos industrias. \u201cPassamos a ter dificuldade de fornecimento para todo o Brasil\u201d, ou seja, medicamentos essenciais para o tratamento dos pacientes come\u00e7am a faltar no mercado.<\/p>\n<p style=\"text-align: justify;\">\u201cPara se ter uma no\u00e7\u00e3o: um paciente com Covid usa um tambor de g\u00e1s medicinal a cada seis horas. Para poder ser internada em UTI \u00e9 necess\u00e1rio um conjunto de medicamentos para garantir condi\u00e7\u00f5es de atendimento\u201d.<\/p>\n<p style=\"text-align: justify;\">Apelo<\/p>\n<p style=\"text-align: justify;\">Wellington Dias aproveitou o momento e mais uma vez fez um apelo aos moradores do Piau\u00ed. O governador pediu que as pessoas respeitem o isolamento social, o distanciamento social e o uso de m\u00e1scara.<\/p>\n<p style=\"text-align: justify;\">Wellington Dias cita que Manaus e Fortaleza tiveram colapso no sistema de sa\u00fade porque n\u00e3o conseguiu atender a quantidade de pessoas que adoeceram ao mesmo tempo. O governador ressalta que o Piau\u00ed \u00e9 visto por muitos pesquisadores como um dos estados que ainda tem controle sobre as condi\u00e7\u00f5es de atendimento, mas, para isso continuar acontecendo, \u00e9 necess\u00e1rio a compreens\u00e3o da popula\u00e7\u00e3o em respeitar as regras de isolamento.<\/p>\n<p style=\"text-align: justify;\">\u201cFa\u00e7o um apelo dram\u00e1tico para que a gente possa ter muito cuidado com a sua vida, n\u00f3s queremos proteger a sua vida. O coronav\u00edrus n\u00e3o respeita idade nem quem \u00e9 rico ou pobre. Ele chega e fica entre n\u00f3s. Se cada um de n\u00f3s fizermos a nossa parte teremos vit\u00f3ria, mas, se cada um n\u00e3o fizer, teremos problemas\u201d.<\/p>\n<p style=\"text-align: justify;\">\u201cQuero agradecer a todos com a esperan\u00e7a de que o Piau\u00ed ainda tem controle; temos crescimento (da doen\u00e7a), mas \u00e9 um crescimento reduzido que nos permite sair mais cedo (do isolamento). Nossas equipes est\u00e3o tratando dos protocolos (de reabertura). \u00c9 preciso ter responsabilidade. Quero deixar a esperan\u00e7a de salvar vidas, esperan\u00e7a de que nesse caminho n\u00f3s estamos em condi\u00e7\u00f5es de sair dessa com responsabilidade. Fiquem em casa que vamos vencer o coronav\u00edrus \u201c.<\/p>\n<p style=\"text-align: justify;\"><strong>Fonte<\/strong>: Cidade Verde \u2013 Por: L\u00eddia Brito e Carlienne Carpaso<\/p>\n","protected":false},"excerpt":{"rendered":"<p>O governador Wellington Dias (PT) anunciou que o governo do Piau\u00ed n\u00e3o ampliar\u00e1 as medidas de reabertura da economia. A decis\u00e3o foi tomada ap\u00f3s a sexta etapa da pesquisa\u00a0 epidemol\u00f3gica apontar crescimento na taxa de infectados pelo coronav\u00edrus e no n\u00famero de mortes. Com a decis\u00e3o, os protocolos j\u00e1 discutidos \u2013 em \u00e1reas como constru\u00e7\u00e3o &hellip;<\/p>\n","protected":false},"author":8,"featured_media":21095,"comment_status":"open","ping_status":"open","sticky":false,"template":"","format":"standard","meta":{"content-type":"","rop_custom_images_group":[],"rop_custom_messages_group":[],"rop_publish_now":"initial","rop_publish_now_accounts":{"facebook_2648258775420054_1618374048415101":""},"rop_publish_now_history":[],"rop_publish_now_status":"pending","footnotes":"","_jetpack_memberships_contains_paid_content":false},"categories":[188],"tags":[1113,187,2857],"yoast_head":"<!-- This site is optimized with the Yoast SEO plugin v22.3 - https:\/\/yoast.com\/wordpress\/plugins\/seo\/ -->\n<title>Aumenta a taxa de transmiss\u00e3o da covid-19 no Piau\u00ed e governo adia reabertura de novas atividades<\/title>\n<meta name=\"robots\" content=\"index, follow, max-snippet:-1, max-image-preview:large, max-video-preview:-1\" \/>\n<link rel=\"canonical\" href=\"https:\/\/portalnpm.com\/index.php\/2020\/06\/15\/aumenta-a-taxa-de-transmissao-da-covid-19-no-piaui-e-governo-adia-reabertura-de-novas-atividades\/\" \/>\n<meta property=\"og:locale\" content=\"pt_BR\" \/>\n<meta property=\"og:type\" content=\"article\" \/>\n<meta property=\"og:title\" content=\"Aumenta a taxa de transmiss\u00e3o da covid-19 no Piau\u00ed e governo adia reabertura de novas atividades\" \/>\n<meta property=\"og:description\" content=\"O governador Wellington Dias (PT) anunciou que o governo do Piau\u00ed n\u00e3o ampliar\u00e1 as medidas de reabertura da economia. A decis\u00e3o foi tomada ap\u00f3s a sexta etapa da pesquisa\u00a0 epidemol\u00f3gica apontar crescimento na taxa de infectados pelo coronav\u00edrus e no n\u00famero de mortes. Com a decis\u00e3o, os protocolos j\u00e1 discutidos \u2013 em \u00e1reas como constru\u00e7\u00e3o &hellip;\" \/>\n<meta property=\"og:url\" content=\"https:\/\/portalnpm.com\/index.php\/2020\/06\/15\/aumenta-a-taxa-de-transmissao-da-covid-19-no-piaui-e-governo-adia-reabertura-de-novas-atividades\/\" \/>\n<meta property=\"og:site_name\" content=\"Portal NPM\" \/>\n<meta property=\"article:published_time\" content=\"2020-06-15T21:36:34+00:00\" \/>\n<meta name=\"author\" content=\"Zenilton Lima\" \/>\n<meta name=\"twitter:card\" content=\"summary_large_image\" \/>\n<meta name=\"twitter:label1\" content=\"Escrito por\" \/>\n\t<meta name=\"twitter:data1\" content=\"Zenilton Lima\" \/>\n\t<meta name=\"twitter:label2\" content=\"Est. tempo de leitura\" \/>\n\t<meta name=\"twitter:data2\" content=\"5 minutos\" \/>\n<script type=\"application\/ld+json\" class=\"yoast-schema-graph\">{\"@context\":\"https:\/\/schema.org\",\"@graph\":[{\"@type\":\"WebPage\",\"@id\":\"https:\/\/portalnpm.com\/index.php\/2020\/06\/15\/aumenta-a-taxa-de-transmissao-da-covid-19-no-piaui-e-governo-adia-reabertura-de-novas-atividades\/\",\"url\":\"https:\/\/portalnpm.com\/index.php\/2020\/06\/15\/aumenta-a-taxa-de-transmissao-da-covid-19-no-piaui-e-governo-adia-reabertura-de-novas-atividades\/\",\"name\":\"Aumenta a taxa de transmiss\u00e3o da covid-19 no Piau\u00ed e governo adia reabertura de novas atividades\",\"isPartOf\":{\"@id\":\"https:\/\/portalnpm.com\/#website\"},\"primaryImageOfPage\":{\"@id\":\"https:\/\/portalnpm.com\/index.php\/2020\/06\/15\/aumenta-a-taxa-de-transmissao-da-covid-19-no-piaui-e-governo-adia-reabertura-de-novas-atividades\/#primaryimage\"},\"image\":{\"@id\":\"https:\/\/portalnpm.com\/index.php\/2020\/06\/15\/aumenta-a-taxa-de-transmissao-da-covid-19-no-piaui-e-governo-adia-reabertura-de-novas-atividades\/#primaryimage\"},\"thumbnailUrl\":\"\",\"datePublished\":\"2020-06-15T21:36:34+00:00\",\"dateModified\":\"2020-06-15T21:36:34+00:00\",\"author\":{\"@id\":\"https:\/\/portalnpm.com\/#\/schema\/person\/35cb55186eae3f074b6783da6d35591e\"},\"breadcrumb\":{\"@id\":\"https:\/\/portalnpm.com\/index.php\/2020\/06\/15\/aumenta-a-taxa-de-transmissao-da-covid-19-no-piaui-e-governo-adia-reabertura-de-novas-atividades\/#breadcrumb\"},\"inLanguage\":\"pt-BR\",\"potentialAction\":[{\"@type\":\"ReadAction\",\"target\":[\"https:\/\/portalnpm.com\/index.php\/2020\/06\/15\/aumenta-a-taxa-de-transmissao-da-covid-19-no-piaui-e-governo-adia-reabertura-de-novas-atividades\/\"]}]},{\"@type\":\"ImageObject\",\"inLanguage\":\"pt-BR\",\"@id\":\"https:\/\/portalnpm.com\/index.php\/2020\/06\/15\/aumenta-a-taxa-de-transmissao-da-covid-19-no-piaui-e-governo-adia-reabertura-de-novas-atividades\/#primaryimage\",\"url\":\"\",\"contentUrl\":\"\"},{\"@type\":\"BreadcrumbList\",\"@id\":\"https:\/\/portalnpm.com\/index.php\/2020\/06\/15\/aumenta-a-taxa-de-transmissao-da-covid-19-no-piaui-e-governo-adia-reabertura-de-novas-atividades\/#breadcrumb\",\"itemListElement\":[{\"@type\":\"ListItem\",\"position\":1,\"name\":\"In\u00edcio\",\"item\":\"https:\/\/portalnpm.com\/\"},{\"@type\":\"ListItem\",\"position\":2,\"name\":\"Aumenta a taxa de transmiss\u00e3o da covid-19 no Piau\u00ed e governo adia reabertura de novas atividades\"}]},{\"@type\":\"WebSite\",\"@id\":\"https:\/\/portalnpm.com\/#website\",\"url\":\"https:\/\/portalnpm.com\/\",\"name\":\"Portal NPM\",\"description\":\"Not\u00edcias em Primeira M\u00e3o\",\"potentialAction\":[{\"@type\":\"SearchAction\",\"target\":{\"@type\":\"EntryPoint\",\"urlTemplate\":\"https:\/\/portalnpm.com\/?s={search_term_string}\"},\"query-input\":\"required name=search_term_string\"}],\"inLanguage\":\"pt-BR\"},{\"@type\":\"Person\",\"@id\":\"https:\/\/portalnpm.com\/#\/schema\/person\/35cb55186eae3f074b6783da6d35591e\",\"name\":\"Zenilton Lima\",\"image\":{\"@type\":\"ImageObject\",\"inLanguage\":\"pt-BR\",\"@id\":\"https:\/\/portalnpm.com\/#\/schema\/person\/image\/\",\"url\":\"https:\/\/portalnpm.com\/wp-content\/uploads\/2024\/12\/avatar_user_8_1733658137-96x96.jpeg\",\"contentUrl\":\"https:\/\/portalnpm.com\/wp-content\/uploads\/2024\/12\/avatar_user_8_1733658137-96x96.jpeg\",\"caption\":\"Zenilton Lima\"},\"url\":\"https:\/\/portalnpm.com\/index.php\/author\/zenilton\/\"}]}<\/script>\n<!-- \/ Yoast SEO plugin. -->","yoast_head_json":{"title":"Aumenta a taxa de transmiss\u00e3o da covid-19 no Piau\u00ed e governo adia reabertura de novas atividades","robots":{"index":"index","follow":"follow","max-snippet":"max-snippet:-1","max-image-preview":"max-image-preview:large","max-video-preview":"max-video-preview:-1"},"canonical":"https:\/\/portalnpm.com\/index.php\/2020\/06\/15\/aumenta-a-taxa-de-transmissao-da-covid-19-no-piaui-e-governo-adia-reabertura-de-novas-atividades\/","og_locale":"pt_BR","og_type":"article","og_title":"Aumenta a taxa de transmiss\u00e3o da covid-19 no Piau\u00ed e governo adia reabertura de novas atividades","og_description":"O governador Wellington Dias (PT) anunciou que o governo do Piau\u00ed n\u00e3o ampliar\u00e1 as medidas de reabertura da economia. A decis\u00e3o foi tomada ap\u00f3s a sexta etapa da pesquisa\u00a0 epidemol\u00f3gica apontar crescimento na taxa de infectados pelo coronav\u00edrus e no n\u00famero de mortes. Com a decis\u00e3o, os protocolos j\u00e1 discutidos \u2013 em \u00e1reas como constru\u00e7\u00e3o &hellip;","og_url":"https:\/\/portalnpm.com\/index.php\/2020\/06\/15\/aumenta-a-taxa-de-transmissao-da-covid-19-no-piaui-e-governo-adia-reabertura-de-novas-atividades\/","og_site_name":"Portal NPM","article_published_time":"2020-06-15T21:36:34+00:00","author":"Zenilton Lima","twitter_card":"summary_large_image","twitter_misc":{"Escrito por":"Zenilton Lima","Est. tempo de leitura":"5 minutos"},"schema":{"@context":"https:\/\/schema.org","@graph":[{"@type":"WebPage","@id":"https:\/\/portalnpm.com\/index.php\/2020\/06\/15\/aumenta-a-taxa-de-transmissao-da-covid-19-no-piaui-e-governo-adia-reabertura-de-novas-atividades\/","url":"https:\/\/portalnpm.com\/index.php\/2020\/06\/15\/aumenta-a-taxa-de-transmissao-da-covid-19-no-piaui-e-governo-adia-reabertura-de-novas-atividades\/","name":"Aumenta a taxa de transmiss\u00e3o da covid-19 no Piau\u00ed e governo adia reabertura de novas atividades","isPartOf":{"@id":"https:\/\/portalnpm.com\/#website"},"primaryImageOfPage":{"@id":"https:\/\/portalnpm.com\/index.php\/2020\/06\/15\/aumenta-a-taxa-de-transmissao-da-covid-19-no-piaui-e-governo-adia-reabertura-de-novas-atividades\/#primaryimage"},"image":{"@id":"https:\/\/portalnpm.com\/index.php\/2020\/06\/15\/aumenta-a-taxa-de-transmissao-da-covid-19-no-piaui-e-governo-adia-reabertura-de-novas-atividades\/#primaryimage"},"thumbnailUrl":"","datePublished":"2020-06-15T21:36:34+00:00","dateModified":"2020-06-15T21:36:34+00:00","author":{"@id":"https:\/\/portalnpm.com\/#\/schema\/person\/35cb55186eae3f074b6783da6d35591e"},"breadcrumb":{"@id":"https:\/\/portalnpm.com\/index.php\/2020\/06\/15\/aumenta-a-taxa-de-transmissao-da-covid-19-no-piaui-e-governo-adia-reabertura-de-novas-atividades\/#breadcrumb"},"inLanguage":"pt-BR","potentialAction":[{"@type":"ReadAction","target":["https:\/\/portalnpm.com\/index.php\/2020\/06\/15\/aumenta-a-taxa-de-transmissao-da-covid-19-no-piaui-e-governo-adia-reabertura-de-novas-atividades\/"]}]},{"@type":"ImageObject","inLanguage":"pt-BR","@id":"https:\/\/portalnpm.com\/index.php\/2020\/06\/15\/aumenta-a-taxa-de-transmissao-da-covid-19-no-piaui-e-governo-adia-reabertura-de-novas-atividades\/#primaryimage","url":"","contentUrl":""},{"@type":"BreadcrumbList","@id":"https:\/\/portalnpm.com\/index.php\/2020\/06\/15\/aumenta-a-taxa-de-transmissao-da-covid-19-no-piaui-e-governo-adia-reabertura-de-novas-atividades\/#breadcrumb","itemListElement":[{"@type":"ListItem","position":1,"name":"In\u00edcio","item":"https:\/\/portalnpm.com\/"},{"@type":"ListItem","position":2,"name":"Aumenta a taxa de transmiss\u00e3o da covid-19 no Piau\u00ed e governo adia reabertura de novas atividades"}]},{"@type":"WebSite","@id":"https:\/\/portalnpm.com\/#website","url":"https:\/\/portalnpm.com\/","name":"Portal NPM","description":"Not\u00edcias em Primeira M\u00e3o","potentialAction":[{"@type":"SearchAction","target":{"@type":"EntryPoint","urlTemplate":"https:\/\/portalnpm.com\/?s={search_term_string}"},"query-input":"required name=search_term_string"}],"inLanguage":"pt-BR"},{"@type":"Person","@id":"https:\/\/portalnpm.com\/#\/schema\/person\/35cb55186eae3f074b6783da6d35591e","name":"Zenilton Lima","image":{"@type":"ImageObject","inLanguage":"pt-BR","@id":"https:\/\/portalnpm.com\/#\/schema\/person\/image\/","url":"https:\/\/portalnpm.com\/wp-content\/uploads\/2024\/12\/avatar_user_8_1733658137-96x96.jpeg","contentUrl":"https:\/\/portalnpm.com\/wp-content\/uploads\/2024\/12\/avatar_user_8_1733658137-96x96.jpeg","caption":"Zenilton Lima"},"url":"https:\/\/portalnpm.com\/index.php\/author\/zenilton\/"}]}},"jetpack_sharing_enabled":true,"jetpack_featured_media_url":"","_links":{"self":[{"href":"https:\/\/portalnpm.com\/index.php\/wp-json\/wp\/v2\/posts\/53310"}],"collection":[{"href":"https:\/\/portalnpm.com\/index.php\/wp-json\/wp\/v2\/posts"}],"about":[{"href":"https:\/\/portalnpm.com\/index.php\/wp-json\/wp\/v2\/types\/post"}],"author":[{"embeddable":true,"href":"https:\/\/portalnpm.com\/index.php\/wp-json\/wp\/v2\/users\/8"}],"replies":[{"embeddable":true,"href":"https:\/\/portalnpm.com\/index.php\/wp-json\/wp\/v2\/comments?post=53310"}],"version-history":[{"count":0,"href":"https:\/\/portalnpm.com\/index.php\/wp-json\/wp\/v2\/posts\/53310\/revisions"}],"wp:featuredmedia":[{"embeddable":true,"href":"https:\/\/portalnpm.com\/index.php\/wp-json\/"}],"wp:attachment":[{"href":"https:\/\/portalnpm.com\/index.php\/wp-json\/wp\/v2\/media?parent=53310"}],"wp:term":[{"taxonomy":"category","embeddable":true,"href":"https:\/\/portalnpm.com\/index.php\/wp-json\/wp\/v2\/categories?post=53310"},{"taxonomy":"post_tag","embeddable":true,"href":"https:\/\/portalnpm.com\/index.php\/wp-json\/wp\/v2\/tags?post=53310"}],"curies":[{"name":"wp","href":"https:\/\/api.w.org\/{rel}","templated":true}]}}