{"id":53330,"date":"2020-06-16T15:14:55","date_gmt":"2020-06-16T18:14:55","guid":{"rendered":"https:\/\/portalnpm.com\/index.php\/2020\/06\/16\/homem-e-amarrado-em-assalto-e-tem-seu-auxilio-emergencial-levado\/"},"modified":"2020-06-16T15:14:55","modified_gmt":"2020-06-16T18:14:55","slug":"homem-e-amarrado-em-assalto-e-tem-seu-auxilio-emergencial-levado","status":"publish","type":"post","link":"https:\/\/portalnpm.com\/index.php\/2020\/06\/16\/homem-e-amarrado-em-assalto-e-tem-seu-auxilio-emergencial-levado\/","title":{"rendered":"Homem \u00e9 amarrado em assalto e tem seu auxilio emergencial levado"},"content":{"rendered":"<p style=\"text-align: justify;\">Um homem identificado como Andr\u00e9 de Sousa, da cidade de Matias Ol\u00edmpio, retornava de Esperantina, no sul do Piau\u00ed, no final da manh\u00e3 de domingo ( 14 ) quando foi rendido por uma dupla que saiu armada de dentro de um matagal, na BR\u2013222, na altura da localidade Morada Nova.<\/p>\n<p style=\"text-align: justify;\">A v\u00edtima relatou que foi levada mata adentro e amarrada, passando a noite inteira s\u00f3 conseguindo se soltar na manh\u00e3 desta segunda-feira (15).<\/p>\n<p style=\"text-align: justify;\">Os meliantes tomaram da v\u00edtima o aparelho celular, rel\u00f3gio, o valor do aux\u00edlio emergencial, um capacete e a motocicleta tipo Honda 150 de cor prata.<\/p>\n<p style=\"text-align: justify;\"><strong>Fonte<\/strong>: Meio Norte<\/p>\n","protected":false},"excerpt":{"rendered":"<p>Um homem identificado como Andr\u00e9 de Sousa, da cidade de Matias Ol\u00edmpio, retornava de Esperantina, no sul do Piau\u00ed, no final da manh\u00e3 de domingo ( 14 ) quando foi rendido por uma dupla que saiu armada de dentro de um matagal, na BR\u2013222, na altura da localidade Morada Nova. A v\u00edtima relatou que foi &hellip;<\/p>\n","protected":false},"author":8,"featured_media":53331,"comment_status":"open","ping_status":"open","sticky":false,"template":"","format":"standard","meta":{"content-type":"","rop_custom_images_group":[],"rop_custom_messages_group":[],"rop_publish_now":"initial","rop_publish_now_accounts":{"facebook_2648258775420054_1618374048415101":""},"rop_publish_now_history":[],"rop_publish_now_status":"pending","footnotes":"","_jetpack_memberships_contains_paid_content":false},"categories":[188],"tags":[4645,2909,3975,459],"yoast_head":"<!-- This site is optimized with the Yoast SEO plugin v22.3 - https:\/\/yoast.com\/wordpress\/plugins\/seo\/ -->\n<title>Homem \u00e9 amarrado em assalto e tem seu auxilio emergencial levado<\/title>\n<meta name=\"robots\" content=\"index, follow, max-snippet:-1, max-image-preview:large, max-video-preview:-1\" \/>\n<link rel=\"canonical\" href=\"https:\/\/portalnpm.com\/index.php\/2020\/06\/16\/homem-e-amarrado-em-assalto-e-tem-seu-auxilio-emergencial-levado\/\" \/>\n<meta property=\"og:locale\" content=\"pt_BR\" \/>\n<meta property=\"og:type\" content=\"article\" \/>\n<meta property=\"og:title\" content=\"Homem \u00e9 amarrado em assalto e tem seu auxilio emergencial levado\" \/>\n<meta property=\"og:description\" content=\"Um homem identificado como Andr\u00e9 de Sousa, da cidade de Matias Ol\u00edmpio, retornava de Esperantina, no sul do Piau\u00ed, no final da manh\u00e3 de domingo ( 14 ) quando foi rendido por uma dupla que saiu armada de dentro de um matagal, na BR\u2013222, na altura da localidade Morada Nova. A v\u00edtima relatou que foi &hellip;\" \/>\n<meta property=\"og:url\" content=\"https:\/\/portalnpm.com\/index.php\/2020\/06\/16\/homem-e-amarrado-em-assalto-e-tem-seu-auxilio-emergencial-levado\/\" \/>\n<meta property=\"og:site_name\" content=\"Portal NPM\" \/>\n<meta property=\"article:published_time\" content=\"2020-06-16T18:14:55+00:00\" \/>\n<meta property=\"og:image\" content=\"https:\/\/portalnpm.com\/wp-content\/uploads\/2024\/01\/2981b683-be9c-4cb3-a9fe-500bbec907d3-fa751ba5-63cb-4842-abc7-316eed4965fd.jpg\" \/>\n\t<meta property=\"og:image:width\" content=\"696\" \/>\n\t<meta property=\"og:image:height\" content=\"467\" \/>\n\t<meta property=\"og:image:type\" content=\"image\/jpeg\" \/>\n<meta name=\"author\" content=\"Zenilton Lima\" \/>\n<meta name=\"twitter:card\" content=\"summary_large_image\" \/>\n<meta name=\"twitter:label1\" content=\"Escrito por\" \/>\n\t<meta name=\"twitter:data1\" content=\"Zenilton Lima\" \/>\n\t<meta name=\"twitter:label2\" content=\"Est. tempo de leitura\" \/>\n\t<meta name=\"twitter:data2\" content=\"1 minuto\" \/>\n<script type=\"application\/ld+json\" class=\"yoast-schema-graph\">{\"@context\":\"https:\/\/schema.org\",\"@graph\":[{\"@type\":\"WebPage\",\"@id\":\"https:\/\/portalnpm.com\/index.php\/2020\/06\/16\/homem-e-amarrado-em-assalto-e-tem-seu-auxilio-emergencial-levado\/\",\"url\":\"https:\/\/portalnpm.com\/index.php\/2020\/06\/16\/homem-e-amarrado-em-assalto-e-tem-seu-auxilio-emergencial-levado\/\",\"name\":\"Homem \u00e9 amarrado em assalto e tem seu auxilio emergencial levado\",\"isPartOf\":{\"@id\":\"https:\/\/portalnpm.com\/#website\"},\"primaryImageOfPage\":{\"@id\":\"https:\/\/portalnpm.com\/index.php\/2020\/06\/16\/homem-e-amarrado-em-assalto-e-tem-seu-auxilio-emergencial-levado\/#primaryimage\"},\"image\":{\"@id\":\"https:\/\/portalnpm.com\/index.php\/2020\/06\/16\/homem-e-amarrado-em-assalto-e-tem-seu-auxilio-emergencial-levado\/#primaryimage\"},\"thumbnailUrl\":\"https:\/\/portalnpm.com\/wp-content\/uploads\/2024\/01\/2981b683-be9c-4cb3-a9fe-500bbec907d3-fa751ba5-63cb-4842-abc7-316eed4965fd.jpg\",\"datePublished\":\"2020-06-16T18:14:55+00:00\",\"dateModified\":\"2020-06-16T18:14:55+00:00\",\"author\":{\"@id\":\"https:\/\/portalnpm.com\/#\/schema\/person\/35cb55186eae3f074b6783da6d35591e\"},\"breadcrumb\":{\"@id\":\"https:\/\/portalnpm.com\/index.php\/2020\/06\/16\/homem-e-amarrado-em-assalto-e-tem-seu-auxilio-emergencial-levado\/#breadcrumb\"},\"inLanguage\":\"pt-BR\",\"potentialAction\":[{\"@type\":\"ReadAction\",\"target\":[\"https:\/\/portalnpm.com\/index.php\/2020\/06\/16\/homem-e-amarrado-em-assalto-e-tem-seu-auxilio-emergencial-levado\/\"]}]},{\"@type\":\"ImageObject\",\"inLanguage\":\"pt-BR\",\"@id\":\"https:\/\/portalnpm.com\/index.php\/2020\/06\/16\/homem-e-amarrado-em-assalto-e-tem-seu-auxilio-emergencial-levado\/#primaryimage\",\"url\":\"https:\/\/portalnpm.com\/wp-content\/uploads\/2024\/01\/2981b683-be9c-4cb3-a9fe-500bbec907d3-fa751ba5-63cb-4842-abc7-316eed4965fd.jpg\",\"contentUrl\":\"https:\/\/portalnpm.com\/wp-content\/uploads\/2024\/01\/2981b683-be9c-4cb3-a9fe-500bbec907d3-fa751ba5-63cb-4842-abc7-316eed4965fd.jpg\",\"width\":696,\"height\":467},{\"@type\":\"BreadcrumbList\",\"@id\":\"https:\/\/portalnpm.com\/index.php\/2020\/06\/16\/homem-e-amarrado-em-assalto-e-tem-seu-auxilio-emergencial-levado\/#breadcrumb\",\"itemListElement\":[{\"@type\":\"ListItem\",\"position\":1,\"name\":\"In\u00edcio\",\"item\":\"https:\/\/portalnpm.com\/\"},{\"@type\":\"ListItem\",\"position\":2,\"name\":\"Homem \u00e9 amarrado em assalto e tem seu auxilio emergencial levado\"}]},{\"@type\":\"WebSite\",\"@id\":\"https:\/\/portalnpm.com\/#website\",\"url\":\"https:\/\/portalnpm.com\/\",\"name\":\"Portal NPM\",\"description\":\"Not\u00edcias em Primeira M\u00e3o\",\"potentialAction\":[{\"@type\":\"SearchAction\",\"target\":{\"@type\":\"EntryPoint\",\"urlTemplate\":\"https:\/\/portalnpm.com\/?s={search_term_string}\"},\"query-input\":\"required name=search_term_string\"}],\"inLanguage\":\"pt-BR\"},{\"@type\":\"Person\",\"@id\":\"https:\/\/portalnpm.com\/#\/schema\/person\/35cb55186eae3f074b6783da6d35591e\",\"name\":\"Zenilton Lima\",\"image\":{\"@type\":\"ImageObject\",\"inLanguage\":\"pt-BR\",\"@id\":\"https:\/\/portalnpm.com\/#\/schema\/person\/image\/\",\"url\":\"https:\/\/portalnpm.com\/wp-content\/uploads\/2024\/12\/avatar_user_8_1733658137-96x96.jpeg\",\"contentUrl\":\"https:\/\/portalnpm.com\/wp-content\/uploads\/2024\/12\/avatar_user_8_1733658137-96x96.jpeg\",\"caption\":\"Zenilton Lima\"},\"url\":\"https:\/\/portalnpm.com\/index.php\/author\/zenilton\/\"}]}<\/script>\n<!-- \/ Yoast SEO plugin. -->","yoast_head_json":{"title":"Homem \u00e9 amarrado em assalto e tem seu auxilio emergencial levado","robots":{"index":"index","follow":"follow","max-snippet":"max-snippet:-1","max-image-preview":"max-image-preview:large","max-video-preview":"max-video-preview:-1"},"canonical":"https:\/\/portalnpm.com\/index.php\/2020\/06\/16\/homem-e-amarrado-em-assalto-e-tem-seu-auxilio-emergencial-levado\/","og_locale":"pt_BR","og_type":"article","og_title":"Homem \u00e9 amarrado em assalto e tem seu auxilio emergencial levado","og_description":"Um homem identificado como Andr\u00e9 de Sousa, da cidade de Matias Ol\u00edmpio, retornava de Esperantina, no sul do Piau\u00ed, no final da manh\u00e3 de domingo ( 14 ) quando foi rendido por uma dupla que saiu armada de dentro de um matagal, na BR\u2013222, na altura da localidade Morada Nova. A v\u00edtima relatou que foi &hellip;","og_url":"https:\/\/portalnpm.com\/index.php\/2020\/06\/16\/homem-e-amarrado-em-assalto-e-tem-seu-auxilio-emergencial-levado\/","og_site_name":"Portal NPM","article_published_time":"2020-06-16T18:14:55+00:00","og_image":[{"width":696,"height":467,"url":"https:\/\/portalnpm.com\/wp-content\/uploads\/2024\/01\/2981b683-be9c-4cb3-a9fe-500bbec907d3-fa751ba5-63cb-4842-abc7-316eed4965fd.jpg","type":"image\/jpeg"}],"author":"Zenilton Lima","twitter_card":"summary_large_image","twitter_misc":{"Escrito por":"Zenilton Lima","Est. tempo de leitura":"1 minuto"},"schema":{"@context":"https:\/\/schema.org","@graph":[{"@type":"WebPage","@id":"https:\/\/portalnpm.com\/index.php\/2020\/06\/16\/homem-e-amarrado-em-assalto-e-tem-seu-auxilio-emergencial-levado\/","url":"https:\/\/portalnpm.com\/index.php\/2020\/06\/16\/homem-e-amarrado-em-assalto-e-tem-seu-auxilio-emergencial-levado\/","name":"Homem \u00e9 amarrado em assalto e tem seu auxilio emergencial levado","isPartOf":{"@id":"https:\/\/portalnpm.com\/#website"},"primaryImageOfPage":{"@id":"https:\/\/portalnpm.com\/index.php\/2020\/06\/16\/homem-e-amarrado-em-assalto-e-tem-seu-auxilio-emergencial-levado\/#primaryimage"},"image":{"@id":"https:\/\/portalnpm.com\/index.php\/2020\/06\/16\/homem-e-amarrado-em-assalto-e-tem-seu-auxilio-emergencial-levado\/#primaryimage"},"thumbnailUrl":"https:\/\/portalnpm.com\/wp-content\/uploads\/2024\/01\/2981b683-be9c-4cb3-a9fe-500bbec907d3-fa751ba5-63cb-4842-abc7-316eed4965fd.jpg","datePublished":"2020-06-16T18:14:55+00:00","dateModified":"2020-06-16T18:14:55+00:00","author":{"@id":"https:\/\/portalnpm.com\/#\/schema\/person\/35cb55186eae3f074b6783da6d35591e"},"breadcrumb":{"@id":"https:\/\/portalnpm.com\/index.php\/2020\/06\/16\/homem-e-amarrado-em-assalto-e-tem-seu-auxilio-emergencial-levado\/#breadcrumb"},"inLanguage":"pt-BR","potentialAction":[{"@type":"ReadAction","target":["https:\/\/portalnpm.com\/index.php\/2020\/06\/16\/homem-e-amarrado-em-assalto-e-tem-seu-auxilio-emergencial-levado\/"]}]},{"@type":"ImageObject","inLanguage":"pt-BR","@id":"https:\/\/portalnpm.com\/index.php\/2020\/06\/16\/homem-e-amarrado-em-assalto-e-tem-seu-auxilio-emergencial-levado\/#primaryimage","url":"https:\/\/portalnpm.com\/wp-content\/uploads\/2024\/01\/2981b683-be9c-4cb3-a9fe-500bbec907d3-fa751ba5-63cb-4842-abc7-316eed4965fd.jpg","contentUrl":"https:\/\/portalnpm.com\/wp-content\/uploads\/2024\/01\/2981b683-be9c-4cb3-a9fe-500bbec907d3-fa751ba5-63cb-4842-abc7-316eed4965fd.jpg","width":696,"height":467},{"@type":"BreadcrumbList","@id":"https:\/\/portalnpm.com\/index.php\/2020\/06\/16\/homem-e-amarrado-em-assalto-e-tem-seu-auxilio-emergencial-levado\/#breadcrumb","itemListElement":[{"@type":"ListItem","position":1,"name":"In\u00edcio","item":"https:\/\/portalnpm.com\/"},{"@type":"ListItem","position":2,"name":"Homem \u00e9 amarrado em assalto e tem seu auxilio emergencial levado"}]},{"@type":"WebSite","@id":"https:\/\/portalnpm.com\/#website","url":"https:\/\/portalnpm.com\/","name":"Portal NPM","description":"Not\u00edcias em Primeira M\u00e3o","potentialAction":[{"@type":"SearchAction","target":{"@type":"EntryPoint","urlTemplate":"https:\/\/portalnpm.com\/?s={search_term_string}"},"query-input":"required name=search_term_string"}],"inLanguage":"pt-BR"},{"@type":"Person","@id":"https:\/\/portalnpm.com\/#\/schema\/person\/35cb55186eae3f074b6783da6d35591e","name":"Zenilton Lima","image":{"@type":"ImageObject","inLanguage":"pt-BR","@id":"https:\/\/portalnpm.com\/#\/schema\/person\/image\/","url":"https:\/\/portalnpm.com\/wp-content\/uploads\/2024\/12\/avatar_user_8_1733658137-96x96.jpeg","contentUrl":"https:\/\/portalnpm.com\/wp-content\/uploads\/2024\/12\/avatar_user_8_1733658137-96x96.jpeg","caption":"Zenilton Lima"},"url":"https:\/\/portalnpm.com\/index.php\/author\/zenilton\/"}]}},"jetpack_sharing_enabled":true,"jetpack_featured_media_url":"https:\/\/portalnpm.com\/wp-content\/uploads\/2024\/01\/2981b683-be9c-4cb3-a9fe-500bbec907d3-fa751ba5-63cb-4842-abc7-316eed4965fd.jpg","_links":{"self":[{"href":"https:\/\/portalnpm.com\/index.php\/wp-json\/wp\/v2\/posts\/53330"}],"collection":[{"href":"https:\/\/portalnpm.com\/index.php\/wp-json\/wp\/v2\/posts"}],"about":[{"href":"https:\/\/portalnpm.com\/index.php\/wp-json\/wp\/v2\/types\/post"}],"author":[{"embeddable":true,"href":"https:\/\/portalnpm.com\/index.php\/wp-json\/wp\/v2\/users\/8"}],"replies":[{"embeddable":true,"href":"https:\/\/portalnpm.com\/index.php\/wp-json\/wp\/v2\/comments?post=53330"}],"version-history":[{"count":0,"href":"https:\/\/portalnpm.com\/index.php\/wp-json\/wp\/v2\/posts\/53330\/revisions"}],"wp:featuredmedia":[{"embeddable":true,"href":"https:\/\/portalnpm.com\/index.php\/wp-json\/wp\/v2\/media\/53331"}],"wp:attachment":[{"href":"https:\/\/portalnpm.com\/index.php\/wp-json\/wp\/v2\/media?parent=53330"}],"wp:term":[{"taxonomy":"category","embeddable":true,"href":"https:\/\/portalnpm.com\/index.php\/wp-json\/wp\/v2\/categories?post=53330"},{"taxonomy":"post_tag","embeddable":true,"href":"https:\/\/portalnpm.com\/index.php\/wp-json\/wp\/v2\/tags?post=53330"}],"curies":[{"name":"wp","href":"https:\/\/api.w.org\/{rel}","templated":true}]}}