{"id":5334,"date":"2019-01-29T10:54:39","date_gmt":"2019-01-29T12:54:39","guid":{"rendered":"http:\/\/srv.portalnpm.com.br\/?p=5334"},"modified":"2019-01-29T10:54:39","modified_gmt":"2019-01-29T12:54:39","slug":"mae-e-presa-apos-queimar-o-filho-com-ferro-quente-no-ma","status":"publish","type":"post","link":"https:\/\/portalnpm.com\/index.php\/2019\/01\/29\/mae-e-presa-apos-queimar-o-filho-com-ferro-quente-no-ma\/","title":{"rendered":"M\u00e3e \u00e9 presa ap\u00f3s queimar o filho com ferro quente no MA"},"content":{"rendered":"<p style=\"text-align: justify;\"><span style=\"color: #808080;\">Um m\u00e3e, que n\u00e3o teve a sua identidade revelada, foi presa no final de semana na cidade de Mon\u00e7\u00e3o, a 244 km de S\u00e3o Lu\u00eds, ap\u00f3s queimar o seu pr\u00f3prio filho, um adolescente de apenas 16 anos, com um ferro quente.<\/span><\/p>\n<p style=\"text-align: justify;\">Segundo informa\u00e7\u00f5es da pol\u00edcia, o Conselho Tutelar de Mon\u00e7\u00e3o decidiu denunciar o caso que ocorreu no Povoado Santa Rita, na zona rural de Mon\u00e7\u00e3o, e ap\u00f3s constatar a veracidade dos fatos os policiais prenderam a m\u00e3e de 52 anos.<\/p>\n<p style=\"text-align: justify;\">De acordo com os policiais, a m\u00e3e do adolescente havia marcado o seu filho com um tipo de ferro que \u00e9 conhecido por ser muito utilizado para marcar o gado. Durante o seu depoimento, a m\u00e3e confessou que cometeu os maus tratos porque o adolescente havia furtado um pendrive dela. Ela acrescentou que ele usaria o dinheiro da venda do pendrive para pagar uma tatuagem nas costas dele.<\/p>\n<p style=\"text-align: justify;\">Com raiva, ela decidiu queimar as costas do seu filho, que ainda foi agredido fisicamente pela m\u00e3e. O caso j\u00e1 foi entregue para o Conselho Tutelar que deve encaminhar para o Juizado da Inf\u00e2ncia e Juventude, onde ser\u00e1 resolvido.<\/p>\n<p style=\"text-align: justify;\"><strong>Fonte:\u00a0G1<\/strong><\/p>\n","protected":false},"excerpt":{"rendered":"<p>Um m\u00e3e, que n\u00e3o teve a sua identidade revelada, foi presa no final de semana na cidade de Mon\u00e7\u00e3o, a 244 km de S\u00e3o Lu\u00eds, ap\u00f3s queimar o seu pr\u00f3prio filho, um adolescente de apenas 16 anos, com um ferro quente. Segundo informa\u00e7\u00f5es da pol\u00edcia, o Conselho Tutelar de Mon\u00e7\u00e3o decidiu denunciar o caso que &hellip;<\/p>\n","protected":false},"author":3,"featured_media":5336,"comment_status":"open","ping_status":"open","sticky":false,"template":"","format":"standard","meta":{"content-type":"","rop_custom_images_group":[],"rop_custom_messages_group":[],"rop_publish_now":"initial","rop_publish_now_accounts":{"facebook_2648258775420054_1618374048415101":""},"rop_publish_now_history":[],"rop_publish_now_status":"pending","footnotes":"","_jetpack_memberships_contains_paid_content":false},"categories":[113,125],"tags":[2120,2073,2121],"yoast_head":"<!-- This site is optimized with the Yoast SEO plugin v22.3 - https:\/\/yoast.com\/wordpress\/plugins\/seo\/ -->\n<title>M\u00e3e \u00e9 presa ap\u00f3s queimar o filho com ferro quente no MA - Portal NPM<\/title>\n<meta name=\"robots\" content=\"index, follow, max-snippet:-1, max-image-preview:large, max-video-preview:-1\" \/>\n<link rel=\"canonical\" href=\"https:\/\/portalnpm.com\/index.php\/2019\/01\/29\/mae-e-presa-apos-queimar-o-filho-com-ferro-quente-no-ma\/\" \/>\n<meta property=\"og:locale\" content=\"pt_BR\" \/>\n<meta property=\"og:type\" content=\"article\" \/>\n<meta property=\"og:title\" content=\"M\u00e3e \u00e9 presa ap\u00f3s queimar o filho com ferro quente no MA - Portal NPM\" \/>\n<meta property=\"og:description\" content=\"Um m\u00e3e, que n\u00e3o teve a sua identidade revelada, foi presa no final de semana na cidade de Mon\u00e7\u00e3o, a 244 km de S\u00e3o Lu\u00eds, ap\u00f3s queimar o seu pr\u00f3prio filho, um adolescente de apenas 16 anos, com um ferro quente. Segundo informa\u00e7\u00f5es da pol\u00edcia, o Conselho Tutelar de Mon\u00e7\u00e3o decidiu denunciar o caso que &hellip;\" \/>\n<meta property=\"og:url\" content=\"https:\/\/portalnpm.com\/index.php\/2019\/01\/29\/mae-e-presa-apos-queimar-o-filho-com-ferro-quente-no-ma\/\" \/>\n<meta property=\"og:site_name\" content=\"Portal NPM\" \/>\n<meta property=\"article:published_time\" content=\"2019-01-29T12:54:39+00:00\" \/>\n<meta name=\"author\" content=\"Luis Alberto\" \/>\n<meta name=\"twitter:card\" content=\"summary_large_image\" \/>\n<meta name=\"twitter:label1\" content=\"Escrito por\" \/>\n\t<meta name=\"twitter:data1\" content=\"Luis Alberto\" \/>\n\t<meta name=\"twitter:label2\" content=\"Est. tempo de leitura\" \/>\n\t<meta name=\"twitter:data2\" content=\"1 minuto\" \/>\n<script type=\"application\/ld+json\" class=\"yoast-schema-graph\">{\"@context\":\"https:\/\/schema.org\",\"@graph\":[{\"@type\":\"WebPage\",\"@id\":\"https:\/\/portalnpm.com\/index.php\/2019\/01\/29\/mae-e-presa-apos-queimar-o-filho-com-ferro-quente-no-ma\/\",\"url\":\"https:\/\/portalnpm.com\/index.php\/2019\/01\/29\/mae-e-presa-apos-queimar-o-filho-com-ferro-quente-no-ma\/\",\"name\":\"M\u00e3e \u00e9 presa ap\u00f3s queimar o filho com ferro quente no MA - Portal NPM\",\"isPartOf\":{\"@id\":\"https:\/\/portalnpm.com\/#website\"},\"primaryImageOfPage\":{\"@id\":\"https:\/\/portalnpm.com\/index.php\/2019\/01\/29\/mae-e-presa-apos-queimar-o-filho-com-ferro-quente-no-ma\/#primaryimage\"},\"image\":{\"@id\":\"https:\/\/portalnpm.com\/index.php\/2019\/01\/29\/mae-e-presa-apos-queimar-o-filho-com-ferro-quente-no-ma\/#primaryimage\"},\"thumbnailUrl\":\"\",\"datePublished\":\"2019-01-29T12:54:39+00:00\",\"dateModified\":\"2019-01-29T12:54:39+00:00\",\"author\":{\"@id\":\"https:\/\/portalnpm.com\/#\/schema\/person\/5c8006acdf71774cd4e7a5ab98482152\"},\"breadcrumb\":{\"@id\":\"https:\/\/portalnpm.com\/index.php\/2019\/01\/29\/mae-e-presa-apos-queimar-o-filho-com-ferro-quente-no-ma\/#breadcrumb\"},\"inLanguage\":\"pt-BR\",\"potentialAction\":[{\"@type\":\"ReadAction\",\"target\":[\"https:\/\/portalnpm.com\/index.php\/2019\/01\/29\/mae-e-presa-apos-queimar-o-filho-com-ferro-quente-no-ma\/\"]}]},{\"@type\":\"ImageObject\",\"inLanguage\":\"pt-BR\",\"@id\":\"https:\/\/portalnpm.com\/index.php\/2019\/01\/29\/mae-e-presa-apos-queimar-o-filho-com-ferro-quente-no-ma\/#primaryimage\",\"url\":\"\",\"contentUrl\":\"\"},{\"@type\":\"BreadcrumbList\",\"@id\":\"https:\/\/portalnpm.com\/index.php\/2019\/01\/29\/mae-e-presa-apos-queimar-o-filho-com-ferro-quente-no-ma\/#breadcrumb\",\"itemListElement\":[{\"@type\":\"ListItem\",\"position\":1,\"name\":\"In\u00edcio\",\"item\":\"https:\/\/portalnpm.com\/\"},{\"@type\":\"ListItem\",\"position\":2,\"name\":\"M\u00e3e \u00e9 presa ap\u00f3s queimar o filho com ferro quente no MA\"}]},{\"@type\":\"WebSite\",\"@id\":\"https:\/\/portalnpm.com\/#website\",\"url\":\"https:\/\/portalnpm.com\/\",\"name\":\"Portal NPM\",\"description\":\"Not\u00edcias em Primeira M\u00e3o\",\"potentialAction\":[{\"@type\":\"SearchAction\",\"target\":{\"@type\":\"EntryPoint\",\"urlTemplate\":\"https:\/\/portalnpm.com\/?s={search_term_string}\"},\"query-input\":\"required name=search_term_string\"}],\"inLanguage\":\"pt-BR\"},{\"@type\":\"Person\",\"@id\":\"https:\/\/portalnpm.com\/#\/schema\/person\/5c8006acdf71774cd4e7a5ab98482152\",\"name\":\"Luis Alberto\",\"image\":{\"@type\":\"ImageObject\",\"inLanguage\":\"pt-BR\",\"@id\":\"https:\/\/portalnpm.com\/#\/schema\/person\/image\/\",\"url\":\"https:\/\/portalnpm.com\/wp-content\/uploads\/2024\/12\/avatar_user_3_1734699769-96x96.jpeg\",\"contentUrl\":\"https:\/\/portalnpm.com\/wp-content\/uploads\/2024\/12\/avatar_user_3_1734699769-96x96.jpeg\",\"caption\":\"Luis Alberto\"},\"description\":\"Editor-geral do Portal NPM, \u00e9 formado como T\u00e9cnico em Seguran\u00e7a do Trabalho pela Escola Metropolitana de Cursos T\u00e9cnicos. Det\u00e9m ainda licenciatura em Educa\u00e7\u00e3o F\u00edsica e bacharelado em Ci\u00eancias Pol\u00edticas, ambos obtidos pela institui\u00e7\u00e3o Anhanguera\/UNOPAR.\",\"url\":\"https:\/\/portalnpm.com\/index.php\/author\/pereira\/\"}]}<\/script>\n<!-- \/ Yoast SEO plugin. -->","yoast_head_json":{"title":"M\u00e3e \u00e9 presa ap\u00f3s queimar o filho com ferro quente no MA - Portal NPM","robots":{"index":"index","follow":"follow","max-snippet":"max-snippet:-1","max-image-preview":"max-image-preview:large","max-video-preview":"max-video-preview:-1"},"canonical":"https:\/\/portalnpm.com\/index.php\/2019\/01\/29\/mae-e-presa-apos-queimar-o-filho-com-ferro-quente-no-ma\/","og_locale":"pt_BR","og_type":"article","og_title":"M\u00e3e \u00e9 presa ap\u00f3s queimar o filho com ferro quente no MA - Portal NPM","og_description":"Um m\u00e3e, que n\u00e3o teve a sua identidade revelada, foi presa no final de semana na cidade de Mon\u00e7\u00e3o, a 244 km de S\u00e3o Lu\u00eds, ap\u00f3s queimar o seu pr\u00f3prio filho, um adolescente de apenas 16 anos, com um ferro quente. Segundo informa\u00e7\u00f5es da pol\u00edcia, o Conselho Tutelar de Mon\u00e7\u00e3o decidiu denunciar o caso que &hellip;","og_url":"https:\/\/portalnpm.com\/index.php\/2019\/01\/29\/mae-e-presa-apos-queimar-o-filho-com-ferro-quente-no-ma\/","og_site_name":"Portal NPM","article_published_time":"2019-01-29T12:54:39+00:00","author":"Luis Alberto","twitter_card":"summary_large_image","twitter_misc":{"Escrito por":"Luis Alberto","Est. tempo de leitura":"1 minuto"},"schema":{"@context":"https:\/\/schema.org","@graph":[{"@type":"WebPage","@id":"https:\/\/portalnpm.com\/index.php\/2019\/01\/29\/mae-e-presa-apos-queimar-o-filho-com-ferro-quente-no-ma\/","url":"https:\/\/portalnpm.com\/index.php\/2019\/01\/29\/mae-e-presa-apos-queimar-o-filho-com-ferro-quente-no-ma\/","name":"M\u00e3e \u00e9 presa ap\u00f3s queimar o filho com ferro quente no MA - Portal NPM","isPartOf":{"@id":"https:\/\/portalnpm.com\/#website"},"primaryImageOfPage":{"@id":"https:\/\/portalnpm.com\/index.php\/2019\/01\/29\/mae-e-presa-apos-queimar-o-filho-com-ferro-quente-no-ma\/#primaryimage"},"image":{"@id":"https:\/\/portalnpm.com\/index.php\/2019\/01\/29\/mae-e-presa-apos-queimar-o-filho-com-ferro-quente-no-ma\/#primaryimage"},"thumbnailUrl":"","datePublished":"2019-01-29T12:54:39+00:00","dateModified":"2019-01-29T12:54:39+00:00","author":{"@id":"https:\/\/portalnpm.com\/#\/schema\/person\/5c8006acdf71774cd4e7a5ab98482152"},"breadcrumb":{"@id":"https:\/\/portalnpm.com\/index.php\/2019\/01\/29\/mae-e-presa-apos-queimar-o-filho-com-ferro-quente-no-ma\/#breadcrumb"},"inLanguage":"pt-BR","potentialAction":[{"@type":"ReadAction","target":["https:\/\/portalnpm.com\/index.php\/2019\/01\/29\/mae-e-presa-apos-queimar-o-filho-com-ferro-quente-no-ma\/"]}]},{"@type":"ImageObject","inLanguage":"pt-BR","@id":"https:\/\/portalnpm.com\/index.php\/2019\/01\/29\/mae-e-presa-apos-queimar-o-filho-com-ferro-quente-no-ma\/#primaryimage","url":"","contentUrl":""},{"@type":"BreadcrumbList","@id":"https:\/\/portalnpm.com\/index.php\/2019\/01\/29\/mae-e-presa-apos-queimar-o-filho-com-ferro-quente-no-ma\/#breadcrumb","itemListElement":[{"@type":"ListItem","position":1,"name":"In\u00edcio","item":"https:\/\/portalnpm.com\/"},{"@type":"ListItem","position":2,"name":"M\u00e3e \u00e9 presa ap\u00f3s queimar o filho com ferro quente no MA"}]},{"@type":"WebSite","@id":"https:\/\/portalnpm.com\/#website","url":"https:\/\/portalnpm.com\/","name":"Portal NPM","description":"Not\u00edcias em Primeira M\u00e3o","potentialAction":[{"@type":"SearchAction","target":{"@type":"EntryPoint","urlTemplate":"https:\/\/portalnpm.com\/?s={search_term_string}"},"query-input":"required name=search_term_string"}],"inLanguage":"pt-BR"},{"@type":"Person","@id":"https:\/\/portalnpm.com\/#\/schema\/person\/5c8006acdf71774cd4e7a5ab98482152","name":"Luis Alberto","image":{"@type":"ImageObject","inLanguage":"pt-BR","@id":"https:\/\/portalnpm.com\/#\/schema\/person\/image\/","url":"https:\/\/portalnpm.com\/wp-content\/uploads\/2024\/12\/avatar_user_3_1734699769-96x96.jpeg","contentUrl":"https:\/\/portalnpm.com\/wp-content\/uploads\/2024\/12\/avatar_user_3_1734699769-96x96.jpeg","caption":"Luis Alberto"},"description":"Editor-geral do Portal NPM, \u00e9 formado como T\u00e9cnico em Seguran\u00e7a do Trabalho pela Escola Metropolitana de Cursos T\u00e9cnicos. Det\u00e9m ainda licenciatura em Educa\u00e7\u00e3o F\u00edsica e bacharelado em Ci\u00eancias Pol\u00edticas, ambos obtidos pela institui\u00e7\u00e3o Anhanguera\/UNOPAR.","url":"https:\/\/portalnpm.com\/index.php\/author\/pereira\/"}]}},"jetpack_sharing_enabled":true,"jetpack_featured_media_url":"","_links":{"self":[{"href":"https:\/\/portalnpm.com\/index.php\/wp-json\/wp\/v2\/posts\/5334"}],"collection":[{"href":"https:\/\/portalnpm.com\/index.php\/wp-json\/wp\/v2\/posts"}],"about":[{"href":"https:\/\/portalnpm.com\/index.php\/wp-json\/wp\/v2\/types\/post"}],"author":[{"embeddable":true,"href":"https:\/\/portalnpm.com\/index.php\/wp-json\/wp\/v2\/users\/3"}],"replies":[{"embeddable":true,"href":"https:\/\/portalnpm.com\/index.php\/wp-json\/wp\/v2\/comments?post=5334"}],"version-history":[{"count":0,"href":"https:\/\/portalnpm.com\/index.php\/wp-json\/wp\/v2\/posts\/5334\/revisions"}],"wp:featuredmedia":[{"embeddable":true,"href":"https:\/\/portalnpm.com\/index.php\/wp-json\/"}],"wp:attachment":[{"href":"https:\/\/portalnpm.com\/index.php\/wp-json\/wp\/v2\/media?parent=5334"}],"wp:term":[{"taxonomy":"category","embeddable":true,"href":"https:\/\/portalnpm.com\/index.php\/wp-json\/wp\/v2\/categories?post=5334"},{"taxonomy":"post_tag","embeddable":true,"href":"https:\/\/portalnpm.com\/index.php\/wp-json\/wp\/v2\/tags?post=5334"}],"curies":[{"name":"wp","href":"https:\/\/api.w.org\/{rel}","templated":true}]}}