{"id":53446,"date":"2020-06-17T18:48:54","date_gmt":"2020-06-17T21:48:54","guid":{"rendered":"https:\/\/portalnpm.com\/index.php\/2020\/06\/17\/carioca-confirma-datas-e-horarios-de-retorno-com-flamengo-sem-tv-botafogo-e-fluminense-na-segunda\/"},"modified":"2020-06-17T18:48:54","modified_gmt":"2020-06-17T21:48:54","slug":"carioca-confirma-datas-e-horarios-de-retorno-com-flamengo-sem-tv-botafogo-e-fluminense-na-segunda","status":"publish","type":"post","link":"https:\/\/portalnpm.com\/index.php\/2020\/06\/17\/carioca-confirma-datas-e-horarios-de-retorno-com-flamengo-sem-tv-botafogo-e-fluminense-na-segunda\/","title":{"rendered":"Carioca confirma datas e hor\u00e1rios de retorno com Flamengo sem TV, Botafogo e Fluminense na segunda"},"content":{"rendered":"<p style=\"text-align: justify;\">A Federa\u00e7\u00e3o de Futebol do Estado do Rio de Janeiro (FERJ) confirmou, nesta quarta-feira, as datas e hor\u00e1rios para a retomada do Campeonato Carioca, depois de mais uma reuni\u00e3o de seu Conselho Arbitral na ter\u00e7a. O retorno ser\u00e1 com Bangu x Flamengo, nesta quinta, no Maracan\u00e3.<\/p>\n<p style=\"text-align: justify;\">\n<p style=\"text-align: justify;\">A partida, que marca o retorno do futebol brasileiro depois de tr\u00eas meses de paralisa\u00e7\u00e3o, acontecer\u00e1 de port\u00f5es fechados, \u00e0s 21h. Ser\u00e1 o \u00fanico jogo desta quinta-feira. Na sexta, jogar\u00e3o Portuguesa e Boavista, no est\u00e1dio Luso Brasileiro, \u00e0s 15h30.<\/p>\n<p style=\"text-align: justify;\">No domingo, mais duas partidas, com o Vasco em campo \u00e0s 16h, contra o Maca\u00e9, em S\u00e3o Janu\u00e1rio. Madureira e Resende se enfrentar\u00e3o as 15h45 no Conselheiro Galv\u00e3o.<\/p>\n<p style=\"text-align: justify;\">Botafogo e Fluminense, dois clubes contr\u00e1rios ao retorno do Estadual agora, t\u00eam jogos marcados j\u00e1 para a pr\u00f3xima semana, na segunda. As equipes sinalizaram que entrar\u00e3o na Justi\u00e7a contra o retorno e gostariam de entrar em campo novamente apenas em julho.<\/p>\n<p style=\"text-align: justify;\">Na ter\u00e7a, inclusive, o prefeito do Rio de Janeiro, Marcelo Crivella, ao anunciar as medidas que liberam a realiza\u00e7\u00e3o de eventos esportivos sem a presen\u00e7a de p\u00fablico na cidade, pediu que a Ferj compreendesse a posi\u00e7\u00e3o dos clubes e que eles s\u00f3 jogassem no pr\u00f3ximo m\u00eas.<\/p>\n<p style=\"text-align: justify;\">N\u00e3o houve, contudo, acordo nesse sentido no encontro do Arbitral na \u00faltima noite. Assim, Botafogo x Cabofriense est\u00e1 marcado para 17h30 de segunda, no Nilton Santos; enquanto Fluminense x Volta Redonda, para 20h, no Maracan\u00e3.<\/p>\n<p style=\"text-align: justify;\">O Flu se manifestou logo ap\u00f3s a confirma\u00e7\u00e3o do rein\u00edcio e chamou de &#8220;injustific\u00e1vel decis\u00e3o do arbitral da Ferj de retorno imediato do campeonato, em meio a riscos ainda elevados de contamina\u00e7\u00e3o de atletas, funcion\u00e1rios e torcedores. Seguimos aguardando o bom senso da FERJ na remarca\u00e7\u00e3o das datas, e essa \u00e9 nossa esperan\u00e7a. Mas reafirmamos que ainda n\u00e3o \u00e9 a hora de voltar aos campos&#8221;.<\/p>\n<p style=\"text-align: justify;\">Flamengo fora da TV \u2013 Como n\u00e3o chegou a acordo com a Globo, o Flamengo seguir\u00e1 com seus jogos fora da televis\u00e3o, como acontecia antes da interrup\u00e7\u00e3o pela pandemia do novo coronav\u00edrus. As partes mantiveram as negocia\u00e7\u00f5es, mas ainda sem um denominador comum.<\/p>\n<p style=\"text-align: justify;\">Na \u00faltima aproxima\u00e7\u00e3o, como noticiou o ESPN.com.br na ter\u00e7a-feira, o clube rubro-negro tentou conseguir fazer suas transmiss\u00f5es na FlaTV, algo recha\u00e7ado pela emissora.<\/p>\n<p style=\"text-align: justify;\"><strong>Veja as datas confirmadas para a volta do Carioca:<\/strong><\/p>\n<p style=\"text-align: justify;\"><em>18\/junho, quinta-feira 21h &#8211; Bangu x Flamengo &#8211; Maracan\u00e3<\/em><\/p>\n<p style=\"text-align: justify;\"><em>19\/junho, sexta-feira 15h30 &#8211; Portuguesa x Boavista &#8211; Luso Brasileiro<\/em><\/p>\n<p style=\"text-align: justify;\"><em>21\/junho, domingo 15h45 &#8211; Madureira x Resende &#8211; Conselheiro Galv\u00e3o \/ 16h &#8211; Vasco x Maca\u00e9 &#8211; S\u00e3o Janu\u00e1rio<\/em><\/p>\n<p style=\"text-align: justify;\"><em>22\/junho, segunda-feira 17h30 &#8211; Botafogo x Cabofriense &#8211; Nilton Santos \/ 20h &#8211; Fluminense x Volta Redonda \u2013 Maracan\u00e3<\/em><\/p>\n<p style=\"text-align: justify;\">Fonte: Espn<\/p>\n","protected":false},"excerpt":{"rendered":"<p>A Federa\u00e7\u00e3o de Futebol do Estado do Rio de Janeiro (FERJ) confirmou, nesta quarta-feira, as datas e hor\u00e1rios para a retomada do Campeonato Carioca, depois de mais uma reuni\u00e3o de seu Conselho Arbitral na ter\u00e7a. O retorno ser\u00e1 com Bangu x Flamengo, nesta quinta, no Maracan\u00e3. A partida, que marca o retorno do futebol brasileiro &hellip;<\/p>\n","protected":false},"author":2,"featured_media":53447,"comment_status":"open","ping_status":"open","sticky":false,"template":"","format":"standard","meta":{"content-type":"","rop_custom_images_group":[],"rop_custom_messages_group":[],"rop_publish_now":"initial","rop_publish_now_accounts":{"facebook_2648258775420054_1618374048415101":""},"rop_publish_now_history":[],"rop_publish_now_status":"pending","footnotes":"","_jetpack_memberships_contains_paid_content":false},"categories":[108],"tags":[4675,864,3133],"yoast_head":"<!-- This site is optimized with the Yoast SEO plugin v22.3 - https:\/\/yoast.com\/wordpress\/plugins\/seo\/ -->\n<title>Carioca confirma datas e hor\u00e1rios de retorno com Flamengo sem TV, Botafogo e Fluminense na segunda<\/title>\n<meta name=\"robots\" content=\"index, follow, max-snippet:-1, max-image-preview:large, max-video-preview:-1\" \/>\n<link rel=\"canonical\" href=\"https:\/\/portalnpm.com\/index.php\/2020\/06\/17\/carioca-confirma-datas-e-horarios-de-retorno-com-flamengo-sem-tv-botafogo-e-fluminense-na-segunda\/\" \/>\n<meta property=\"og:locale\" content=\"pt_BR\" \/>\n<meta property=\"og:type\" content=\"article\" \/>\n<meta property=\"og:title\" content=\"Carioca confirma datas e hor\u00e1rios de retorno com Flamengo sem TV, Botafogo e Fluminense na segunda\" \/>\n<meta property=\"og:description\" content=\"A Federa\u00e7\u00e3o de Futebol do Estado do Rio de Janeiro (FERJ) confirmou, nesta quarta-feira, as datas e hor\u00e1rios para a retomada do Campeonato Carioca, depois de mais uma reuni\u00e3o de seu Conselho Arbitral na ter\u00e7a. O retorno ser\u00e1 com Bangu x Flamengo, nesta quinta, no Maracan\u00e3. A partida, que marca o retorno do futebol brasileiro &hellip;\" \/>\n<meta property=\"og:url\" content=\"https:\/\/portalnpm.com\/index.php\/2020\/06\/17\/carioca-confirma-datas-e-horarios-de-retorno-com-flamengo-sem-tv-botafogo-e-fluminense-na-segunda\/\" \/>\n<meta property=\"og:site_name\" content=\"Portal NPM\" \/>\n<meta property=\"article:published_time\" content=\"2020-06-17T21:48:54+00:00\" \/>\n<meta property=\"og:image\" content=\"https:\/\/portalnpm.com\/wp-content\/uploads\/2024\/01\/i-2.jpeg\" \/>\n\t<meta property=\"og:image:width\" content=\"750\" \/>\n\t<meta property=\"og:image:height\" content=\"422\" \/>\n\t<meta property=\"og:image:type\" content=\"image\/jpeg\" \/>\n<meta name=\"author\" content=\"Genival Barbosa\" \/>\n<meta name=\"twitter:card\" content=\"summary_large_image\" \/>\n<meta name=\"twitter:label1\" content=\"Escrito por\" \/>\n\t<meta name=\"twitter:data1\" content=\"Genival Barbosa\" \/>\n\t<meta name=\"twitter:label2\" content=\"Est. tempo de leitura\" \/>\n\t<meta name=\"twitter:data2\" content=\"2 minutos\" \/>\n<script type=\"application\/ld+json\" class=\"yoast-schema-graph\">{\"@context\":\"https:\/\/schema.org\",\"@graph\":[{\"@type\":\"WebPage\",\"@id\":\"https:\/\/portalnpm.com\/index.php\/2020\/06\/17\/carioca-confirma-datas-e-horarios-de-retorno-com-flamengo-sem-tv-botafogo-e-fluminense-na-segunda\/\",\"url\":\"https:\/\/portalnpm.com\/index.php\/2020\/06\/17\/carioca-confirma-datas-e-horarios-de-retorno-com-flamengo-sem-tv-botafogo-e-fluminense-na-segunda\/\",\"name\":\"Carioca confirma datas e hor\u00e1rios de retorno com Flamengo sem TV, Botafogo e Fluminense na segunda\",\"isPartOf\":{\"@id\":\"https:\/\/portalnpm.com\/#website\"},\"primaryImageOfPage\":{\"@id\":\"https:\/\/portalnpm.com\/index.php\/2020\/06\/17\/carioca-confirma-datas-e-horarios-de-retorno-com-flamengo-sem-tv-botafogo-e-fluminense-na-segunda\/#primaryimage\"},\"image\":{\"@id\":\"https:\/\/portalnpm.com\/index.php\/2020\/06\/17\/carioca-confirma-datas-e-horarios-de-retorno-com-flamengo-sem-tv-botafogo-e-fluminense-na-segunda\/#primaryimage\"},\"thumbnailUrl\":\"https:\/\/portalnpm.com\/wp-content\/uploads\/2024\/01\/i-2.jpeg\",\"datePublished\":\"2020-06-17T21:48:54+00:00\",\"dateModified\":\"2020-06-17T21:48:54+00:00\",\"author\":{\"@id\":\"https:\/\/portalnpm.com\/#\/schema\/person\/49313e563cfdefcc167f1ee4c017c294\"},\"breadcrumb\":{\"@id\":\"https:\/\/portalnpm.com\/index.php\/2020\/06\/17\/carioca-confirma-datas-e-horarios-de-retorno-com-flamengo-sem-tv-botafogo-e-fluminense-na-segunda\/#breadcrumb\"},\"inLanguage\":\"pt-BR\",\"potentialAction\":[{\"@type\":\"ReadAction\",\"target\":[\"https:\/\/portalnpm.com\/index.php\/2020\/06\/17\/carioca-confirma-datas-e-horarios-de-retorno-com-flamengo-sem-tv-botafogo-e-fluminense-na-segunda\/\"]}]},{\"@type\":\"ImageObject\",\"inLanguage\":\"pt-BR\",\"@id\":\"https:\/\/portalnpm.com\/index.php\/2020\/06\/17\/carioca-confirma-datas-e-horarios-de-retorno-com-flamengo-sem-tv-botafogo-e-fluminense-na-segunda\/#primaryimage\",\"url\":\"https:\/\/portalnpm.com\/wp-content\/uploads\/2024\/01\/i-2.jpeg\",\"contentUrl\":\"https:\/\/portalnpm.com\/wp-content\/uploads\/2024\/01\/i-2.jpeg\",\"width\":750,\"height\":422},{\"@type\":\"BreadcrumbList\",\"@id\":\"https:\/\/portalnpm.com\/index.php\/2020\/06\/17\/carioca-confirma-datas-e-horarios-de-retorno-com-flamengo-sem-tv-botafogo-e-fluminense-na-segunda\/#breadcrumb\",\"itemListElement\":[{\"@type\":\"ListItem\",\"position\":1,\"name\":\"In\u00edcio\",\"item\":\"https:\/\/portalnpm.com\/\"},{\"@type\":\"ListItem\",\"position\":2,\"name\":\"Carioca confirma datas e hor\u00e1rios de retorno com Flamengo sem TV, Botafogo e Fluminense na segunda\"}]},{\"@type\":\"WebSite\",\"@id\":\"https:\/\/portalnpm.com\/#website\",\"url\":\"https:\/\/portalnpm.com\/\",\"name\":\"Portal NPM\",\"description\":\"Not\u00edcias em Primeira M\u00e3o\",\"potentialAction\":[{\"@type\":\"SearchAction\",\"target\":{\"@type\":\"EntryPoint\",\"urlTemplate\":\"https:\/\/portalnpm.com\/?s={search_term_string}\"},\"query-input\":\"required name=search_term_string\"}],\"inLanguage\":\"pt-BR\"},{\"@type\":\"Person\",\"@id\":\"https:\/\/portalnpm.com\/#\/schema\/person\/49313e563cfdefcc167f1ee4c017c294\",\"name\":\"Genival Barbosa\",\"image\":{\"@type\":\"ImageObject\",\"inLanguage\":\"pt-BR\",\"@id\":\"https:\/\/portalnpm.com\/#\/schema\/person\/image\/\",\"url\":\"https:\/\/portalnpm.com\/wp-content\/uploads\/2024\/02\/avatar_user_2_1707743258-96x96.jpeg\",\"contentUrl\":\"https:\/\/portalnpm.com\/wp-content\/uploads\/2024\/02\/avatar_user_2_1707743258-96x96.jpeg\",\"caption\":\"Genival Barbosa\"},\"url\":\"https:\/\/portalnpm.com\/index.php\/author\/genival\/\"}]}<\/script>\n<!-- \/ Yoast SEO plugin. -->","yoast_head_json":{"title":"Carioca confirma datas e hor\u00e1rios de retorno com Flamengo sem TV, Botafogo e Fluminense na segunda","robots":{"index":"index","follow":"follow","max-snippet":"max-snippet:-1","max-image-preview":"max-image-preview:large","max-video-preview":"max-video-preview:-1"},"canonical":"https:\/\/portalnpm.com\/index.php\/2020\/06\/17\/carioca-confirma-datas-e-horarios-de-retorno-com-flamengo-sem-tv-botafogo-e-fluminense-na-segunda\/","og_locale":"pt_BR","og_type":"article","og_title":"Carioca confirma datas e hor\u00e1rios de retorno com Flamengo sem TV, Botafogo e Fluminense na segunda","og_description":"A Federa\u00e7\u00e3o de Futebol do Estado do Rio de Janeiro (FERJ) confirmou, nesta quarta-feira, as datas e hor\u00e1rios para a retomada do Campeonato Carioca, depois de mais uma reuni\u00e3o de seu Conselho Arbitral na ter\u00e7a. O retorno ser\u00e1 com Bangu x Flamengo, nesta quinta, no Maracan\u00e3. A partida, que marca o retorno do futebol brasileiro &hellip;","og_url":"https:\/\/portalnpm.com\/index.php\/2020\/06\/17\/carioca-confirma-datas-e-horarios-de-retorno-com-flamengo-sem-tv-botafogo-e-fluminense-na-segunda\/","og_site_name":"Portal NPM","article_published_time":"2020-06-17T21:48:54+00:00","og_image":[{"width":750,"height":422,"url":"https:\/\/portalnpm.com\/wp-content\/uploads\/2024\/01\/i-2.jpeg","type":"image\/jpeg"}],"author":"Genival Barbosa","twitter_card":"summary_large_image","twitter_misc":{"Escrito por":"Genival Barbosa","Est. tempo de leitura":"2 minutos"},"schema":{"@context":"https:\/\/schema.org","@graph":[{"@type":"WebPage","@id":"https:\/\/portalnpm.com\/index.php\/2020\/06\/17\/carioca-confirma-datas-e-horarios-de-retorno-com-flamengo-sem-tv-botafogo-e-fluminense-na-segunda\/","url":"https:\/\/portalnpm.com\/index.php\/2020\/06\/17\/carioca-confirma-datas-e-horarios-de-retorno-com-flamengo-sem-tv-botafogo-e-fluminense-na-segunda\/","name":"Carioca confirma datas e hor\u00e1rios de retorno com Flamengo sem TV, Botafogo e Fluminense na segunda","isPartOf":{"@id":"https:\/\/portalnpm.com\/#website"},"primaryImageOfPage":{"@id":"https:\/\/portalnpm.com\/index.php\/2020\/06\/17\/carioca-confirma-datas-e-horarios-de-retorno-com-flamengo-sem-tv-botafogo-e-fluminense-na-segunda\/#primaryimage"},"image":{"@id":"https:\/\/portalnpm.com\/index.php\/2020\/06\/17\/carioca-confirma-datas-e-horarios-de-retorno-com-flamengo-sem-tv-botafogo-e-fluminense-na-segunda\/#primaryimage"},"thumbnailUrl":"https:\/\/portalnpm.com\/wp-content\/uploads\/2024\/01\/i-2.jpeg","datePublished":"2020-06-17T21:48:54+00:00","dateModified":"2020-06-17T21:48:54+00:00","author":{"@id":"https:\/\/portalnpm.com\/#\/schema\/person\/49313e563cfdefcc167f1ee4c017c294"},"breadcrumb":{"@id":"https:\/\/portalnpm.com\/index.php\/2020\/06\/17\/carioca-confirma-datas-e-horarios-de-retorno-com-flamengo-sem-tv-botafogo-e-fluminense-na-segunda\/#breadcrumb"},"inLanguage":"pt-BR","potentialAction":[{"@type":"ReadAction","target":["https:\/\/portalnpm.com\/index.php\/2020\/06\/17\/carioca-confirma-datas-e-horarios-de-retorno-com-flamengo-sem-tv-botafogo-e-fluminense-na-segunda\/"]}]},{"@type":"ImageObject","inLanguage":"pt-BR","@id":"https:\/\/portalnpm.com\/index.php\/2020\/06\/17\/carioca-confirma-datas-e-horarios-de-retorno-com-flamengo-sem-tv-botafogo-e-fluminense-na-segunda\/#primaryimage","url":"https:\/\/portalnpm.com\/wp-content\/uploads\/2024\/01\/i-2.jpeg","contentUrl":"https:\/\/portalnpm.com\/wp-content\/uploads\/2024\/01\/i-2.jpeg","width":750,"height":422},{"@type":"BreadcrumbList","@id":"https:\/\/portalnpm.com\/index.php\/2020\/06\/17\/carioca-confirma-datas-e-horarios-de-retorno-com-flamengo-sem-tv-botafogo-e-fluminense-na-segunda\/#breadcrumb","itemListElement":[{"@type":"ListItem","position":1,"name":"In\u00edcio","item":"https:\/\/portalnpm.com\/"},{"@type":"ListItem","position":2,"name":"Carioca confirma datas e hor\u00e1rios de retorno com Flamengo sem TV, Botafogo e Fluminense na segunda"}]},{"@type":"WebSite","@id":"https:\/\/portalnpm.com\/#website","url":"https:\/\/portalnpm.com\/","name":"Portal NPM","description":"Not\u00edcias em Primeira M\u00e3o","potentialAction":[{"@type":"SearchAction","target":{"@type":"EntryPoint","urlTemplate":"https:\/\/portalnpm.com\/?s={search_term_string}"},"query-input":"required name=search_term_string"}],"inLanguage":"pt-BR"},{"@type":"Person","@id":"https:\/\/portalnpm.com\/#\/schema\/person\/49313e563cfdefcc167f1ee4c017c294","name":"Genival Barbosa","image":{"@type":"ImageObject","inLanguage":"pt-BR","@id":"https:\/\/portalnpm.com\/#\/schema\/person\/image\/","url":"https:\/\/portalnpm.com\/wp-content\/uploads\/2024\/02\/avatar_user_2_1707743258-96x96.jpeg","contentUrl":"https:\/\/portalnpm.com\/wp-content\/uploads\/2024\/02\/avatar_user_2_1707743258-96x96.jpeg","caption":"Genival Barbosa"},"url":"https:\/\/portalnpm.com\/index.php\/author\/genival\/"}]}},"jetpack_sharing_enabled":true,"jetpack_featured_media_url":"https:\/\/portalnpm.com\/wp-content\/uploads\/2024\/01\/i-2.jpeg","_links":{"self":[{"href":"https:\/\/portalnpm.com\/index.php\/wp-json\/wp\/v2\/posts\/53446"}],"collection":[{"href":"https:\/\/portalnpm.com\/index.php\/wp-json\/wp\/v2\/posts"}],"about":[{"href":"https:\/\/portalnpm.com\/index.php\/wp-json\/wp\/v2\/types\/post"}],"author":[{"embeddable":true,"href":"https:\/\/portalnpm.com\/index.php\/wp-json\/wp\/v2\/users\/2"}],"replies":[{"embeddable":true,"href":"https:\/\/portalnpm.com\/index.php\/wp-json\/wp\/v2\/comments?post=53446"}],"version-history":[{"count":0,"href":"https:\/\/portalnpm.com\/index.php\/wp-json\/wp\/v2\/posts\/53446\/revisions"}],"wp:featuredmedia":[{"embeddable":true,"href":"https:\/\/portalnpm.com\/index.php\/wp-json\/wp\/v2\/media\/53447"}],"wp:attachment":[{"href":"https:\/\/portalnpm.com\/index.php\/wp-json\/wp\/v2\/media?parent=53446"}],"wp:term":[{"taxonomy":"category","embeddable":true,"href":"https:\/\/portalnpm.com\/index.php\/wp-json\/wp\/v2\/categories?post=53446"},{"taxonomy":"post_tag","embeddable":true,"href":"https:\/\/portalnpm.com\/index.php\/wp-json\/wp\/v2\/tags?post=53446"}],"curies":[{"name":"wp","href":"https:\/\/api.w.org\/{rel}","templated":true}]}}