{"id":5347,"date":"2019-01-29T14:30:34","date_gmt":"2019-01-29T16:30:34","guid":{"rendered":"http:\/\/srv.portalnpm.com.br\/?p=5347"},"modified":"2019-01-29T14:30:34","modified_gmt":"2019-01-29T16:30:34","slug":"professora-alessandra-leal-assume-secretaria-de-cultura-de-jaicos","status":"publish","type":"post","link":"https:\/\/portalnpm.com\/index.php\/2019\/01\/29\/professora-alessandra-leal-assume-secretaria-de-cultura-de-jaicos\/","title":{"rendered":"Professora Alessandra Leal assume secretaria de Cultura de Jaic\u00f3s"},"content":{"rendered":"<p style=\"text-align: justify;\">A Secretaria de Cultura do munic\u00edpio de Jaic\u00f3s tem uma nova gestora. A professora Alessandra Leal, assumiu a pasta na \u00faltima sexta-feira (25), nomeada pelo prefeito municipal Ogilvan da Silva Oliveira, o Nen\u00e9m de Edite (PSD).<\/p>\n<p style=\"text-align: justify;\">Alessandra \u00e9 historiadora, formada pela Faculdade de Forma\u00e7\u00e3o de Professores de Araripina (FAFOPA), pedagoga, pela Faculdade Evang\u00e9lica Cristo Reis e p\u00f3s-graduada em Alfabetiza\u00e7\u00e3o e Letramento. Ela substitui na pasta o ex-vereador Edinilson Carvalho Santana, popularmente conhecido como Miudim.<\/p>\n<p style=\"text-align: justify;\">Em entrevista ao portal Cidades na Net, na manh\u00e3 desta ter\u00e7a (29), ela agradeceu o convite do prefeito Nen\u00e9m de Edite. \u201cO prefeito Nen\u00e9m de Edite me convidou para assumir a secretaria e agrade\u00e7o muito a ele pela oportunidade que est\u00e1 me dando de conduzir a Secretaria de Cultura. Sou uma pessoa aberta a tudo e vou estar dispon\u00edvel para atender a popula\u00e7\u00e3o\u201d disse.<\/p>\n<p><img fetchpriority=\"high\" decoding=\"async\" class=\"alignnone size-medium wp-image-5349\" src=\"http:\/\/portalnpm.com.br\/wp-content\/uploads\/2019\/01\/IMG_7632-768x512-1-1-300x194.jpg\" alt=\"\" width=\"300\" height=\"194\" \/><\/p>\n<p style=\"text-align: justify;\">Alessandra ressaltou que o objetivo \u00e9 colocar a secretaria em destaque. \u00a0\u201cMinha inten\u00e7\u00e3o \u00e9 colocar a secretaria para funcionar, sempre tento me esfor\u00e7ar no que fa\u00e7o e \u00e9 o que quero fazer aqui. A secretaria estava andando devagarinho e meu objetivo e do grupo \u00e9 colocar ela em destaque e permitir que ande com suas pr\u00f3prias pernas\u201d disse.<\/p>\n<p style=\"text-align: justify;\">A secret\u00e1ria falou tamb\u00e9m que dar\u00e1 continuidade aos projetos j\u00e1 realizados e pretende planejar novas a\u00e7\u00f5es. \u201cVamos dar continuidade aos projetos que j\u00e1 vinham sendo executados e temos em mente algumas oficinas, principalmente no m\u00eas de maio, que \u00e9 o m\u00eas das m\u00e3es. Oficinas de cabelo, costura, maquiagem, entre outras. Estamos fazendo um calend\u00e1rio anual de atividades\u201d informou.<\/p>\n<p style=\"text-align: justify;\">A secretaria de Cultura fica localizada na Rua Marechal Alves Filho, no Centro da cidade. Tamb\u00e9m atuam na pasta a Coordenadora do Departamento de Cultura, Beatriz Carvalho Reis, Coordenadora de Programas e Projetos, Aurenir Paiva e Douglas Manoel Silva, respons\u00e1vel pela assessoria.<\/p>\n<p style=\"text-align: justify;\"><strong>Fonte: Cidades na Net\u00a0<\/strong><\/p>\n","protected":false},"excerpt":{"rendered":"<p>A Secretaria de Cultura do munic\u00edpio de Jaic\u00f3s tem uma nova gestora. A professora Alessandra Leal, assumiu a pasta na \u00faltima sexta-feira (25), nomeada pelo prefeito municipal Ogilvan da Silva Oliveira, o Nen\u00e9m de Edite (PSD). Alessandra \u00e9 historiadora, formada pela Faculdade de Forma\u00e7\u00e3o de Professores de Araripina (FAFOPA), pedagoga, pela Faculdade Evang\u00e9lica Cristo Reis &hellip;<\/p>\n","protected":false},"author":4,"featured_media":5348,"comment_status":"open","ping_status":"open","sticky":false,"template":"","format":"standard","meta":{"content-type":"","rop_custom_images_group":[],"rop_custom_messages_group":[],"rop_publish_now":"initial","rop_publish_now_accounts":{"facebook_2648258775420054_1618374048415101":""},"rop_publish_now_history":[],"rop_publish_now_status":"pending","footnotes":"","_jetpack_memberships_contains_paid_content":false},"categories":[113,109],"tags":[1721,2124,625,2024],"yoast_head":"<!-- This site is optimized with the Yoast SEO plugin v22.3 - https:\/\/yoast.com\/wordpress\/plugins\/seo\/ -->\n<title>Professora Alessandra Leal assume secretaria de Cultura de Jaic\u00f3s - Portal NPM<\/title>\n<meta name=\"robots\" content=\"index, follow, max-snippet:-1, max-image-preview:large, max-video-preview:-1\" \/>\n<link rel=\"canonical\" href=\"https:\/\/portalnpm.com\/index.php\/2019\/01\/29\/professora-alessandra-leal-assume-secretaria-de-cultura-de-jaicos\/\" \/>\n<meta property=\"og:locale\" content=\"pt_BR\" \/>\n<meta property=\"og:type\" content=\"article\" \/>\n<meta property=\"og:title\" content=\"Professora Alessandra Leal assume secretaria de Cultura de Jaic\u00f3s - Portal NPM\" \/>\n<meta property=\"og:description\" content=\"A Secretaria de Cultura do munic\u00edpio de Jaic\u00f3s tem uma nova gestora. A professora Alessandra Leal, assumiu a pasta na \u00faltima sexta-feira (25), nomeada pelo prefeito municipal Ogilvan da Silva Oliveira, o Nen\u00e9m de Edite (PSD). Alessandra \u00e9 historiadora, formada pela Faculdade de Forma\u00e7\u00e3o de Professores de Araripina (FAFOPA), pedagoga, pela Faculdade Evang\u00e9lica Cristo Reis &hellip;\" \/>\n<meta property=\"og:url\" content=\"https:\/\/portalnpm.com\/index.php\/2019\/01\/29\/professora-alessandra-leal-assume-secretaria-de-cultura-de-jaicos\/\" \/>\n<meta property=\"og:site_name\" content=\"Portal NPM\" \/>\n<meta property=\"article:published_time\" content=\"2019-01-29T16:30:34+00:00\" \/>\n<meta name=\"author\" content=\"Reda\u00e7\u00e3o\" \/>\n<meta name=\"twitter:card\" content=\"summary_large_image\" \/>\n<meta name=\"twitter:label1\" content=\"Escrito por\" \/>\n\t<meta name=\"twitter:data1\" content=\"Reda\u00e7\u00e3o\" \/>\n\t<meta name=\"twitter:label2\" content=\"Est. tempo de leitura\" \/>\n\t<meta name=\"twitter:data2\" content=\"2 minutos\" \/>\n<script type=\"application\/ld+json\" class=\"yoast-schema-graph\">{\"@context\":\"https:\/\/schema.org\",\"@graph\":[{\"@type\":\"WebPage\",\"@id\":\"https:\/\/portalnpm.com\/index.php\/2019\/01\/29\/professora-alessandra-leal-assume-secretaria-de-cultura-de-jaicos\/\",\"url\":\"https:\/\/portalnpm.com\/index.php\/2019\/01\/29\/professora-alessandra-leal-assume-secretaria-de-cultura-de-jaicos\/\",\"name\":\"Professora Alessandra Leal assume secretaria de Cultura de Jaic\u00f3s - Portal NPM\",\"isPartOf\":{\"@id\":\"https:\/\/portalnpm.com\/#website\"},\"primaryImageOfPage\":{\"@id\":\"https:\/\/portalnpm.com\/index.php\/2019\/01\/29\/professora-alessandra-leal-assume-secretaria-de-cultura-de-jaicos\/#primaryimage\"},\"image\":{\"@id\":\"https:\/\/portalnpm.com\/index.php\/2019\/01\/29\/professora-alessandra-leal-assume-secretaria-de-cultura-de-jaicos\/#primaryimage\"},\"thumbnailUrl\":\"\",\"datePublished\":\"2019-01-29T16:30:34+00:00\",\"dateModified\":\"2019-01-29T16:30:34+00:00\",\"author\":{\"@id\":\"https:\/\/portalnpm.com\/#\/schema\/person\/0b5f230ec96cee25504fa328e7f2b733\"},\"breadcrumb\":{\"@id\":\"https:\/\/portalnpm.com\/index.php\/2019\/01\/29\/professora-alessandra-leal-assume-secretaria-de-cultura-de-jaicos\/#breadcrumb\"},\"inLanguage\":\"pt-BR\",\"potentialAction\":[{\"@type\":\"ReadAction\",\"target\":[\"https:\/\/portalnpm.com\/index.php\/2019\/01\/29\/professora-alessandra-leal-assume-secretaria-de-cultura-de-jaicos\/\"]}]},{\"@type\":\"ImageObject\",\"inLanguage\":\"pt-BR\",\"@id\":\"https:\/\/portalnpm.com\/index.php\/2019\/01\/29\/professora-alessandra-leal-assume-secretaria-de-cultura-de-jaicos\/#primaryimage\",\"url\":\"\",\"contentUrl\":\"\"},{\"@type\":\"BreadcrumbList\",\"@id\":\"https:\/\/portalnpm.com\/index.php\/2019\/01\/29\/professora-alessandra-leal-assume-secretaria-de-cultura-de-jaicos\/#breadcrumb\",\"itemListElement\":[{\"@type\":\"ListItem\",\"position\":1,\"name\":\"In\u00edcio\",\"item\":\"https:\/\/portalnpm.com\/\"},{\"@type\":\"ListItem\",\"position\":2,\"name\":\"Professora Alessandra Leal assume secretaria de Cultura de Jaic\u00f3s\"}]},{\"@type\":\"WebSite\",\"@id\":\"https:\/\/portalnpm.com\/#website\",\"url\":\"https:\/\/portalnpm.com\/\",\"name\":\"Portal NPM\",\"description\":\"Not\u00edcias em Primeira M\u00e3o\",\"potentialAction\":[{\"@type\":\"SearchAction\",\"target\":{\"@type\":\"EntryPoint\",\"urlTemplate\":\"https:\/\/portalnpm.com\/?s={search_term_string}\"},\"query-input\":\"required name=search_term_string\"}],\"inLanguage\":\"pt-BR\"},{\"@type\":\"Person\",\"@id\":\"https:\/\/portalnpm.com\/#\/schema\/person\/0b5f230ec96cee25504fa328e7f2b733\",\"name\":\"Reda\u00e7\u00e3o\",\"image\":{\"@type\":\"ImageObject\",\"inLanguage\":\"pt-BR\",\"@id\":\"https:\/\/portalnpm.com\/#\/schema\/person\/image\/\",\"url\":\"https:\/\/portalnpm.com\/wp-content\/uploads\/2024\/03\/avatar_user_4_1710097212-96x96.png\",\"contentUrl\":\"https:\/\/portalnpm.com\/wp-content\/uploads\/2024\/03\/avatar_user_4_1710097212-96x96.png\",\"caption\":\"Reda\u00e7\u00e3o\"},\"url\":\"https:\/\/portalnpm.com\/index.php\/author\/redacao\/\"}]}<\/script>\n<!-- \/ Yoast SEO plugin. -->","yoast_head_json":{"title":"Professora Alessandra Leal assume secretaria de Cultura de Jaic\u00f3s - Portal NPM","robots":{"index":"index","follow":"follow","max-snippet":"max-snippet:-1","max-image-preview":"max-image-preview:large","max-video-preview":"max-video-preview:-1"},"canonical":"https:\/\/portalnpm.com\/index.php\/2019\/01\/29\/professora-alessandra-leal-assume-secretaria-de-cultura-de-jaicos\/","og_locale":"pt_BR","og_type":"article","og_title":"Professora Alessandra Leal assume secretaria de Cultura de Jaic\u00f3s - Portal NPM","og_description":"A Secretaria de Cultura do munic\u00edpio de Jaic\u00f3s tem uma nova gestora. A professora Alessandra Leal, assumiu a pasta na \u00faltima sexta-feira (25), nomeada pelo prefeito municipal Ogilvan da Silva Oliveira, o Nen\u00e9m de Edite (PSD). Alessandra \u00e9 historiadora, formada pela Faculdade de Forma\u00e7\u00e3o de Professores de Araripina (FAFOPA), pedagoga, pela Faculdade Evang\u00e9lica Cristo Reis &hellip;","og_url":"https:\/\/portalnpm.com\/index.php\/2019\/01\/29\/professora-alessandra-leal-assume-secretaria-de-cultura-de-jaicos\/","og_site_name":"Portal NPM","article_published_time":"2019-01-29T16:30:34+00:00","author":"Reda\u00e7\u00e3o","twitter_card":"summary_large_image","twitter_misc":{"Escrito por":"Reda\u00e7\u00e3o","Est. tempo de leitura":"2 minutos"},"schema":{"@context":"https:\/\/schema.org","@graph":[{"@type":"WebPage","@id":"https:\/\/portalnpm.com\/index.php\/2019\/01\/29\/professora-alessandra-leal-assume-secretaria-de-cultura-de-jaicos\/","url":"https:\/\/portalnpm.com\/index.php\/2019\/01\/29\/professora-alessandra-leal-assume-secretaria-de-cultura-de-jaicos\/","name":"Professora Alessandra Leal assume secretaria de Cultura de Jaic\u00f3s - Portal NPM","isPartOf":{"@id":"https:\/\/portalnpm.com\/#website"},"primaryImageOfPage":{"@id":"https:\/\/portalnpm.com\/index.php\/2019\/01\/29\/professora-alessandra-leal-assume-secretaria-de-cultura-de-jaicos\/#primaryimage"},"image":{"@id":"https:\/\/portalnpm.com\/index.php\/2019\/01\/29\/professora-alessandra-leal-assume-secretaria-de-cultura-de-jaicos\/#primaryimage"},"thumbnailUrl":"","datePublished":"2019-01-29T16:30:34+00:00","dateModified":"2019-01-29T16:30:34+00:00","author":{"@id":"https:\/\/portalnpm.com\/#\/schema\/person\/0b5f230ec96cee25504fa328e7f2b733"},"breadcrumb":{"@id":"https:\/\/portalnpm.com\/index.php\/2019\/01\/29\/professora-alessandra-leal-assume-secretaria-de-cultura-de-jaicos\/#breadcrumb"},"inLanguage":"pt-BR","potentialAction":[{"@type":"ReadAction","target":["https:\/\/portalnpm.com\/index.php\/2019\/01\/29\/professora-alessandra-leal-assume-secretaria-de-cultura-de-jaicos\/"]}]},{"@type":"ImageObject","inLanguage":"pt-BR","@id":"https:\/\/portalnpm.com\/index.php\/2019\/01\/29\/professora-alessandra-leal-assume-secretaria-de-cultura-de-jaicos\/#primaryimage","url":"","contentUrl":""},{"@type":"BreadcrumbList","@id":"https:\/\/portalnpm.com\/index.php\/2019\/01\/29\/professora-alessandra-leal-assume-secretaria-de-cultura-de-jaicos\/#breadcrumb","itemListElement":[{"@type":"ListItem","position":1,"name":"In\u00edcio","item":"https:\/\/portalnpm.com\/"},{"@type":"ListItem","position":2,"name":"Professora Alessandra Leal assume secretaria de Cultura de Jaic\u00f3s"}]},{"@type":"WebSite","@id":"https:\/\/portalnpm.com\/#website","url":"https:\/\/portalnpm.com\/","name":"Portal NPM","description":"Not\u00edcias em Primeira M\u00e3o","potentialAction":[{"@type":"SearchAction","target":{"@type":"EntryPoint","urlTemplate":"https:\/\/portalnpm.com\/?s={search_term_string}"},"query-input":"required name=search_term_string"}],"inLanguage":"pt-BR"},{"@type":"Person","@id":"https:\/\/portalnpm.com\/#\/schema\/person\/0b5f230ec96cee25504fa328e7f2b733","name":"Reda\u00e7\u00e3o","image":{"@type":"ImageObject","inLanguage":"pt-BR","@id":"https:\/\/portalnpm.com\/#\/schema\/person\/image\/","url":"https:\/\/portalnpm.com\/wp-content\/uploads\/2024\/03\/avatar_user_4_1710097212-96x96.png","contentUrl":"https:\/\/portalnpm.com\/wp-content\/uploads\/2024\/03\/avatar_user_4_1710097212-96x96.png","caption":"Reda\u00e7\u00e3o"},"url":"https:\/\/portalnpm.com\/index.php\/author\/redacao\/"}]}},"jetpack_sharing_enabled":true,"jetpack_featured_media_url":"","_links":{"self":[{"href":"https:\/\/portalnpm.com\/index.php\/wp-json\/wp\/v2\/posts\/5347"}],"collection":[{"href":"https:\/\/portalnpm.com\/index.php\/wp-json\/wp\/v2\/posts"}],"about":[{"href":"https:\/\/portalnpm.com\/index.php\/wp-json\/wp\/v2\/types\/post"}],"author":[{"embeddable":true,"href":"https:\/\/portalnpm.com\/index.php\/wp-json\/wp\/v2\/users\/4"}],"replies":[{"embeddable":true,"href":"https:\/\/portalnpm.com\/index.php\/wp-json\/wp\/v2\/comments?post=5347"}],"version-history":[{"count":0,"href":"https:\/\/portalnpm.com\/index.php\/wp-json\/wp\/v2\/posts\/5347\/revisions"}],"wp:featuredmedia":[{"embeddable":true,"href":"https:\/\/portalnpm.com\/index.php\/wp-json\/"}],"wp:attachment":[{"href":"https:\/\/portalnpm.com\/index.php\/wp-json\/wp\/v2\/media?parent=5347"}],"wp:term":[{"taxonomy":"category","embeddable":true,"href":"https:\/\/portalnpm.com\/index.php\/wp-json\/wp\/v2\/categories?post=5347"},{"taxonomy":"post_tag","embeddable":true,"href":"https:\/\/portalnpm.com\/index.php\/wp-json\/wp\/v2\/tags?post=5347"}],"curies":[{"name":"wp","href":"https:\/\/api.w.org\/{rel}","templated":true}]}}