{"id":5351,"date":"2019-01-29T14:37:25","date_gmt":"2019-01-29T16:37:25","guid":{"rendered":"http:\/\/srv.portalnpm.com.br\/?p=5351"},"modified":"2019-01-29T14:37:25","modified_gmt":"2019-01-29T16:37:25","slug":"irmao-de-lula-morre-ex-presidente-quer-ir-ao-velorio","status":"publish","type":"post","link":"https:\/\/portalnpm.com\/index.php\/2019\/01\/29\/irmao-de-lula-morre-ex-presidente-quer-ir-ao-velorio\/","title":{"rendered":"Irm\u00e3o de Lula morre; ex-presidente quer ir ao vel\u00f3rio"},"content":{"rendered":"<p style=\"text-align: justify;\">Morreu nesta ter\u00e7a-feira (29) aos 79 anos Genival In\u00e1cio da Silva, conhecido como Vav\u00e1, irm\u00e3o do ex-presidente Lula. Segundo informa\u00e7\u00f5es da coluna de Monica Bergamo, ele lutava contra um c\u00e2ncer no pulm\u00e3o e estava internado h\u00e1 uma semana, mas n\u00e3o resistiu.<\/p>\n<p style=\"text-align: justify;\">Segundo a coluna, a defesa do ex-presidente Lula, atualmente preso em Curitiba, pedir\u00e1 que ele tenha autoriza\u00e7\u00e3o para comparecer ao vel\u00f3rio do irm\u00e3o.\u00a0H\u00e1 alguns meses, um pedido de Lula para comparecer ao vel\u00f3rio do amigo Sigmaringa Seixas foi negado pela Justi\u00e7a.<\/p>\n<p style=\"text-align: justify;\"><strong>Fonte: Portal Isto\u00c9<\/strong><\/p>\n","protected":false},"excerpt":{"rendered":"<p>Morreu nesta ter\u00e7a-feira (29) aos 79 anos Genival In\u00e1cio da Silva, conhecido como Vav\u00e1, irm\u00e3o do ex-presidente Lula. Segundo informa\u00e7\u00f5es da coluna de Monica Bergamo, ele lutava contra um c\u00e2ncer no pulm\u00e3o e estava internado h\u00e1 uma semana, mas n\u00e3o resistiu. Segundo a coluna, a defesa do ex-presidente Lula, atualmente preso em Curitiba, pedir\u00e1 que &hellip;<\/p>\n","protected":false},"author":4,"featured_media":5352,"comment_status":"open","ping_status":"open","sticky":false,"template":"","format":"standard","meta":{"content-type":"","rop_custom_images_group":[],"rop_custom_messages_group":[],"rop_publish_now":"initial","rop_publish_now_accounts":{"facebook_2648258775420054_1618374048415101":""},"rop_publish_now_history":[],"rop_publish_now_status":"pending","footnotes":"","_jetpack_memberships_contains_paid_content":false},"categories":[113,118],"tags":[2125,2126,132],"yoast_head":"<!-- This site is optimized with the Yoast SEO plugin v22.3 - https:\/\/yoast.com\/wordpress\/plugins\/seo\/ -->\n<title>Irm\u00e3o de Lula morre; ex-presidente quer ir ao vel\u00f3rio - Portal NPM<\/title>\n<meta name=\"robots\" content=\"index, follow, max-snippet:-1, max-image-preview:large, max-video-preview:-1\" \/>\n<link rel=\"canonical\" href=\"https:\/\/portalnpm.com\/index.php\/2019\/01\/29\/irmao-de-lula-morre-ex-presidente-quer-ir-ao-velorio\/\" \/>\n<meta property=\"og:locale\" content=\"pt_BR\" \/>\n<meta property=\"og:type\" content=\"article\" \/>\n<meta property=\"og:title\" content=\"Irm\u00e3o de Lula morre; ex-presidente quer ir ao vel\u00f3rio - Portal NPM\" \/>\n<meta property=\"og:description\" content=\"Morreu nesta ter\u00e7a-feira (29) aos 79 anos Genival In\u00e1cio da Silva, conhecido como Vav\u00e1, irm\u00e3o do ex-presidente Lula. Segundo informa\u00e7\u00f5es da coluna de Monica Bergamo, ele lutava contra um c\u00e2ncer no pulm\u00e3o e estava internado h\u00e1 uma semana, mas n\u00e3o resistiu. Segundo a coluna, a defesa do ex-presidente Lula, atualmente preso em Curitiba, pedir\u00e1 que &hellip;\" \/>\n<meta property=\"og:url\" content=\"https:\/\/portalnpm.com\/index.php\/2019\/01\/29\/irmao-de-lula-morre-ex-presidente-quer-ir-ao-velorio\/\" \/>\n<meta property=\"og:site_name\" content=\"Portal NPM\" \/>\n<meta property=\"article:published_time\" content=\"2019-01-29T16:37:25+00:00\" \/>\n<meta name=\"author\" content=\"Reda\u00e7\u00e3o\" \/>\n<meta name=\"twitter:card\" content=\"summary_large_image\" \/>\n<meta name=\"twitter:label1\" content=\"Escrito por\" \/>\n\t<meta name=\"twitter:data1\" content=\"Reda\u00e7\u00e3o\" \/>\n<script type=\"application\/ld+json\" class=\"yoast-schema-graph\">{\"@context\":\"https:\/\/schema.org\",\"@graph\":[{\"@type\":\"WebPage\",\"@id\":\"https:\/\/portalnpm.com\/index.php\/2019\/01\/29\/irmao-de-lula-morre-ex-presidente-quer-ir-ao-velorio\/\",\"url\":\"https:\/\/portalnpm.com\/index.php\/2019\/01\/29\/irmao-de-lula-morre-ex-presidente-quer-ir-ao-velorio\/\",\"name\":\"Irm\u00e3o de Lula morre; ex-presidente quer ir ao vel\u00f3rio - Portal NPM\",\"isPartOf\":{\"@id\":\"https:\/\/portalnpm.com\/#website\"},\"primaryImageOfPage\":{\"@id\":\"https:\/\/portalnpm.com\/index.php\/2019\/01\/29\/irmao-de-lula-morre-ex-presidente-quer-ir-ao-velorio\/#primaryimage\"},\"image\":{\"@id\":\"https:\/\/portalnpm.com\/index.php\/2019\/01\/29\/irmao-de-lula-morre-ex-presidente-quer-ir-ao-velorio\/#primaryimage\"},\"thumbnailUrl\":\"\",\"datePublished\":\"2019-01-29T16:37:25+00:00\",\"dateModified\":\"2019-01-29T16:37:25+00:00\",\"author\":{\"@id\":\"https:\/\/portalnpm.com\/#\/schema\/person\/0b5f230ec96cee25504fa328e7f2b733\"},\"breadcrumb\":{\"@id\":\"https:\/\/portalnpm.com\/index.php\/2019\/01\/29\/irmao-de-lula-morre-ex-presidente-quer-ir-ao-velorio\/#breadcrumb\"},\"inLanguage\":\"pt-BR\",\"potentialAction\":[{\"@type\":\"ReadAction\",\"target\":[\"https:\/\/portalnpm.com\/index.php\/2019\/01\/29\/irmao-de-lula-morre-ex-presidente-quer-ir-ao-velorio\/\"]}]},{\"@type\":\"ImageObject\",\"inLanguage\":\"pt-BR\",\"@id\":\"https:\/\/portalnpm.com\/index.php\/2019\/01\/29\/irmao-de-lula-morre-ex-presidente-quer-ir-ao-velorio\/#primaryimage\",\"url\":\"\",\"contentUrl\":\"\"},{\"@type\":\"BreadcrumbList\",\"@id\":\"https:\/\/portalnpm.com\/index.php\/2019\/01\/29\/irmao-de-lula-morre-ex-presidente-quer-ir-ao-velorio\/#breadcrumb\",\"itemListElement\":[{\"@type\":\"ListItem\",\"position\":1,\"name\":\"In\u00edcio\",\"item\":\"https:\/\/portalnpm.com\/\"},{\"@type\":\"ListItem\",\"position\":2,\"name\":\"Irm\u00e3o de Lula morre; ex-presidente quer ir ao vel\u00f3rio\"}]},{\"@type\":\"WebSite\",\"@id\":\"https:\/\/portalnpm.com\/#website\",\"url\":\"https:\/\/portalnpm.com\/\",\"name\":\"Portal NPM\",\"description\":\"Not\u00edcias em Primeira M\u00e3o\",\"potentialAction\":[{\"@type\":\"SearchAction\",\"target\":{\"@type\":\"EntryPoint\",\"urlTemplate\":\"https:\/\/portalnpm.com\/?s={search_term_string}\"},\"query-input\":\"required name=search_term_string\"}],\"inLanguage\":\"pt-BR\"},{\"@type\":\"Person\",\"@id\":\"https:\/\/portalnpm.com\/#\/schema\/person\/0b5f230ec96cee25504fa328e7f2b733\",\"name\":\"Reda\u00e7\u00e3o\",\"image\":{\"@type\":\"ImageObject\",\"inLanguage\":\"pt-BR\",\"@id\":\"https:\/\/portalnpm.com\/#\/schema\/person\/image\/\",\"url\":\"https:\/\/portalnpm.com\/wp-content\/uploads\/2024\/03\/avatar_user_4_1710097212-96x96.png\",\"contentUrl\":\"https:\/\/portalnpm.com\/wp-content\/uploads\/2024\/03\/avatar_user_4_1710097212-96x96.png\",\"caption\":\"Reda\u00e7\u00e3o\"},\"url\":\"https:\/\/portalnpm.com\/index.php\/author\/redacao\/\"}]}<\/script>\n<!-- \/ Yoast SEO plugin. -->","yoast_head_json":{"title":"Irm\u00e3o de Lula morre; ex-presidente quer ir ao vel\u00f3rio - Portal NPM","robots":{"index":"index","follow":"follow","max-snippet":"max-snippet:-1","max-image-preview":"max-image-preview:large","max-video-preview":"max-video-preview:-1"},"canonical":"https:\/\/portalnpm.com\/index.php\/2019\/01\/29\/irmao-de-lula-morre-ex-presidente-quer-ir-ao-velorio\/","og_locale":"pt_BR","og_type":"article","og_title":"Irm\u00e3o de Lula morre; ex-presidente quer ir ao vel\u00f3rio - Portal NPM","og_description":"Morreu nesta ter\u00e7a-feira (29) aos 79 anos Genival In\u00e1cio da Silva, conhecido como Vav\u00e1, irm\u00e3o do ex-presidente Lula. Segundo informa\u00e7\u00f5es da coluna de Monica Bergamo, ele lutava contra um c\u00e2ncer no pulm\u00e3o e estava internado h\u00e1 uma semana, mas n\u00e3o resistiu. Segundo a coluna, a defesa do ex-presidente Lula, atualmente preso em Curitiba, pedir\u00e1 que &hellip;","og_url":"https:\/\/portalnpm.com\/index.php\/2019\/01\/29\/irmao-de-lula-morre-ex-presidente-quer-ir-ao-velorio\/","og_site_name":"Portal NPM","article_published_time":"2019-01-29T16:37:25+00:00","author":"Reda\u00e7\u00e3o","twitter_card":"summary_large_image","twitter_misc":{"Escrito por":"Reda\u00e7\u00e3o"},"schema":{"@context":"https:\/\/schema.org","@graph":[{"@type":"WebPage","@id":"https:\/\/portalnpm.com\/index.php\/2019\/01\/29\/irmao-de-lula-morre-ex-presidente-quer-ir-ao-velorio\/","url":"https:\/\/portalnpm.com\/index.php\/2019\/01\/29\/irmao-de-lula-morre-ex-presidente-quer-ir-ao-velorio\/","name":"Irm\u00e3o de Lula morre; ex-presidente quer ir ao vel\u00f3rio - Portal NPM","isPartOf":{"@id":"https:\/\/portalnpm.com\/#website"},"primaryImageOfPage":{"@id":"https:\/\/portalnpm.com\/index.php\/2019\/01\/29\/irmao-de-lula-morre-ex-presidente-quer-ir-ao-velorio\/#primaryimage"},"image":{"@id":"https:\/\/portalnpm.com\/index.php\/2019\/01\/29\/irmao-de-lula-morre-ex-presidente-quer-ir-ao-velorio\/#primaryimage"},"thumbnailUrl":"","datePublished":"2019-01-29T16:37:25+00:00","dateModified":"2019-01-29T16:37:25+00:00","author":{"@id":"https:\/\/portalnpm.com\/#\/schema\/person\/0b5f230ec96cee25504fa328e7f2b733"},"breadcrumb":{"@id":"https:\/\/portalnpm.com\/index.php\/2019\/01\/29\/irmao-de-lula-morre-ex-presidente-quer-ir-ao-velorio\/#breadcrumb"},"inLanguage":"pt-BR","potentialAction":[{"@type":"ReadAction","target":["https:\/\/portalnpm.com\/index.php\/2019\/01\/29\/irmao-de-lula-morre-ex-presidente-quer-ir-ao-velorio\/"]}]},{"@type":"ImageObject","inLanguage":"pt-BR","@id":"https:\/\/portalnpm.com\/index.php\/2019\/01\/29\/irmao-de-lula-morre-ex-presidente-quer-ir-ao-velorio\/#primaryimage","url":"","contentUrl":""},{"@type":"BreadcrumbList","@id":"https:\/\/portalnpm.com\/index.php\/2019\/01\/29\/irmao-de-lula-morre-ex-presidente-quer-ir-ao-velorio\/#breadcrumb","itemListElement":[{"@type":"ListItem","position":1,"name":"In\u00edcio","item":"https:\/\/portalnpm.com\/"},{"@type":"ListItem","position":2,"name":"Irm\u00e3o de Lula morre; ex-presidente quer ir ao vel\u00f3rio"}]},{"@type":"WebSite","@id":"https:\/\/portalnpm.com\/#website","url":"https:\/\/portalnpm.com\/","name":"Portal NPM","description":"Not\u00edcias em Primeira M\u00e3o","potentialAction":[{"@type":"SearchAction","target":{"@type":"EntryPoint","urlTemplate":"https:\/\/portalnpm.com\/?s={search_term_string}"},"query-input":"required name=search_term_string"}],"inLanguage":"pt-BR"},{"@type":"Person","@id":"https:\/\/portalnpm.com\/#\/schema\/person\/0b5f230ec96cee25504fa328e7f2b733","name":"Reda\u00e7\u00e3o","image":{"@type":"ImageObject","inLanguage":"pt-BR","@id":"https:\/\/portalnpm.com\/#\/schema\/person\/image\/","url":"https:\/\/portalnpm.com\/wp-content\/uploads\/2024\/03\/avatar_user_4_1710097212-96x96.png","contentUrl":"https:\/\/portalnpm.com\/wp-content\/uploads\/2024\/03\/avatar_user_4_1710097212-96x96.png","caption":"Reda\u00e7\u00e3o"},"url":"https:\/\/portalnpm.com\/index.php\/author\/redacao\/"}]}},"jetpack_sharing_enabled":true,"jetpack_featured_media_url":"","_links":{"self":[{"href":"https:\/\/portalnpm.com\/index.php\/wp-json\/wp\/v2\/posts\/5351"}],"collection":[{"href":"https:\/\/portalnpm.com\/index.php\/wp-json\/wp\/v2\/posts"}],"about":[{"href":"https:\/\/portalnpm.com\/index.php\/wp-json\/wp\/v2\/types\/post"}],"author":[{"embeddable":true,"href":"https:\/\/portalnpm.com\/index.php\/wp-json\/wp\/v2\/users\/4"}],"replies":[{"embeddable":true,"href":"https:\/\/portalnpm.com\/index.php\/wp-json\/wp\/v2\/comments?post=5351"}],"version-history":[{"count":0,"href":"https:\/\/portalnpm.com\/index.php\/wp-json\/wp\/v2\/posts\/5351\/revisions"}],"wp:featuredmedia":[{"embeddable":true,"href":"https:\/\/portalnpm.com\/index.php\/wp-json\/"}],"wp:attachment":[{"href":"https:\/\/portalnpm.com\/index.php\/wp-json\/wp\/v2\/media?parent=5351"}],"wp:term":[{"taxonomy":"category","embeddable":true,"href":"https:\/\/portalnpm.com\/index.php\/wp-json\/wp\/v2\/categories?post=5351"},{"taxonomy":"post_tag","embeddable":true,"href":"https:\/\/portalnpm.com\/index.php\/wp-json\/wp\/v2\/tags?post=5351"}],"curies":[{"name":"wp","href":"https:\/\/api.w.org\/{rel}","templated":true}]}}