{"id":53597,"date":"2020-06-22T18:24:15","date_gmt":"2020-06-22T21:24:15","guid":{"rendered":"https:\/\/portalnpm.com\/index.php\/2020\/06\/22\/flamengo-confirma-negociacao-de-pablo-mari-em-definitivo-com-arsenal\/"},"modified":"2020-06-22T18:24:15","modified_gmt":"2020-06-22T21:24:15","slug":"flamengo-confirma-negociacao-de-pablo-mari-em-definitivo-com-arsenal","status":"publish","type":"post","link":"https:\/\/portalnpm.com\/index.php\/2020\/06\/22\/flamengo-confirma-negociacao-de-pablo-mari-em-definitivo-com-arsenal\/","title":{"rendered":"Flamengo confirma negocia\u00e7\u00e3o de Pablo Mar\u00ed em definitivo com Arsenal"},"content":{"rendered":"<p style=\"text-align: justify;\">Com o contrato de Pablo Mar\u00ed por empr\u00e9stimo chegando ao fim, o Arsenal resolver exercer o direito de compra dos direitos econ\u00f4micos do jogador. Quem confirmou foi o vice de futebol do Flamengo, Marcos Braz, em entrevista \u00e0 \u201cCNN Brasil\u201d. \u201cO Mar\u00ed foi vendido, e n\u00e3o h\u00e1 mais questionamento sobre isso. Est\u00e1 resolvido. Na hora certa, os n\u00fameros sair\u00e3o no balan\u00e7o do Flamengo\u201d, disse o dirigente do clube, sem querer revelar valores.<\/p>\n<p style=\"text-align: justify;\">\n<p style=\"text-align: justify;\">No entanto, o Rubro-Negro j\u00e1 havia recebido 5 milh\u00f5es de euros pelo empr\u00e9stimo (cerca de R$ 29,6 milh\u00f5es), e a transa\u00e7\u00e3o pode chegar a 16 milh\u00f5es de euros (R$ 94,9 milh\u00f5es, aproximadamente). O Flamengo tem a receber mais 3 milh\u00f5es de euros (R$17,8 milh\u00f5es) do Arsenal no fim deste m\u00eas, quando se encerra o contrato de empr\u00e9stimo, al\u00e9m de bonifica\u00e7\u00f5es ao longo da passagem de Mar\u00ed pelo Arsenal. A primeira, de 2 milh\u00f5es de euros (R$ 11,9 milh\u00f5es), deve ser paga logo em seguida, na assinatura do novo contrato.<\/p>\n<p style=\"text-align: justify;\">Destaque do Flamengo no vitorioso ano de 2019, o zagueiro espanhol foi para o clube ingl\u00eas em janeiro, num acordo assinado at\u00e9 30 de junho deste ano. A compra em definitivo acontece no momento em que o jogador, de 26 anos, deve ser submetido a uma cirurgia por conta da les\u00e3o sofrida no jogo contra o Manchester City, na \u00faltima quarta-feira, 17 de junho, na volta do Campeonato Ingl\u00eas. O Arsenal ainda n\u00e3o divulgou a extens\u00e3o da les\u00e3o e quanto tempo Mar\u00ed ficar\u00e1 parado.<\/p>\n<p style=\"text-align: justify;\">Fonte: 365 Scores<\/p>\n","protected":false},"excerpt":{"rendered":"<p>Com o contrato de Pablo Mar\u00ed por empr\u00e9stimo chegando ao fim, o Arsenal resolver exercer o direito de compra dos direitos econ\u00f4micos do jogador. Quem confirmou foi o vice de futebol do Flamengo, Marcos Braz, em entrevista \u00e0 \u201cCNN Brasil\u201d. \u201cO Mar\u00ed foi vendido, e n\u00e3o h\u00e1 mais questionamento sobre isso. Est\u00e1 resolvido. Na hora &hellip;<\/p>\n","protected":false},"author":2,"featured_media":53598,"comment_status":"open","ping_status":"open","sticky":false,"template":"","format":"standard","meta":{"content-type":"","rop_custom_images_group":[],"rop_custom_messages_group":[],"rop_publish_now":"initial","rop_publish_now_accounts":{"facebook_2648258775420054_1618374048415101":""},"rop_publish_now_history":[],"rop_publish_now_status":"pending","footnotes":"","_jetpack_memberships_contains_paid_content":false},"categories":[113,108],"tags":[4724,864,4725,865,4726,4727],"yoast_head":"<!-- This site is optimized with the Yoast SEO plugin v22.3 - https:\/\/yoast.com\/wordpress\/plugins\/seo\/ -->\n<title>Flamengo confirma negocia\u00e7\u00e3o de Pablo Mar\u00ed em definitivo com Arsenal<\/title>\n<meta name=\"robots\" content=\"index, follow, max-snippet:-1, max-image-preview:large, max-video-preview:-1\" \/>\n<link rel=\"canonical\" href=\"https:\/\/portalnpm.com\/index.php\/2020\/06\/22\/flamengo-confirma-negociacao-de-pablo-mari-em-definitivo-com-arsenal\/\" \/>\n<meta property=\"og:locale\" content=\"pt_BR\" \/>\n<meta property=\"og:type\" content=\"article\" \/>\n<meta property=\"og:title\" content=\"Flamengo confirma negocia\u00e7\u00e3o de Pablo Mar\u00ed em definitivo com Arsenal\" \/>\n<meta property=\"og:description\" content=\"Com o contrato de Pablo Mar\u00ed por empr\u00e9stimo chegando ao fim, o Arsenal resolver exercer o direito de compra dos direitos econ\u00f4micos do jogador. Quem confirmou foi o vice de futebol do Flamengo, Marcos Braz, em entrevista \u00e0 \u201cCNN Brasil\u201d. \u201cO Mar\u00ed foi vendido, e n\u00e3o h\u00e1 mais questionamento sobre isso. Est\u00e1 resolvido. Na hora &hellip;\" \/>\n<meta property=\"og:url\" content=\"https:\/\/portalnpm.com\/index.php\/2020\/06\/22\/flamengo-confirma-negociacao-de-pablo-mari-em-definitivo-com-arsenal\/\" \/>\n<meta property=\"og:site_name\" content=\"Portal NPM\" \/>\n<meta property=\"article:published_time\" content=\"2020-06-22T21:24:15+00:00\" \/>\n<meta property=\"og:image\" content=\"https:\/\/portalnpm.com\/wp-content\/uploads\/2024\/01\/Screenshot_2020-06-22-16-47-15-1.png\" \/>\n\t<meta property=\"og:image:width\" content=\"596\" \/>\n\t<meta property=\"og:image:height\" content=\"314\" \/>\n\t<meta property=\"og:image:type\" content=\"image\/png\" \/>\n<meta name=\"author\" content=\"Genival Barbosa\" \/>\n<meta name=\"twitter:card\" content=\"summary_large_image\" \/>\n<meta name=\"twitter:label1\" content=\"Escrito por\" \/>\n\t<meta name=\"twitter:data1\" content=\"Genival Barbosa\" \/>\n\t<meta name=\"twitter:label2\" content=\"Est. tempo de leitura\" \/>\n\t<meta name=\"twitter:data2\" content=\"1 minuto\" \/>\n<script type=\"application\/ld+json\" class=\"yoast-schema-graph\">{\"@context\":\"https:\/\/schema.org\",\"@graph\":[{\"@type\":\"WebPage\",\"@id\":\"https:\/\/portalnpm.com\/index.php\/2020\/06\/22\/flamengo-confirma-negociacao-de-pablo-mari-em-definitivo-com-arsenal\/\",\"url\":\"https:\/\/portalnpm.com\/index.php\/2020\/06\/22\/flamengo-confirma-negociacao-de-pablo-mari-em-definitivo-com-arsenal\/\",\"name\":\"Flamengo confirma negocia\u00e7\u00e3o de Pablo Mar\u00ed em definitivo com Arsenal\",\"isPartOf\":{\"@id\":\"https:\/\/portalnpm.com\/#website\"},\"primaryImageOfPage\":{\"@id\":\"https:\/\/portalnpm.com\/index.php\/2020\/06\/22\/flamengo-confirma-negociacao-de-pablo-mari-em-definitivo-com-arsenal\/#primaryimage\"},\"image\":{\"@id\":\"https:\/\/portalnpm.com\/index.php\/2020\/06\/22\/flamengo-confirma-negociacao-de-pablo-mari-em-definitivo-com-arsenal\/#primaryimage\"},\"thumbnailUrl\":\"https:\/\/portalnpm.com\/wp-content\/uploads\/2024\/01\/Screenshot_2020-06-22-16-47-15-1.png\",\"datePublished\":\"2020-06-22T21:24:15+00:00\",\"dateModified\":\"2020-06-22T21:24:15+00:00\",\"author\":{\"@id\":\"https:\/\/portalnpm.com\/#\/schema\/person\/49313e563cfdefcc167f1ee4c017c294\"},\"breadcrumb\":{\"@id\":\"https:\/\/portalnpm.com\/index.php\/2020\/06\/22\/flamengo-confirma-negociacao-de-pablo-mari-em-definitivo-com-arsenal\/#breadcrumb\"},\"inLanguage\":\"pt-BR\",\"potentialAction\":[{\"@type\":\"ReadAction\",\"target\":[\"https:\/\/portalnpm.com\/index.php\/2020\/06\/22\/flamengo-confirma-negociacao-de-pablo-mari-em-definitivo-com-arsenal\/\"]}]},{\"@type\":\"ImageObject\",\"inLanguage\":\"pt-BR\",\"@id\":\"https:\/\/portalnpm.com\/index.php\/2020\/06\/22\/flamengo-confirma-negociacao-de-pablo-mari-em-definitivo-com-arsenal\/#primaryimage\",\"url\":\"https:\/\/portalnpm.com\/wp-content\/uploads\/2024\/01\/Screenshot_2020-06-22-16-47-15-1.png\",\"contentUrl\":\"https:\/\/portalnpm.com\/wp-content\/uploads\/2024\/01\/Screenshot_2020-06-22-16-47-15-1.png\",\"width\":596,\"height\":314},{\"@type\":\"BreadcrumbList\",\"@id\":\"https:\/\/portalnpm.com\/index.php\/2020\/06\/22\/flamengo-confirma-negociacao-de-pablo-mari-em-definitivo-com-arsenal\/#breadcrumb\",\"itemListElement\":[{\"@type\":\"ListItem\",\"position\":1,\"name\":\"In\u00edcio\",\"item\":\"https:\/\/portalnpm.com\/\"},{\"@type\":\"ListItem\",\"position\":2,\"name\":\"Flamengo confirma negocia\u00e7\u00e3o de Pablo Mar\u00ed em definitivo com Arsenal\"}]},{\"@type\":\"WebSite\",\"@id\":\"https:\/\/portalnpm.com\/#website\",\"url\":\"https:\/\/portalnpm.com\/\",\"name\":\"Portal NPM\",\"description\":\"Not\u00edcias em Primeira M\u00e3o\",\"potentialAction\":[{\"@type\":\"SearchAction\",\"target\":{\"@type\":\"EntryPoint\",\"urlTemplate\":\"https:\/\/portalnpm.com\/?s={search_term_string}\"},\"query-input\":\"required name=search_term_string\"}],\"inLanguage\":\"pt-BR\"},{\"@type\":\"Person\",\"@id\":\"https:\/\/portalnpm.com\/#\/schema\/person\/49313e563cfdefcc167f1ee4c017c294\",\"name\":\"Genival Barbosa\",\"image\":{\"@type\":\"ImageObject\",\"inLanguage\":\"pt-BR\",\"@id\":\"https:\/\/portalnpm.com\/#\/schema\/person\/image\/\",\"url\":\"https:\/\/portalnpm.com\/wp-content\/uploads\/2024\/02\/avatar_user_2_1707743258-96x96.jpeg\",\"contentUrl\":\"https:\/\/portalnpm.com\/wp-content\/uploads\/2024\/02\/avatar_user_2_1707743258-96x96.jpeg\",\"caption\":\"Genival Barbosa\"},\"url\":\"https:\/\/portalnpm.com\/index.php\/author\/genival\/\"}]}<\/script>\n<!-- \/ Yoast SEO plugin. -->","yoast_head_json":{"title":"Flamengo confirma negocia\u00e7\u00e3o de Pablo Mar\u00ed em definitivo com Arsenal","robots":{"index":"index","follow":"follow","max-snippet":"max-snippet:-1","max-image-preview":"max-image-preview:large","max-video-preview":"max-video-preview:-1"},"canonical":"https:\/\/portalnpm.com\/index.php\/2020\/06\/22\/flamengo-confirma-negociacao-de-pablo-mari-em-definitivo-com-arsenal\/","og_locale":"pt_BR","og_type":"article","og_title":"Flamengo confirma negocia\u00e7\u00e3o de Pablo Mar\u00ed em definitivo com Arsenal","og_description":"Com o contrato de Pablo Mar\u00ed por empr\u00e9stimo chegando ao fim, o Arsenal resolver exercer o direito de compra dos direitos econ\u00f4micos do jogador. Quem confirmou foi o vice de futebol do Flamengo, Marcos Braz, em entrevista \u00e0 \u201cCNN Brasil\u201d. \u201cO Mar\u00ed foi vendido, e n\u00e3o h\u00e1 mais questionamento sobre isso. Est\u00e1 resolvido. Na hora &hellip;","og_url":"https:\/\/portalnpm.com\/index.php\/2020\/06\/22\/flamengo-confirma-negociacao-de-pablo-mari-em-definitivo-com-arsenal\/","og_site_name":"Portal NPM","article_published_time":"2020-06-22T21:24:15+00:00","og_image":[{"width":596,"height":314,"url":"https:\/\/portalnpm.com\/wp-content\/uploads\/2024\/01\/Screenshot_2020-06-22-16-47-15-1.png","type":"image\/png"}],"author":"Genival Barbosa","twitter_card":"summary_large_image","twitter_misc":{"Escrito por":"Genival Barbosa","Est. tempo de leitura":"1 minuto"},"schema":{"@context":"https:\/\/schema.org","@graph":[{"@type":"WebPage","@id":"https:\/\/portalnpm.com\/index.php\/2020\/06\/22\/flamengo-confirma-negociacao-de-pablo-mari-em-definitivo-com-arsenal\/","url":"https:\/\/portalnpm.com\/index.php\/2020\/06\/22\/flamengo-confirma-negociacao-de-pablo-mari-em-definitivo-com-arsenal\/","name":"Flamengo confirma negocia\u00e7\u00e3o de Pablo Mar\u00ed em definitivo com Arsenal","isPartOf":{"@id":"https:\/\/portalnpm.com\/#website"},"primaryImageOfPage":{"@id":"https:\/\/portalnpm.com\/index.php\/2020\/06\/22\/flamengo-confirma-negociacao-de-pablo-mari-em-definitivo-com-arsenal\/#primaryimage"},"image":{"@id":"https:\/\/portalnpm.com\/index.php\/2020\/06\/22\/flamengo-confirma-negociacao-de-pablo-mari-em-definitivo-com-arsenal\/#primaryimage"},"thumbnailUrl":"https:\/\/portalnpm.com\/wp-content\/uploads\/2024\/01\/Screenshot_2020-06-22-16-47-15-1.png","datePublished":"2020-06-22T21:24:15+00:00","dateModified":"2020-06-22T21:24:15+00:00","author":{"@id":"https:\/\/portalnpm.com\/#\/schema\/person\/49313e563cfdefcc167f1ee4c017c294"},"breadcrumb":{"@id":"https:\/\/portalnpm.com\/index.php\/2020\/06\/22\/flamengo-confirma-negociacao-de-pablo-mari-em-definitivo-com-arsenal\/#breadcrumb"},"inLanguage":"pt-BR","potentialAction":[{"@type":"ReadAction","target":["https:\/\/portalnpm.com\/index.php\/2020\/06\/22\/flamengo-confirma-negociacao-de-pablo-mari-em-definitivo-com-arsenal\/"]}]},{"@type":"ImageObject","inLanguage":"pt-BR","@id":"https:\/\/portalnpm.com\/index.php\/2020\/06\/22\/flamengo-confirma-negociacao-de-pablo-mari-em-definitivo-com-arsenal\/#primaryimage","url":"https:\/\/portalnpm.com\/wp-content\/uploads\/2024\/01\/Screenshot_2020-06-22-16-47-15-1.png","contentUrl":"https:\/\/portalnpm.com\/wp-content\/uploads\/2024\/01\/Screenshot_2020-06-22-16-47-15-1.png","width":596,"height":314},{"@type":"BreadcrumbList","@id":"https:\/\/portalnpm.com\/index.php\/2020\/06\/22\/flamengo-confirma-negociacao-de-pablo-mari-em-definitivo-com-arsenal\/#breadcrumb","itemListElement":[{"@type":"ListItem","position":1,"name":"In\u00edcio","item":"https:\/\/portalnpm.com\/"},{"@type":"ListItem","position":2,"name":"Flamengo confirma negocia\u00e7\u00e3o de Pablo Mar\u00ed em definitivo com Arsenal"}]},{"@type":"WebSite","@id":"https:\/\/portalnpm.com\/#website","url":"https:\/\/portalnpm.com\/","name":"Portal NPM","description":"Not\u00edcias em Primeira M\u00e3o","potentialAction":[{"@type":"SearchAction","target":{"@type":"EntryPoint","urlTemplate":"https:\/\/portalnpm.com\/?s={search_term_string}"},"query-input":"required name=search_term_string"}],"inLanguage":"pt-BR"},{"@type":"Person","@id":"https:\/\/portalnpm.com\/#\/schema\/person\/49313e563cfdefcc167f1ee4c017c294","name":"Genival Barbosa","image":{"@type":"ImageObject","inLanguage":"pt-BR","@id":"https:\/\/portalnpm.com\/#\/schema\/person\/image\/","url":"https:\/\/portalnpm.com\/wp-content\/uploads\/2024\/02\/avatar_user_2_1707743258-96x96.jpeg","contentUrl":"https:\/\/portalnpm.com\/wp-content\/uploads\/2024\/02\/avatar_user_2_1707743258-96x96.jpeg","caption":"Genival Barbosa"},"url":"https:\/\/portalnpm.com\/index.php\/author\/genival\/"}]}},"jetpack_sharing_enabled":true,"jetpack_featured_media_url":"https:\/\/portalnpm.com\/wp-content\/uploads\/2024\/01\/Screenshot_2020-06-22-16-47-15-1.png","_links":{"self":[{"href":"https:\/\/portalnpm.com\/index.php\/wp-json\/wp\/v2\/posts\/53597"}],"collection":[{"href":"https:\/\/portalnpm.com\/index.php\/wp-json\/wp\/v2\/posts"}],"about":[{"href":"https:\/\/portalnpm.com\/index.php\/wp-json\/wp\/v2\/types\/post"}],"author":[{"embeddable":true,"href":"https:\/\/portalnpm.com\/index.php\/wp-json\/wp\/v2\/users\/2"}],"replies":[{"embeddable":true,"href":"https:\/\/portalnpm.com\/index.php\/wp-json\/wp\/v2\/comments?post=53597"}],"version-history":[{"count":0,"href":"https:\/\/portalnpm.com\/index.php\/wp-json\/wp\/v2\/posts\/53597\/revisions"}],"wp:featuredmedia":[{"embeddable":true,"href":"https:\/\/portalnpm.com\/index.php\/wp-json\/wp\/v2\/media\/53598"}],"wp:attachment":[{"href":"https:\/\/portalnpm.com\/index.php\/wp-json\/wp\/v2\/media?parent=53597"}],"wp:term":[{"taxonomy":"category","embeddable":true,"href":"https:\/\/portalnpm.com\/index.php\/wp-json\/wp\/v2\/categories?post=53597"},{"taxonomy":"post_tag","embeddable":true,"href":"https:\/\/portalnpm.com\/index.php\/wp-json\/wp\/v2\/tags?post=53597"}],"curies":[{"name":"wp","href":"https:\/\/api.w.org\/{rel}","templated":true}]}}