{"id":53601,"date":"2020-06-22T19:23:43","date_gmt":"2020-06-22T22:23:43","guid":{"rendered":"https:\/\/portalnpm.com\/index.php\/2020\/06\/22\/governo-nao-tem-condicoes-de-manter-auxilio-emergencial-no-valor-de-r-600-diz-bolsonaro\/"},"modified":"2020-06-22T19:23:43","modified_gmt":"2020-06-22T22:23:43","slug":"governo-nao-tem-condicoes-de-manter-auxilio-emergencial-no-valor-de-r-600-diz-bolsonaro","status":"publish","type":"post","link":"https:\/\/portalnpm.com\/index.php\/2020\/06\/22\/governo-nao-tem-condicoes-de-manter-auxilio-emergencial-no-valor-de-r-600-diz-bolsonaro\/","title":{"rendered":"Governo n\u00e3o tem condi\u00e7\u00f5es de manter aux\u00edlio emergencial no valor de R$ 600, diz Bolsonaro"},"content":{"rendered":"<p style=\"text-align: justify;\">O presidente Jair Bolsonaro (sem partido) afirmou nesta segunda-feira que o governo vai negociar com a C\u00e2mara e com o Senado um novo valor para a quarta e a quinta parcelas do aux\u00edlio emergencial repassado pela Uni\u00e3o durante a pandemia do novo coronav\u00edrus, mas ressalvou que n\u00e3o tem como se bancar a manuten\u00e7\u00e3o da ajuda no valor atual de 600.<\/p>\n<p style=\"text-align: justify;\">\n<p style=\"text-align: justify;\">&#8220;Uni\u00e3o n\u00e3o aguenta outro desse mesmo montante que por m\u00eas nos custa cerca de 50 bilh\u00f5es de reais. Se o pa\u00eds se endividar demais, vamos ter problema&#8221;, disse o presidente, em entrevista ap\u00f3s evento de lan\u00e7amento do canal de TV Agromais, da Bandeirantes.<\/p>\n<p style=\"text-align: justify;\">&#8220;Vai ser negociado com a C\u00e2mara, presidente da C\u00e2mara, presidente do Senado, um valor um pouco mais baixo e prorrogar por mais dois meses talvez a gente suporte, mas n\u00e3o o valor cheio de 600 reais&#8221;, completou.<\/p>\n<p style=\"text-align: justify;\">O presidente da C\u00e2mara, Rodrigo Maia (DEM-RJ), j\u00e1 defendeu publicamente a manuten\u00e7\u00e3o do valor de 600 reais nas futuras parcelas do aux\u00edlio emergencial.<\/p>\n<p style=\"text-align: justify;\">Bolsonaro defendeu a aprova\u00e7\u00e3o do novo marco do saneamento, citando essa quest\u00e3o como a &#8220;mais importante neste momento&#8221; em tramita\u00e7\u00e3o no Congresso.<\/p>\n<p style=\"text-align: justify;\">Ele citou que o pa\u00eds tem quase 100 milh\u00f5es de pessoas que n\u00e3o tem \u00e1gua encanada e esgoto. Para ele, ao se melhorar essa quest\u00e3o, se d\u00e1 um al\u00edvio em rela\u00e7\u00e3o \u00e0 sa\u00fade diante de doen\u00e7as relacionadas ao saneamento.<\/p>\n<p style=\"text-align: justify;\"><strong>***Por Ricardo Brito, da Reuters Yahoo Not\u00edcias<\/strong><\/p>\n","protected":false},"excerpt":{"rendered":"<p>O presidente Jair Bolsonaro (sem partido) afirmou nesta segunda-feira que o governo vai negociar com a C\u00e2mara e com o Senado um novo valor para a quarta e a quinta parcelas do aux\u00edlio emergencial repassado pela Uni\u00e3o durante a pandemia do novo coronav\u00edrus, mas ressalvou que n\u00e3o tem como se bancar a manuten\u00e7\u00e3o da ajuda &hellip;<\/p>\n","protected":false},"author":2,"featured_media":53602,"comment_status":"open","ping_status":"open","sticky":false,"template":"","format":"standard","meta":{"content-type":"","rop_custom_images_group":[],"rop_custom_messages_group":[],"rop_publish_now":"initial","rop_publish_now_accounts":{"facebook_2648258775420054_1618374048415101":""},"rop_publish_now_history":[],"rop_publish_now_status":"pending","footnotes":"","_jetpack_memberships_contains_paid_content":false},"categories":[113,414],"tags":[2966,680,1696,3933,524,2183],"yoast_head":"<!-- This site is optimized with the Yoast SEO plugin v22.3 - https:\/\/yoast.com\/wordpress\/plugins\/seo\/ -->\n<title>Governo n\u00e3o tem condi\u00e7\u00f5es de manter aux\u00edlio emergencial no valor de R$ 600, diz Bolsonaro<\/title>\n<meta name=\"robots\" content=\"index, follow, max-snippet:-1, max-image-preview:large, max-video-preview:-1\" \/>\n<link rel=\"canonical\" href=\"https:\/\/portalnpm.com\/index.php\/2020\/06\/22\/governo-nao-tem-condicoes-de-manter-auxilio-emergencial-no-valor-de-r-600-diz-bolsonaro\/\" \/>\n<meta property=\"og:locale\" content=\"pt_BR\" \/>\n<meta property=\"og:type\" content=\"article\" \/>\n<meta property=\"og:title\" content=\"Governo n\u00e3o tem condi\u00e7\u00f5es de manter aux\u00edlio emergencial no valor de R$ 600, diz Bolsonaro\" \/>\n<meta property=\"og:description\" content=\"O presidente Jair Bolsonaro (sem partido) afirmou nesta segunda-feira que o governo vai negociar com a C\u00e2mara e com o Senado um novo valor para a quarta e a quinta parcelas do aux\u00edlio emergencial repassado pela Uni\u00e3o durante a pandemia do novo coronav\u00edrus, mas ressalvou que n\u00e3o tem como se bancar a manuten\u00e7\u00e3o da ajuda &hellip;\" \/>\n<meta property=\"og:url\" content=\"https:\/\/portalnpm.com\/index.php\/2020\/06\/22\/governo-nao-tem-condicoes-de-manter-auxilio-emergencial-no-valor-de-r-600-diz-bolsonaro\/\" \/>\n<meta property=\"og:site_name\" content=\"Portal NPM\" \/>\n<meta property=\"article:published_time\" content=\"2020-06-22T22:23:43+00:00\" \/>\n<meta property=\"og:image\" content=\"https:\/\/portalnpm.com\/wp-content\/uploads\/2024\/01\/2505e780-9195-11ea-bd9f-57984676d3d7.jpeg\" \/>\n\t<meta property=\"og:image:width\" content=\"639\" \/>\n\t<meta property=\"og:image:height\" content=\"426\" \/>\n\t<meta property=\"og:image:type\" content=\"image\/jpeg\" \/>\n<meta name=\"author\" content=\"Genival Barbosa\" \/>\n<meta name=\"twitter:card\" content=\"summary_large_image\" \/>\n<meta name=\"twitter:label1\" content=\"Escrito por\" \/>\n\t<meta name=\"twitter:data1\" content=\"Genival Barbosa\" \/>\n\t<meta name=\"twitter:label2\" content=\"Est. tempo de leitura\" \/>\n\t<meta name=\"twitter:data2\" content=\"1 minuto\" \/>\n<script type=\"application\/ld+json\" class=\"yoast-schema-graph\">{\"@context\":\"https:\/\/schema.org\",\"@graph\":[{\"@type\":\"WebPage\",\"@id\":\"https:\/\/portalnpm.com\/index.php\/2020\/06\/22\/governo-nao-tem-condicoes-de-manter-auxilio-emergencial-no-valor-de-r-600-diz-bolsonaro\/\",\"url\":\"https:\/\/portalnpm.com\/index.php\/2020\/06\/22\/governo-nao-tem-condicoes-de-manter-auxilio-emergencial-no-valor-de-r-600-diz-bolsonaro\/\",\"name\":\"Governo n\u00e3o tem condi\u00e7\u00f5es de manter aux\u00edlio emergencial no valor de R$ 600, diz Bolsonaro\",\"isPartOf\":{\"@id\":\"https:\/\/portalnpm.com\/#website\"},\"primaryImageOfPage\":{\"@id\":\"https:\/\/portalnpm.com\/index.php\/2020\/06\/22\/governo-nao-tem-condicoes-de-manter-auxilio-emergencial-no-valor-de-r-600-diz-bolsonaro\/#primaryimage\"},\"image\":{\"@id\":\"https:\/\/portalnpm.com\/index.php\/2020\/06\/22\/governo-nao-tem-condicoes-de-manter-auxilio-emergencial-no-valor-de-r-600-diz-bolsonaro\/#primaryimage\"},\"thumbnailUrl\":\"https:\/\/portalnpm.com\/wp-content\/uploads\/2024\/01\/2505e780-9195-11ea-bd9f-57984676d3d7.jpeg\",\"datePublished\":\"2020-06-22T22:23:43+00:00\",\"dateModified\":\"2020-06-22T22:23:43+00:00\",\"author\":{\"@id\":\"https:\/\/portalnpm.com\/#\/schema\/person\/49313e563cfdefcc167f1ee4c017c294\"},\"breadcrumb\":{\"@id\":\"https:\/\/portalnpm.com\/index.php\/2020\/06\/22\/governo-nao-tem-condicoes-de-manter-auxilio-emergencial-no-valor-de-r-600-diz-bolsonaro\/#breadcrumb\"},\"inLanguage\":\"pt-BR\",\"potentialAction\":[{\"@type\":\"ReadAction\",\"target\":[\"https:\/\/portalnpm.com\/index.php\/2020\/06\/22\/governo-nao-tem-condicoes-de-manter-auxilio-emergencial-no-valor-de-r-600-diz-bolsonaro\/\"]}]},{\"@type\":\"ImageObject\",\"inLanguage\":\"pt-BR\",\"@id\":\"https:\/\/portalnpm.com\/index.php\/2020\/06\/22\/governo-nao-tem-condicoes-de-manter-auxilio-emergencial-no-valor-de-r-600-diz-bolsonaro\/#primaryimage\",\"url\":\"https:\/\/portalnpm.com\/wp-content\/uploads\/2024\/01\/2505e780-9195-11ea-bd9f-57984676d3d7.jpeg\",\"contentUrl\":\"https:\/\/portalnpm.com\/wp-content\/uploads\/2024\/01\/2505e780-9195-11ea-bd9f-57984676d3d7.jpeg\",\"width\":639,\"height\":426},{\"@type\":\"BreadcrumbList\",\"@id\":\"https:\/\/portalnpm.com\/index.php\/2020\/06\/22\/governo-nao-tem-condicoes-de-manter-auxilio-emergencial-no-valor-de-r-600-diz-bolsonaro\/#breadcrumb\",\"itemListElement\":[{\"@type\":\"ListItem\",\"position\":1,\"name\":\"In\u00edcio\",\"item\":\"https:\/\/portalnpm.com\/\"},{\"@type\":\"ListItem\",\"position\":2,\"name\":\"Governo n\u00e3o tem condi\u00e7\u00f5es de manter aux\u00edlio emergencial no valor de R$ 600, diz Bolsonaro\"}]},{\"@type\":\"WebSite\",\"@id\":\"https:\/\/portalnpm.com\/#website\",\"url\":\"https:\/\/portalnpm.com\/\",\"name\":\"Portal NPM\",\"description\":\"Not\u00edcias em Primeira M\u00e3o\",\"potentialAction\":[{\"@type\":\"SearchAction\",\"target\":{\"@type\":\"EntryPoint\",\"urlTemplate\":\"https:\/\/portalnpm.com\/?s={search_term_string}\"},\"query-input\":\"required name=search_term_string\"}],\"inLanguage\":\"pt-BR\"},{\"@type\":\"Person\",\"@id\":\"https:\/\/portalnpm.com\/#\/schema\/person\/49313e563cfdefcc167f1ee4c017c294\",\"name\":\"Genival Barbosa\",\"image\":{\"@type\":\"ImageObject\",\"inLanguage\":\"pt-BR\",\"@id\":\"https:\/\/portalnpm.com\/#\/schema\/person\/image\/\",\"url\":\"https:\/\/portalnpm.com\/wp-content\/uploads\/2024\/02\/avatar_user_2_1707743258-96x96.jpeg\",\"contentUrl\":\"https:\/\/portalnpm.com\/wp-content\/uploads\/2024\/02\/avatar_user_2_1707743258-96x96.jpeg\",\"caption\":\"Genival Barbosa\"},\"url\":\"https:\/\/portalnpm.com\/index.php\/author\/genival\/\"}]}<\/script>\n<!-- \/ Yoast SEO plugin. -->","yoast_head_json":{"title":"Governo n\u00e3o tem condi\u00e7\u00f5es de manter aux\u00edlio emergencial no valor de R$ 600, diz Bolsonaro","robots":{"index":"index","follow":"follow","max-snippet":"max-snippet:-1","max-image-preview":"max-image-preview:large","max-video-preview":"max-video-preview:-1"},"canonical":"https:\/\/portalnpm.com\/index.php\/2020\/06\/22\/governo-nao-tem-condicoes-de-manter-auxilio-emergencial-no-valor-de-r-600-diz-bolsonaro\/","og_locale":"pt_BR","og_type":"article","og_title":"Governo n\u00e3o tem condi\u00e7\u00f5es de manter aux\u00edlio emergencial no valor de R$ 600, diz Bolsonaro","og_description":"O presidente Jair Bolsonaro (sem partido) afirmou nesta segunda-feira que o governo vai negociar com a C\u00e2mara e com o Senado um novo valor para a quarta e a quinta parcelas do aux\u00edlio emergencial repassado pela Uni\u00e3o durante a pandemia do novo coronav\u00edrus, mas ressalvou que n\u00e3o tem como se bancar a manuten\u00e7\u00e3o da ajuda &hellip;","og_url":"https:\/\/portalnpm.com\/index.php\/2020\/06\/22\/governo-nao-tem-condicoes-de-manter-auxilio-emergencial-no-valor-de-r-600-diz-bolsonaro\/","og_site_name":"Portal NPM","article_published_time":"2020-06-22T22:23:43+00:00","og_image":[{"width":639,"height":426,"url":"https:\/\/portalnpm.com\/wp-content\/uploads\/2024\/01\/2505e780-9195-11ea-bd9f-57984676d3d7.jpeg","type":"image\/jpeg"}],"author":"Genival Barbosa","twitter_card":"summary_large_image","twitter_misc":{"Escrito por":"Genival Barbosa","Est. tempo de leitura":"1 minuto"},"schema":{"@context":"https:\/\/schema.org","@graph":[{"@type":"WebPage","@id":"https:\/\/portalnpm.com\/index.php\/2020\/06\/22\/governo-nao-tem-condicoes-de-manter-auxilio-emergencial-no-valor-de-r-600-diz-bolsonaro\/","url":"https:\/\/portalnpm.com\/index.php\/2020\/06\/22\/governo-nao-tem-condicoes-de-manter-auxilio-emergencial-no-valor-de-r-600-diz-bolsonaro\/","name":"Governo n\u00e3o tem condi\u00e7\u00f5es de manter aux\u00edlio emergencial no valor de R$ 600, diz Bolsonaro","isPartOf":{"@id":"https:\/\/portalnpm.com\/#website"},"primaryImageOfPage":{"@id":"https:\/\/portalnpm.com\/index.php\/2020\/06\/22\/governo-nao-tem-condicoes-de-manter-auxilio-emergencial-no-valor-de-r-600-diz-bolsonaro\/#primaryimage"},"image":{"@id":"https:\/\/portalnpm.com\/index.php\/2020\/06\/22\/governo-nao-tem-condicoes-de-manter-auxilio-emergencial-no-valor-de-r-600-diz-bolsonaro\/#primaryimage"},"thumbnailUrl":"https:\/\/portalnpm.com\/wp-content\/uploads\/2024\/01\/2505e780-9195-11ea-bd9f-57984676d3d7.jpeg","datePublished":"2020-06-22T22:23:43+00:00","dateModified":"2020-06-22T22:23:43+00:00","author":{"@id":"https:\/\/portalnpm.com\/#\/schema\/person\/49313e563cfdefcc167f1ee4c017c294"},"breadcrumb":{"@id":"https:\/\/portalnpm.com\/index.php\/2020\/06\/22\/governo-nao-tem-condicoes-de-manter-auxilio-emergencial-no-valor-de-r-600-diz-bolsonaro\/#breadcrumb"},"inLanguage":"pt-BR","potentialAction":[{"@type":"ReadAction","target":["https:\/\/portalnpm.com\/index.php\/2020\/06\/22\/governo-nao-tem-condicoes-de-manter-auxilio-emergencial-no-valor-de-r-600-diz-bolsonaro\/"]}]},{"@type":"ImageObject","inLanguage":"pt-BR","@id":"https:\/\/portalnpm.com\/index.php\/2020\/06\/22\/governo-nao-tem-condicoes-de-manter-auxilio-emergencial-no-valor-de-r-600-diz-bolsonaro\/#primaryimage","url":"https:\/\/portalnpm.com\/wp-content\/uploads\/2024\/01\/2505e780-9195-11ea-bd9f-57984676d3d7.jpeg","contentUrl":"https:\/\/portalnpm.com\/wp-content\/uploads\/2024\/01\/2505e780-9195-11ea-bd9f-57984676d3d7.jpeg","width":639,"height":426},{"@type":"BreadcrumbList","@id":"https:\/\/portalnpm.com\/index.php\/2020\/06\/22\/governo-nao-tem-condicoes-de-manter-auxilio-emergencial-no-valor-de-r-600-diz-bolsonaro\/#breadcrumb","itemListElement":[{"@type":"ListItem","position":1,"name":"In\u00edcio","item":"https:\/\/portalnpm.com\/"},{"@type":"ListItem","position":2,"name":"Governo n\u00e3o tem condi\u00e7\u00f5es de manter aux\u00edlio emergencial no valor de R$ 600, diz Bolsonaro"}]},{"@type":"WebSite","@id":"https:\/\/portalnpm.com\/#website","url":"https:\/\/portalnpm.com\/","name":"Portal NPM","description":"Not\u00edcias em Primeira M\u00e3o","potentialAction":[{"@type":"SearchAction","target":{"@type":"EntryPoint","urlTemplate":"https:\/\/portalnpm.com\/?s={search_term_string}"},"query-input":"required name=search_term_string"}],"inLanguage":"pt-BR"},{"@type":"Person","@id":"https:\/\/portalnpm.com\/#\/schema\/person\/49313e563cfdefcc167f1ee4c017c294","name":"Genival Barbosa","image":{"@type":"ImageObject","inLanguage":"pt-BR","@id":"https:\/\/portalnpm.com\/#\/schema\/person\/image\/","url":"https:\/\/portalnpm.com\/wp-content\/uploads\/2024\/02\/avatar_user_2_1707743258-96x96.jpeg","contentUrl":"https:\/\/portalnpm.com\/wp-content\/uploads\/2024\/02\/avatar_user_2_1707743258-96x96.jpeg","caption":"Genival Barbosa"},"url":"https:\/\/portalnpm.com\/index.php\/author\/genival\/"}]}},"jetpack_sharing_enabled":true,"jetpack_featured_media_url":"https:\/\/portalnpm.com\/wp-content\/uploads\/2024\/01\/2505e780-9195-11ea-bd9f-57984676d3d7.jpeg","_links":{"self":[{"href":"https:\/\/portalnpm.com\/index.php\/wp-json\/wp\/v2\/posts\/53601"}],"collection":[{"href":"https:\/\/portalnpm.com\/index.php\/wp-json\/wp\/v2\/posts"}],"about":[{"href":"https:\/\/portalnpm.com\/index.php\/wp-json\/wp\/v2\/types\/post"}],"author":[{"embeddable":true,"href":"https:\/\/portalnpm.com\/index.php\/wp-json\/wp\/v2\/users\/2"}],"replies":[{"embeddable":true,"href":"https:\/\/portalnpm.com\/index.php\/wp-json\/wp\/v2\/comments?post=53601"}],"version-history":[{"count":0,"href":"https:\/\/portalnpm.com\/index.php\/wp-json\/wp\/v2\/posts\/53601\/revisions"}],"wp:featuredmedia":[{"embeddable":true,"href":"https:\/\/portalnpm.com\/index.php\/wp-json\/wp\/v2\/media\/53602"}],"wp:attachment":[{"href":"https:\/\/portalnpm.com\/index.php\/wp-json\/wp\/v2\/media?parent=53601"}],"wp:term":[{"taxonomy":"category","embeddable":true,"href":"https:\/\/portalnpm.com\/index.php\/wp-json\/wp\/v2\/categories?post=53601"},{"taxonomy":"post_tag","embeddable":true,"href":"https:\/\/portalnpm.com\/index.php\/wp-json\/wp\/v2\/tags?post=53601"}],"curies":[{"name":"wp","href":"https:\/\/api.w.org\/{rel}","templated":true}]}}