{"id":53676,"date":"2020-06-24T22:32:50","date_gmt":"2020-06-25T01:32:50","guid":{"rendered":"https:\/\/portalnpm.com\/index.php\/2020\/06\/24\/saude-de-picos-anuncia-mais-um-obito-por-coronavirus-e-23-novos-casos-confirmados\/"},"modified":"2024-01-15T18:47:44","modified_gmt":"2024-01-15T21:47:44","slug":"saude-de-picos-anuncia-mais-um-obito-por-coronavirus-e-23-novos-casos-confirmados","status":"publish","type":"post","link":"https:\/\/portalnpm.com\/index.php\/2020\/06\/24\/saude-de-picos-anuncia-mais-um-obito-por-coronavirus-e-23-novos-casos-confirmados\/","title":{"rendered":"Sa\u00fade de Picos anuncia mais um \u00f3bito por coronav\u00edrus e 23 novos casos confirmados"},"content":{"rendered":"<p><p style=\"text-align: justify;\">A Secretaria Municipal de Sa&uacute;de de Picos, divulgou nesta quarta-feira (24), mais um boletim informativo sobre o avan&ccedil;o do novo coronav&iacute;rus, apresentando todos os dados referente ao levantamento das &uacute;ltimas 24 horas, atrav&eacute;s da Coordena&ccedil;&atilde;o de Vigil&acirc;ncia Epidemiol&oacute;gica.<\/p>\n<p style=\"text-align: justify;\">\n<p style=\"text-align: justify;\">Neste boletim de hoje, foi anunciado o oitavo &oacute;bito por coronav&iacute;rus, pois trata-se de uma pessoa da cidade de Picos. O n&uacute;mero de novos casos confirmados tamb&eacute;m aumentou.<\/p>\n<p style=\"text-align: justify;\">Hoje pela manh&atilde;, o Secret&aacute;rio Municipal de Sa&uacute;de de Picos, J&uacute;nior Santos, falou sobre o trabalho que a equipe de enfrentamento ao Covid-19 vem desenvolvendo no munic&iacute;pio ao longo dessa pandemia, com isolamento social, o que tem feito com que o n&uacute;mero de pessoas infectadas pela doen&ccedil;a esteja dentro da proje&ccedil;&atilde;o e bem abaixo do que seria se n&atilde;o tivesse tomado algumas provid&ecirc;ncias necess&aacute;rias, disse ele.<\/p>\n<p style=\"text-align: justify;\">J&uacute;nior Santos destacou ainda que o n&uacute;mero apresentado diariamente atrav&eacute;s do boletim da Secretaria Municipal de Sa&uacute;de, mostra a situa&ccedil;&atilde;o real do n&uacute;mero de casos na cidade, que segundo ele, s&atilde;o n&uacute;meros considerados baixos, se relacionados ao n&uacute;mero populacional de Picos.<\/p>\n<p style=\"text-align: justify;\">De acordo com o novo levantamento, Picos registrou mais 23 casos novos de Covid-19, com 150 pessoas j&aacute; recuperadas e agora 08 &oacute;bitos. O total geral agora de caos confirmados s&atilde;o 479.<\/p>\n<p style=\"text-align: justify;\"><strong>Boletim Informativo da Secretaria Municipal de Sa&uacute;de de Picos<\/strong><\/p>\n<figure id=\"attachment_21545\" aria-describedby=\"caption-attachment-21545\" style=\"width: 960px\" class=\"wp-caption alignnone\"><img fetchpriority=\"high\" decoding=\"async\" class=\"size-full wp-image-21545\" src=\"https:\/\/portalnpm.com\/wp-content\/uploads\/2024\/01\/de59cd2a-685c-4311-b715-f44003c28ed6.jpg\" alt=\"\" width=\"960\" height=\"1200\"><figcaption id=\"caption-attachment-21545\" class=\"wp-caption-text\">At&eacute; agora o munic&iacute;pio de Picos j&aacute; registrou 479 casos de covid-19 e 08 &oacute;bitos.<\/figcaption><\/figure>\n<p style=\"text-align: justify;\">\nFonte: Agoraed<\/p><\/p>\n","protected":false},"excerpt":{"rendered":"<p>A Secretaria Municipal de Sa&uacute;de de Picos, divulgou nesta quarta-feira (24), mais um boletim informativo sobre o avan&ccedil;o do novo coronav&iacute;rus, apresentando todos os dados referente ao levantamento das &uacute;ltimas 24 horas, atrav&eacute;s da Coordena&ccedil;&atilde;o de Vigil&acirc;ncia Epidemiol&oacute;gica. Neste boletim de hoje, foi anunciado o oitavo &oacute;bito por coronav&iacute;rus, pois trata-se de uma pessoa da &hellip;<\/p>\n","protected":false},"author":2,"featured_media":53677,"comment_status":"open","ping_status":"open","sticky":false,"template":"","format":"standard","meta":{"content-type":"","rop_custom_images_group":[],"rop_custom_messages_group":[],"rop_publish_now":"initial","rop_publish_now_accounts":{"facebook_2648258775420054_1618374048415101":""},"rop_publish_now_history":[],"rop_publish_now_status":"pending","footnotes":"","_jetpack_memberships_contains_paid_content":false},"categories":[109,127],"tags":[857,3915,1912,128],"yoast_head":"<!-- This site is optimized with the Yoast SEO plugin v22.3 - https:\/\/yoast.com\/wordpress\/plugins\/seo\/ -->\n<title>Sa\u00fade de Picos anuncia mais um \u00f3bito por coronav\u00edrus e 23 novos casos confirmados<\/title>\n<meta name=\"robots\" content=\"index, follow, max-snippet:-1, max-image-preview:large, max-video-preview:-1\" \/>\n<link rel=\"canonical\" href=\"https:\/\/portalnpm.com\/index.php\/2020\/06\/24\/saude-de-picos-anuncia-mais-um-obito-por-coronavirus-e-23-novos-casos-confirmados\/\" \/>\n<meta property=\"og:locale\" content=\"pt_BR\" \/>\n<meta property=\"og:type\" content=\"article\" \/>\n<meta property=\"og:title\" content=\"Sa\u00fade de Picos anuncia mais um \u00f3bito por coronav\u00edrus e 23 novos casos confirmados\" \/>\n<meta property=\"og:description\" content=\"A Secretaria Municipal de Sa&uacute;de de Picos, divulgou nesta quarta-feira (24), mais um boletim informativo sobre o avan&ccedil;o do novo coronav&iacute;rus, apresentando todos os dados referente ao levantamento das &uacute;ltimas 24 horas, atrav&eacute;s da Coordena&ccedil;&atilde;o de Vigil&acirc;ncia Epidemiol&oacute;gica. Neste boletim de hoje, foi anunciado o oitavo &oacute;bito por coronav&iacute;rus, pois trata-se de uma pessoa da &hellip;\" \/>\n<meta property=\"og:url\" content=\"https:\/\/portalnpm.com\/index.php\/2020\/06\/24\/saude-de-picos-anuncia-mais-um-obito-por-coronavirus-e-23-novos-casos-confirmados\/\" \/>\n<meta property=\"og:site_name\" content=\"Portal NPM\" \/>\n<meta property=\"article:published_time\" content=\"2020-06-25T01:32:50+00:00\" \/>\n<meta property=\"article:modified_time\" content=\"2024-01-15T21:47:44+00:00\" \/>\n<meta property=\"og:image\" content=\"https:\/\/portalnpm.com\/wp-content\/uploads\/2024\/01\/78ee6f790a66a0af408f6a1139d6.jpg\" \/>\n\t<meta property=\"og:image:width\" content=\"800\" \/>\n\t<meta property=\"og:image:height\" content=\"532\" \/>\n\t<meta property=\"og:image:type\" content=\"image\/jpeg\" \/>\n<meta name=\"author\" content=\"Genival Barbosa\" \/>\n<meta name=\"twitter:card\" content=\"summary_large_image\" \/>\n<meta name=\"twitter:label1\" content=\"Escrito por\" \/>\n\t<meta name=\"twitter:data1\" content=\"Genival Barbosa\" \/>\n\t<meta name=\"twitter:label2\" content=\"Est. tempo de leitura\" \/>\n\t<meta name=\"twitter:data2\" content=\"2 minutos\" \/>\n<script type=\"application\/ld+json\" class=\"yoast-schema-graph\">{\"@context\":\"https:\/\/schema.org\",\"@graph\":[{\"@type\":\"WebPage\",\"@id\":\"https:\/\/portalnpm.com\/index.php\/2020\/06\/24\/saude-de-picos-anuncia-mais-um-obito-por-coronavirus-e-23-novos-casos-confirmados\/\",\"url\":\"https:\/\/portalnpm.com\/index.php\/2020\/06\/24\/saude-de-picos-anuncia-mais-um-obito-por-coronavirus-e-23-novos-casos-confirmados\/\",\"name\":\"Sa\u00fade de Picos anuncia mais um \u00f3bito por coronav\u00edrus e 23 novos casos confirmados\",\"isPartOf\":{\"@id\":\"https:\/\/portalnpm.com\/#website\"},\"primaryImageOfPage\":{\"@id\":\"https:\/\/portalnpm.com\/index.php\/2020\/06\/24\/saude-de-picos-anuncia-mais-um-obito-por-coronavirus-e-23-novos-casos-confirmados\/#primaryimage\"},\"image\":{\"@id\":\"https:\/\/portalnpm.com\/index.php\/2020\/06\/24\/saude-de-picos-anuncia-mais-um-obito-por-coronavirus-e-23-novos-casos-confirmados\/#primaryimage\"},\"thumbnailUrl\":\"https:\/\/portalnpm.com\/wp-content\/uploads\/2024\/01\/78ee6f790a66a0af408f6a1139d6.jpg\",\"datePublished\":\"2020-06-25T01:32:50+00:00\",\"dateModified\":\"2024-01-15T21:47:44+00:00\",\"author\":{\"@id\":\"https:\/\/portalnpm.com\/#\/schema\/person\/49313e563cfdefcc167f1ee4c017c294\"},\"breadcrumb\":{\"@id\":\"https:\/\/portalnpm.com\/index.php\/2020\/06\/24\/saude-de-picos-anuncia-mais-um-obito-por-coronavirus-e-23-novos-casos-confirmados\/#breadcrumb\"},\"inLanguage\":\"pt-BR\",\"potentialAction\":[{\"@type\":\"ReadAction\",\"target\":[\"https:\/\/portalnpm.com\/index.php\/2020\/06\/24\/saude-de-picos-anuncia-mais-um-obito-por-coronavirus-e-23-novos-casos-confirmados\/\"]}]},{\"@type\":\"ImageObject\",\"inLanguage\":\"pt-BR\",\"@id\":\"https:\/\/portalnpm.com\/index.php\/2020\/06\/24\/saude-de-picos-anuncia-mais-um-obito-por-coronavirus-e-23-novos-casos-confirmados\/#primaryimage\",\"url\":\"https:\/\/portalnpm.com\/wp-content\/uploads\/2024\/01\/78ee6f790a66a0af408f6a1139d6.jpg\",\"contentUrl\":\"https:\/\/portalnpm.com\/wp-content\/uploads\/2024\/01\/78ee6f790a66a0af408f6a1139d6.jpg\",\"width\":800,\"height\":532},{\"@type\":\"BreadcrumbList\",\"@id\":\"https:\/\/portalnpm.com\/index.php\/2020\/06\/24\/saude-de-picos-anuncia-mais-um-obito-por-coronavirus-e-23-novos-casos-confirmados\/#breadcrumb\",\"itemListElement\":[{\"@type\":\"ListItem\",\"position\":1,\"name\":\"In\u00edcio\",\"item\":\"https:\/\/portalnpm.com\/\"},{\"@type\":\"ListItem\",\"position\":2,\"name\":\"Sa\u00fade de Picos anuncia mais um \u00f3bito por coronav\u00edrus e 23 novos casos confirmados\"}]},{\"@type\":\"WebSite\",\"@id\":\"https:\/\/portalnpm.com\/#website\",\"url\":\"https:\/\/portalnpm.com\/\",\"name\":\"Portal NPM\",\"description\":\"Not\u00edcias em Primeira M\u00e3o\",\"potentialAction\":[{\"@type\":\"SearchAction\",\"target\":{\"@type\":\"EntryPoint\",\"urlTemplate\":\"https:\/\/portalnpm.com\/?s={search_term_string}\"},\"query-input\":\"required name=search_term_string\"}],\"inLanguage\":\"pt-BR\"},{\"@type\":\"Person\",\"@id\":\"https:\/\/portalnpm.com\/#\/schema\/person\/49313e563cfdefcc167f1ee4c017c294\",\"name\":\"Genival Barbosa\",\"image\":{\"@type\":\"ImageObject\",\"inLanguage\":\"pt-BR\",\"@id\":\"https:\/\/portalnpm.com\/#\/schema\/person\/image\/\",\"url\":\"https:\/\/portalnpm.com\/wp-content\/uploads\/2024\/02\/avatar_user_2_1707743258-96x96.jpeg\",\"contentUrl\":\"https:\/\/portalnpm.com\/wp-content\/uploads\/2024\/02\/avatar_user_2_1707743258-96x96.jpeg\",\"caption\":\"Genival Barbosa\"},\"url\":\"https:\/\/portalnpm.com\/index.php\/author\/genival\/\"}]}<\/script>\n<!-- \/ Yoast SEO plugin. -->","yoast_head_json":{"title":"Sa\u00fade de Picos anuncia mais um \u00f3bito por coronav\u00edrus e 23 novos casos confirmados","robots":{"index":"index","follow":"follow","max-snippet":"max-snippet:-1","max-image-preview":"max-image-preview:large","max-video-preview":"max-video-preview:-1"},"canonical":"https:\/\/portalnpm.com\/index.php\/2020\/06\/24\/saude-de-picos-anuncia-mais-um-obito-por-coronavirus-e-23-novos-casos-confirmados\/","og_locale":"pt_BR","og_type":"article","og_title":"Sa\u00fade de Picos anuncia mais um \u00f3bito por coronav\u00edrus e 23 novos casos confirmados","og_description":"A Secretaria Municipal de Sa&uacute;de de Picos, divulgou nesta quarta-feira (24), mais um boletim informativo sobre o avan&ccedil;o do novo coronav&iacute;rus, apresentando todos os dados referente ao levantamento das &uacute;ltimas 24 horas, atrav&eacute;s da Coordena&ccedil;&atilde;o de Vigil&acirc;ncia Epidemiol&oacute;gica. Neste boletim de hoje, foi anunciado o oitavo &oacute;bito por coronav&iacute;rus, pois trata-se de uma pessoa da &hellip;","og_url":"https:\/\/portalnpm.com\/index.php\/2020\/06\/24\/saude-de-picos-anuncia-mais-um-obito-por-coronavirus-e-23-novos-casos-confirmados\/","og_site_name":"Portal NPM","article_published_time":"2020-06-25T01:32:50+00:00","article_modified_time":"2024-01-15T21:47:44+00:00","og_image":[{"width":800,"height":532,"url":"https:\/\/portalnpm.com\/wp-content\/uploads\/2024\/01\/78ee6f790a66a0af408f6a1139d6.jpg","type":"image\/jpeg"}],"author":"Genival Barbosa","twitter_card":"summary_large_image","twitter_misc":{"Escrito por":"Genival Barbosa","Est. tempo de leitura":"2 minutos"},"schema":{"@context":"https:\/\/schema.org","@graph":[{"@type":"WebPage","@id":"https:\/\/portalnpm.com\/index.php\/2020\/06\/24\/saude-de-picos-anuncia-mais-um-obito-por-coronavirus-e-23-novos-casos-confirmados\/","url":"https:\/\/portalnpm.com\/index.php\/2020\/06\/24\/saude-de-picos-anuncia-mais-um-obito-por-coronavirus-e-23-novos-casos-confirmados\/","name":"Sa\u00fade de Picos anuncia mais um \u00f3bito por coronav\u00edrus e 23 novos casos confirmados","isPartOf":{"@id":"https:\/\/portalnpm.com\/#website"},"primaryImageOfPage":{"@id":"https:\/\/portalnpm.com\/index.php\/2020\/06\/24\/saude-de-picos-anuncia-mais-um-obito-por-coronavirus-e-23-novos-casos-confirmados\/#primaryimage"},"image":{"@id":"https:\/\/portalnpm.com\/index.php\/2020\/06\/24\/saude-de-picos-anuncia-mais-um-obito-por-coronavirus-e-23-novos-casos-confirmados\/#primaryimage"},"thumbnailUrl":"https:\/\/portalnpm.com\/wp-content\/uploads\/2024\/01\/78ee6f790a66a0af408f6a1139d6.jpg","datePublished":"2020-06-25T01:32:50+00:00","dateModified":"2024-01-15T21:47:44+00:00","author":{"@id":"https:\/\/portalnpm.com\/#\/schema\/person\/49313e563cfdefcc167f1ee4c017c294"},"breadcrumb":{"@id":"https:\/\/portalnpm.com\/index.php\/2020\/06\/24\/saude-de-picos-anuncia-mais-um-obito-por-coronavirus-e-23-novos-casos-confirmados\/#breadcrumb"},"inLanguage":"pt-BR","potentialAction":[{"@type":"ReadAction","target":["https:\/\/portalnpm.com\/index.php\/2020\/06\/24\/saude-de-picos-anuncia-mais-um-obito-por-coronavirus-e-23-novos-casos-confirmados\/"]}]},{"@type":"ImageObject","inLanguage":"pt-BR","@id":"https:\/\/portalnpm.com\/index.php\/2020\/06\/24\/saude-de-picos-anuncia-mais-um-obito-por-coronavirus-e-23-novos-casos-confirmados\/#primaryimage","url":"https:\/\/portalnpm.com\/wp-content\/uploads\/2024\/01\/78ee6f790a66a0af408f6a1139d6.jpg","contentUrl":"https:\/\/portalnpm.com\/wp-content\/uploads\/2024\/01\/78ee6f790a66a0af408f6a1139d6.jpg","width":800,"height":532},{"@type":"BreadcrumbList","@id":"https:\/\/portalnpm.com\/index.php\/2020\/06\/24\/saude-de-picos-anuncia-mais-um-obito-por-coronavirus-e-23-novos-casos-confirmados\/#breadcrumb","itemListElement":[{"@type":"ListItem","position":1,"name":"In\u00edcio","item":"https:\/\/portalnpm.com\/"},{"@type":"ListItem","position":2,"name":"Sa\u00fade de Picos anuncia mais um \u00f3bito por coronav\u00edrus e 23 novos casos confirmados"}]},{"@type":"WebSite","@id":"https:\/\/portalnpm.com\/#website","url":"https:\/\/portalnpm.com\/","name":"Portal NPM","description":"Not\u00edcias em Primeira M\u00e3o","potentialAction":[{"@type":"SearchAction","target":{"@type":"EntryPoint","urlTemplate":"https:\/\/portalnpm.com\/?s={search_term_string}"},"query-input":"required name=search_term_string"}],"inLanguage":"pt-BR"},{"@type":"Person","@id":"https:\/\/portalnpm.com\/#\/schema\/person\/49313e563cfdefcc167f1ee4c017c294","name":"Genival Barbosa","image":{"@type":"ImageObject","inLanguage":"pt-BR","@id":"https:\/\/portalnpm.com\/#\/schema\/person\/image\/","url":"https:\/\/portalnpm.com\/wp-content\/uploads\/2024\/02\/avatar_user_2_1707743258-96x96.jpeg","contentUrl":"https:\/\/portalnpm.com\/wp-content\/uploads\/2024\/02\/avatar_user_2_1707743258-96x96.jpeg","caption":"Genival Barbosa"},"url":"https:\/\/portalnpm.com\/index.php\/author\/genival\/"}]}},"jetpack_sharing_enabled":true,"jetpack_featured_media_url":"https:\/\/portalnpm.com\/wp-content\/uploads\/2024\/01\/78ee6f790a66a0af408f6a1139d6.jpg","_links":{"self":[{"href":"https:\/\/portalnpm.com\/index.php\/wp-json\/wp\/v2\/posts\/53676"}],"collection":[{"href":"https:\/\/portalnpm.com\/index.php\/wp-json\/wp\/v2\/posts"}],"about":[{"href":"https:\/\/portalnpm.com\/index.php\/wp-json\/wp\/v2\/types\/post"}],"author":[{"embeddable":true,"href":"https:\/\/portalnpm.com\/index.php\/wp-json\/wp\/v2\/users\/2"}],"replies":[{"embeddable":true,"href":"https:\/\/portalnpm.com\/index.php\/wp-json\/wp\/v2\/comments?post=53676"}],"version-history":[{"count":1,"href":"https:\/\/portalnpm.com\/index.php\/wp-json\/wp\/v2\/posts\/53676\/revisions"}],"predecessor-version":[{"id":53685,"href":"https:\/\/portalnpm.com\/index.php\/wp-json\/wp\/v2\/posts\/53676\/revisions\/53685"}],"wp:featuredmedia":[{"embeddable":true,"href":"https:\/\/portalnpm.com\/index.php\/wp-json\/wp\/v2\/media\/53677"}],"wp:attachment":[{"href":"https:\/\/portalnpm.com\/index.php\/wp-json\/wp\/v2\/media?parent=53676"}],"wp:term":[{"taxonomy":"category","embeddable":true,"href":"https:\/\/portalnpm.com\/index.php\/wp-json\/wp\/v2\/categories?post=53676"},{"taxonomy":"post_tag","embeddable":true,"href":"https:\/\/portalnpm.com\/index.php\/wp-json\/wp\/v2\/tags?post=53676"}],"curies":[{"name":"wp","href":"https:\/\/api.w.org\/{rel}","templated":true}]}}