{"id":53692,"date":"2020-06-25T15:11:09","date_gmt":"2020-06-25T18:11:09","guid":{"rendered":"https:\/\/portalnpm.com\/index.php\/2020\/06\/25\/em-picos-e-registrada-8a-morte-por-coronavirus-e-23-novos-casos\/"},"modified":"2020-06-25T15:11:09","modified_gmt":"2020-06-25T18:11:09","slug":"em-picos-e-registrada-8a-morte-por-coronavirus-e-23-novos-casos","status":"publish","type":"post","link":"https:\/\/portalnpm.com\/index.php\/2020\/06\/25\/em-picos-e-registrada-8a-morte-por-coronavirus-e-23-novos-casos\/","title":{"rendered":"Em Picos, \u00e9 registrada 8\u00aa morte por coronav\u00edrus e 23 novos casos"},"content":{"rendered":"<p style=\"text-align: justify;\">Foi registrada, na noite desta quarta-feira (24), a oitava morte por coronav\u00edrus em Picos. A v\u00edtima foi um senhor de 62 anos, que estava na UTI do Hospital Regional Justino Luz e possu\u00eda diversas comorbidades, segundo relatou boletim da unidade hospitalar.<\/p>\n<p>\u00a0<\/p>\n<p style=\"text-align: justify;\">Est\u00e3o internados na \u00e1rea Covid do Regional de Picos 9 pacientes de Picos. Destes, quatro est\u00e3o na unidade de terapia intensiva e cinco na enfermaria. Dos casos de leitos cl\u00ednicos, apenas um \u00e9 suspeito. Todas as outras 8 pessoas est\u00e3o confirmadas para o coronav\u00edrus.<\/p>\n<p style=\"text-align: justify;\">Nesta quarta, foram registrados 23 novos casos de coronav\u00edrus em Picos. Passa-se, portanto, a um total de 479 confirmados. Isso tem indicado um aumento no n\u00famero de pessoas que est\u00e3o sendo internadas por conta da doen\u00e7a em Picos.<\/p>\n<p style=\"text-align: justify;\">O n\u00famero de recuperados permanece o mesmo (150).<\/p>\n<p style=\"text-align: justify;\"><strong>Dados do HRJL<br \/>\n<\/strong>O Hospital registrou, ainda ontem, a morte de uma paciente de Marcol\u00e2ndia, de 70 anos, com doen\u00e7a respirat\u00f3ria cr\u00f4nica.<\/p>\n<p style=\"text-align: justify;\">Na UTI h\u00e1 apenas pacientes de Picos. J\u00e1 na enfermaria, h\u00e1 v\u00edtimas Dom Expedito Lopes, Valen\u00e7a do Piau\u00ed, Sussuapara, Francisco Santos, Itain\u00f3polis, Sim\u00f5es e Santa Cruz do Piau\u00ed (este \u00faltimo \u00e9 um caso suspeito que aguarda exame), cada cidade com uma pessoa, e cinco pacientes de Picos, como outrora informado.<\/p>\n<p><strong>Fonte<\/strong>: Cidades na Net<\/p>\n","protected":false},"excerpt":{"rendered":"<p>Foi registrada, na noite desta quarta-feira (24), a oitava morte por coronav\u00edrus em Picos. A v\u00edtima foi um senhor de 62 anos, que estava na UTI do Hospital Regional Justino Luz e possu\u00eda diversas comorbidades, segundo relatou boletim da unidade hospitalar. \u00a0 Est\u00e3o internados na \u00e1rea Covid do Regional de Picos 9 pacientes de Picos. &hellip;<\/p>\n","protected":false},"author":8,"featured_media":21561,"comment_status":"open","ping_status":"open","sticky":false,"template":"","format":"standard","meta":{"content-type":"","rop_custom_images_group":[],"rop_custom_messages_group":[],"rop_publish_now":"initial","rop_publish_now_accounts":{"facebook_2648258775420054_1618374048415101":""},"rop_publish_now_history":[],"rop_publish_now_status":"pending","footnotes":"","_jetpack_memberships_contains_paid_content":false},"categories":[113,109,127],"tags":[4773,3760,128],"yoast_head":"<!-- This site is optimized with the Yoast SEO plugin v22.3 - https:\/\/yoast.com\/wordpress\/plugins\/seo\/ -->\n<title>Em Picos, \u00e9 registrada 8\u00aa morte por coronav\u00edrus e 23 novos casos<\/title>\n<meta name=\"robots\" content=\"index, follow, max-snippet:-1, max-image-preview:large, max-video-preview:-1\" \/>\n<link rel=\"canonical\" href=\"https:\/\/portalnpm.com\/index.php\/2020\/06\/25\/em-picos-e-registrada-8a-morte-por-coronavirus-e-23-novos-casos\/\" \/>\n<meta property=\"og:locale\" content=\"pt_BR\" \/>\n<meta property=\"og:type\" content=\"article\" \/>\n<meta property=\"og:title\" content=\"Em Picos, \u00e9 registrada 8\u00aa morte por coronav\u00edrus e 23 novos casos\" \/>\n<meta property=\"og:description\" content=\"Foi registrada, na noite desta quarta-feira (24), a oitava morte por coronav\u00edrus em Picos. A v\u00edtima foi um senhor de 62 anos, que estava na UTI do Hospital Regional Justino Luz e possu\u00eda diversas comorbidades, segundo relatou boletim da unidade hospitalar. \u00a0 Est\u00e3o internados na \u00e1rea Covid do Regional de Picos 9 pacientes de Picos. &hellip;\" \/>\n<meta property=\"og:url\" content=\"https:\/\/portalnpm.com\/index.php\/2020\/06\/25\/em-picos-e-registrada-8a-morte-por-coronavirus-e-23-novos-casos\/\" \/>\n<meta property=\"og:site_name\" content=\"Portal NPM\" \/>\n<meta property=\"article:published_time\" content=\"2020-06-25T18:11:09+00:00\" \/>\n<meta name=\"author\" content=\"Zenilton Lima\" \/>\n<meta name=\"twitter:card\" content=\"summary_large_image\" \/>\n<meta name=\"twitter:label1\" content=\"Escrito por\" \/>\n\t<meta name=\"twitter:data1\" content=\"Zenilton Lima\" \/>\n\t<meta name=\"twitter:label2\" content=\"Est. tempo de leitura\" \/>\n\t<meta name=\"twitter:data2\" content=\"1 minuto\" \/>\n<script type=\"application\/ld+json\" class=\"yoast-schema-graph\">{\"@context\":\"https:\/\/schema.org\",\"@graph\":[{\"@type\":\"WebPage\",\"@id\":\"https:\/\/portalnpm.com\/index.php\/2020\/06\/25\/em-picos-e-registrada-8a-morte-por-coronavirus-e-23-novos-casos\/\",\"url\":\"https:\/\/portalnpm.com\/index.php\/2020\/06\/25\/em-picos-e-registrada-8a-morte-por-coronavirus-e-23-novos-casos\/\",\"name\":\"Em Picos, \u00e9 registrada 8\u00aa morte por coronav\u00edrus e 23 novos casos\",\"isPartOf\":{\"@id\":\"https:\/\/portalnpm.com\/#website\"},\"primaryImageOfPage\":{\"@id\":\"https:\/\/portalnpm.com\/index.php\/2020\/06\/25\/em-picos-e-registrada-8a-morte-por-coronavirus-e-23-novos-casos\/#primaryimage\"},\"image\":{\"@id\":\"https:\/\/portalnpm.com\/index.php\/2020\/06\/25\/em-picos-e-registrada-8a-morte-por-coronavirus-e-23-novos-casos\/#primaryimage\"},\"thumbnailUrl\":\"\",\"datePublished\":\"2020-06-25T18:11:09+00:00\",\"dateModified\":\"2020-06-25T18:11:09+00:00\",\"author\":{\"@id\":\"https:\/\/portalnpm.com\/#\/schema\/person\/35cb55186eae3f074b6783da6d35591e\"},\"breadcrumb\":{\"@id\":\"https:\/\/portalnpm.com\/index.php\/2020\/06\/25\/em-picos-e-registrada-8a-morte-por-coronavirus-e-23-novos-casos\/#breadcrumb\"},\"inLanguage\":\"pt-BR\",\"potentialAction\":[{\"@type\":\"ReadAction\",\"target\":[\"https:\/\/portalnpm.com\/index.php\/2020\/06\/25\/em-picos-e-registrada-8a-morte-por-coronavirus-e-23-novos-casos\/\"]}]},{\"@type\":\"ImageObject\",\"inLanguage\":\"pt-BR\",\"@id\":\"https:\/\/portalnpm.com\/index.php\/2020\/06\/25\/em-picos-e-registrada-8a-morte-por-coronavirus-e-23-novos-casos\/#primaryimage\",\"url\":\"\",\"contentUrl\":\"\"},{\"@type\":\"BreadcrumbList\",\"@id\":\"https:\/\/portalnpm.com\/index.php\/2020\/06\/25\/em-picos-e-registrada-8a-morte-por-coronavirus-e-23-novos-casos\/#breadcrumb\",\"itemListElement\":[{\"@type\":\"ListItem\",\"position\":1,\"name\":\"In\u00edcio\",\"item\":\"https:\/\/portalnpm.com\/\"},{\"@type\":\"ListItem\",\"position\":2,\"name\":\"Em Picos, \u00e9 registrada 8\u00aa morte por coronav\u00edrus e 23 novos casos\"}]},{\"@type\":\"WebSite\",\"@id\":\"https:\/\/portalnpm.com\/#website\",\"url\":\"https:\/\/portalnpm.com\/\",\"name\":\"Portal NPM\",\"description\":\"Not\u00edcias em Primeira M\u00e3o\",\"potentialAction\":[{\"@type\":\"SearchAction\",\"target\":{\"@type\":\"EntryPoint\",\"urlTemplate\":\"https:\/\/portalnpm.com\/?s={search_term_string}\"},\"query-input\":\"required name=search_term_string\"}],\"inLanguage\":\"pt-BR\"},{\"@type\":\"Person\",\"@id\":\"https:\/\/portalnpm.com\/#\/schema\/person\/35cb55186eae3f074b6783da6d35591e\",\"name\":\"Zenilton Lima\",\"image\":{\"@type\":\"ImageObject\",\"inLanguage\":\"pt-BR\",\"@id\":\"https:\/\/portalnpm.com\/#\/schema\/person\/image\/\",\"url\":\"https:\/\/portalnpm.com\/wp-content\/uploads\/2024\/12\/avatar_user_8_1733658137-96x96.jpeg\",\"contentUrl\":\"https:\/\/portalnpm.com\/wp-content\/uploads\/2024\/12\/avatar_user_8_1733658137-96x96.jpeg\",\"caption\":\"Zenilton Lima\"},\"url\":\"https:\/\/portalnpm.com\/index.php\/author\/zenilton\/\"}]}<\/script>\n<!-- \/ Yoast SEO plugin. -->","yoast_head_json":{"title":"Em Picos, \u00e9 registrada 8\u00aa morte por coronav\u00edrus e 23 novos casos","robots":{"index":"index","follow":"follow","max-snippet":"max-snippet:-1","max-image-preview":"max-image-preview:large","max-video-preview":"max-video-preview:-1"},"canonical":"https:\/\/portalnpm.com\/index.php\/2020\/06\/25\/em-picos-e-registrada-8a-morte-por-coronavirus-e-23-novos-casos\/","og_locale":"pt_BR","og_type":"article","og_title":"Em Picos, \u00e9 registrada 8\u00aa morte por coronav\u00edrus e 23 novos casos","og_description":"Foi registrada, na noite desta quarta-feira (24), a oitava morte por coronav\u00edrus em Picos. A v\u00edtima foi um senhor de 62 anos, que estava na UTI do Hospital Regional Justino Luz e possu\u00eda diversas comorbidades, segundo relatou boletim da unidade hospitalar. \u00a0 Est\u00e3o internados na \u00e1rea Covid do Regional de Picos 9 pacientes de Picos. &hellip;","og_url":"https:\/\/portalnpm.com\/index.php\/2020\/06\/25\/em-picos-e-registrada-8a-morte-por-coronavirus-e-23-novos-casos\/","og_site_name":"Portal NPM","article_published_time":"2020-06-25T18:11:09+00:00","author":"Zenilton Lima","twitter_card":"summary_large_image","twitter_misc":{"Escrito por":"Zenilton Lima","Est. tempo de leitura":"1 minuto"},"schema":{"@context":"https:\/\/schema.org","@graph":[{"@type":"WebPage","@id":"https:\/\/portalnpm.com\/index.php\/2020\/06\/25\/em-picos-e-registrada-8a-morte-por-coronavirus-e-23-novos-casos\/","url":"https:\/\/portalnpm.com\/index.php\/2020\/06\/25\/em-picos-e-registrada-8a-morte-por-coronavirus-e-23-novos-casos\/","name":"Em Picos, \u00e9 registrada 8\u00aa morte por coronav\u00edrus e 23 novos casos","isPartOf":{"@id":"https:\/\/portalnpm.com\/#website"},"primaryImageOfPage":{"@id":"https:\/\/portalnpm.com\/index.php\/2020\/06\/25\/em-picos-e-registrada-8a-morte-por-coronavirus-e-23-novos-casos\/#primaryimage"},"image":{"@id":"https:\/\/portalnpm.com\/index.php\/2020\/06\/25\/em-picos-e-registrada-8a-morte-por-coronavirus-e-23-novos-casos\/#primaryimage"},"thumbnailUrl":"","datePublished":"2020-06-25T18:11:09+00:00","dateModified":"2020-06-25T18:11:09+00:00","author":{"@id":"https:\/\/portalnpm.com\/#\/schema\/person\/35cb55186eae3f074b6783da6d35591e"},"breadcrumb":{"@id":"https:\/\/portalnpm.com\/index.php\/2020\/06\/25\/em-picos-e-registrada-8a-morte-por-coronavirus-e-23-novos-casos\/#breadcrumb"},"inLanguage":"pt-BR","potentialAction":[{"@type":"ReadAction","target":["https:\/\/portalnpm.com\/index.php\/2020\/06\/25\/em-picos-e-registrada-8a-morte-por-coronavirus-e-23-novos-casos\/"]}]},{"@type":"ImageObject","inLanguage":"pt-BR","@id":"https:\/\/portalnpm.com\/index.php\/2020\/06\/25\/em-picos-e-registrada-8a-morte-por-coronavirus-e-23-novos-casos\/#primaryimage","url":"","contentUrl":""},{"@type":"BreadcrumbList","@id":"https:\/\/portalnpm.com\/index.php\/2020\/06\/25\/em-picos-e-registrada-8a-morte-por-coronavirus-e-23-novos-casos\/#breadcrumb","itemListElement":[{"@type":"ListItem","position":1,"name":"In\u00edcio","item":"https:\/\/portalnpm.com\/"},{"@type":"ListItem","position":2,"name":"Em Picos, \u00e9 registrada 8\u00aa morte por coronav\u00edrus e 23 novos casos"}]},{"@type":"WebSite","@id":"https:\/\/portalnpm.com\/#website","url":"https:\/\/portalnpm.com\/","name":"Portal NPM","description":"Not\u00edcias em Primeira M\u00e3o","potentialAction":[{"@type":"SearchAction","target":{"@type":"EntryPoint","urlTemplate":"https:\/\/portalnpm.com\/?s={search_term_string}"},"query-input":"required name=search_term_string"}],"inLanguage":"pt-BR"},{"@type":"Person","@id":"https:\/\/portalnpm.com\/#\/schema\/person\/35cb55186eae3f074b6783da6d35591e","name":"Zenilton Lima","image":{"@type":"ImageObject","inLanguage":"pt-BR","@id":"https:\/\/portalnpm.com\/#\/schema\/person\/image\/","url":"https:\/\/portalnpm.com\/wp-content\/uploads\/2024\/12\/avatar_user_8_1733658137-96x96.jpeg","contentUrl":"https:\/\/portalnpm.com\/wp-content\/uploads\/2024\/12\/avatar_user_8_1733658137-96x96.jpeg","caption":"Zenilton Lima"},"url":"https:\/\/portalnpm.com\/index.php\/author\/zenilton\/"}]}},"jetpack_sharing_enabled":true,"jetpack_featured_media_url":"","_links":{"self":[{"href":"https:\/\/portalnpm.com\/index.php\/wp-json\/wp\/v2\/posts\/53692"}],"collection":[{"href":"https:\/\/portalnpm.com\/index.php\/wp-json\/wp\/v2\/posts"}],"about":[{"href":"https:\/\/portalnpm.com\/index.php\/wp-json\/wp\/v2\/types\/post"}],"author":[{"embeddable":true,"href":"https:\/\/portalnpm.com\/index.php\/wp-json\/wp\/v2\/users\/8"}],"replies":[{"embeddable":true,"href":"https:\/\/portalnpm.com\/index.php\/wp-json\/wp\/v2\/comments?post=53692"}],"version-history":[{"count":0,"href":"https:\/\/portalnpm.com\/index.php\/wp-json\/wp\/v2\/posts\/53692\/revisions"}],"wp:featuredmedia":[{"embeddable":true,"href":"https:\/\/portalnpm.com\/index.php\/wp-json\/"}],"wp:attachment":[{"href":"https:\/\/portalnpm.com\/index.php\/wp-json\/wp\/v2\/media?parent=53692"}],"wp:term":[{"taxonomy":"category","embeddable":true,"href":"https:\/\/portalnpm.com\/index.php\/wp-json\/wp\/v2\/categories?post=53692"},{"taxonomy":"post_tag","embeddable":true,"href":"https:\/\/portalnpm.com\/index.php\/wp-json\/wp\/v2\/tags?post=53692"}],"curies":[{"name":"wp","href":"https:\/\/api.w.org\/{rel}","templated":true}]}}