{"id":53694,"date":"2020-06-25T15:26:01","date_gmt":"2020-06-25T18:26:01","guid":{"rendered":"https:\/\/portalnpm.com\/index.php\/2020\/06\/25\/sobe-para-21-o-numero-de-casos-confirmados-de-covid-19-em-sao-juliao-pi\/"},"modified":"2024-01-15T18:48:01","modified_gmt":"2024-01-15T21:48:01","slug":"sobe-para-21-o-numero-de-casos-confirmados-de-covid-19-em-sao-juliao-pi","status":"publish","type":"post","link":"https:\/\/portalnpm.com\/index.php\/2020\/06\/25\/sobe-para-21-o-numero-de-casos-confirmados-de-covid-19-em-sao-juliao-pi\/","title":{"rendered":"Sobe para 21 o n\u00famero de casos confirmados de Covid-19 em S\u00e3o Juli\u00e3o \u2013 PI"},"content":{"rendered":"<p><p style=\"text-align: justify;\">Subiu para 21 o n&uacute;mero de casos confirmados de Covid-19 no munic&iacute;pio de S&atilde;o Juli&atilde;o &ndash; PI.<\/p>\n<p style=\"text-align: justify;\">\n<p style=\"text-align: justify;\">De acordo com boletim emitido pela Secretaria Municipal de Sa&uacute;de nesta quinta-feira, 25 de junho, mais 03 pessoas foram positivadas para a doen&ccedil;a.<\/p>\n<p style=\"text-align: justify;\">&ldquo;Hoje realizamos 03 testes r&aacute;pidos, sendo que 02 deles deu positivo e 01 negativo para a Covid-19. O terceiro caso positivo de hoje foi de um homem que testou fora de nosso munic&iacute;pio e veio cumprir a quarentena em S&atilde;o Juli&atilde;o&rdquo;, informou a enfermeira Keyla Rodrigues, diretora do Centro de Sa&uacute;de Luis Gonzaga da Rocha.<\/p>\n<p style=\"text-align: justify;\">A Secretaria Municipal de Sa&uacute;de informou ao <span style=\"color: #000000;\">Portal &Eacute; Not&iacute;cias<\/span> que todos os protocolos pr&eacute;-estabelecidos pelo Minist&eacute;rio da Sa&uacute;de est&atilde;o sendo cumpridos em S&atilde;o Juli&atilde;o &ndash; PI e pede que todos fa&ccedil;am a sua parte mantendo o distanciamento social.<\/p>\n<p style=\"text-align: justify;\">Veja boletim oficial:<\/p>\n<p style=\"text-align: justify;\"><img fetchpriority=\"high\" decoding=\"async\" class=\"alignnone size-full wp-image-21572\" src=\"https:\/\/portalnpm.com\/wp-content\/uploads\/2024\/01\/IMG-20200625-WA0095.jpg\" alt=\"\" width=\"808\" height=\"873\"><\/p>\n<p style=\"text-align: justify;\">Fonte: Portal &eacute; Not&iacute;cias<\/p><\/p>\n","protected":false},"excerpt":{"rendered":"<p>Subiu para 21 o n&uacute;mero de casos confirmados de Covid-19 no munic&iacute;pio de S&atilde;o Juli&atilde;o &ndash; PI. De acordo com boletim emitido pela Secretaria Municipal de Sa&uacute;de nesta quinta-feira, 25 de junho, mais 03 pessoas foram positivadas para a doen&ccedil;a. &ldquo;Hoje realizamos 03 testes r&aacute;pidos, sendo que 02 deles deu positivo e 01 negativo para &hellip;<\/p>\n","protected":false},"author":2,"featured_media":53695,"comment_status":"open","ping_status":"open","sticky":false,"template":"","format":"standard","meta":{"content-type":"","rop_custom_images_group":[],"rop_custom_messages_group":[],"rop_publish_now":"initial","rop_publish_now_accounts":{"facebook_2648258775420054_1618374048415101":""},"rop_publish_now_history":[],"rop_publish_now_status":"pending","footnotes":"","_jetpack_memberships_contains_paid_content":false},"categories":[109,136],"tags":[857,1113,2515],"yoast_head":"<!-- This site is optimized with the Yoast SEO plugin v22.3 - https:\/\/yoast.com\/wordpress\/plugins\/seo\/ -->\n<title>Sobe para 21 o n\u00famero de casos confirmados de Covid-19 em S\u00e3o Juli\u00e3o \u2013 PI<\/title>\n<meta name=\"robots\" content=\"index, follow, max-snippet:-1, max-image-preview:large, max-video-preview:-1\" \/>\n<link rel=\"canonical\" href=\"https:\/\/portalnpm.com\/index.php\/2020\/06\/25\/sobe-para-21-o-numero-de-casos-confirmados-de-covid-19-em-sao-juliao-pi\/\" \/>\n<meta property=\"og:locale\" content=\"pt_BR\" \/>\n<meta property=\"og:type\" content=\"article\" \/>\n<meta property=\"og:title\" content=\"Sobe para 21 o n\u00famero de casos confirmados de Covid-19 em S\u00e3o Juli\u00e3o \u2013 PI\" \/>\n<meta property=\"og:description\" content=\"Subiu para 21 o n&uacute;mero de casos confirmados de Covid-19 no munic&iacute;pio de S&atilde;o Juli&atilde;o &ndash; PI. De acordo com boletim emitido pela Secretaria Municipal de Sa&uacute;de nesta quinta-feira, 25 de junho, mais 03 pessoas foram positivadas para a doen&ccedil;a. &ldquo;Hoje realizamos 03 testes r&aacute;pidos, sendo que 02 deles deu positivo e 01 negativo para &hellip;\" \/>\n<meta property=\"og:url\" content=\"https:\/\/portalnpm.com\/index.php\/2020\/06\/25\/sobe-para-21-o-numero-de-casos-confirmados-de-covid-19-em-sao-juliao-pi\/\" \/>\n<meta property=\"og:site_name\" content=\"Portal NPM\" \/>\n<meta property=\"article:published_time\" content=\"2020-06-25T18:26:01+00:00\" \/>\n<meta property=\"article:modified_time\" content=\"2024-01-15T21:48:01+00:00\" \/>\n<meta property=\"og:image\" content=\"https:\/\/portalnpm.com\/wp-content\/uploads\/2024\/01\/Sao-juliao.01.jpg\" \/>\n\t<meta property=\"og:image:width\" content=\"1280\" \/>\n\t<meta property=\"og:image:height\" content=\"960\" \/>\n\t<meta property=\"og:image:type\" content=\"image\/jpeg\" \/>\n<meta name=\"author\" content=\"Genival Barbosa\" \/>\n<meta name=\"twitter:card\" content=\"summary_large_image\" \/>\n<meta name=\"twitter:label1\" content=\"Escrito por\" \/>\n\t<meta name=\"twitter:data1\" content=\"Genival Barbosa\" \/>\n\t<meta name=\"twitter:label2\" content=\"Est. tempo de leitura\" \/>\n\t<meta name=\"twitter:data2\" content=\"1 minuto\" \/>\n<script type=\"application\/ld+json\" class=\"yoast-schema-graph\">{\"@context\":\"https:\/\/schema.org\",\"@graph\":[{\"@type\":\"WebPage\",\"@id\":\"https:\/\/portalnpm.com\/index.php\/2020\/06\/25\/sobe-para-21-o-numero-de-casos-confirmados-de-covid-19-em-sao-juliao-pi\/\",\"url\":\"https:\/\/portalnpm.com\/index.php\/2020\/06\/25\/sobe-para-21-o-numero-de-casos-confirmados-de-covid-19-em-sao-juliao-pi\/\",\"name\":\"Sobe para 21 o n\u00famero de casos confirmados de Covid-19 em S\u00e3o Juli\u00e3o \u2013 PI\",\"isPartOf\":{\"@id\":\"https:\/\/portalnpm.com\/#website\"},\"primaryImageOfPage\":{\"@id\":\"https:\/\/portalnpm.com\/index.php\/2020\/06\/25\/sobe-para-21-o-numero-de-casos-confirmados-de-covid-19-em-sao-juliao-pi\/#primaryimage\"},\"image\":{\"@id\":\"https:\/\/portalnpm.com\/index.php\/2020\/06\/25\/sobe-para-21-o-numero-de-casos-confirmados-de-covid-19-em-sao-juliao-pi\/#primaryimage\"},\"thumbnailUrl\":\"https:\/\/portalnpm.com\/wp-content\/uploads\/2024\/01\/Sao-juliao.01.jpg\",\"datePublished\":\"2020-06-25T18:26:01+00:00\",\"dateModified\":\"2024-01-15T21:48:01+00:00\",\"author\":{\"@id\":\"https:\/\/portalnpm.com\/#\/schema\/person\/49313e563cfdefcc167f1ee4c017c294\"},\"breadcrumb\":{\"@id\":\"https:\/\/portalnpm.com\/index.php\/2020\/06\/25\/sobe-para-21-o-numero-de-casos-confirmados-de-covid-19-em-sao-juliao-pi\/#breadcrumb\"},\"inLanguage\":\"pt-BR\",\"potentialAction\":[{\"@type\":\"ReadAction\",\"target\":[\"https:\/\/portalnpm.com\/index.php\/2020\/06\/25\/sobe-para-21-o-numero-de-casos-confirmados-de-covid-19-em-sao-juliao-pi\/\"]}]},{\"@type\":\"ImageObject\",\"inLanguage\":\"pt-BR\",\"@id\":\"https:\/\/portalnpm.com\/index.php\/2020\/06\/25\/sobe-para-21-o-numero-de-casos-confirmados-de-covid-19-em-sao-juliao-pi\/#primaryimage\",\"url\":\"https:\/\/portalnpm.com\/wp-content\/uploads\/2024\/01\/Sao-juliao.01.jpg\",\"contentUrl\":\"https:\/\/portalnpm.com\/wp-content\/uploads\/2024\/01\/Sao-juliao.01.jpg\",\"width\":1280,\"height\":960},{\"@type\":\"BreadcrumbList\",\"@id\":\"https:\/\/portalnpm.com\/index.php\/2020\/06\/25\/sobe-para-21-o-numero-de-casos-confirmados-de-covid-19-em-sao-juliao-pi\/#breadcrumb\",\"itemListElement\":[{\"@type\":\"ListItem\",\"position\":1,\"name\":\"In\u00edcio\",\"item\":\"https:\/\/portalnpm.com\/\"},{\"@type\":\"ListItem\",\"position\":2,\"name\":\"Sobe para 21 o n\u00famero de casos confirmados de Covid-19 em S\u00e3o Juli\u00e3o \u2013 PI\"}]},{\"@type\":\"WebSite\",\"@id\":\"https:\/\/portalnpm.com\/#website\",\"url\":\"https:\/\/portalnpm.com\/\",\"name\":\"Portal NPM\",\"description\":\"Not\u00edcias em Primeira M\u00e3o\",\"potentialAction\":[{\"@type\":\"SearchAction\",\"target\":{\"@type\":\"EntryPoint\",\"urlTemplate\":\"https:\/\/portalnpm.com\/?s={search_term_string}\"},\"query-input\":\"required name=search_term_string\"}],\"inLanguage\":\"pt-BR\"},{\"@type\":\"Person\",\"@id\":\"https:\/\/portalnpm.com\/#\/schema\/person\/49313e563cfdefcc167f1ee4c017c294\",\"name\":\"Genival Barbosa\",\"image\":{\"@type\":\"ImageObject\",\"inLanguage\":\"pt-BR\",\"@id\":\"https:\/\/portalnpm.com\/#\/schema\/person\/image\/\",\"url\":\"https:\/\/portalnpm.com\/wp-content\/uploads\/2024\/02\/avatar_user_2_1707743258-96x96.jpeg\",\"contentUrl\":\"https:\/\/portalnpm.com\/wp-content\/uploads\/2024\/02\/avatar_user_2_1707743258-96x96.jpeg\",\"caption\":\"Genival Barbosa\"},\"url\":\"https:\/\/portalnpm.com\/index.php\/author\/genival\/\"}]}<\/script>\n<!-- \/ Yoast SEO plugin. -->","yoast_head_json":{"title":"Sobe para 21 o n\u00famero de casos confirmados de Covid-19 em S\u00e3o Juli\u00e3o \u2013 PI","robots":{"index":"index","follow":"follow","max-snippet":"max-snippet:-1","max-image-preview":"max-image-preview:large","max-video-preview":"max-video-preview:-1"},"canonical":"https:\/\/portalnpm.com\/index.php\/2020\/06\/25\/sobe-para-21-o-numero-de-casos-confirmados-de-covid-19-em-sao-juliao-pi\/","og_locale":"pt_BR","og_type":"article","og_title":"Sobe para 21 o n\u00famero de casos confirmados de Covid-19 em S\u00e3o Juli\u00e3o \u2013 PI","og_description":"Subiu para 21 o n&uacute;mero de casos confirmados de Covid-19 no munic&iacute;pio de S&atilde;o Juli&atilde;o &ndash; PI. De acordo com boletim emitido pela Secretaria Municipal de Sa&uacute;de nesta quinta-feira, 25 de junho, mais 03 pessoas foram positivadas para a doen&ccedil;a. &ldquo;Hoje realizamos 03 testes r&aacute;pidos, sendo que 02 deles deu positivo e 01 negativo para &hellip;","og_url":"https:\/\/portalnpm.com\/index.php\/2020\/06\/25\/sobe-para-21-o-numero-de-casos-confirmados-de-covid-19-em-sao-juliao-pi\/","og_site_name":"Portal NPM","article_published_time":"2020-06-25T18:26:01+00:00","article_modified_time":"2024-01-15T21:48:01+00:00","og_image":[{"width":1280,"height":960,"url":"https:\/\/portalnpm.com\/wp-content\/uploads\/2024\/01\/Sao-juliao.01.jpg","type":"image\/jpeg"}],"author":"Genival Barbosa","twitter_card":"summary_large_image","twitter_misc":{"Escrito por":"Genival Barbosa","Est. tempo de leitura":"1 minuto"},"schema":{"@context":"https:\/\/schema.org","@graph":[{"@type":"WebPage","@id":"https:\/\/portalnpm.com\/index.php\/2020\/06\/25\/sobe-para-21-o-numero-de-casos-confirmados-de-covid-19-em-sao-juliao-pi\/","url":"https:\/\/portalnpm.com\/index.php\/2020\/06\/25\/sobe-para-21-o-numero-de-casos-confirmados-de-covid-19-em-sao-juliao-pi\/","name":"Sobe para 21 o n\u00famero de casos confirmados de Covid-19 em S\u00e3o Juli\u00e3o \u2013 PI","isPartOf":{"@id":"https:\/\/portalnpm.com\/#website"},"primaryImageOfPage":{"@id":"https:\/\/portalnpm.com\/index.php\/2020\/06\/25\/sobe-para-21-o-numero-de-casos-confirmados-de-covid-19-em-sao-juliao-pi\/#primaryimage"},"image":{"@id":"https:\/\/portalnpm.com\/index.php\/2020\/06\/25\/sobe-para-21-o-numero-de-casos-confirmados-de-covid-19-em-sao-juliao-pi\/#primaryimage"},"thumbnailUrl":"https:\/\/portalnpm.com\/wp-content\/uploads\/2024\/01\/Sao-juliao.01.jpg","datePublished":"2020-06-25T18:26:01+00:00","dateModified":"2024-01-15T21:48:01+00:00","author":{"@id":"https:\/\/portalnpm.com\/#\/schema\/person\/49313e563cfdefcc167f1ee4c017c294"},"breadcrumb":{"@id":"https:\/\/portalnpm.com\/index.php\/2020\/06\/25\/sobe-para-21-o-numero-de-casos-confirmados-de-covid-19-em-sao-juliao-pi\/#breadcrumb"},"inLanguage":"pt-BR","potentialAction":[{"@type":"ReadAction","target":["https:\/\/portalnpm.com\/index.php\/2020\/06\/25\/sobe-para-21-o-numero-de-casos-confirmados-de-covid-19-em-sao-juliao-pi\/"]}]},{"@type":"ImageObject","inLanguage":"pt-BR","@id":"https:\/\/portalnpm.com\/index.php\/2020\/06\/25\/sobe-para-21-o-numero-de-casos-confirmados-de-covid-19-em-sao-juliao-pi\/#primaryimage","url":"https:\/\/portalnpm.com\/wp-content\/uploads\/2024\/01\/Sao-juliao.01.jpg","contentUrl":"https:\/\/portalnpm.com\/wp-content\/uploads\/2024\/01\/Sao-juliao.01.jpg","width":1280,"height":960},{"@type":"BreadcrumbList","@id":"https:\/\/portalnpm.com\/index.php\/2020\/06\/25\/sobe-para-21-o-numero-de-casos-confirmados-de-covid-19-em-sao-juliao-pi\/#breadcrumb","itemListElement":[{"@type":"ListItem","position":1,"name":"In\u00edcio","item":"https:\/\/portalnpm.com\/"},{"@type":"ListItem","position":2,"name":"Sobe para 21 o n\u00famero de casos confirmados de Covid-19 em S\u00e3o Juli\u00e3o \u2013 PI"}]},{"@type":"WebSite","@id":"https:\/\/portalnpm.com\/#website","url":"https:\/\/portalnpm.com\/","name":"Portal NPM","description":"Not\u00edcias em Primeira M\u00e3o","potentialAction":[{"@type":"SearchAction","target":{"@type":"EntryPoint","urlTemplate":"https:\/\/portalnpm.com\/?s={search_term_string}"},"query-input":"required name=search_term_string"}],"inLanguage":"pt-BR"},{"@type":"Person","@id":"https:\/\/portalnpm.com\/#\/schema\/person\/49313e563cfdefcc167f1ee4c017c294","name":"Genival Barbosa","image":{"@type":"ImageObject","inLanguage":"pt-BR","@id":"https:\/\/portalnpm.com\/#\/schema\/person\/image\/","url":"https:\/\/portalnpm.com\/wp-content\/uploads\/2024\/02\/avatar_user_2_1707743258-96x96.jpeg","contentUrl":"https:\/\/portalnpm.com\/wp-content\/uploads\/2024\/02\/avatar_user_2_1707743258-96x96.jpeg","caption":"Genival Barbosa"},"url":"https:\/\/portalnpm.com\/index.php\/author\/genival\/"}]}},"jetpack_sharing_enabled":true,"jetpack_featured_media_url":"https:\/\/portalnpm.com\/wp-content\/uploads\/2024\/01\/Sao-juliao.01.jpg","_links":{"self":[{"href":"https:\/\/portalnpm.com\/index.php\/wp-json\/wp\/v2\/posts\/53694"}],"collection":[{"href":"https:\/\/portalnpm.com\/index.php\/wp-json\/wp\/v2\/posts"}],"about":[{"href":"https:\/\/portalnpm.com\/index.php\/wp-json\/wp\/v2\/types\/post"}],"author":[{"embeddable":true,"href":"https:\/\/portalnpm.com\/index.php\/wp-json\/wp\/v2\/users\/2"}],"replies":[{"embeddable":true,"href":"https:\/\/portalnpm.com\/index.php\/wp-json\/wp\/v2\/comments?post=53694"}],"version-history":[{"count":1,"href":"https:\/\/portalnpm.com\/index.php\/wp-json\/wp\/v2\/posts\/53694\/revisions"}],"predecessor-version":[{"id":53701,"href":"https:\/\/portalnpm.com\/index.php\/wp-json\/wp\/v2\/posts\/53694\/revisions\/53701"}],"wp:featuredmedia":[{"embeddable":true,"href":"https:\/\/portalnpm.com\/index.php\/wp-json\/wp\/v2\/media\/53695"}],"wp:attachment":[{"href":"https:\/\/portalnpm.com\/index.php\/wp-json\/wp\/v2\/media?parent=53694"}],"wp:term":[{"taxonomy":"category","embeddable":true,"href":"https:\/\/portalnpm.com\/index.php\/wp-json\/wp\/v2\/categories?post=53694"},{"taxonomy":"post_tag","embeddable":true,"href":"https:\/\/portalnpm.com\/index.php\/wp-json\/wp\/v2\/tags?post=53694"}],"curies":[{"name":"wp","href":"https:\/\/api.w.org\/{rel}","templated":true}]}}