{"id":537,"date":"2018-08-13T13:28:54","date_gmt":"2018-08-13T16:28:54","guid":{"rendered":"http:\/\/srv.portalnpm.com.br\/?p=537"},"modified":"2018-08-13T13:28:54","modified_gmt":"2018-08-13T16:28:54","slug":"sao-juliao-escola-estadual-aprigio-pereira-bezerra-realiza-culminancia-do-projeto-semana-presente-com-o-tema-protagonismo-juvenil-saudavel-veja","status":"publish","type":"post","link":"https:\/\/portalnpm.com\/index.php\/2018\/08\/13\/sao-juliao-escola-estadual-aprigio-pereira-bezerra-realiza-culminancia-do-projeto-semana-presente-com-o-tema-protagonismo-juvenil-saudavel-veja\/","title":{"rendered":"S\u00e3o Juli\u00e3o\/ Escola Estadual Apr\u00edgio Pereira Bezerra realiza culmin\u00e2ncia do projeto Semana Presente, com o tema &#8220;Protagonismo Juvenil Saud\u00e1vel&#8221;; Veja!"},"content":{"rendered":"<p style=\"text-align: justify;\">A Unidade Escolar Apr\u00edgio Pereira Bezerra, escola da rede estadual de ensino que tem \u00e0 frente a diretora Maria da Gl\u00f3ria, juntamente com as coordenadoras Maria Liduina e Lidia Carvalho, professores e funcion\u00e1rios da escola; realizou no \u00faltimo s\u00e1bado (11), a culmin\u00e2ncia do Projeto Semana Presente, tendo como tema &#8216;Protagonismo Juvenil Saud\u00e1vel&#8217;. O evento aconteceu na orla de S\u00e3o Juli\u00e3o, nas margens do a\u00e7ude da cidade.<\/p>\n<figure id=\"attachment_539\" aria-describedby=\"caption-attachment-539\" style=\"width: 300px\" class=\"wp-caption alignnone\"><img fetchpriority=\"high\" decoding=\"async\" class=\"size-medium wp-image-539\" src=\"http:\/\/portalnpm.com.br\/wp-content\/uploads\/2018\/08\/IMG-20180813-WA0023-300x225.jpg\" alt=\"\" width=\"300\" height=\"225\" srcset=\"https:\/\/portalnpm.com\/wp-content\/uploads\/2018\/08\/IMG-20180813-WA0023-300x225.jpg 300w, https:\/\/portalnpm.com\/wp-content\/uploads\/2018\/08\/IMG-20180813-WA0023-1024x768.jpg 1024w, https:\/\/portalnpm.com\/wp-content\/uploads\/2018\/08\/IMG-20180813-WA0023-768x576.jpg 768w, https:\/\/portalnpm.com\/wp-content\/uploads\/2018\/08\/IMG-20180813-WA0023-1536x1152.jpg 1536w, https:\/\/portalnpm.com\/wp-content\/uploads\/2018\/08\/IMG-20180813-WA0023-860x645.jpg 860w, https:\/\/portalnpm.com\/wp-content\/uploads\/2018\/08\/IMG-20180813-WA0023.jpg 1600w\" sizes=\"(max-width: 300px) 100vw, 300px\" \/><figcaption id=\"caption-attachment-539\" class=\"wp-caption-text\">Ana Elisa Ramos, nutricionista da 16\u00b0 GRE- Fronteiras-PI<\/figcaption><\/figure>\n<p style=\"text-align: justify;\">Se fizeram presentes no evento a nutricionista da 16\u00b0 GRE de Fronteiras, Ana Elisa Ramos, a turma de acad\u00eamicos de Educa\u00e7\u00e3o F\u00edsica da UESPI, polo de Fronteiras, al\u00e9m dos alunos e da comunidade em geral.<\/p>\n<figure id=\"attachment_540\" aria-describedby=\"caption-attachment-540\" style=\"width: 300px\" class=\"wp-caption alignnone\"><img decoding=\"async\" class=\"size-medium wp-image-540\" src=\"http:\/\/portalnpm.com.br\/wp-content\/uploads\/2018\/08\/IMG-20180813-WA0020-300x225.jpg\" alt=\"\" width=\"300\" height=\"225\" srcset=\"https:\/\/portalnpm.com\/wp-content\/uploads\/2018\/08\/IMG-20180813-WA0020-300x225.jpg 300w, https:\/\/portalnpm.com\/wp-content\/uploads\/2018\/08\/IMG-20180813-WA0020-1024x768.jpg 1024w, https:\/\/portalnpm.com\/wp-content\/uploads\/2018\/08\/IMG-20180813-WA0020-768x576.jpg 768w, https:\/\/portalnpm.com\/wp-content\/uploads\/2018\/08\/IMG-20180813-WA0020-1536x1152.jpg 1536w, https:\/\/portalnpm.com\/wp-content\/uploads\/2018\/08\/IMG-20180813-WA0020-860x645.jpg 860w, https:\/\/portalnpm.com\/wp-content\/uploads\/2018\/08\/IMG-20180813-WA0020.jpg 1600w\" sizes=\"(max-width: 300px) 100vw, 300px\" \/><figcaption id=\"caption-attachment-540\" class=\"wp-caption-text\">Acad\u00eamicos de Educa\u00e7\u00e3o F\u00edsica, polo da UESPI de Fronteiras-PI<\/figcaption><\/figure>\n<figure id=\"attachment_548\" aria-describedby=\"caption-attachment-548\" style=\"width: 300px\" class=\"wp-caption alignnone\"><img decoding=\"async\" class=\"size-medium wp-image-548\" src=\"http:\/\/portalnpm.com.br\/wp-content\/uploads\/2018\/08\/IMG-20180813-WA0071-300x225.jpg\" alt=\"\" width=\"300\" height=\"225\" srcset=\"https:\/\/portalnpm.com\/wp-content\/uploads\/2018\/08\/IMG-20180813-WA0071-300x225.jpg 300w, https:\/\/portalnpm.com\/wp-content\/uploads\/2018\/08\/IMG-20180813-WA0071-1024x768.jpg 1024w, https:\/\/portalnpm.com\/wp-content\/uploads\/2018\/08\/IMG-20180813-WA0071-768x576.jpg 768w, https:\/\/portalnpm.com\/wp-content\/uploads\/2018\/08\/IMG-20180813-WA0071-1536x1152.jpg 1536w, https:\/\/portalnpm.com\/wp-content\/uploads\/2018\/08\/IMG-20180813-WA0071-860x645.jpg 860w, https:\/\/portalnpm.com\/wp-content\/uploads\/2018\/08\/IMG-20180813-WA0071.jpg 1600w\" sizes=\"(max-width: 300px) 100vw, 300px\" \/><figcaption id=\"caption-attachment-548\" class=\"wp-caption-text\">Professores de Educa\u00e7\u00e3o F\u00edsica do APB- Thays e Rocilio<\/figcaption><\/figure>\n<p style=\"text-align: justify;\">Durante toda a semana foi trabalhado:<br \/>\nGrupo de reflex\u00e3o- Protagonismo Estudantil;<br \/>\nCria\u00e7\u00e3o do Gr\u00eamio Estudantil;<br \/>\nConcurso de Reda\u00e7\u00e3o;<br \/>\n6\u00b0 e 7\u00b0 ano- Poesia ou Literatura de Cordel;<br \/>\n8\u00b0 e 9\u00b0 ano- Cr\u00f4nica e;<br \/>\nEnsino M\u00e9dio- Artigo de Opini\u00e3o, com o tema &#8220;Protagonismo Estudantil&#8221;, voc\u00ea pode reinventar o mundo.<\/p>\n<p><img loading=\"lazy\" decoding=\"async\" class=\"alignnone size-medium wp-image-541\" src=\"http:\/\/portalnpm.com.br\/wp-content\/uploads\/2018\/08\/IMG-20180813-WA0032-300x225.jpg\" alt=\"\" width=\"300\" height=\"225\" srcset=\"https:\/\/portalnpm.com\/wp-content\/uploads\/2018\/08\/IMG-20180813-WA0032-300x225.jpg 300w, https:\/\/portalnpm.com\/wp-content\/uploads\/2018\/08\/IMG-20180813-WA0032-1024x768.jpg 1024w, https:\/\/portalnpm.com\/wp-content\/uploads\/2018\/08\/IMG-20180813-WA0032-768x576.jpg 768w, https:\/\/portalnpm.com\/wp-content\/uploads\/2018\/08\/IMG-20180813-WA0032-1536x1152.jpg 1536w, https:\/\/portalnpm.com\/wp-content\/uploads\/2018\/08\/IMG-20180813-WA0032-860x645.jpg 860w, https:\/\/portalnpm.com\/wp-content\/uploads\/2018\/08\/IMG-20180813-WA0032.jpg 1600w\" sizes=\"(max-width: 300px) 100vw, 300px\" \/><img loading=\"lazy\" decoding=\"async\" class=\"alignnone size-medium wp-image-542\" src=\"http:\/\/portalnpm.com.br\/wp-content\/uploads\/2018\/08\/IMG-20180813-WA0031-300x225.jpg\" alt=\"\" width=\"300\" height=\"225\" srcset=\"https:\/\/portalnpm.com\/wp-content\/uploads\/2018\/08\/IMG-20180813-WA0031-300x225.jpg 300w, https:\/\/portalnpm.com\/wp-content\/uploads\/2018\/08\/IMG-20180813-WA0031-1024x768.jpg 1024w, https:\/\/portalnpm.com\/wp-content\/uploads\/2018\/08\/IMG-20180813-WA0031-768x576.jpg 768w, https:\/\/portalnpm.com\/wp-content\/uploads\/2018\/08\/IMG-20180813-WA0031-1536x1152.jpg 1536w, https:\/\/portalnpm.com\/wp-content\/uploads\/2018\/08\/IMG-20180813-WA0031-860x645.jpg 860w, https:\/\/portalnpm.com\/wp-content\/uploads\/2018\/08\/IMG-20180813-WA0031.jpg 1600w\" sizes=\"(max-width: 300px) 100vw, 300px\" \/><img loading=\"lazy\" decoding=\"async\" class=\"alignnone size-medium wp-image-543\" src=\"http:\/\/portalnpm.com.br\/wp-content\/uploads\/2018\/08\/IMG-20180813-WA0042-300x222.jpg\" alt=\"\" width=\"300\" height=\"222\" srcset=\"https:\/\/portalnpm.com\/wp-content\/uploads\/2018\/08\/IMG-20180813-WA0042-300x222.jpg 300w, https:\/\/portalnpm.com\/wp-content\/uploads\/2018\/08\/IMG-20180813-WA0042.jpg 737w\" sizes=\"(max-width: 300px) 100vw, 300px\" \/><\/p>\n<p style=\"text-align: justify;\"><strong>Reda\u00e7\u00e3o do Portal NPM\u00a0<\/strong><\/p>\n","protected":false},"excerpt":{"rendered":"<p>A Unidade Escolar Apr\u00edgio Pereira Bezerra, escola da rede estadual de ensino que tem \u00e0 frente a diretora Maria da Gl\u00f3ria, juntamente com as coordenadoras Maria Liduina e Lidia Carvalho, professores e funcion\u00e1rios da escola; realizou no \u00faltimo s\u00e1bado (11), a culmin\u00e2ncia do Projeto Semana Presente, tendo como tema &#8216;Protagonismo Juvenil Saud\u00e1vel&#8217;. O evento aconteceu &hellip;<\/p>\n","protected":false},"author":3,"featured_media":538,"comment_status":"open","ping_status":"open","sticky":false,"template":"","format":"standard","meta":{"content-type":"","rop_custom_images_group":[],"rop_custom_messages_group":[],"rop_publish_now":"initial","rop_publish_now_accounts":{"facebook_2648258775420054_1618374048415101":""},"rop_publish_now_history":[],"rop_publish_now_status":"pending","footnotes":"","_jetpack_memberships_contains_paid_content":false},"categories":[113,198,136],"tags":[511,512,137],"yoast_head":"<!-- This site is optimized with the Yoast SEO plugin v22.3 - https:\/\/yoast.com\/wordpress\/plugins\/seo\/ -->\n<title>S\u00e3o Juli\u00e3o\/ Escola Estadual Apr\u00edgio Pereira Bezerra realiza culmin\u00e2ncia do projeto Semana Presente, com o tema &quot;Protagonismo Juvenil Saud\u00e1vel&quot;; Veja! - Portal NPM<\/title>\n<meta name=\"robots\" content=\"index, follow, max-snippet:-1, max-image-preview:large, max-video-preview:-1\" \/>\n<link rel=\"canonical\" href=\"https:\/\/portalnpm.com\/index.php\/2018\/08\/13\/sao-juliao-escola-estadual-aprigio-pereira-bezerra-realiza-culminancia-do-projeto-semana-presente-com-o-tema-protagonismo-juvenil-saudavel-veja\/\" \/>\n<meta property=\"og:locale\" content=\"pt_BR\" \/>\n<meta property=\"og:type\" content=\"article\" \/>\n<meta property=\"og:title\" content=\"S\u00e3o Juli\u00e3o\/ Escola Estadual Apr\u00edgio Pereira Bezerra realiza culmin\u00e2ncia do projeto Semana Presente, com o tema &quot;Protagonismo Juvenil Saud\u00e1vel&quot;; Veja! - Portal NPM\" \/>\n<meta property=\"og:description\" content=\"A Unidade Escolar Apr\u00edgio Pereira Bezerra, escola da rede estadual de ensino que tem \u00e0 frente a diretora Maria da Gl\u00f3ria, juntamente com as coordenadoras Maria Liduina e Lidia Carvalho, professores e funcion\u00e1rios da escola; realizou no \u00faltimo s\u00e1bado (11), a culmin\u00e2ncia do Projeto Semana Presente, tendo como tema &#8216;Protagonismo Juvenil Saud\u00e1vel&#8217;. O evento aconteceu &hellip;\" \/>\n<meta property=\"og:url\" content=\"https:\/\/portalnpm.com\/index.php\/2018\/08\/13\/sao-juliao-escola-estadual-aprigio-pereira-bezerra-realiza-culminancia-do-projeto-semana-presente-com-o-tema-protagonismo-juvenil-saudavel-veja\/\" \/>\n<meta property=\"og:site_name\" content=\"Portal NPM\" \/>\n<meta property=\"article:published_time\" content=\"2018-08-13T16:28:54+00:00\" \/>\n<meta property=\"og:image\" content=\"https:\/\/portalnpm.com\/wp-content\/uploads\/2018\/08\/IMG-20180813-WA0033.jpg\" \/>\n\t<meta property=\"og:image:width\" content=\"1600\" \/>\n\t<meta property=\"og:image:height\" content=\"1200\" \/>\n\t<meta property=\"og:image:type\" content=\"image\/jpeg\" \/>\n<meta name=\"author\" content=\"Luis Alberto\" \/>\n<meta name=\"twitter:card\" content=\"summary_large_image\" \/>\n<meta name=\"twitter:label1\" content=\"Escrito por\" \/>\n\t<meta name=\"twitter:data1\" content=\"Luis Alberto\" \/>\n\t<meta name=\"twitter:label2\" content=\"Est. tempo de leitura\" \/>\n\t<meta name=\"twitter:data2\" content=\"1 minuto\" \/>\n<script type=\"application\/ld+json\" class=\"yoast-schema-graph\">{\"@context\":\"https:\/\/schema.org\",\"@graph\":[{\"@type\":\"WebPage\",\"@id\":\"https:\/\/portalnpm.com\/index.php\/2018\/08\/13\/sao-juliao-escola-estadual-aprigio-pereira-bezerra-realiza-culminancia-do-projeto-semana-presente-com-o-tema-protagonismo-juvenil-saudavel-veja\/\",\"url\":\"https:\/\/portalnpm.com\/index.php\/2018\/08\/13\/sao-juliao-escola-estadual-aprigio-pereira-bezerra-realiza-culminancia-do-projeto-semana-presente-com-o-tema-protagonismo-juvenil-saudavel-veja\/\",\"name\":\"S\u00e3o Juli\u00e3o\/ Escola Estadual Apr\u00edgio Pereira Bezerra realiza culmin\u00e2ncia do projeto Semana Presente, com o tema \\\"Protagonismo Juvenil Saud\u00e1vel\\\"; Veja! - Portal NPM\",\"isPartOf\":{\"@id\":\"https:\/\/portalnpm.com\/#website\"},\"primaryImageOfPage\":{\"@id\":\"https:\/\/portalnpm.com\/index.php\/2018\/08\/13\/sao-juliao-escola-estadual-aprigio-pereira-bezerra-realiza-culminancia-do-projeto-semana-presente-com-o-tema-protagonismo-juvenil-saudavel-veja\/#primaryimage\"},\"image\":{\"@id\":\"https:\/\/portalnpm.com\/index.php\/2018\/08\/13\/sao-juliao-escola-estadual-aprigio-pereira-bezerra-realiza-culminancia-do-projeto-semana-presente-com-o-tema-protagonismo-juvenil-saudavel-veja\/#primaryimage\"},\"thumbnailUrl\":\"https:\/\/portalnpm.com\/wp-content\/uploads\/2018\/08\/IMG-20180813-WA0033.jpg\",\"datePublished\":\"2018-08-13T16:28:54+00:00\",\"dateModified\":\"2018-08-13T16:28:54+00:00\",\"author\":{\"@id\":\"https:\/\/portalnpm.com\/#\/schema\/person\/5c8006acdf71774cd4e7a5ab98482152\"},\"breadcrumb\":{\"@id\":\"https:\/\/portalnpm.com\/index.php\/2018\/08\/13\/sao-juliao-escola-estadual-aprigio-pereira-bezerra-realiza-culminancia-do-projeto-semana-presente-com-o-tema-protagonismo-juvenil-saudavel-veja\/#breadcrumb\"},\"inLanguage\":\"pt-BR\",\"potentialAction\":[{\"@type\":\"ReadAction\",\"target\":[\"https:\/\/portalnpm.com\/index.php\/2018\/08\/13\/sao-juliao-escola-estadual-aprigio-pereira-bezerra-realiza-culminancia-do-projeto-semana-presente-com-o-tema-protagonismo-juvenil-saudavel-veja\/\"]}]},{\"@type\":\"ImageObject\",\"inLanguage\":\"pt-BR\",\"@id\":\"https:\/\/portalnpm.com\/index.php\/2018\/08\/13\/sao-juliao-escola-estadual-aprigio-pereira-bezerra-realiza-culminancia-do-projeto-semana-presente-com-o-tema-protagonismo-juvenil-saudavel-veja\/#primaryimage\",\"url\":\"https:\/\/portalnpm.com\/wp-content\/uploads\/2018\/08\/IMG-20180813-WA0033.jpg\",\"contentUrl\":\"https:\/\/portalnpm.com\/wp-content\/uploads\/2018\/08\/IMG-20180813-WA0033.jpg\",\"width\":1600,\"height\":1200},{\"@type\":\"BreadcrumbList\",\"@id\":\"https:\/\/portalnpm.com\/index.php\/2018\/08\/13\/sao-juliao-escola-estadual-aprigio-pereira-bezerra-realiza-culminancia-do-projeto-semana-presente-com-o-tema-protagonismo-juvenil-saudavel-veja\/#breadcrumb\",\"itemListElement\":[{\"@type\":\"ListItem\",\"position\":1,\"name\":\"In\u00edcio\",\"item\":\"https:\/\/portalnpm.com\/\"},{\"@type\":\"ListItem\",\"position\":2,\"name\":\"S\u00e3o Juli\u00e3o\/ Escola Estadual Apr\u00edgio Pereira Bezerra realiza culmin\u00e2ncia do projeto Semana Presente, com o tema &#8220;Protagonismo Juvenil Saud\u00e1vel&#8221;; Veja!\"}]},{\"@type\":\"WebSite\",\"@id\":\"https:\/\/portalnpm.com\/#website\",\"url\":\"https:\/\/portalnpm.com\/\",\"name\":\"Portal NPM\",\"description\":\"Not\u00edcias em Primeira M\u00e3o\",\"potentialAction\":[{\"@type\":\"SearchAction\",\"target\":{\"@type\":\"EntryPoint\",\"urlTemplate\":\"https:\/\/portalnpm.com\/?s={search_term_string}\"},\"query-input\":\"required name=search_term_string\"}],\"inLanguage\":\"pt-BR\"},{\"@type\":\"Person\",\"@id\":\"https:\/\/portalnpm.com\/#\/schema\/person\/5c8006acdf71774cd4e7a5ab98482152\",\"name\":\"Luis Alberto\",\"image\":{\"@type\":\"ImageObject\",\"inLanguage\":\"pt-BR\",\"@id\":\"https:\/\/portalnpm.com\/#\/schema\/person\/image\/\",\"url\":\"https:\/\/portalnpm.com\/wp-content\/uploads\/2024\/12\/avatar_user_3_1734699769-96x96.jpeg\",\"contentUrl\":\"https:\/\/portalnpm.com\/wp-content\/uploads\/2024\/12\/avatar_user_3_1734699769-96x96.jpeg\",\"caption\":\"Luis Alberto\"},\"description\":\"Editor-geral do Portal NPM, \u00e9 formado como T\u00e9cnico em Seguran\u00e7a do Trabalho pela Escola Metropolitana de Cursos T\u00e9cnicos. Det\u00e9m ainda licenciatura em Educa\u00e7\u00e3o F\u00edsica e bacharelado em Ci\u00eancias Pol\u00edticas, ambos obtidos pela institui\u00e7\u00e3o Anhanguera\/UNOPAR.\",\"url\":\"https:\/\/portalnpm.com\/index.php\/author\/pereira\/\"}]}<\/script>\n<!-- \/ Yoast SEO plugin. -->","yoast_head_json":{"title":"S\u00e3o Juli\u00e3o\/ Escola Estadual Apr\u00edgio Pereira Bezerra realiza culmin\u00e2ncia do projeto Semana Presente, com o tema \"Protagonismo Juvenil Saud\u00e1vel\"; Veja! - Portal NPM","robots":{"index":"index","follow":"follow","max-snippet":"max-snippet:-1","max-image-preview":"max-image-preview:large","max-video-preview":"max-video-preview:-1"},"canonical":"https:\/\/portalnpm.com\/index.php\/2018\/08\/13\/sao-juliao-escola-estadual-aprigio-pereira-bezerra-realiza-culminancia-do-projeto-semana-presente-com-o-tema-protagonismo-juvenil-saudavel-veja\/","og_locale":"pt_BR","og_type":"article","og_title":"S\u00e3o Juli\u00e3o\/ Escola Estadual Apr\u00edgio Pereira Bezerra realiza culmin\u00e2ncia do projeto Semana Presente, com o tema \"Protagonismo Juvenil Saud\u00e1vel\"; Veja! - Portal NPM","og_description":"A Unidade Escolar Apr\u00edgio Pereira Bezerra, escola da rede estadual de ensino que tem \u00e0 frente a diretora Maria da Gl\u00f3ria, juntamente com as coordenadoras Maria Liduina e Lidia Carvalho, professores e funcion\u00e1rios da escola; realizou no \u00faltimo s\u00e1bado (11), a culmin\u00e2ncia do Projeto Semana Presente, tendo como tema &#8216;Protagonismo Juvenil Saud\u00e1vel&#8217;. O evento aconteceu &hellip;","og_url":"https:\/\/portalnpm.com\/index.php\/2018\/08\/13\/sao-juliao-escola-estadual-aprigio-pereira-bezerra-realiza-culminancia-do-projeto-semana-presente-com-o-tema-protagonismo-juvenil-saudavel-veja\/","og_site_name":"Portal NPM","article_published_time":"2018-08-13T16:28:54+00:00","og_image":[{"width":1600,"height":1200,"url":"https:\/\/portalnpm.com\/wp-content\/uploads\/2018\/08\/IMG-20180813-WA0033.jpg","type":"image\/jpeg"}],"author":"Luis Alberto","twitter_card":"summary_large_image","twitter_misc":{"Escrito por":"Luis Alberto","Est. tempo de leitura":"1 minuto"},"schema":{"@context":"https:\/\/schema.org","@graph":[{"@type":"WebPage","@id":"https:\/\/portalnpm.com\/index.php\/2018\/08\/13\/sao-juliao-escola-estadual-aprigio-pereira-bezerra-realiza-culminancia-do-projeto-semana-presente-com-o-tema-protagonismo-juvenil-saudavel-veja\/","url":"https:\/\/portalnpm.com\/index.php\/2018\/08\/13\/sao-juliao-escola-estadual-aprigio-pereira-bezerra-realiza-culminancia-do-projeto-semana-presente-com-o-tema-protagonismo-juvenil-saudavel-veja\/","name":"S\u00e3o Juli\u00e3o\/ Escola Estadual Apr\u00edgio Pereira Bezerra realiza culmin\u00e2ncia do projeto Semana Presente, com o tema \"Protagonismo Juvenil Saud\u00e1vel\"; Veja! - Portal NPM","isPartOf":{"@id":"https:\/\/portalnpm.com\/#website"},"primaryImageOfPage":{"@id":"https:\/\/portalnpm.com\/index.php\/2018\/08\/13\/sao-juliao-escola-estadual-aprigio-pereira-bezerra-realiza-culminancia-do-projeto-semana-presente-com-o-tema-protagonismo-juvenil-saudavel-veja\/#primaryimage"},"image":{"@id":"https:\/\/portalnpm.com\/index.php\/2018\/08\/13\/sao-juliao-escola-estadual-aprigio-pereira-bezerra-realiza-culminancia-do-projeto-semana-presente-com-o-tema-protagonismo-juvenil-saudavel-veja\/#primaryimage"},"thumbnailUrl":"https:\/\/portalnpm.com\/wp-content\/uploads\/2018\/08\/IMG-20180813-WA0033.jpg","datePublished":"2018-08-13T16:28:54+00:00","dateModified":"2018-08-13T16:28:54+00:00","author":{"@id":"https:\/\/portalnpm.com\/#\/schema\/person\/5c8006acdf71774cd4e7a5ab98482152"},"breadcrumb":{"@id":"https:\/\/portalnpm.com\/index.php\/2018\/08\/13\/sao-juliao-escola-estadual-aprigio-pereira-bezerra-realiza-culminancia-do-projeto-semana-presente-com-o-tema-protagonismo-juvenil-saudavel-veja\/#breadcrumb"},"inLanguage":"pt-BR","potentialAction":[{"@type":"ReadAction","target":["https:\/\/portalnpm.com\/index.php\/2018\/08\/13\/sao-juliao-escola-estadual-aprigio-pereira-bezerra-realiza-culminancia-do-projeto-semana-presente-com-o-tema-protagonismo-juvenil-saudavel-veja\/"]}]},{"@type":"ImageObject","inLanguage":"pt-BR","@id":"https:\/\/portalnpm.com\/index.php\/2018\/08\/13\/sao-juliao-escola-estadual-aprigio-pereira-bezerra-realiza-culminancia-do-projeto-semana-presente-com-o-tema-protagonismo-juvenil-saudavel-veja\/#primaryimage","url":"https:\/\/portalnpm.com\/wp-content\/uploads\/2018\/08\/IMG-20180813-WA0033.jpg","contentUrl":"https:\/\/portalnpm.com\/wp-content\/uploads\/2018\/08\/IMG-20180813-WA0033.jpg","width":1600,"height":1200},{"@type":"BreadcrumbList","@id":"https:\/\/portalnpm.com\/index.php\/2018\/08\/13\/sao-juliao-escola-estadual-aprigio-pereira-bezerra-realiza-culminancia-do-projeto-semana-presente-com-o-tema-protagonismo-juvenil-saudavel-veja\/#breadcrumb","itemListElement":[{"@type":"ListItem","position":1,"name":"In\u00edcio","item":"https:\/\/portalnpm.com\/"},{"@type":"ListItem","position":2,"name":"S\u00e3o Juli\u00e3o\/ Escola Estadual Apr\u00edgio Pereira Bezerra realiza culmin\u00e2ncia do projeto Semana Presente, com o tema &#8220;Protagonismo Juvenil Saud\u00e1vel&#8221;; Veja!"}]},{"@type":"WebSite","@id":"https:\/\/portalnpm.com\/#website","url":"https:\/\/portalnpm.com\/","name":"Portal NPM","description":"Not\u00edcias em Primeira M\u00e3o","potentialAction":[{"@type":"SearchAction","target":{"@type":"EntryPoint","urlTemplate":"https:\/\/portalnpm.com\/?s={search_term_string}"},"query-input":"required name=search_term_string"}],"inLanguage":"pt-BR"},{"@type":"Person","@id":"https:\/\/portalnpm.com\/#\/schema\/person\/5c8006acdf71774cd4e7a5ab98482152","name":"Luis Alberto","image":{"@type":"ImageObject","inLanguage":"pt-BR","@id":"https:\/\/portalnpm.com\/#\/schema\/person\/image\/","url":"https:\/\/portalnpm.com\/wp-content\/uploads\/2024\/12\/avatar_user_3_1734699769-96x96.jpeg","contentUrl":"https:\/\/portalnpm.com\/wp-content\/uploads\/2024\/12\/avatar_user_3_1734699769-96x96.jpeg","caption":"Luis Alberto"},"description":"Editor-geral do Portal NPM, \u00e9 formado como T\u00e9cnico em Seguran\u00e7a do Trabalho pela Escola Metropolitana de Cursos T\u00e9cnicos. Det\u00e9m ainda licenciatura em Educa\u00e7\u00e3o F\u00edsica e bacharelado em Ci\u00eancias Pol\u00edticas, ambos obtidos pela institui\u00e7\u00e3o Anhanguera\/UNOPAR.","url":"https:\/\/portalnpm.com\/index.php\/author\/pereira\/"}]}},"jetpack_sharing_enabled":true,"jetpack_featured_media_url":"https:\/\/portalnpm.com\/wp-content\/uploads\/2018\/08\/IMG-20180813-WA0033.jpg","_links":{"self":[{"href":"https:\/\/portalnpm.com\/index.php\/wp-json\/wp\/v2\/posts\/537"}],"collection":[{"href":"https:\/\/portalnpm.com\/index.php\/wp-json\/wp\/v2\/posts"}],"about":[{"href":"https:\/\/portalnpm.com\/index.php\/wp-json\/wp\/v2\/types\/post"}],"author":[{"embeddable":true,"href":"https:\/\/portalnpm.com\/index.php\/wp-json\/wp\/v2\/users\/3"}],"replies":[{"embeddable":true,"href":"https:\/\/portalnpm.com\/index.php\/wp-json\/wp\/v2\/comments?post=537"}],"version-history":[{"count":0,"href":"https:\/\/portalnpm.com\/index.php\/wp-json\/wp\/v2\/posts\/537\/revisions"}],"wp:featuredmedia":[{"embeddable":true,"href":"https:\/\/portalnpm.com\/index.php\/wp-json\/wp\/v2\/media\/538"}],"wp:attachment":[{"href":"https:\/\/portalnpm.com\/index.php\/wp-json\/wp\/v2\/media?parent=537"}],"wp:term":[{"taxonomy":"category","embeddable":true,"href":"https:\/\/portalnpm.com\/index.php\/wp-json\/wp\/v2\/categories?post=537"},{"taxonomy":"post_tag","embeddable":true,"href":"https:\/\/portalnpm.com\/index.php\/wp-json\/wp\/v2\/tags?post=537"}],"curies":[{"name":"wp","href":"https:\/\/api.w.org\/{rel}","templated":true}]}}