{"id":5378,"date":"2019-01-30T18:56:47","date_gmt":"2019-01-30T20:56:47","guid":{"rendered":"http:\/\/srv.portalnpm.com.br\/?p=5378"},"modified":"2019-01-30T18:56:47","modified_gmt":"2019-01-30T20:56:47","slug":"acidente-mata-familia-que-saiu-do-piaui-com-destino-ao-distrito-federal","status":"publish","type":"post","link":"https:\/\/portalnpm.com\/index.php\/2019\/01\/30\/acidente-mata-familia-que-saiu-do-piaui-com-destino-ao-distrito-federal\/","title":{"rendered":"Acidente mata fam\u00edlia que saiu do Piau\u00ed com destino ao Distrito Federal"},"content":{"rendered":"<p style=\"text-align: justify;\">Uma fam\u00edlia morreu ap\u00f3s um acidente no quil\u00f4metro 80 da BR-020, na altura do munic\u00edpio de Vila Boa, pr\u00f3ximo \u00e0 Formosa (GO). As v\u00edtimas s\u00e3o: o sargento da Pol\u00edcia Militar do Distrito Federal, Marc\u00edlio da Costa, 45 anos; a esposa, Elzilene de Sousa Silva Ferreira, 40, e o filho Lyncon. Eles estavam em um carro Fiat Toro e colidiram frontalmente com uma carreta.<\/p>\n<p style=\"text-align: justify;\">O casal e o filho voltavam de viagem ap\u00f3s visitarem parentes no Piau\u00ed e Maranh\u00e3o. O acidente aconteceu domingo (27) e as v\u00edtimas foram veladas e enterradas nessa segunda-feira (28). O sepultamento de Marc\u00edlio ocorreu no Piau\u00ed e o de Elzilene no Maranh\u00e3o. Lyncon foi enterrado no mesmo local que a m\u00e3e.<\/p>\n<p style=\"text-align: justify;\">Segundo o Corpo de Bombeiros de Goi\u00e1s, testemunhas disseram que Elzilene, que conduzia o carro, entrou na contram\u00e3o e surpreendeu o motorista da carreta, que n\u00e3o sofreu nenhum ferimento.<\/p>\n<p style=\"text-align: justify;\">Com a batida, o carro de passeio saiu da pista, tombou e pegou fogo. O casal ficou preso \u00e0s ferragens e morreu no local. A crian\u00e7a chegou a ser levada ao Instituto Hospital de Base, mas n\u00e3o resistiu aos ferimentos.<\/p>\n<p><img decoding=\"async\" class=\"alignnone size-medium wp-image-5379\" src=\"http:\/\/portalnpm.com.br\/wp-content\/uploads\/2019\/01\/25d4e8bf2b72f665ff3a903cb94c0192258759ff-300x164.jpeg\" alt=\"\" width=\"300\" height=\"164\" \/><\/p>\n<p style=\"text-align: justify;\"><strong>Fonte: Portal R10<\/strong><\/p>\n","protected":false},"excerpt":{"rendered":"<p>Uma fam\u00edlia morreu ap\u00f3s um acidente no quil\u00f4metro 80 da BR-020, na altura do munic\u00edpio de Vila Boa, pr\u00f3ximo \u00e0 Formosa (GO). As v\u00edtimas s\u00e3o: o sargento da Pol\u00edcia Militar do Distrito Federal, Marc\u00edlio da Costa, 45 anos; a esposa, Elzilene de Sousa Silva Ferreira, 40, e o filho Lyncon. Eles estavam em um carro &hellip;<\/p>\n","protected":false},"author":4,"featured_media":5380,"comment_status":"open","ping_status":"open","sticky":false,"template":"","format":"standard","meta":{"content-type":"","rop_custom_images_group":[],"rop_custom_messages_group":[],"rop_publish_now":"initial","rop_publish_now_accounts":{"facebook_2648258775420054_1618374048415101":""},"rop_publish_now_history":[],"rop_publish_now_status":"pending","footnotes":"","_jetpack_memberships_contains_paid_content":false},"categories":[113,118],"tags":[154,2135,657,132],"yoast_head":"<!-- This site is optimized with the Yoast SEO plugin v22.3 - https:\/\/yoast.com\/wordpress\/plugins\/seo\/ -->\n<title>Acidente mata fam\u00edlia que saiu do Piau\u00ed com destino ao Distrito Federal - Portal NPM<\/title>\n<meta name=\"robots\" content=\"index, follow, max-snippet:-1, max-image-preview:large, max-video-preview:-1\" \/>\n<link rel=\"canonical\" href=\"https:\/\/portalnpm.com\/index.php\/2019\/01\/30\/acidente-mata-familia-que-saiu-do-piaui-com-destino-ao-distrito-federal\/\" \/>\n<meta property=\"og:locale\" content=\"pt_BR\" \/>\n<meta property=\"og:type\" content=\"article\" \/>\n<meta property=\"og:title\" content=\"Acidente mata fam\u00edlia que saiu do Piau\u00ed com destino ao Distrito Federal - Portal NPM\" \/>\n<meta property=\"og:description\" content=\"Uma fam\u00edlia morreu ap\u00f3s um acidente no quil\u00f4metro 80 da BR-020, na altura do munic\u00edpio de Vila Boa, pr\u00f3ximo \u00e0 Formosa (GO). As v\u00edtimas s\u00e3o: o sargento da Pol\u00edcia Militar do Distrito Federal, Marc\u00edlio da Costa, 45 anos; a esposa, Elzilene de Sousa Silva Ferreira, 40, e o filho Lyncon. Eles estavam em um carro &hellip;\" \/>\n<meta property=\"og:url\" content=\"https:\/\/portalnpm.com\/index.php\/2019\/01\/30\/acidente-mata-familia-que-saiu-do-piaui-com-destino-ao-distrito-federal\/\" \/>\n<meta property=\"og:site_name\" content=\"Portal NPM\" \/>\n<meta property=\"article:published_time\" content=\"2019-01-30T20:56:47+00:00\" \/>\n<meta name=\"author\" content=\"Reda\u00e7\u00e3o\" \/>\n<meta name=\"twitter:card\" content=\"summary_large_image\" \/>\n<meta name=\"twitter:label1\" content=\"Escrito por\" \/>\n\t<meta name=\"twitter:data1\" content=\"Reda\u00e7\u00e3o\" \/>\n\t<meta name=\"twitter:label2\" content=\"Est. tempo de leitura\" \/>\n\t<meta name=\"twitter:data2\" content=\"1 minuto\" \/>\n<script type=\"application\/ld+json\" class=\"yoast-schema-graph\">{\"@context\":\"https:\/\/schema.org\",\"@graph\":[{\"@type\":\"WebPage\",\"@id\":\"https:\/\/portalnpm.com\/index.php\/2019\/01\/30\/acidente-mata-familia-que-saiu-do-piaui-com-destino-ao-distrito-federal\/\",\"url\":\"https:\/\/portalnpm.com\/index.php\/2019\/01\/30\/acidente-mata-familia-que-saiu-do-piaui-com-destino-ao-distrito-federal\/\",\"name\":\"Acidente mata fam\u00edlia que saiu do Piau\u00ed com destino ao Distrito Federal - Portal NPM\",\"isPartOf\":{\"@id\":\"https:\/\/portalnpm.com\/#website\"},\"primaryImageOfPage\":{\"@id\":\"https:\/\/portalnpm.com\/index.php\/2019\/01\/30\/acidente-mata-familia-que-saiu-do-piaui-com-destino-ao-distrito-federal\/#primaryimage\"},\"image\":{\"@id\":\"https:\/\/portalnpm.com\/index.php\/2019\/01\/30\/acidente-mata-familia-que-saiu-do-piaui-com-destino-ao-distrito-federal\/#primaryimage\"},\"thumbnailUrl\":\"\",\"datePublished\":\"2019-01-30T20:56:47+00:00\",\"dateModified\":\"2019-01-30T20:56:47+00:00\",\"author\":{\"@id\":\"https:\/\/portalnpm.com\/#\/schema\/person\/0b5f230ec96cee25504fa328e7f2b733\"},\"breadcrumb\":{\"@id\":\"https:\/\/portalnpm.com\/index.php\/2019\/01\/30\/acidente-mata-familia-que-saiu-do-piaui-com-destino-ao-distrito-federal\/#breadcrumb\"},\"inLanguage\":\"pt-BR\",\"potentialAction\":[{\"@type\":\"ReadAction\",\"target\":[\"https:\/\/portalnpm.com\/index.php\/2019\/01\/30\/acidente-mata-familia-que-saiu-do-piaui-com-destino-ao-distrito-federal\/\"]}]},{\"@type\":\"ImageObject\",\"inLanguage\":\"pt-BR\",\"@id\":\"https:\/\/portalnpm.com\/index.php\/2019\/01\/30\/acidente-mata-familia-que-saiu-do-piaui-com-destino-ao-distrito-federal\/#primaryimage\",\"url\":\"\",\"contentUrl\":\"\"},{\"@type\":\"BreadcrumbList\",\"@id\":\"https:\/\/portalnpm.com\/index.php\/2019\/01\/30\/acidente-mata-familia-que-saiu-do-piaui-com-destino-ao-distrito-federal\/#breadcrumb\",\"itemListElement\":[{\"@type\":\"ListItem\",\"position\":1,\"name\":\"In\u00edcio\",\"item\":\"https:\/\/portalnpm.com\/\"},{\"@type\":\"ListItem\",\"position\":2,\"name\":\"Acidente mata fam\u00edlia que saiu do Piau\u00ed com destino ao Distrito Federal\"}]},{\"@type\":\"WebSite\",\"@id\":\"https:\/\/portalnpm.com\/#website\",\"url\":\"https:\/\/portalnpm.com\/\",\"name\":\"Portal NPM\",\"description\":\"Not\u00edcias em Primeira M\u00e3o\",\"potentialAction\":[{\"@type\":\"SearchAction\",\"target\":{\"@type\":\"EntryPoint\",\"urlTemplate\":\"https:\/\/portalnpm.com\/?s={search_term_string}\"},\"query-input\":\"required name=search_term_string\"}],\"inLanguage\":\"pt-BR\"},{\"@type\":\"Person\",\"@id\":\"https:\/\/portalnpm.com\/#\/schema\/person\/0b5f230ec96cee25504fa328e7f2b733\",\"name\":\"Reda\u00e7\u00e3o\",\"image\":{\"@type\":\"ImageObject\",\"inLanguage\":\"pt-BR\",\"@id\":\"https:\/\/portalnpm.com\/#\/schema\/person\/image\/\",\"url\":\"https:\/\/portalnpm.com\/wp-content\/uploads\/2024\/03\/avatar_user_4_1710097212-96x96.png\",\"contentUrl\":\"https:\/\/portalnpm.com\/wp-content\/uploads\/2024\/03\/avatar_user_4_1710097212-96x96.png\",\"caption\":\"Reda\u00e7\u00e3o\"},\"url\":\"https:\/\/portalnpm.com\/index.php\/author\/redacao\/\"}]}<\/script>\n<!-- \/ Yoast SEO plugin. -->","yoast_head_json":{"title":"Acidente mata fam\u00edlia que saiu do Piau\u00ed com destino ao Distrito Federal - Portal NPM","robots":{"index":"index","follow":"follow","max-snippet":"max-snippet:-1","max-image-preview":"max-image-preview:large","max-video-preview":"max-video-preview:-1"},"canonical":"https:\/\/portalnpm.com\/index.php\/2019\/01\/30\/acidente-mata-familia-que-saiu-do-piaui-com-destino-ao-distrito-federal\/","og_locale":"pt_BR","og_type":"article","og_title":"Acidente mata fam\u00edlia que saiu do Piau\u00ed com destino ao Distrito Federal - Portal NPM","og_description":"Uma fam\u00edlia morreu ap\u00f3s um acidente no quil\u00f4metro 80 da BR-020, na altura do munic\u00edpio de Vila Boa, pr\u00f3ximo \u00e0 Formosa (GO). As v\u00edtimas s\u00e3o: o sargento da Pol\u00edcia Militar do Distrito Federal, Marc\u00edlio da Costa, 45 anos; a esposa, Elzilene de Sousa Silva Ferreira, 40, e o filho Lyncon. Eles estavam em um carro &hellip;","og_url":"https:\/\/portalnpm.com\/index.php\/2019\/01\/30\/acidente-mata-familia-que-saiu-do-piaui-com-destino-ao-distrito-federal\/","og_site_name":"Portal NPM","article_published_time":"2019-01-30T20:56:47+00:00","author":"Reda\u00e7\u00e3o","twitter_card":"summary_large_image","twitter_misc":{"Escrito por":"Reda\u00e7\u00e3o","Est. tempo de leitura":"1 minuto"},"schema":{"@context":"https:\/\/schema.org","@graph":[{"@type":"WebPage","@id":"https:\/\/portalnpm.com\/index.php\/2019\/01\/30\/acidente-mata-familia-que-saiu-do-piaui-com-destino-ao-distrito-federal\/","url":"https:\/\/portalnpm.com\/index.php\/2019\/01\/30\/acidente-mata-familia-que-saiu-do-piaui-com-destino-ao-distrito-federal\/","name":"Acidente mata fam\u00edlia que saiu do Piau\u00ed com destino ao Distrito Federal - Portal NPM","isPartOf":{"@id":"https:\/\/portalnpm.com\/#website"},"primaryImageOfPage":{"@id":"https:\/\/portalnpm.com\/index.php\/2019\/01\/30\/acidente-mata-familia-que-saiu-do-piaui-com-destino-ao-distrito-federal\/#primaryimage"},"image":{"@id":"https:\/\/portalnpm.com\/index.php\/2019\/01\/30\/acidente-mata-familia-que-saiu-do-piaui-com-destino-ao-distrito-federal\/#primaryimage"},"thumbnailUrl":"","datePublished":"2019-01-30T20:56:47+00:00","dateModified":"2019-01-30T20:56:47+00:00","author":{"@id":"https:\/\/portalnpm.com\/#\/schema\/person\/0b5f230ec96cee25504fa328e7f2b733"},"breadcrumb":{"@id":"https:\/\/portalnpm.com\/index.php\/2019\/01\/30\/acidente-mata-familia-que-saiu-do-piaui-com-destino-ao-distrito-federal\/#breadcrumb"},"inLanguage":"pt-BR","potentialAction":[{"@type":"ReadAction","target":["https:\/\/portalnpm.com\/index.php\/2019\/01\/30\/acidente-mata-familia-que-saiu-do-piaui-com-destino-ao-distrito-federal\/"]}]},{"@type":"ImageObject","inLanguage":"pt-BR","@id":"https:\/\/portalnpm.com\/index.php\/2019\/01\/30\/acidente-mata-familia-que-saiu-do-piaui-com-destino-ao-distrito-federal\/#primaryimage","url":"","contentUrl":""},{"@type":"BreadcrumbList","@id":"https:\/\/portalnpm.com\/index.php\/2019\/01\/30\/acidente-mata-familia-que-saiu-do-piaui-com-destino-ao-distrito-federal\/#breadcrumb","itemListElement":[{"@type":"ListItem","position":1,"name":"In\u00edcio","item":"https:\/\/portalnpm.com\/"},{"@type":"ListItem","position":2,"name":"Acidente mata fam\u00edlia que saiu do Piau\u00ed com destino ao Distrito Federal"}]},{"@type":"WebSite","@id":"https:\/\/portalnpm.com\/#website","url":"https:\/\/portalnpm.com\/","name":"Portal NPM","description":"Not\u00edcias em Primeira M\u00e3o","potentialAction":[{"@type":"SearchAction","target":{"@type":"EntryPoint","urlTemplate":"https:\/\/portalnpm.com\/?s={search_term_string}"},"query-input":"required name=search_term_string"}],"inLanguage":"pt-BR"},{"@type":"Person","@id":"https:\/\/portalnpm.com\/#\/schema\/person\/0b5f230ec96cee25504fa328e7f2b733","name":"Reda\u00e7\u00e3o","image":{"@type":"ImageObject","inLanguage":"pt-BR","@id":"https:\/\/portalnpm.com\/#\/schema\/person\/image\/","url":"https:\/\/portalnpm.com\/wp-content\/uploads\/2024\/03\/avatar_user_4_1710097212-96x96.png","contentUrl":"https:\/\/portalnpm.com\/wp-content\/uploads\/2024\/03\/avatar_user_4_1710097212-96x96.png","caption":"Reda\u00e7\u00e3o"},"url":"https:\/\/portalnpm.com\/index.php\/author\/redacao\/"}]}},"jetpack_sharing_enabled":true,"jetpack_featured_media_url":"","_links":{"self":[{"href":"https:\/\/portalnpm.com\/index.php\/wp-json\/wp\/v2\/posts\/5378"}],"collection":[{"href":"https:\/\/portalnpm.com\/index.php\/wp-json\/wp\/v2\/posts"}],"about":[{"href":"https:\/\/portalnpm.com\/index.php\/wp-json\/wp\/v2\/types\/post"}],"author":[{"embeddable":true,"href":"https:\/\/portalnpm.com\/index.php\/wp-json\/wp\/v2\/users\/4"}],"replies":[{"embeddable":true,"href":"https:\/\/portalnpm.com\/index.php\/wp-json\/wp\/v2\/comments?post=5378"}],"version-history":[{"count":0,"href":"https:\/\/portalnpm.com\/index.php\/wp-json\/wp\/v2\/posts\/5378\/revisions"}],"wp:featuredmedia":[{"embeddable":true,"href":"https:\/\/portalnpm.com\/index.php\/wp-json\/"}],"wp:attachment":[{"href":"https:\/\/portalnpm.com\/index.php\/wp-json\/wp\/v2\/media?parent=5378"}],"wp:term":[{"taxonomy":"category","embeddable":true,"href":"https:\/\/portalnpm.com\/index.php\/wp-json\/wp\/v2\/categories?post=5378"},{"taxonomy":"post_tag","embeddable":true,"href":"https:\/\/portalnpm.com\/index.php\/wp-json\/wp\/v2\/tags?post=5378"}],"curies":[{"name":"wp","href":"https:\/\/api.w.org\/{rel}","templated":true}]}}