{"id":53803,"date":"2020-06-26T17:28:55","date_gmt":"2020-06-26T20:28:55","guid":{"rendered":"https:\/\/portalnpm.com\/index.php\/2020\/06\/26\/franca-ja-tem-data-para-retomar-o-futebol-e-com-presenca-de-publico-saiba-aqui\/"},"modified":"2020-06-26T17:28:55","modified_gmt":"2020-06-26T20:28:55","slug":"franca-ja-tem-data-para-retomar-o-futebol-e-com-presenca-de-publico-saiba-aqui","status":"publish","type":"post","link":"https:\/\/portalnpm.com\/index.php\/2020\/06\/26\/franca-ja-tem-data-para-retomar-o-futebol-e-com-presenca-de-publico-saiba-aqui\/","title":{"rendered":"Fran\u00e7a j\u00e1 tem data para retomar o futebol e com presen\u00e7a de p\u00fablico. Saiba aqui!"},"content":{"rendered":"<p style=\"text-align: justify;\">Campinas, SP, 26 (AFI) &#8211; O Campeonato Franc\u00eas foi o \u00fanico, entre os principais da Europa, a encerrar precocemente sua temporada por causa da pandemia do novo coronav\u00edrus. A Fran\u00e7a, no entanto, j\u00e1 tem data para voltar a rolar a bola. Ser\u00e1 em 24 de julho com a final da Copa da Fran\u00e7a.<\/p>\n<p style=\"text-align: justify;\">\n<p style=\"text-align: justify;\">O encontro ser\u00e1 entre PSG e Saint-Etienne no Stade de France. Sete dias depois, o futebol franc\u00eas ter\u00e1 a final da Copa da Liga. E o time de Neymar estar\u00e1 novamente presente. O PSG desafiar\u00e1 o Lyon.<\/p>\n<p style=\"text-align: justify;\">A boa not\u00edcia \u00e9 que as duas decis\u00f5es ter\u00e3o p\u00fablico. O Governo do pa\u00eds liberou a presen\u00e7a de cinco mil torcedores respeitando os protocolos de sa\u00fade.<\/p>\n<p style=\"text-align: justify;\">&#8220;Neste momento, temos a autoriza\u00e7\u00e3o de cinco mil pessoas nas arquibancadas, mas queremos fazer um requerimento para aumentar esse n\u00famero. \u00c9 pouco para o Stade de France. Queremos aumentar em 30%, mas s\u00f3 se a crise permitir&#8221;, afirmou No\u00ebl Le Gra\u00ebt, presidente da FFF.<\/p>\n<p style=\"text-align: justify;\">Fonte: Futebol Interior<\/p>\n","protected":false},"excerpt":{"rendered":"<p>Campinas, SP, 26 (AFI) &#8211; O Campeonato Franc\u00eas foi o \u00fanico, entre os principais da Europa, a encerrar precocemente sua temporada por causa da pandemia do novo coronav\u00edrus. A Fran\u00e7a, no entanto, j\u00e1 tem data para voltar a rolar a bola. Ser\u00e1 em 24 de julho com a final da Copa da Fran\u00e7a. O encontro &hellip;<\/p>\n","protected":false},"author":2,"featured_media":53804,"comment_status":"open","ping_status":"open","sticky":false,"template":"","format":"standard","meta":{"content-type":"","rop_custom_images_group":[],"rop_custom_messages_group":[],"rop_publish_now":"initial","rop_publish_now_accounts":{"facebook_2648258775420054_1618374048415101":""},"rop_publish_now_history":[],"rop_publish_now_status":"pending","footnotes":"","_jetpack_memberships_contains_paid_content":false},"categories":[108],"tags":[3733,2142,3133],"yoast_head":"<!-- This site is optimized with the Yoast SEO plugin v22.3 - https:\/\/yoast.com\/wordpress\/plugins\/seo\/ -->\n<title>Fran\u00e7a j\u00e1 tem data para retomar o futebol e com presen\u00e7a de p\u00fablico. Saiba aqui!<\/title>\n<meta name=\"robots\" content=\"index, follow, max-snippet:-1, max-image-preview:large, max-video-preview:-1\" \/>\n<link rel=\"canonical\" href=\"https:\/\/portalnpm.com\/index.php\/2020\/06\/26\/franca-ja-tem-data-para-retomar-o-futebol-e-com-presenca-de-publico-saiba-aqui\/\" \/>\n<meta property=\"og:locale\" content=\"pt_BR\" \/>\n<meta property=\"og:type\" content=\"article\" \/>\n<meta property=\"og:title\" content=\"Fran\u00e7a j\u00e1 tem data para retomar o futebol e com presen\u00e7a de p\u00fablico. Saiba aqui!\" \/>\n<meta property=\"og:description\" content=\"Campinas, SP, 26 (AFI) &#8211; O Campeonato Franc\u00eas foi o \u00fanico, entre os principais da Europa, a encerrar precocemente sua temporada por causa da pandemia do novo coronav\u00edrus. A Fran\u00e7a, no entanto, j\u00e1 tem data para voltar a rolar a bola. Ser\u00e1 em 24 de julho com a final da Copa da Fran\u00e7a. O encontro &hellip;\" \/>\n<meta property=\"og:url\" content=\"https:\/\/portalnpm.com\/index.php\/2020\/06\/26\/franca-ja-tem-data-para-retomar-o-futebol-e-com-presenca-de-publico-saiba-aqui\/\" \/>\n<meta property=\"og:site_name\" content=\"Portal NPM\" \/>\n<meta property=\"article:published_time\" content=\"2020-06-26T20:28:55+00:00\" \/>\n<meta property=\"og:image\" content=\"https:\/\/portalnpm.com\/wp-content\/uploads\/2024\/01\/images-3-2.jpeg\" \/>\n\t<meta property=\"og:image:width\" content=\"679\" \/>\n\t<meta property=\"og:image:height\" content=\"452\" \/>\n\t<meta property=\"og:image:type\" content=\"image\/jpeg\" \/>\n<meta name=\"author\" content=\"Genival Barbosa\" \/>\n<meta name=\"twitter:card\" content=\"summary_large_image\" \/>\n<meta name=\"twitter:label1\" content=\"Escrito por\" \/>\n\t<meta name=\"twitter:data1\" content=\"Genival Barbosa\" \/>\n\t<meta name=\"twitter:label2\" content=\"Est. tempo de leitura\" \/>\n\t<meta name=\"twitter:data2\" content=\"1 minuto\" \/>\n<script type=\"application\/ld+json\" class=\"yoast-schema-graph\">{\"@context\":\"https:\/\/schema.org\",\"@graph\":[{\"@type\":\"WebPage\",\"@id\":\"https:\/\/portalnpm.com\/index.php\/2020\/06\/26\/franca-ja-tem-data-para-retomar-o-futebol-e-com-presenca-de-publico-saiba-aqui\/\",\"url\":\"https:\/\/portalnpm.com\/index.php\/2020\/06\/26\/franca-ja-tem-data-para-retomar-o-futebol-e-com-presenca-de-publico-saiba-aqui\/\",\"name\":\"Fran\u00e7a j\u00e1 tem data para retomar o futebol e com presen\u00e7a de p\u00fablico. Saiba aqui!\",\"isPartOf\":{\"@id\":\"https:\/\/portalnpm.com\/#website\"},\"primaryImageOfPage\":{\"@id\":\"https:\/\/portalnpm.com\/index.php\/2020\/06\/26\/franca-ja-tem-data-para-retomar-o-futebol-e-com-presenca-de-publico-saiba-aqui\/#primaryimage\"},\"image\":{\"@id\":\"https:\/\/portalnpm.com\/index.php\/2020\/06\/26\/franca-ja-tem-data-para-retomar-o-futebol-e-com-presenca-de-publico-saiba-aqui\/#primaryimage\"},\"thumbnailUrl\":\"https:\/\/portalnpm.com\/wp-content\/uploads\/2024\/01\/images-3-2.jpeg\",\"datePublished\":\"2020-06-26T20:28:55+00:00\",\"dateModified\":\"2020-06-26T20:28:55+00:00\",\"author\":{\"@id\":\"https:\/\/portalnpm.com\/#\/schema\/person\/49313e563cfdefcc167f1ee4c017c294\"},\"breadcrumb\":{\"@id\":\"https:\/\/portalnpm.com\/index.php\/2020\/06\/26\/franca-ja-tem-data-para-retomar-o-futebol-e-com-presenca-de-publico-saiba-aqui\/#breadcrumb\"},\"inLanguage\":\"pt-BR\",\"potentialAction\":[{\"@type\":\"ReadAction\",\"target\":[\"https:\/\/portalnpm.com\/index.php\/2020\/06\/26\/franca-ja-tem-data-para-retomar-o-futebol-e-com-presenca-de-publico-saiba-aqui\/\"]}]},{\"@type\":\"ImageObject\",\"inLanguage\":\"pt-BR\",\"@id\":\"https:\/\/portalnpm.com\/index.php\/2020\/06\/26\/franca-ja-tem-data-para-retomar-o-futebol-e-com-presenca-de-publico-saiba-aqui\/#primaryimage\",\"url\":\"https:\/\/portalnpm.com\/wp-content\/uploads\/2024\/01\/images-3-2.jpeg\",\"contentUrl\":\"https:\/\/portalnpm.com\/wp-content\/uploads\/2024\/01\/images-3-2.jpeg\",\"width\":679,\"height\":452},{\"@type\":\"BreadcrumbList\",\"@id\":\"https:\/\/portalnpm.com\/index.php\/2020\/06\/26\/franca-ja-tem-data-para-retomar-o-futebol-e-com-presenca-de-publico-saiba-aqui\/#breadcrumb\",\"itemListElement\":[{\"@type\":\"ListItem\",\"position\":1,\"name\":\"In\u00edcio\",\"item\":\"https:\/\/portalnpm.com\/\"},{\"@type\":\"ListItem\",\"position\":2,\"name\":\"Fran\u00e7a j\u00e1 tem data para retomar o futebol e com presen\u00e7a de p\u00fablico. Saiba aqui!\"}]},{\"@type\":\"WebSite\",\"@id\":\"https:\/\/portalnpm.com\/#website\",\"url\":\"https:\/\/portalnpm.com\/\",\"name\":\"Portal NPM\",\"description\":\"Not\u00edcias em Primeira M\u00e3o\",\"potentialAction\":[{\"@type\":\"SearchAction\",\"target\":{\"@type\":\"EntryPoint\",\"urlTemplate\":\"https:\/\/portalnpm.com\/?s={search_term_string}\"},\"query-input\":\"required name=search_term_string\"}],\"inLanguage\":\"pt-BR\"},{\"@type\":\"Person\",\"@id\":\"https:\/\/portalnpm.com\/#\/schema\/person\/49313e563cfdefcc167f1ee4c017c294\",\"name\":\"Genival Barbosa\",\"image\":{\"@type\":\"ImageObject\",\"inLanguage\":\"pt-BR\",\"@id\":\"https:\/\/portalnpm.com\/#\/schema\/person\/image\/\",\"url\":\"https:\/\/portalnpm.com\/wp-content\/uploads\/2024\/02\/avatar_user_2_1707743258-96x96.jpeg\",\"contentUrl\":\"https:\/\/portalnpm.com\/wp-content\/uploads\/2024\/02\/avatar_user_2_1707743258-96x96.jpeg\",\"caption\":\"Genival Barbosa\"},\"url\":\"https:\/\/portalnpm.com\/index.php\/author\/genival\/\"}]}<\/script>\n<!-- \/ Yoast SEO plugin. -->","yoast_head_json":{"title":"Fran\u00e7a j\u00e1 tem data para retomar o futebol e com presen\u00e7a de p\u00fablico. Saiba aqui!","robots":{"index":"index","follow":"follow","max-snippet":"max-snippet:-1","max-image-preview":"max-image-preview:large","max-video-preview":"max-video-preview:-1"},"canonical":"https:\/\/portalnpm.com\/index.php\/2020\/06\/26\/franca-ja-tem-data-para-retomar-o-futebol-e-com-presenca-de-publico-saiba-aqui\/","og_locale":"pt_BR","og_type":"article","og_title":"Fran\u00e7a j\u00e1 tem data para retomar o futebol e com presen\u00e7a de p\u00fablico. Saiba aqui!","og_description":"Campinas, SP, 26 (AFI) &#8211; O Campeonato Franc\u00eas foi o \u00fanico, entre os principais da Europa, a encerrar precocemente sua temporada por causa da pandemia do novo coronav\u00edrus. A Fran\u00e7a, no entanto, j\u00e1 tem data para voltar a rolar a bola. Ser\u00e1 em 24 de julho com a final da Copa da Fran\u00e7a. O encontro &hellip;","og_url":"https:\/\/portalnpm.com\/index.php\/2020\/06\/26\/franca-ja-tem-data-para-retomar-o-futebol-e-com-presenca-de-publico-saiba-aqui\/","og_site_name":"Portal NPM","article_published_time":"2020-06-26T20:28:55+00:00","og_image":[{"width":679,"height":452,"url":"https:\/\/portalnpm.com\/wp-content\/uploads\/2024\/01\/images-3-2.jpeg","type":"image\/jpeg"}],"author":"Genival Barbosa","twitter_card":"summary_large_image","twitter_misc":{"Escrito por":"Genival Barbosa","Est. tempo de leitura":"1 minuto"},"schema":{"@context":"https:\/\/schema.org","@graph":[{"@type":"WebPage","@id":"https:\/\/portalnpm.com\/index.php\/2020\/06\/26\/franca-ja-tem-data-para-retomar-o-futebol-e-com-presenca-de-publico-saiba-aqui\/","url":"https:\/\/portalnpm.com\/index.php\/2020\/06\/26\/franca-ja-tem-data-para-retomar-o-futebol-e-com-presenca-de-publico-saiba-aqui\/","name":"Fran\u00e7a j\u00e1 tem data para retomar o futebol e com presen\u00e7a de p\u00fablico. Saiba aqui!","isPartOf":{"@id":"https:\/\/portalnpm.com\/#website"},"primaryImageOfPage":{"@id":"https:\/\/portalnpm.com\/index.php\/2020\/06\/26\/franca-ja-tem-data-para-retomar-o-futebol-e-com-presenca-de-publico-saiba-aqui\/#primaryimage"},"image":{"@id":"https:\/\/portalnpm.com\/index.php\/2020\/06\/26\/franca-ja-tem-data-para-retomar-o-futebol-e-com-presenca-de-publico-saiba-aqui\/#primaryimage"},"thumbnailUrl":"https:\/\/portalnpm.com\/wp-content\/uploads\/2024\/01\/images-3-2.jpeg","datePublished":"2020-06-26T20:28:55+00:00","dateModified":"2020-06-26T20:28:55+00:00","author":{"@id":"https:\/\/portalnpm.com\/#\/schema\/person\/49313e563cfdefcc167f1ee4c017c294"},"breadcrumb":{"@id":"https:\/\/portalnpm.com\/index.php\/2020\/06\/26\/franca-ja-tem-data-para-retomar-o-futebol-e-com-presenca-de-publico-saiba-aqui\/#breadcrumb"},"inLanguage":"pt-BR","potentialAction":[{"@type":"ReadAction","target":["https:\/\/portalnpm.com\/index.php\/2020\/06\/26\/franca-ja-tem-data-para-retomar-o-futebol-e-com-presenca-de-publico-saiba-aqui\/"]}]},{"@type":"ImageObject","inLanguage":"pt-BR","@id":"https:\/\/portalnpm.com\/index.php\/2020\/06\/26\/franca-ja-tem-data-para-retomar-o-futebol-e-com-presenca-de-publico-saiba-aqui\/#primaryimage","url":"https:\/\/portalnpm.com\/wp-content\/uploads\/2024\/01\/images-3-2.jpeg","contentUrl":"https:\/\/portalnpm.com\/wp-content\/uploads\/2024\/01\/images-3-2.jpeg","width":679,"height":452},{"@type":"BreadcrumbList","@id":"https:\/\/portalnpm.com\/index.php\/2020\/06\/26\/franca-ja-tem-data-para-retomar-o-futebol-e-com-presenca-de-publico-saiba-aqui\/#breadcrumb","itemListElement":[{"@type":"ListItem","position":1,"name":"In\u00edcio","item":"https:\/\/portalnpm.com\/"},{"@type":"ListItem","position":2,"name":"Fran\u00e7a j\u00e1 tem data para retomar o futebol e com presen\u00e7a de p\u00fablico. Saiba aqui!"}]},{"@type":"WebSite","@id":"https:\/\/portalnpm.com\/#website","url":"https:\/\/portalnpm.com\/","name":"Portal NPM","description":"Not\u00edcias em Primeira M\u00e3o","potentialAction":[{"@type":"SearchAction","target":{"@type":"EntryPoint","urlTemplate":"https:\/\/portalnpm.com\/?s={search_term_string}"},"query-input":"required name=search_term_string"}],"inLanguage":"pt-BR"},{"@type":"Person","@id":"https:\/\/portalnpm.com\/#\/schema\/person\/49313e563cfdefcc167f1ee4c017c294","name":"Genival Barbosa","image":{"@type":"ImageObject","inLanguage":"pt-BR","@id":"https:\/\/portalnpm.com\/#\/schema\/person\/image\/","url":"https:\/\/portalnpm.com\/wp-content\/uploads\/2024\/02\/avatar_user_2_1707743258-96x96.jpeg","contentUrl":"https:\/\/portalnpm.com\/wp-content\/uploads\/2024\/02\/avatar_user_2_1707743258-96x96.jpeg","caption":"Genival Barbosa"},"url":"https:\/\/portalnpm.com\/index.php\/author\/genival\/"}]}},"jetpack_sharing_enabled":true,"jetpack_featured_media_url":"https:\/\/portalnpm.com\/wp-content\/uploads\/2024\/01\/images-3-2.jpeg","_links":{"self":[{"href":"https:\/\/portalnpm.com\/index.php\/wp-json\/wp\/v2\/posts\/53803"}],"collection":[{"href":"https:\/\/portalnpm.com\/index.php\/wp-json\/wp\/v2\/posts"}],"about":[{"href":"https:\/\/portalnpm.com\/index.php\/wp-json\/wp\/v2\/types\/post"}],"author":[{"embeddable":true,"href":"https:\/\/portalnpm.com\/index.php\/wp-json\/wp\/v2\/users\/2"}],"replies":[{"embeddable":true,"href":"https:\/\/portalnpm.com\/index.php\/wp-json\/wp\/v2\/comments?post=53803"}],"version-history":[{"count":0,"href":"https:\/\/portalnpm.com\/index.php\/wp-json\/wp\/v2\/posts\/53803\/revisions"}],"wp:featuredmedia":[{"embeddable":true,"href":"https:\/\/portalnpm.com\/index.php\/wp-json\/wp\/v2\/media\/53804"}],"wp:attachment":[{"href":"https:\/\/portalnpm.com\/index.php\/wp-json\/wp\/v2\/media?parent=53803"}],"wp:term":[{"taxonomy":"category","embeddable":true,"href":"https:\/\/portalnpm.com\/index.php\/wp-json\/wp\/v2\/categories?post=53803"},{"taxonomy":"post_tag","embeddable":true,"href":"https:\/\/portalnpm.com\/index.php\/wp-json\/wp\/v2\/tags?post=53803"}],"curies":[{"name":"wp","href":"https:\/\/api.w.org\/{rel}","templated":true}]}}