{"id":53810,"date":"2020-06-26T17:41:24","date_gmt":"2020-06-26T20:41:24","guid":{"rendered":"https:\/\/portalnpm.com\/index.php\/2020\/06\/26\/campeonato-brasileiro-pode-comecar-no-inicio-de-agosto-se-tiver-aval-da-saude\/"},"modified":"2020-06-26T17:41:24","modified_gmt":"2020-06-26T20:41:24","slug":"campeonato-brasileiro-pode-comecar-no-inicio-de-agosto-se-tiver-aval-da-saude","status":"publish","type":"post","link":"https:\/\/portalnpm.com\/index.php\/2020\/06\/26\/campeonato-brasileiro-pode-comecar-no-inicio-de-agosto-se-tiver-aval-da-saude\/","title":{"rendered":"Campeonato Brasileiro pode come\u00e7ar no in\u00edcio de agosto se tiver aval da Sa\u00fade"},"content":{"rendered":"<p style=\"text-align: justify;\">O campeonato Brasileiro de futebol das s\u00e9ries A e B pode come\u00e7ar no in\u00edcio de agosto segundo a CBF, organizadora das competi\u00e7\u00f5es.<\/p>\n<p style=\"text-align: justify;\">\n<p style=\"text-align: justify;\">A sinaliza\u00e7\u00e3o veio ap\u00f3s reuni\u00e3o nesta quinta-feira entre a entidade e a Comiss\u00e3o Nacional de Clubes (CNC) com a participa\u00e7\u00e3o dos 40 clubes que disputam as duas s\u00e9ries. A previs\u00e3o \u00e9 que a S\u00e9rie A comece em 9 de agosto e a B no dia 8 de agosto.<\/p>\n<p style=\"text-align: justify;\">As competi\u00e7\u00f5es, no entanto, dependem do aval das autoridades de sa\u00fade, mas segundo a entidade os jogos podem ocorrer em munic\u00edpios diferentes das cidades de origem dos clubes.<\/p>\n<p style=\"text-align: justify;\">\u201cO retorno do futebol depende da autoriza\u00e7\u00e3o das autoridades de Sa\u00fade, mas, 19 dos 20 clubes da S\u00e9rie A se dispuseram a jogar fora das suas cidades, em \u00faltima inst\u00e2ncia, caso at\u00e9 l\u00e1 seus munic\u00edpios n\u00e3o estejam liberados pelas autoridades de sa\u00fade a realizar jogos\u201d, informou a CBF.<\/p>\n<p style=\"text-align: justify;\">As competi\u00e7\u00f5es nacionais est\u00e3o paradas desde o in\u00edcio da pandemia de Covid-19. Na semana passada, em meio a grande pol\u00eamica, o campeonato estadual do Rio de Janeiro foi o primeiro do pa\u00eds a retomar os jogos.<\/p>\n<p style=\"text-align: justify;\">A f\u00f3rmula de disputa por pontos corridos ser\u00e1 mantido pela CBF.<\/p>\n<p style=\"text-align: justify;\">\u201cN\u00e3o muda. Ser\u00e1 tudo igual\u201c, disse \u00e0 Reuters o secret\u00e1rio-geral da entidade, Walter Feldman.<\/p>\n<p style=\"text-align: justify;\">O Brasileiro estava marcado para come\u00e7ar em maio, mas o calend\u00e1rio foi prejudicado pela pandemia que paralisou outras competi\u00e7\u00f5es tamb\u00e9m.<\/p>\n<p style=\"text-align: justify;\">\u201cO campeonato vai avan\u00e7ar at\u00e9 o come\u00e7o de 2021\u201d, acrescentou Feldman.<\/p>\n<p style=\"text-align: justify;\">Fonte: Plant\u00e3o Not\u00edcias<\/p>\n","protected":false},"excerpt":{"rendered":"<p>O campeonato Brasileiro de futebol das s\u00e9ries A e B pode come\u00e7ar no in\u00edcio de agosto segundo a CBF, organizadora das competi\u00e7\u00f5es. A sinaliza\u00e7\u00e3o veio ap\u00f3s reuni\u00e3o nesta quinta-feira entre a entidade e a Comiss\u00e3o Nacional de Clubes (CNC) com a participa\u00e7\u00e3o dos 40 clubes que disputam as duas s\u00e9ries. A previs\u00e3o \u00e9 que a &hellip;<\/p>\n","protected":false},"author":2,"featured_media":53811,"comment_status":"open","ping_status":"open","sticky":false,"template":"","format":"standard","meta":{"content-type":"","rop_custom_images_group":[],"rop_custom_messages_group":[],"rop_publish_now":"initial","rop_publish_now_accounts":{"facebook_2648258775420054_1618374048415101":""},"rop_publish_now_history":[],"rop_publish_now_status":"pending","footnotes":"","_jetpack_memberships_contains_paid_content":false},"categories":[113,108],"tags":[3179,913,107,4799,4800,1590],"yoast_head":"<!-- This site is optimized with the Yoast SEO plugin v22.3 - https:\/\/yoast.com\/wordpress\/plugins\/seo\/ -->\n<title>Campeonato Brasileiro pode come\u00e7ar no in\u00edcio de agosto se tiver aval da Sa\u00fade<\/title>\n<meta name=\"robots\" content=\"index, follow, max-snippet:-1, max-image-preview:large, max-video-preview:-1\" \/>\n<link rel=\"canonical\" href=\"https:\/\/portalnpm.com\/index.php\/2020\/06\/26\/campeonato-brasileiro-pode-comecar-no-inicio-de-agosto-se-tiver-aval-da-saude\/\" \/>\n<meta property=\"og:locale\" content=\"pt_BR\" \/>\n<meta property=\"og:type\" content=\"article\" \/>\n<meta property=\"og:title\" content=\"Campeonato Brasileiro pode come\u00e7ar no in\u00edcio de agosto se tiver aval da Sa\u00fade\" \/>\n<meta property=\"og:description\" content=\"O campeonato Brasileiro de futebol das s\u00e9ries A e B pode come\u00e7ar no in\u00edcio de agosto segundo a CBF, organizadora das competi\u00e7\u00f5es. A sinaliza\u00e7\u00e3o veio ap\u00f3s reuni\u00e3o nesta quinta-feira entre a entidade e a Comiss\u00e3o Nacional de Clubes (CNC) com a participa\u00e7\u00e3o dos 40 clubes que disputam as duas s\u00e9ries. A previs\u00e3o \u00e9 que a &hellip;\" \/>\n<meta property=\"og:url\" content=\"https:\/\/portalnpm.com\/index.php\/2020\/06\/26\/campeonato-brasileiro-pode-comecar-no-inicio-de-agosto-se-tiver-aval-da-saude\/\" \/>\n<meta property=\"og:site_name\" content=\"Portal NPM\" \/>\n<meta property=\"article:published_time\" content=\"2020-06-26T20:41:24+00:00\" \/>\n<meta property=\"og:image\" content=\"https:\/\/portalnpm.com\/wp-content\/uploads\/2024\/01\/images-2-3.jpeg\" \/>\n\t<meta property=\"og:image:width\" content=\"640\" \/>\n\t<meta property=\"og:image:height\" content=\"400\" \/>\n\t<meta property=\"og:image:type\" content=\"image\/jpeg\" \/>\n<meta name=\"author\" content=\"Genival Barbosa\" \/>\n<meta name=\"twitter:card\" content=\"summary_large_image\" \/>\n<meta name=\"twitter:label1\" content=\"Escrito por\" \/>\n\t<meta name=\"twitter:data1\" content=\"Genival Barbosa\" \/>\n\t<meta name=\"twitter:label2\" content=\"Est. tempo de leitura\" \/>\n\t<meta name=\"twitter:data2\" content=\"1 minuto\" \/>\n<script type=\"application\/ld+json\" class=\"yoast-schema-graph\">{\"@context\":\"https:\/\/schema.org\",\"@graph\":[{\"@type\":\"WebPage\",\"@id\":\"https:\/\/portalnpm.com\/index.php\/2020\/06\/26\/campeonato-brasileiro-pode-comecar-no-inicio-de-agosto-se-tiver-aval-da-saude\/\",\"url\":\"https:\/\/portalnpm.com\/index.php\/2020\/06\/26\/campeonato-brasileiro-pode-comecar-no-inicio-de-agosto-se-tiver-aval-da-saude\/\",\"name\":\"Campeonato Brasileiro pode come\u00e7ar no in\u00edcio de agosto se tiver aval da Sa\u00fade\",\"isPartOf\":{\"@id\":\"https:\/\/portalnpm.com\/#website\"},\"primaryImageOfPage\":{\"@id\":\"https:\/\/portalnpm.com\/index.php\/2020\/06\/26\/campeonato-brasileiro-pode-comecar-no-inicio-de-agosto-se-tiver-aval-da-saude\/#primaryimage\"},\"image\":{\"@id\":\"https:\/\/portalnpm.com\/index.php\/2020\/06\/26\/campeonato-brasileiro-pode-comecar-no-inicio-de-agosto-se-tiver-aval-da-saude\/#primaryimage\"},\"thumbnailUrl\":\"https:\/\/portalnpm.com\/wp-content\/uploads\/2024\/01\/images-2-3.jpeg\",\"datePublished\":\"2020-06-26T20:41:24+00:00\",\"dateModified\":\"2020-06-26T20:41:24+00:00\",\"author\":{\"@id\":\"https:\/\/portalnpm.com\/#\/schema\/person\/49313e563cfdefcc167f1ee4c017c294\"},\"breadcrumb\":{\"@id\":\"https:\/\/portalnpm.com\/index.php\/2020\/06\/26\/campeonato-brasileiro-pode-comecar-no-inicio-de-agosto-se-tiver-aval-da-saude\/#breadcrumb\"},\"inLanguage\":\"pt-BR\",\"potentialAction\":[{\"@type\":\"ReadAction\",\"target\":[\"https:\/\/portalnpm.com\/index.php\/2020\/06\/26\/campeonato-brasileiro-pode-comecar-no-inicio-de-agosto-se-tiver-aval-da-saude\/\"]}]},{\"@type\":\"ImageObject\",\"inLanguage\":\"pt-BR\",\"@id\":\"https:\/\/portalnpm.com\/index.php\/2020\/06\/26\/campeonato-brasileiro-pode-comecar-no-inicio-de-agosto-se-tiver-aval-da-saude\/#primaryimage\",\"url\":\"https:\/\/portalnpm.com\/wp-content\/uploads\/2024\/01\/images-2-3.jpeg\",\"contentUrl\":\"https:\/\/portalnpm.com\/wp-content\/uploads\/2024\/01\/images-2-3.jpeg\",\"width\":640,\"height\":400},{\"@type\":\"BreadcrumbList\",\"@id\":\"https:\/\/portalnpm.com\/index.php\/2020\/06\/26\/campeonato-brasileiro-pode-comecar-no-inicio-de-agosto-se-tiver-aval-da-saude\/#breadcrumb\",\"itemListElement\":[{\"@type\":\"ListItem\",\"position\":1,\"name\":\"In\u00edcio\",\"item\":\"https:\/\/portalnpm.com\/\"},{\"@type\":\"ListItem\",\"position\":2,\"name\":\"Campeonato Brasileiro pode come\u00e7ar no in\u00edcio de agosto se tiver aval da Sa\u00fade\"}]},{\"@type\":\"WebSite\",\"@id\":\"https:\/\/portalnpm.com\/#website\",\"url\":\"https:\/\/portalnpm.com\/\",\"name\":\"Portal NPM\",\"description\":\"Not\u00edcias em Primeira M\u00e3o\",\"potentialAction\":[{\"@type\":\"SearchAction\",\"target\":{\"@type\":\"EntryPoint\",\"urlTemplate\":\"https:\/\/portalnpm.com\/?s={search_term_string}\"},\"query-input\":\"required name=search_term_string\"}],\"inLanguage\":\"pt-BR\"},{\"@type\":\"Person\",\"@id\":\"https:\/\/portalnpm.com\/#\/schema\/person\/49313e563cfdefcc167f1ee4c017c294\",\"name\":\"Genival Barbosa\",\"image\":{\"@type\":\"ImageObject\",\"inLanguage\":\"pt-BR\",\"@id\":\"https:\/\/portalnpm.com\/#\/schema\/person\/image\/\",\"url\":\"https:\/\/portalnpm.com\/wp-content\/uploads\/2024\/02\/avatar_user_2_1707743258-96x96.jpeg\",\"contentUrl\":\"https:\/\/portalnpm.com\/wp-content\/uploads\/2024\/02\/avatar_user_2_1707743258-96x96.jpeg\",\"caption\":\"Genival Barbosa\"},\"url\":\"https:\/\/portalnpm.com\/index.php\/author\/genival\/\"}]}<\/script>\n<!-- \/ Yoast SEO plugin. -->","yoast_head_json":{"title":"Campeonato Brasileiro pode come\u00e7ar no in\u00edcio de agosto se tiver aval da Sa\u00fade","robots":{"index":"index","follow":"follow","max-snippet":"max-snippet:-1","max-image-preview":"max-image-preview:large","max-video-preview":"max-video-preview:-1"},"canonical":"https:\/\/portalnpm.com\/index.php\/2020\/06\/26\/campeonato-brasileiro-pode-comecar-no-inicio-de-agosto-se-tiver-aval-da-saude\/","og_locale":"pt_BR","og_type":"article","og_title":"Campeonato Brasileiro pode come\u00e7ar no in\u00edcio de agosto se tiver aval da Sa\u00fade","og_description":"O campeonato Brasileiro de futebol das s\u00e9ries A e B pode come\u00e7ar no in\u00edcio de agosto segundo a CBF, organizadora das competi\u00e7\u00f5es. A sinaliza\u00e7\u00e3o veio ap\u00f3s reuni\u00e3o nesta quinta-feira entre a entidade e a Comiss\u00e3o Nacional de Clubes (CNC) com a participa\u00e7\u00e3o dos 40 clubes que disputam as duas s\u00e9ries. A previs\u00e3o \u00e9 que a &hellip;","og_url":"https:\/\/portalnpm.com\/index.php\/2020\/06\/26\/campeonato-brasileiro-pode-comecar-no-inicio-de-agosto-se-tiver-aval-da-saude\/","og_site_name":"Portal NPM","article_published_time":"2020-06-26T20:41:24+00:00","og_image":[{"width":640,"height":400,"url":"https:\/\/portalnpm.com\/wp-content\/uploads\/2024\/01\/images-2-3.jpeg","type":"image\/jpeg"}],"author":"Genival Barbosa","twitter_card":"summary_large_image","twitter_misc":{"Escrito por":"Genival Barbosa","Est. tempo de leitura":"1 minuto"},"schema":{"@context":"https:\/\/schema.org","@graph":[{"@type":"WebPage","@id":"https:\/\/portalnpm.com\/index.php\/2020\/06\/26\/campeonato-brasileiro-pode-comecar-no-inicio-de-agosto-se-tiver-aval-da-saude\/","url":"https:\/\/portalnpm.com\/index.php\/2020\/06\/26\/campeonato-brasileiro-pode-comecar-no-inicio-de-agosto-se-tiver-aval-da-saude\/","name":"Campeonato Brasileiro pode come\u00e7ar no in\u00edcio de agosto se tiver aval da Sa\u00fade","isPartOf":{"@id":"https:\/\/portalnpm.com\/#website"},"primaryImageOfPage":{"@id":"https:\/\/portalnpm.com\/index.php\/2020\/06\/26\/campeonato-brasileiro-pode-comecar-no-inicio-de-agosto-se-tiver-aval-da-saude\/#primaryimage"},"image":{"@id":"https:\/\/portalnpm.com\/index.php\/2020\/06\/26\/campeonato-brasileiro-pode-comecar-no-inicio-de-agosto-se-tiver-aval-da-saude\/#primaryimage"},"thumbnailUrl":"https:\/\/portalnpm.com\/wp-content\/uploads\/2024\/01\/images-2-3.jpeg","datePublished":"2020-06-26T20:41:24+00:00","dateModified":"2020-06-26T20:41:24+00:00","author":{"@id":"https:\/\/portalnpm.com\/#\/schema\/person\/49313e563cfdefcc167f1ee4c017c294"},"breadcrumb":{"@id":"https:\/\/portalnpm.com\/index.php\/2020\/06\/26\/campeonato-brasileiro-pode-comecar-no-inicio-de-agosto-se-tiver-aval-da-saude\/#breadcrumb"},"inLanguage":"pt-BR","potentialAction":[{"@type":"ReadAction","target":["https:\/\/portalnpm.com\/index.php\/2020\/06\/26\/campeonato-brasileiro-pode-comecar-no-inicio-de-agosto-se-tiver-aval-da-saude\/"]}]},{"@type":"ImageObject","inLanguage":"pt-BR","@id":"https:\/\/portalnpm.com\/index.php\/2020\/06\/26\/campeonato-brasileiro-pode-comecar-no-inicio-de-agosto-se-tiver-aval-da-saude\/#primaryimage","url":"https:\/\/portalnpm.com\/wp-content\/uploads\/2024\/01\/images-2-3.jpeg","contentUrl":"https:\/\/portalnpm.com\/wp-content\/uploads\/2024\/01\/images-2-3.jpeg","width":640,"height":400},{"@type":"BreadcrumbList","@id":"https:\/\/portalnpm.com\/index.php\/2020\/06\/26\/campeonato-brasileiro-pode-comecar-no-inicio-de-agosto-se-tiver-aval-da-saude\/#breadcrumb","itemListElement":[{"@type":"ListItem","position":1,"name":"In\u00edcio","item":"https:\/\/portalnpm.com\/"},{"@type":"ListItem","position":2,"name":"Campeonato Brasileiro pode come\u00e7ar no in\u00edcio de agosto se tiver aval da Sa\u00fade"}]},{"@type":"WebSite","@id":"https:\/\/portalnpm.com\/#website","url":"https:\/\/portalnpm.com\/","name":"Portal NPM","description":"Not\u00edcias em Primeira M\u00e3o","potentialAction":[{"@type":"SearchAction","target":{"@type":"EntryPoint","urlTemplate":"https:\/\/portalnpm.com\/?s={search_term_string}"},"query-input":"required name=search_term_string"}],"inLanguage":"pt-BR"},{"@type":"Person","@id":"https:\/\/portalnpm.com\/#\/schema\/person\/49313e563cfdefcc167f1ee4c017c294","name":"Genival Barbosa","image":{"@type":"ImageObject","inLanguage":"pt-BR","@id":"https:\/\/portalnpm.com\/#\/schema\/person\/image\/","url":"https:\/\/portalnpm.com\/wp-content\/uploads\/2024\/02\/avatar_user_2_1707743258-96x96.jpeg","contentUrl":"https:\/\/portalnpm.com\/wp-content\/uploads\/2024\/02\/avatar_user_2_1707743258-96x96.jpeg","caption":"Genival Barbosa"},"url":"https:\/\/portalnpm.com\/index.php\/author\/genival\/"}]}},"jetpack_sharing_enabled":true,"jetpack_featured_media_url":"https:\/\/portalnpm.com\/wp-content\/uploads\/2024\/01\/images-2-3.jpeg","_links":{"self":[{"href":"https:\/\/portalnpm.com\/index.php\/wp-json\/wp\/v2\/posts\/53810"}],"collection":[{"href":"https:\/\/portalnpm.com\/index.php\/wp-json\/wp\/v2\/posts"}],"about":[{"href":"https:\/\/portalnpm.com\/index.php\/wp-json\/wp\/v2\/types\/post"}],"author":[{"embeddable":true,"href":"https:\/\/portalnpm.com\/index.php\/wp-json\/wp\/v2\/users\/2"}],"replies":[{"embeddable":true,"href":"https:\/\/portalnpm.com\/index.php\/wp-json\/wp\/v2\/comments?post=53810"}],"version-history":[{"count":0,"href":"https:\/\/portalnpm.com\/index.php\/wp-json\/wp\/v2\/posts\/53810\/revisions"}],"wp:featuredmedia":[{"embeddable":true,"href":"https:\/\/portalnpm.com\/index.php\/wp-json\/wp\/v2\/media\/53811"}],"wp:attachment":[{"href":"https:\/\/portalnpm.com\/index.php\/wp-json\/wp\/v2\/media?parent=53810"}],"wp:term":[{"taxonomy":"category","embeddable":true,"href":"https:\/\/portalnpm.com\/index.php\/wp-json\/wp\/v2\/categories?post=53810"},{"taxonomy":"post_tag","embeddable":true,"href":"https:\/\/portalnpm.com\/index.php\/wp-json\/wp\/v2\/tags?post=53810"}],"curies":[{"name":"wp","href":"https:\/\/api.w.org\/{rel}","templated":true}]}}