{"id":5404,"date":"2019-02-02T16:00:41","date_gmt":"2019-02-02T18:00:41","guid":{"rendered":"http:\/\/srv.portalnpm.com.br\/?p=5404"},"modified":"2019-02-02T16:00:41","modified_gmt":"2019-02-02T18:00:41","slug":"de-onde-vem-a-forca-de-davi-alcolumbre-o-senador-que-ameaca-renan-calheiros","status":"publish","type":"post","link":"https:\/\/portalnpm.com\/index.php\/2019\/02\/02\/de-onde-vem-a-forca-de-davi-alcolumbre-o-senador-que-ameaca-renan-calheiros\/","title":{"rendered":"De onde vem a for\u00e7a de Davi Alcolumbre, o senador que amea\u00e7a Renan Calheiros"},"content":{"rendered":"<p style=\"text-align: justify;\">Protagonista de uma disputa\u00a0regimental que ultrapassou cinco horas contra aliados do veterano <span style=\"color: #0000ff;\">Renan Calheiros<\/span> (MDB-AL) sobre o rito da vota\u00e7\u00e3o para a presid\u00eancia do Senado, <span style=\"color: #0000ff;\">Davi Alcolumbre<\/span> (DEM-AP) \u00e9 um homem pouco propenso a fazer declara\u00e7\u00f5es p\u00fablicas, mas\u00a0 que costuma ser muito ativo nas articula\u00e7\u00f5es pol\u00edticas.<\/p>\n<p style=\"text-align: justify;\">Na presid\u00eancia interina do Senado, por ter sido o \u00fanico remanescente da Mesa Diretora anterior em meio de mandato, Alcolumbre usou o microfone ontem (sexta, 1\u00ba) por mais tempo do que em todos os seus quatro anos anteriores de mandato como senador. Nesse per\u00edodo, discursou por apenas sete vezes, conforme os registros oficiais. No pr\u00f3ximo dia 19 far\u00e1 um ano em que fez o seu \u00faltimo discurso. Na ocasi\u00e3o, homenageou Macap\u00e1, capital de seu estado. Em 2017, ele sequer fez uso da tribuna.<\/p>\n<p style=\"text-align: justify;\">Visto por alguns como uma zebra na disputa pelo comando do Senado Federal, o parlamentar amapaense foi bombardeado por apoiadores de Renan, que o acusam de ter usado a cadeira da presid\u00eancia para beneficiar sua pr\u00f3pria candidatura. Indiferente \u00e0s press\u00f5es, Davi Alcolumbre disse que s\u00f3 deixaria de conduzir a sess\u00e3o suspensa na sexta-feira e que ser\u00e1 retomada neste s\u00e1bado se o senador que viesse a substitu\u00ed-lo \u2013 o mais idoso da Casa, Jos\u00e9 Maranh\u00e3o (MDB-PB), um dos maiores aliados de Renan \u2013 assumisse o compromisso de manter respeitar a\u00a0decis\u00e3o do plen\u00e1rio pelo voto aberto.<\/p>\n<figure id=\"attachment_5406\" aria-describedby=\"caption-attachment-5406\" style=\"width: 300px\" class=\"wp-caption alignnone\"><img fetchpriority=\"high\" decoding=\"async\" class=\"size-medium wp-image-5406\" src=\"http:\/\/portalnpm.com.br\/wp-content\/uploads\/2019\/02\/davi-marcos-oliveira-agenciasenado1-300x200.jpg\" alt=\"\" width=\"300\" height=\"200\" \/><figcaption id=\"caption-attachment-5406\" class=\"wp-caption-text\">Senador Davi Alcolumbre (DEM\/Amap\u00e1<\/figcaption><\/figure>\n<p style=\"text-align: justify;\">Nascido em Macap\u00e1 em 19 de junho de 1977, Alcolumbre afirma em sua p\u00e1gina no Facebook ser filho de um mec\u00e2nico e de uma empres\u00e1ria. Segundo o portal do Senado, o parlamentar come\u00e7ou, mas n\u00e3o concluiu o curso de Economia no Centro de Ensino Superior do Amap\u00e1 (Ceap). Comerciante, gosta de brincar com o fato de ser judeu. Em conversas de campanha, para defender o pagamento de certas despesas, costuma argumentar: \u201cN\u00e3o precisa ser t\u00e3o p\u00e3o-duro, o judeu aqui sou eu\u201d.<\/p>\n<p style=\"text-align: justify;\">Alcolumbre entrou para a pol\u00edtica em 2000, quando se candidatou a vereador da capital amapaense ainda pelo PDT. Passou dois anos na C\u00e2mara Municipal e foi eleito deputado federal em 2006. Ap\u00f3s cumprir tr\u00eas mandatos, elegendo-se pelo DEM para os dois \u00faltimos deles, conseguiu vaga para o Senado em 2014, com mais de 130 mil votos.<\/p>\n<p style=\"text-align: justify;\">Como senador, Alcolumbre votou a favor do impeachment da ex-presidente Dilma Rousseff (PT) em 2016 e, no ano seguinte, se op\u00f4s \u00e0 cassa\u00e7\u00e3o do ex-senador A\u00e9cio Neves (PSDB-MG), acusado no esquema de corrup\u00e7\u00e3o do grupo JBS.<\/p>\n<p style=\"text-align: justify;\">\nPresidiu a CPI do Banco Nacional de Desenvolvimento Econ\u00f4mico e Social (BNDES), apesar de ter recebido em 2014, ele pr\u00f3prio, R$ 138 mil em doa\u00e7\u00f5es eleitorais da JBS, principal alvo daquela comiss\u00e3o. \u00c0 \u00e9poca, alegou que n\u00e3o houve nenhuma contrapartida em troca dos recursos. Tamb\u00e9m foi presidente da Comiss\u00e3o de Desenvolvimento Regional e Turismo do Senado.<\/p>\n<p style=\"text-align: justify;\"><strong>A constru\u00e7\u00e3o da candidatura\u00a0<\/strong><\/p>\n<p style=\"text-align: justify;\">Em 2018, com mais quatro anos de Senado garantidos, Alcolumbre concorreu ao governo do Amap\u00e1, mas n\u00e3o chegou ao segundo turno. Terminou em terceiro lugar, com 94 mil votos (23,75% do total). Pouco depois, come\u00e7ou a acalentar o projeto de disputar a presid\u00eancia do Senado. Dois pol\u00edticos influentes do DEM logo compraram a ideia: os ent\u00e3o senadores Ronaldo Caiado (GO) e Jos\u00e9 Agripino Maia (RN).<\/p>\n<p style=\"text-align: justify;\">N\u00e3o demorou e toda a c\u00fapula nacional do partido j\u00e1 havia adotado a candidatura. O presidente nacional da legenda, ACM Neto, chegou a autorizar a contrata\u00e7\u00e3o de jatinho particular, com as despesas pagas pela agremia\u00e7\u00e3o, para que Davi Alcolumbre visitasse alguns estados com o objetivo de apresentar o seu nome a outros senadores.<\/p>\n<p style=\"text-align: justify;\">Seu nome ganhou visibilidade com as movimenta\u00e7\u00f5es de bastidores do ministro da Casa Civil, Onyx Lorenzoni (DEM). As interven\u00e7\u00f5es de Onyx incomodaram at\u00e9 o senador Major Ol\u00edmpio (PSL-SP), colega de partido do presidente Jair Bolsonaro e tamb\u00e9m candidato \u00e0 presid\u00eancia do Senado.<\/p>\n<p style=\"text-align: justify;\">Major Ol\u00edmpio atuava nos bastidores em favor da Simone Tebet (MDB-MS),\u00a0derrotada por Renan em vota\u00e7\u00e3o da bancada. O que ele a princ\u00edpio ignorava \u00e9 que Alcolumbre tinha o entusiasmo apoio de dois ilustres membros do PSL, os irm\u00e3os Eduardo e Fl\u00e1vio Bolsonaro, filhos do presidente. Com o primeiro, deputado por S\u00e3o Paulo, tem forte amizade e jogou futebol v\u00e1rias vezes em Bras\u00edlia. O segundo rapidamente encampou a candidatura.<\/p>\n<p style=\"text-align: justify;\">Alcolumbre tinha e tem um s\u00e9rio problema. Sua aspira\u00e7\u00e3o se choca com o fato de o DEM, uma bancada relativamente pequena, possuir tr\u00eas ministros e a\u00a0presid\u00eancia da C\u00e2mara. \u201cQuerem o Senado tamb\u00e9m?\u201d, estranham v\u00e1rios senadores. Mas ele se alimenta de um sentimento que \u00e9 mais forte em uma\u00a0institui\u00e7\u00e3o fortemente renovada: o de absoluta rejei\u00e7\u00e3o a Renan, visto como express\u00e3o mais odiosa da \u201cvelha pol\u00edtica\u201d. O receio \u00e9 que uma quinta passagem do alagoano pela presid\u00eancia do Senado comprometa a imagem de todos os senadores. Da\u00ed porque os parlamentares anti-Renan, inicialmente distribu\u00eddos em diversas candidaturas, h\u00e1 semanas n\u00e3o param de se reunir. O plano \u00e9 todo mundo se juntar no segundo turno contra o advers\u00e1rio comum.<\/p>\n<p style=\"text-align: justify;\">Diversos senadores da nova legislatura contribu\u00edram para a articula\u00e7\u00e3o pr\u00f3-Alcolumbre. Pelo menos tr\u00eas merecem men\u00e7\u00e3o: S\u00e9rgio Petec\u00e3o (PSD-AC), Izalci (PSDB-DF) e Randolfe (Rede-AP), aliado regional de Davi.<\/p>\n<p style=\"text-align: justify;\"><strong>Fonte: Congresso em Foco<\/strong><\/p>\n","protected":false},"excerpt":{"rendered":"<p>Protagonista de uma disputa\u00a0regimental que ultrapassou cinco horas contra aliados do veterano Renan Calheiros (MDB-AL) sobre o rito da vota\u00e7\u00e3o para a presid\u00eancia do Senado, Davi Alcolumbre (DEM-AP) \u00e9 um homem pouco propenso a fazer declara\u00e7\u00f5es p\u00fablicas, mas\u00a0 que costuma ser muito ativo nas articula\u00e7\u00f5es pol\u00edticas. Na presid\u00eancia interina do Senado, por ter sido o &hellip;<\/p>\n","protected":false},"author":3,"featured_media":5405,"comment_status":"open","ping_status":"open","sticky":false,"template":"","format":"standard","meta":{"content-type":"","rop_custom_images_group":[],"rop_custom_messages_group":[],"rop_publish_now":"initial","rop_publish_now_accounts":{"facebook_2648258775420054_1618374048415101":""},"rop_publish_now_history":[],"rop_publish_now_status":"pending","footnotes":"","_jetpack_memberships_contains_paid_content":false},"categories":[113,130],"tags":[2139,2140,2141],"yoast_head":"<!-- This site is optimized with the Yoast SEO plugin v22.3 - https:\/\/yoast.com\/wordpress\/plugins\/seo\/ -->\n<title>De onde vem a for\u00e7a de Davi Alcolumbre, o senador que amea\u00e7a Renan Calheiros - Portal NPM<\/title>\n<meta name=\"robots\" content=\"index, follow, max-snippet:-1, max-image-preview:large, max-video-preview:-1\" \/>\n<link rel=\"canonical\" href=\"https:\/\/portalnpm.com\/index.php\/2019\/02\/02\/de-onde-vem-a-forca-de-davi-alcolumbre-o-senador-que-ameaca-renan-calheiros\/\" \/>\n<meta property=\"og:locale\" content=\"pt_BR\" \/>\n<meta property=\"og:type\" content=\"article\" \/>\n<meta property=\"og:title\" content=\"De onde vem a for\u00e7a de Davi Alcolumbre, o senador que amea\u00e7a Renan Calheiros - Portal NPM\" \/>\n<meta property=\"og:description\" content=\"Protagonista de uma disputa\u00a0regimental que ultrapassou cinco horas contra aliados do veterano Renan Calheiros (MDB-AL) sobre o rito da vota\u00e7\u00e3o para a presid\u00eancia do Senado, Davi Alcolumbre (DEM-AP) \u00e9 um homem pouco propenso a fazer declara\u00e7\u00f5es p\u00fablicas, mas\u00a0 que costuma ser muito ativo nas articula\u00e7\u00f5es pol\u00edticas. Na presid\u00eancia interina do Senado, por ter sido o &hellip;\" \/>\n<meta property=\"og:url\" content=\"https:\/\/portalnpm.com\/index.php\/2019\/02\/02\/de-onde-vem-a-forca-de-davi-alcolumbre-o-senador-que-ameaca-renan-calheiros\/\" \/>\n<meta property=\"og:site_name\" content=\"Portal NPM\" \/>\n<meta property=\"article:published_time\" content=\"2019-02-02T18:00:41+00:00\" \/>\n<meta name=\"author\" content=\"Luis Alberto\" \/>\n<meta name=\"twitter:card\" content=\"summary_large_image\" \/>\n<meta name=\"twitter:label1\" content=\"Escrito por\" \/>\n\t<meta name=\"twitter:data1\" content=\"Luis Alberto\" \/>\n\t<meta name=\"twitter:label2\" content=\"Est. tempo de leitura\" \/>\n\t<meta name=\"twitter:data2\" content=\"5 minutos\" \/>\n<script type=\"application\/ld+json\" class=\"yoast-schema-graph\">{\"@context\":\"https:\/\/schema.org\",\"@graph\":[{\"@type\":\"WebPage\",\"@id\":\"https:\/\/portalnpm.com\/index.php\/2019\/02\/02\/de-onde-vem-a-forca-de-davi-alcolumbre-o-senador-que-ameaca-renan-calheiros\/\",\"url\":\"https:\/\/portalnpm.com\/index.php\/2019\/02\/02\/de-onde-vem-a-forca-de-davi-alcolumbre-o-senador-que-ameaca-renan-calheiros\/\",\"name\":\"De onde vem a for\u00e7a de Davi Alcolumbre, o senador que amea\u00e7a Renan Calheiros - Portal NPM\",\"isPartOf\":{\"@id\":\"https:\/\/portalnpm.com\/#website\"},\"primaryImageOfPage\":{\"@id\":\"https:\/\/portalnpm.com\/index.php\/2019\/02\/02\/de-onde-vem-a-forca-de-davi-alcolumbre-o-senador-que-ameaca-renan-calheiros\/#primaryimage\"},\"image\":{\"@id\":\"https:\/\/portalnpm.com\/index.php\/2019\/02\/02\/de-onde-vem-a-forca-de-davi-alcolumbre-o-senador-que-ameaca-renan-calheiros\/#primaryimage\"},\"thumbnailUrl\":\"\",\"datePublished\":\"2019-02-02T18:00:41+00:00\",\"dateModified\":\"2019-02-02T18:00:41+00:00\",\"author\":{\"@id\":\"https:\/\/portalnpm.com\/#\/schema\/person\/5c8006acdf71774cd4e7a5ab98482152\"},\"breadcrumb\":{\"@id\":\"https:\/\/portalnpm.com\/index.php\/2019\/02\/02\/de-onde-vem-a-forca-de-davi-alcolumbre-o-senador-que-ameaca-renan-calheiros\/#breadcrumb\"},\"inLanguage\":\"pt-BR\",\"potentialAction\":[{\"@type\":\"ReadAction\",\"target\":[\"https:\/\/portalnpm.com\/index.php\/2019\/02\/02\/de-onde-vem-a-forca-de-davi-alcolumbre-o-senador-que-ameaca-renan-calheiros\/\"]}]},{\"@type\":\"ImageObject\",\"inLanguage\":\"pt-BR\",\"@id\":\"https:\/\/portalnpm.com\/index.php\/2019\/02\/02\/de-onde-vem-a-forca-de-davi-alcolumbre-o-senador-que-ameaca-renan-calheiros\/#primaryimage\",\"url\":\"\",\"contentUrl\":\"\"},{\"@type\":\"BreadcrumbList\",\"@id\":\"https:\/\/portalnpm.com\/index.php\/2019\/02\/02\/de-onde-vem-a-forca-de-davi-alcolumbre-o-senador-que-ameaca-renan-calheiros\/#breadcrumb\",\"itemListElement\":[{\"@type\":\"ListItem\",\"position\":1,\"name\":\"In\u00edcio\",\"item\":\"https:\/\/portalnpm.com\/\"},{\"@type\":\"ListItem\",\"position\":2,\"name\":\"De onde vem a for\u00e7a de Davi Alcolumbre, o senador que amea\u00e7a Renan Calheiros\"}]},{\"@type\":\"WebSite\",\"@id\":\"https:\/\/portalnpm.com\/#website\",\"url\":\"https:\/\/portalnpm.com\/\",\"name\":\"Portal NPM\",\"description\":\"Not\u00edcias em Primeira M\u00e3o\",\"potentialAction\":[{\"@type\":\"SearchAction\",\"target\":{\"@type\":\"EntryPoint\",\"urlTemplate\":\"https:\/\/portalnpm.com\/?s={search_term_string}\"},\"query-input\":\"required name=search_term_string\"}],\"inLanguage\":\"pt-BR\"},{\"@type\":\"Person\",\"@id\":\"https:\/\/portalnpm.com\/#\/schema\/person\/5c8006acdf71774cd4e7a5ab98482152\",\"name\":\"Luis Alberto\",\"image\":{\"@type\":\"ImageObject\",\"inLanguage\":\"pt-BR\",\"@id\":\"https:\/\/portalnpm.com\/#\/schema\/person\/image\/\",\"url\":\"https:\/\/portalnpm.com\/wp-content\/uploads\/2024\/12\/avatar_user_3_1734699769-96x96.jpeg\",\"contentUrl\":\"https:\/\/portalnpm.com\/wp-content\/uploads\/2024\/12\/avatar_user_3_1734699769-96x96.jpeg\",\"caption\":\"Luis Alberto\"},\"description\":\"Editor-geral do Portal NPM, \u00e9 formado como T\u00e9cnico em Seguran\u00e7a do Trabalho pela Escola Metropolitana de Cursos T\u00e9cnicos. Det\u00e9m ainda licenciatura em Educa\u00e7\u00e3o F\u00edsica e bacharelado em Ci\u00eancias Pol\u00edticas, ambos obtidos pela institui\u00e7\u00e3o Anhanguera\/UNOPAR.\",\"url\":\"https:\/\/portalnpm.com\/index.php\/author\/pereira\/\"}]}<\/script>\n<!-- \/ Yoast SEO plugin. -->","yoast_head_json":{"title":"De onde vem a for\u00e7a de Davi Alcolumbre, o senador que amea\u00e7a Renan Calheiros - Portal NPM","robots":{"index":"index","follow":"follow","max-snippet":"max-snippet:-1","max-image-preview":"max-image-preview:large","max-video-preview":"max-video-preview:-1"},"canonical":"https:\/\/portalnpm.com\/index.php\/2019\/02\/02\/de-onde-vem-a-forca-de-davi-alcolumbre-o-senador-que-ameaca-renan-calheiros\/","og_locale":"pt_BR","og_type":"article","og_title":"De onde vem a for\u00e7a de Davi Alcolumbre, o senador que amea\u00e7a Renan Calheiros - Portal NPM","og_description":"Protagonista de uma disputa\u00a0regimental que ultrapassou cinco horas contra aliados do veterano Renan Calheiros (MDB-AL) sobre o rito da vota\u00e7\u00e3o para a presid\u00eancia do Senado, Davi Alcolumbre (DEM-AP) \u00e9 um homem pouco propenso a fazer declara\u00e7\u00f5es p\u00fablicas, mas\u00a0 que costuma ser muito ativo nas articula\u00e7\u00f5es pol\u00edticas. Na presid\u00eancia interina do Senado, por ter sido o &hellip;","og_url":"https:\/\/portalnpm.com\/index.php\/2019\/02\/02\/de-onde-vem-a-forca-de-davi-alcolumbre-o-senador-que-ameaca-renan-calheiros\/","og_site_name":"Portal NPM","article_published_time":"2019-02-02T18:00:41+00:00","author":"Luis Alberto","twitter_card":"summary_large_image","twitter_misc":{"Escrito por":"Luis Alberto","Est. tempo de leitura":"5 minutos"},"schema":{"@context":"https:\/\/schema.org","@graph":[{"@type":"WebPage","@id":"https:\/\/portalnpm.com\/index.php\/2019\/02\/02\/de-onde-vem-a-forca-de-davi-alcolumbre-o-senador-que-ameaca-renan-calheiros\/","url":"https:\/\/portalnpm.com\/index.php\/2019\/02\/02\/de-onde-vem-a-forca-de-davi-alcolumbre-o-senador-que-ameaca-renan-calheiros\/","name":"De onde vem a for\u00e7a de Davi Alcolumbre, o senador que amea\u00e7a Renan Calheiros - Portal NPM","isPartOf":{"@id":"https:\/\/portalnpm.com\/#website"},"primaryImageOfPage":{"@id":"https:\/\/portalnpm.com\/index.php\/2019\/02\/02\/de-onde-vem-a-forca-de-davi-alcolumbre-o-senador-que-ameaca-renan-calheiros\/#primaryimage"},"image":{"@id":"https:\/\/portalnpm.com\/index.php\/2019\/02\/02\/de-onde-vem-a-forca-de-davi-alcolumbre-o-senador-que-ameaca-renan-calheiros\/#primaryimage"},"thumbnailUrl":"","datePublished":"2019-02-02T18:00:41+00:00","dateModified":"2019-02-02T18:00:41+00:00","author":{"@id":"https:\/\/portalnpm.com\/#\/schema\/person\/5c8006acdf71774cd4e7a5ab98482152"},"breadcrumb":{"@id":"https:\/\/portalnpm.com\/index.php\/2019\/02\/02\/de-onde-vem-a-forca-de-davi-alcolumbre-o-senador-que-ameaca-renan-calheiros\/#breadcrumb"},"inLanguage":"pt-BR","potentialAction":[{"@type":"ReadAction","target":["https:\/\/portalnpm.com\/index.php\/2019\/02\/02\/de-onde-vem-a-forca-de-davi-alcolumbre-o-senador-que-ameaca-renan-calheiros\/"]}]},{"@type":"ImageObject","inLanguage":"pt-BR","@id":"https:\/\/portalnpm.com\/index.php\/2019\/02\/02\/de-onde-vem-a-forca-de-davi-alcolumbre-o-senador-que-ameaca-renan-calheiros\/#primaryimage","url":"","contentUrl":""},{"@type":"BreadcrumbList","@id":"https:\/\/portalnpm.com\/index.php\/2019\/02\/02\/de-onde-vem-a-forca-de-davi-alcolumbre-o-senador-que-ameaca-renan-calheiros\/#breadcrumb","itemListElement":[{"@type":"ListItem","position":1,"name":"In\u00edcio","item":"https:\/\/portalnpm.com\/"},{"@type":"ListItem","position":2,"name":"De onde vem a for\u00e7a de Davi Alcolumbre, o senador que amea\u00e7a Renan Calheiros"}]},{"@type":"WebSite","@id":"https:\/\/portalnpm.com\/#website","url":"https:\/\/portalnpm.com\/","name":"Portal NPM","description":"Not\u00edcias em Primeira M\u00e3o","potentialAction":[{"@type":"SearchAction","target":{"@type":"EntryPoint","urlTemplate":"https:\/\/portalnpm.com\/?s={search_term_string}"},"query-input":"required name=search_term_string"}],"inLanguage":"pt-BR"},{"@type":"Person","@id":"https:\/\/portalnpm.com\/#\/schema\/person\/5c8006acdf71774cd4e7a5ab98482152","name":"Luis Alberto","image":{"@type":"ImageObject","inLanguage":"pt-BR","@id":"https:\/\/portalnpm.com\/#\/schema\/person\/image\/","url":"https:\/\/portalnpm.com\/wp-content\/uploads\/2024\/12\/avatar_user_3_1734699769-96x96.jpeg","contentUrl":"https:\/\/portalnpm.com\/wp-content\/uploads\/2024\/12\/avatar_user_3_1734699769-96x96.jpeg","caption":"Luis Alberto"},"description":"Editor-geral do Portal NPM, \u00e9 formado como T\u00e9cnico em Seguran\u00e7a do Trabalho pela Escola Metropolitana de Cursos T\u00e9cnicos. Det\u00e9m ainda licenciatura em Educa\u00e7\u00e3o F\u00edsica e bacharelado em Ci\u00eancias Pol\u00edticas, ambos obtidos pela institui\u00e7\u00e3o Anhanguera\/UNOPAR.","url":"https:\/\/portalnpm.com\/index.php\/author\/pereira\/"}]}},"jetpack_sharing_enabled":true,"jetpack_featured_media_url":"","_links":{"self":[{"href":"https:\/\/portalnpm.com\/index.php\/wp-json\/wp\/v2\/posts\/5404"}],"collection":[{"href":"https:\/\/portalnpm.com\/index.php\/wp-json\/wp\/v2\/posts"}],"about":[{"href":"https:\/\/portalnpm.com\/index.php\/wp-json\/wp\/v2\/types\/post"}],"author":[{"embeddable":true,"href":"https:\/\/portalnpm.com\/index.php\/wp-json\/wp\/v2\/users\/3"}],"replies":[{"embeddable":true,"href":"https:\/\/portalnpm.com\/index.php\/wp-json\/wp\/v2\/comments?post=5404"}],"version-history":[{"count":0,"href":"https:\/\/portalnpm.com\/index.php\/wp-json\/wp\/v2\/posts\/5404\/revisions"}],"wp:featuredmedia":[{"embeddable":true,"href":"https:\/\/portalnpm.com\/index.php\/wp-json\/"}],"wp:attachment":[{"href":"https:\/\/portalnpm.com\/index.php\/wp-json\/wp\/v2\/media?parent=5404"}],"wp:term":[{"taxonomy":"category","embeddable":true,"href":"https:\/\/portalnpm.com\/index.php\/wp-json\/wp\/v2\/categories?post=5404"},{"taxonomy":"post_tag","embeddable":true,"href":"https:\/\/portalnpm.com\/index.php\/wp-json\/wp\/v2\/tags?post=5404"}],"curies":[{"name":"wp","href":"https:\/\/api.w.org\/{rel}","templated":true}]}}