{"id":54077,"date":"2020-07-02T14:34:13","date_gmt":"2020-07-02T17:34:13","guid":{"rendered":"https:\/\/portalnpm.com\/index.php\/2020\/07\/02\/hoje-e-o-ultimo-dia-para-pedir-o-auxilio-emergencial\/"},"modified":"2024-01-15T18:52:45","modified_gmt":"2024-01-15T21:52:45","slug":"hoje-e-o-ultimo-dia-para-pedir-o-auxilio-emergencial","status":"publish","type":"post","link":"https:\/\/portalnpm.com\/index.php\/2020\/07\/02\/hoje-e-o-ultimo-dia-para-pedir-o-auxilio-emergencial\/","title":{"rendered":"Hoje \u00e9 o \u00faltimo dia para pedir o aux\u00edlio emergencial"},"content":{"rendered":"<p><p style=\"text-align: justify;\">Para quem ainda n&atilde;o se cadastrou a fim de&nbsp;receber o aux&iacute;lio emergencial de R$ 600, o prazo termina nesta&nbsp;quinta-feira (2), &agrave;s 23h59, informou a Caixa Econ&ocirc;mica Federal. O aux&iacute;lio emergencial &eacute; um benef&iacute;cio financeiro destinado a trabalhadores informais, microempreendedores individuais (MEI), aut&ocirc;nomos, desempregados e pessoas de baixa renda e tem por objetivo fornecer prote&ccedil;&atilde;o emergencial no per&iacute;odo de enfrentamento &agrave; crise causada pela pandemia do novo coronav&iacute;rus.<\/p>\n<p style=\"text-align: justify;\"><img decoding=\"async\" class=\"colorbox-942175 lazyloaded\" src=\"https:\/\/portalnpm.com\/wp-content\/uploads\/2024\/01\/ebc.png\" data-lazy-src=\"https:\/\/agenciabrasil.ebc.com.br\/ebc.png?id=1310707&amp;o=node\" data-was-processed=\"true\"><\/p>\n<p style=\"text-align: justify;\">Inicialmente proposto para vigorar por tr&ecirc;s meses, com o pagamento de tr&ecirc;s parcelas de R$ 600, o&nbsp;benef&iacute;cio foi prorrogado&nbsp;por mais dois meses, com o pagamento de mais duas parcelas. Pelas regras, at&eacute; duas pessoas da mesma fam&iacute;lia podem receber o aux&iacute;lio. Para as fam&iacute;lias em que a mulher seja a &uacute;nica respons&aacute;vel pelas despesas da casa, o valor pago mensalmente &eacute; de R$ 1.200.<\/p>\n<h2 style=\"text-align: justify;\">Quem pode se cadastrar?<\/h2>\n<p style=\"text-align: justify;\">A Lei 13.982\/2020, que instituiu o aux&iacute;lio emergencial, foi aprovada pelo Congresso Nacional em abril e definiu os crit&eacute;rios para ser inclu&iacute;do no programa. Para&nbsp;ter&nbsp;acesso ao benef&iacute;cio, a pessoa deve cumprir, ao mesmo tempo, os seguintes requisitos:<\/p>\n<p style=\"text-align: justify;\">&ndash; Ser maior de 18 anos de idade ou ser m&atilde;e adolescente<\/p>\n<p style=\"text-align: justify;\">&ndash; N&atilde;o&nbsp;ter&nbsp;emprego formal<\/p>\n<p style=\"text-align: justify;\">&ndash; N&atilde;o ser agente p&uacute;blico, inclusive tempor&aacute;rio, nem exercer mandato eletivo<\/p>\n<p style=\"text-align: justify;\">&ndash; N&atilde;o receber benef&iacute;cio previdenci&aacute;rio ou assistencial, seguro-desemprego ou de outro programa de transfer&ecirc;ncia de renda federal que n&atilde;o seja o Bolsa Fam&iacute;lia<\/p>\n<p style=\"text-align: justify;\">&ndash; Ter renda familiar mensal&nbsp;<em>per capita<\/em>&nbsp;(por pessoa) de at&eacute; meio sal&aacute;rio m&iacute;nimo (R$ 522,50) ou renda familiar mensal total de at&eacute; tr&ecirc;s sal&aacute;rios m&iacute;nimos (R$ 3.135,00)<\/p>\n<p style=\"text-align: justify;\">&ndash; N&atilde;o ter&nbsp;recebido rendimentos tribut&aacute;veis, no ano de 2018, acima de R$ 28.559,70<\/p>\n<p style=\"text-align: justify;\">&ndash; Estar desempregado ou exercer atividades na condi&ccedil;&atilde;o de microempreendedor individual (MEI), ser contribuinte individual ou facultativo do Regime Geral de Previd&ecirc;ncia Social (RGPS) ou trabalhador informal inscrito no Cadastro &Uacute;nico para Programas Sociais do Governo Federal (Cad&Uacute;nico).<\/p>\n<h2 style=\"text-align: justify;\">Como se cadastrar<\/h2>\n<p style=\"text-align: justify;\">Quem estava no Cadastro &Uacute;nico at&eacute; o dia&nbsp;20 de mar&ccedil;o&nbsp;e que atende &agrave;s regras do programa, recebe os pagamentos sem precisar se cadastrar no&nbsp;<em>site<\/em>&nbsp;da Caixa. Quem tem o Bolsa Fam&iacute;lia pode receber o aux&iacute;lio emergencial, desde que ele seja mais vantajoso. Nesse per&iacute;odo, o Bolsa Fam&iacute;lia de quem recebe o aux&iacute;lio fica suspenso.<\/p>\n<p style=\"text-align: justify;\">As pessoas que n&atilde;o est&atilde;o inscritas no Bolsa Fam&iacute;lia nem no Cad&Uacute;nico e preenchem os requisitos do programa podem se cadastrar no site&nbsp;<a href=\"https:\/\/auxilio.caixa.gov.br\/#\/inicio\" target=\"_blank\" rel=\"noopener noreferrer\">auxilio.caixa.gov.br<\/a>&nbsp;ou pelo APP CAIXA | Aux&iacute;lio Emergencial, dispon&iacute;vel nas lojas de aplicativos. Depois de fazer o cadastro, a pessoa pode acompanhar se vai receber o aux&iacute;lio emergencial, consultando no pr&oacute;prio&nbsp;<em>site<\/em>&nbsp;ou aplicativo.<\/p>\n<p style=\"text-align: justify;\">O Minist&eacute;rio da Cidadania informou, na semana passada, que j&aacute; recebeu mais de 124 milh&otilde;es de solicita&ccedil;&otilde;es do aux&iacute;lio emergencial, sendo que cerca de 65 milh&otilde;es foram considerados eleg&iacute;veis e 41,59 milh&otilde;es foram apontados como ineleg&iacute;veis, por n&atilde;o atenderem aos crit&eacute;rios do programa. Existem ainda quase 17 milh&otilde;es de inscri&ccedil;&otilde;es classificadas de inconclusivas &ndash; quando faltam informa&ccedil;&otilde;es para o processamento integral do pedido. Quem estiver nessa situa&ccedil;&atilde;o deve refazer o cadastro por meio do&nbsp;<em>site<\/em>&nbsp;ou aplicativo do programa.<\/p>\n<p style=\"text-align: justify;\">Mais informa&ccedil;&otilde;es sobre o aux&iacute;lio emergencial tamb&eacute;m podem ser obtidas na p&aacute;gina do&nbsp;Minist&eacute;rio da Cidadania&nbsp;na internet.<\/p>\n<p style=\"text-align: justify;\"><strong>Fonte<\/strong>: Ag&ecirc;ncia Brasil<\/p><\/p>\n","protected":false},"excerpt":{"rendered":"<p>Para quem ainda n&atilde;o se cadastrou a fim de&nbsp;receber o aux&iacute;lio emergencial de R$ 600, o prazo termina nesta&nbsp;quinta-feira (2), &agrave;s 23h59, informou a Caixa Econ&ocirc;mica Federal. O aux&iacute;lio emergencial &eacute; um benef&iacute;cio financeiro destinado a trabalhadores informais, microempreendedores individuais (MEI), aut&ocirc;nomos, desempregados e pessoas de baixa renda e tem por objetivo fornecer prote&ccedil;&atilde;o emergencial &hellip;<\/p>\n","protected":false},"author":8,"featured_media":21991,"comment_status":"open","ping_status":"open","sticky":false,"template":"","format":"standard","meta":{"content-type":"","rop_custom_images_group":[],"rop_custom_messages_group":[],"rop_publish_now":"initial","rop_publish_now_accounts":{"facebook_2648258775420054_1618374048415101":""},"rop_publish_now_history":[],"rop_publish_now_status":"pending","footnotes":"","_jetpack_memberships_contains_paid_content":false},"categories":[125],"tags":[3975,4313,1550],"yoast_head":"<!-- This site is optimized with the Yoast SEO plugin v22.3 - https:\/\/yoast.com\/wordpress\/plugins\/seo\/ -->\n<title>Hoje \u00e9 o \u00faltimo dia para pedir o aux\u00edlio emergencial<\/title>\n<meta name=\"robots\" content=\"index, follow, max-snippet:-1, max-image-preview:large, max-video-preview:-1\" \/>\n<link rel=\"canonical\" href=\"https:\/\/portalnpm.com\/index.php\/2020\/07\/02\/hoje-e-o-ultimo-dia-para-pedir-o-auxilio-emergencial\/\" \/>\n<meta property=\"og:locale\" content=\"pt_BR\" \/>\n<meta property=\"og:type\" content=\"article\" \/>\n<meta property=\"og:title\" content=\"Hoje \u00e9 o \u00faltimo dia para pedir o aux\u00edlio emergencial\" \/>\n<meta property=\"og:description\" content=\"Para quem ainda n&atilde;o se cadastrou a fim de&nbsp;receber o aux&iacute;lio emergencial de R$ 600, o prazo termina nesta&nbsp;quinta-feira (2), &agrave;s 23h59, informou a Caixa Econ&ocirc;mica Federal. O aux&iacute;lio emergencial &eacute; um benef&iacute;cio financeiro destinado a trabalhadores informais, microempreendedores individuais (MEI), aut&ocirc;nomos, desempregados e pessoas de baixa renda e tem por objetivo fornecer prote&ccedil;&atilde;o emergencial &hellip;\" \/>\n<meta property=\"og:url\" content=\"https:\/\/portalnpm.com\/index.php\/2020\/07\/02\/hoje-e-o-ultimo-dia-para-pedir-o-auxilio-emergencial\/\" \/>\n<meta property=\"og:site_name\" content=\"Portal NPM\" \/>\n<meta property=\"article:published_time\" content=\"2020-07-02T17:34:13+00:00\" \/>\n<meta property=\"article:modified_time\" content=\"2024-01-15T21:52:45+00:00\" \/>\n<meta name=\"author\" content=\"Zenilton Lima\" \/>\n<meta name=\"twitter:card\" content=\"summary_large_image\" \/>\n<meta name=\"twitter:label1\" content=\"Escrito por\" \/>\n\t<meta name=\"twitter:data1\" content=\"Zenilton Lima\" \/>\n\t<meta name=\"twitter:label2\" content=\"Est. tempo de leitura\" \/>\n\t<meta name=\"twitter:data2\" content=\"4 minutos\" \/>\n<script type=\"application\/ld+json\" class=\"yoast-schema-graph\">{\"@context\":\"https:\/\/schema.org\",\"@graph\":[{\"@type\":\"WebPage\",\"@id\":\"https:\/\/portalnpm.com\/index.php\/2020\/07\/02\/hoje-e-o-ultimo-dia-para-pedir-o-auxilio-emergencial\/\",\"url\":\"https:\/\/portalnpm.com\/index.php\/2020\/07\/02\/hoje-e-o-ultimo-dia-para-pedir-o-auxilio-emergencial\/\",\"name\":\"Hoje \u00e9 o \u00faltimo dia para pedir o aux\u00edlio emergencial\",\"isPartOf\":{\"@id\":\"https:\/\/portalnpm.com\/#website\"},\"primaryImageOfPage\":{\"@id\":\"https:\/\/portalnpm.com\/index.php\/2020\/07\/02\/hoje-e-o-ultimo-dia-para-pedir-o-auxilio-emergencial\/#primaryimage\"},\"image\":{\"@id\":\"https:\/\/portalnpm.com\/index.php\/2020\/07\/02\/hoje-e-o-ultimo-dia-para-pedir-o-auxilio-emergencial\/#primaryimage\"},\"thumbnailUrl\":\"\",\"datePublished\":\"2020-07-02T17:34:13+00:00\",\"dateModified\":\"2024-01-15T21:52:45+00:00\",\"author\":{\"@id\":\"https:\/\/portalnpm.com\/#\/schema\/person\/35cb55186eae3f074b6783da6d35591e\"},\"breadcrumb\":{\"@id\":\"https:\/\/portalnpm.com\/index.php\/2020\/07\/02\/hoje-e-o-ultimo-dia-para-pedir-o-auxilio-emergencial\/#breadcrumb\"},\"inLanguage\":\"pt-BR\",\"potentialAction\":[{\"@type\":\"ReadAction\",\"target\":[\"https:\/\/portalnpm.com\/index.php\/2020\/07\/02\/hoje-e-o-ultimo-dia-para-pedir-o-auxilio-emergencial\/\"]}]},{\"@type\":\"ImageObject\",\"inLanguage\":\"pt-BR\",\"@id\":\"https:\/\/portalnpm.com\/index.php\/2020\/07\/02\/hoje-e-o-ultimo-dia-para-pedir-o-auxilio-emergencial\/#primaryimage\",\"url\":\"\",\"contentUrl\":\"\"},{\"@type\":\"BreadcrumbList\",\"@id\":\"https:\/\/portalnpm.com\/index.php\/2020\/07\/02\/hoje-e-o-ultimo-dia-para-pedir-o-auxilio-emergencial\/#breadcrumb\",\"itemListElement\":[{\"@type\":\"ListItem\",\"position\":1,\"name\":\"In\u00edcio\",\"item\":\"https:\/\/portalnpm.com\/\"},{\"@type\":\"ListItem\",\"position\":2,\"name\":\"Hoje \u00e9 o \u00faltimo dia para pedir o aux\u00edlio emergencial\"}]},{\"@type\":\"WebSite\",\"@id\":\"https:\/\/portalnpm.com\/#website\",\"url\":\"https:\/\/portalnpm.com\/\",\"name\":\"Portal NPM\",\"description\":\"Not\u00edcias em Primeira M\u00e3o\",\"potentialAction\":[{\"@type\":\"SearchAction\",\"target\":{\"@type\":\"EntryPoint\",\"urlTemplate\":\"https:\/\/portalnpm.com\/?s={search_term_string}\"},\"query-input\":\"required name=search_term_string\"}],\"inLanguage\":\"pt-BR\"},{\"@type\":\"Person\",\"@id\":\"https:\/\/portalnpm.com\/#\/schema\/person\/35cb55186eae3f074b6783da6d35591e\",\"name\":\"Zenilton Lima\",\"image\":{\"@type\":\"ImageObject\",\"inLanguage\":\"pt-BR\",\"@id\":\"https:\/\/portalnpm.com\/#\/schema\/person\/image\/\",\"url\":\"https:\/\/portalnpm.com\/wp-content\/uploads\/2024\/12\/avatar_user_8_1733658137-96x96.jpeg\",\"contentUrl\":\"https:\/\/portalnpm.com\/wp-content\/uploads\/2024\/12\/avatar_user_8_1733658137-96x96.jpeg\",\"caption\":\"Zenilton Lima\"},\"url\":\"https:\/\/portalnpm.com\/index.php\/author\/zenilton\/\"}]}<\/script>\n<!-- \/ Yoast SEO plugin. -->","yoast_head_json":{"title":"Hoje \u00e9 o \u00faltimo dia para pedir o aux\u00edlio emergencial","robots":{"index":"index","follow":"follow","max-snippet":"max-snippet:-1","max-image-preview":"max-image-preview:large","max-video-preview":"max-video-preview:-1"},"canonical":"https:\/\/portalnpm.com\/index.php\/2020\/07\/02\/hoje-e-o-ultimo-dia-para-pedir-o-auxilio-emergencial\/","og_locale":"pt_BR","og_type":"article","og_title":"Hoje \u00e9 o \u00faltimo dia para pedir o aux\u00edlio emergencial","og_description":"Para quem ainda n&atilde;o se cadastrou a fim de&nbsp;receber o aux&iacute;lio emergencial de R$ 600, o prazo termina nesta&nbsp;quinta-feira (2), &agrave;s 23h59, informou a Caixa Econ&ocirc;mica Federal. O aux&iacute;lio emergencial &eacute; um benef&iacute;cio financeiro destinado a trabalhadores informais, microempreendedores individuais (MEI), aut&ocirc;nomos, desempregados e pessoas de baixa renda e tem por objetivo fornecer prote&ccedil;&atilde;o emergencial &hellip;","og_url":"https:\/\/portalnpm.com\/index.php\/2020\/07\/02\/hoje-e-o-ultimo-dia-para-pedir-o-auxilio-emergencial\/","og_site_name":"Portal NPM","article_published_time":"2020-07-02T17:34:13+00:00","article_modified_time":"2024-01-15T21:52:45+00:00","author":"Zenilton Lima","twitter_card":"summary_large_image","twitter_misc":{"Escrito por":"Zenilton Lima","Est. tempo de leitura":"4 minutos"},"schema":{"@context":"https:\/\/schema.org","@graph":[{"@type":"WebPage","@id":"https:\/\/portalnpm.com\/index.php\/2020\/07\/02\/hoje-e-o-ultimo-dia-para-pedir-o-auxilio-emergencial\/","url":"https:\/\/portalnpm.com\/index.php\/2020\/07\/02\/hoje-e-o-ultimo-dia-para-pedir-o-auxilio-emergencial\/","name":"Hoje \u00e9 o \u00faltimo dia para pedir o aux\u00edlio emergencial","isPartOf":{"@id":"https:\/\/portalnpm.com\/#website"},"primaryImageOfPage":{"@id":"https:\/\/portalnpm.com\/index.php\/2020\/07\/02\/hoje-e-o-ultimo-dia-para-pedir-o-auxilio-emergencial\/#primaryimage"},"image":{"@id":"https:\/\/portalnpm.com\/index.php\/2020\/07\/02\/hoje-e-o-ultimo-dia-para-pedir-o-auxilio-emergencial\/#primaryimage"},"thumbnailUrl":"","datePublished":"2020-07-02T17:34:13+00:00","dateModified":"2024-01-15T21:52:45+00:00","author":{"@id":"https:\/\/portalnpm.com\/#\/schema\/person\/35cb55186eae3f074b6783da6d35591e"},"breadcrumb":{"@id":"https:\/\/portalnpm.com\/index.php\/2020\/07\/02\/hoje-e-o-ultimo-dia-para-pedir-o-auxilio-emergencial\/#breadcrumb"},"inLanguage":"pt-BR","potentialAction":[{"@type":"ReadAction","target":["https:\/\/portalnpm.com\/index.php\/2020\/07\/02\/hoje-e-o-ultimo-dia-para-pedir-o-auxilio-emergencial\/"]}]},{"@type":"ImageObject","inLanguage":"pt-BR","@id":"https:\/\/portalnpm.com\/index.php\/2020\/07\/02\/hoje-e-o-ultimo-dia-para-pedir-o-auxilio-emergencial\/#primaryimage","url":"","contentUrl":""},{"@type":"BreadcrumbList","@id":"https:\/\/portalnpm.com\/index.php\/2020\/07\/02\/hoje-e-o-ultimo-dia-para-pedir-o-auxilio-emergencial\/#breadcrumb","itemListElement":[{"@type":"ListItem","position":1,"name":"In\u00edcio","item":"https:\/\/portalnpm.com\/"},{"@type":"ListItem","position":2,"name":"Hoje \u00e9 o \u00faltimo dia para pedir o aux\u00edlio emergencial"}]},{"@type":"WebSite","@id":"https:\/\/portalnpm.com\/#website","url":"https:\/\/portalnpm.com\/","name":"Portal NPM","description":"Not\u00edcias em Primeira M\u00e3o","potentialAction":[{"@type":"SearchAction","target":{"@type":"EntryPoint","urlTemplate":"https:\/\/portalnpm.com\/?s={search_term_string}"},"query-input":"required name=search_term_string"}],"inLanguage":"pt-BR"},{"@type":"Person","@id":"https:\/\/portalnpm.com\/#\/schema\/person\/35cb55186eae3f074b6783da6d35591e","name":"Zenilton Lima","image":{"@type":"ImageObject","inLanguage":"pt-BR","@id":"https:\/\/portalnpm.com\/#\/schema\/person\/image\/","url":"https:\/\/portalnpm.com\/wp-content\/uploads\/2024\/12\/avatar_user_8_1733658137-96x96.jpeg","contentUrl":"https:\/\/portalnpm.com\/wp-content\/uploads\/2024\/12\/avatar_user_8_1733658137-96x96.jpeg","caption":"Zenilton Lima"},"url":"https:\/\/portalnpm.com\/index.php\/author\/zenilton\/"}]}},"jetpack_sharing_enabled":true,"jetpack_featured_media_url":"","_links":{"self":[{"href":"https:\/\/portalnpm.com\/index.php\/wp-json\/wp\/v2\/posts\/54077"}],"collection":[{"href":"https:\/\/portalnpm.com\/index.php\/wp-json\/wp\/v2\/posts"}],"about":[{"href":"https:\/\/portalnpm.com\/index.php\/wp-json\/wp\/v2\/types\/post"}],"author":[{"embeddable":true,"href":"https:\/\/portalnpm.com\/index.php\/wp-json\/wp\/v2\/users\/8"}],"replies":[{"embeddable":true,"href":"https:\/\/portalnpm.com\/index.php\/wp-json\/wp\/v2\/comments?post=54077"}],"version-history":[{"count":1,"href":"https:\/\/portalnpm.com\/index.php\/wp-json\/wp\/v2\/posts\/54077\/revisions"}],"predecessor-version":[{"id":54082,"href":"https:\/\/portalnpm.com\/index.php\/wp-json\/wp\/v2\/posts\/54077\/revisions\/54082"}],"wp:featuredmedia":[{"embeddable":true,"href":"https:\/\/portalnpm.com\/index.php\/wp-json\/"}],"wp:attachment":[{"href":"https:\/\/portalnpm.com\/index.php\/wp-json\/wp\/v2\/media?parent=54077"}],"wp:term":[{"taxonomy":"category","embeddable":true,"href":"https:\/\/portalnpm.com\/index.php\/wp-json\/wp\/v2\/categories?post=54077"},{"taxonomy":"post_tag","embeddable":true,"href":"https:\/\/portalnpm.com\/index.php\/wp-json\/wp\/v2\/tags?post=54077"}],"curies":[{"name":"wp","href":"https:\/\/api.w.org\/{rel}","templated":true}]}}