{"id":54109,"date":"2020-07-03T15:49:37","date_gmt":"2020-07-03T18:49:37","guid":{"rendered":"https:\/\/portalnpm.com\/index.php\/2020\/07\/03\/bolsonaro-sanciona-lei-que-torna-obrigatorio-o-uso-de-mascara\/"},"modified":"2020-07-03T15:49:37","modified_gmt":"2020-07-03T18:49:37","slug":"bolsonaro-sanciona-lei-que-torna-obrigatorio-o-uso-de-mascara","status":"publish","type":"post","link":"https:\/\/portalnpm.com\/index.php\/2020\/07\/03\/bolsonaro-sanciona-lei-que-torna-obrigatorio-o-uso-de-mascara\/","title":{"rendered":"Bolsonaro sanciona lei que torna obrigat\u00f3rio o uso de m\u00e1scara"},"content":{"rendered":"<p style=\"text-align: justify;\">O presidente Jair Boslonaro sancionou a lei que torna obrigat\u00f3rio o uso de m\u00e1scaras de prote\u00e7\u00e3o individual em espa\u00e7os p\u00fablicos e privados, mas acess\u00edveis ao p\u00fablico, durante a pandemia de covid-19. A Lei n\u00ba 14.019\/2020 foi publicada hoje (3) no Di\u00e1rio Oficial da Uni\u00e3o e diz que as m\u00e1scaras podem ser artesanais ou industriais.<\/p>\n<p style=\"text-align: justify;\">\n<p style=\"text-align: justify;\">A obrigatoriedade do uso da prote\u00e7\u00e3o facial engloba vias p\u00fablicas e transportes p\u00fablicos coletivos, como \u00f4nibus e metr\u00f4, bem como em t\u00e1xis e carros de aplicativos, \u00f4nibus, aeronaves ou embarca\u00e7\u00f5es de uso coletivo fretados.<\/p>\n<p style=\"text-align: justify;\">De acordo com a nova lei, as concession\u00e1rias e empresas de transporte p\u00fablico dever\u00e3o atuar com o poder p\u00fablico na fiscaliza\u00e7\u00e3o do cumprimento das normas, podendo inclusive vedar a entrada de passageiros sem m\u00e1scaras nos terminais e meios de transporte. O n\u00e3o uso do equipamento de prote\u00e7\u00e3o individual acarretar\u00e1 multa estabelecida pelos estados ou munic\u00edpios. Atualmente, diversas cidades j\u00e1 t\u00eam adotado o uso obrigat\u00f3rio de m\u00e1scaras, em leis de alcance local.<\/p>\n<p style=\"text-align: justify;\">Os \u00f3rg\u00e3os e entidades p\u00fablicos, concession\u00e1rias de servi\u00e7os p\u00fablicos, como transporte, e o setor privado de bens e servi\u00e7os dever\u00e3o adotar medidas de higieniza\u00e7\u00e3o em locais de circula\u00e7\u00e3o de pessoas e no interior de ve\u00edculos, disponibilizando produtos saneantes aos usu\u00e1rios, como \u00e1lcool em gel.<\/p>\n<p style=\"text-align: justify;\">O texto prev\u00ea que pessoas com transtorno do espectro autista, com defici\u00eancia intelectual, com defici\u00eancias sensoriais ou com quaisquer outras defici\u00eancias que as impe\u00e7am de fazer o uso adequado de m\u00e1scara de prote\u00e7\u00e3o facial estar\u00e3o dispensadas da obriga\u00e7\u00e3o do uso, assim como crian\u00e7as com menos de 3 anos. Para isso, eles devem portar declara\u00e7\u00e3o m\u00e9dica, que poder\u00e1 ser obtida por meio digital.<\/p>\n<p style=\"text-align: justify;\">Vetos<br \/>\nO presidente Bolsonaro vetou 17 dispositivos do texto que foi aprovado no Congresso no dia 9 de junho, alegando, entre outras raz\u00f5es, que criariam obriga\u00e7\u00f5es a estados e munic\u00edpios, violando a autonomia dos entes federados, ou despesas obrigat\u00f3rias ao poder p\u00fablico sem indicar a fonte dos recursos e impacto or\u00e7ament\u00e1rio. As raz\u00f5es dos vetos, que tamb\u00e9m foram publicadas no Di\u00e1rio Oficial da Uni\u00e3o, ser\u00e3o agora analisadas pelos parlamentares.<\/p>\n<p style=\"text-align: justify;\">Um dos trechos vetados diz respeito ao uso obrigat\u00f3rio de m\u00e1scara em \u201cestabelecimentos comerciais e industriais, templos religiosos, estabelecimentos de ensino e demais locais fechados em que haja reuni\u00e3o de pessoas\u201d. Em mensagem ao Congresso, a Presid\u00eancia explicou que a express\u00e3o \u201cdemais locais fechados\u201d \u00e9 uma \u201cposs\u00edvel viola\u00e7\u00e3o de domic\u00edlio por abarcar conceito abrangente de locais n\u00e3o abertos ao p\u00fablico\u201d. Como n\u00e3o h\u00e1 possibilidade de vetar palavras ou trechos, o presidente vetou o dispositivo todo.<\/p>\n<p style=\"text-align: justify;\">Tamb\u00e9m foi vetada a proibi\u00e7\u00e3o da aplica\u00e7\u00e3o da multa pelo n\u00e3o uso da m\u00e1scara \u00e0 popula\u00e7\u00e3o economicamente vulner\u00e1vel. Para a Presid\u00eancia, ao prever tal exce\u00e7\u00e3o, mesmo sendo compreens\u00edvel as raz\u00f5es, \u201co dispositivo criava uma autoriza\u00e7\u00e3o para a n\u00e3o utiliza\u00e7\u00e3o do equipamento de prote\u00e7\u00e3o, sendo que todos s\u00e3o capazes de contrair e transmitir o v\u00edrus, independentemente de sua condi\u00e7\u00e3o social\u201d.<\/p>\n<p style=\"text-align: justify;\">A proposta aprovada pelo parlamento tamb\u00e9m previa a obrigatoriedade do poder p\u00fablico de fornecer m\u00e1scaras \u00e0 popula\u00e7\u00e3o economicamente vulner\u00e1vel, por meio da rede Farm\u00e1cia Popular do Brasil. Al\u00e9m de criar despesa obrigat\u00f3rio, de acordo com a Presid\u00eancia, \u201ctal medida contrariava o interesse p\u00fablico em raz\u00e3o do referido equipamento de prote\u00e7\u00e3o individual n\u00e3o ter rela\u00e7\u00e3o com o Programa Farm\u00e1cia Popular do Brasil\u201d.<\/p>\n<p style=\"text-align: justify;\">Atendimento preferencial<br \/>\nUm dos artigos da nova lei garante ainda o atendimento preferencial em estabelecimentos de sa\u00fade aos profissionais de sa\u00fade e da seguran\u00e7a p\u00fablica diagnosticados com covid-19.<\/p>\n<p style=\"text-align: justify;\">Fonte: Ag\u00eancia Brasil<\/p>\n","protected":false},"excerpt":{"rendered":"<p>O presidente Jair Boslonaro sancionou a lei que torna obrigat\u00f3rio o uso de m\u00e1scaras de prote\u00e7\u00e3o individual em espa\u00e7os p\u00fablicos e privados, mas acess\u00edveis ao p\u00fablico, durante a pandemia de covid-19. A Lei n\u00ba 14.019\/2020 foi publicada hoje (3) no Di\u00e1rio Oficial da Uni\u00e3o e diz que as m\u00e1scaras podem ser artesanais ou industriais. A &hellip;<\/p>\n","protected":false},"author":2,"featured_media":22048,"comment_status":"open","ping_status":"open","sticky":false,"template":"","format":"standard","meta":{"content-type":"","rop_custom_images_group":[],"rop_custom_messages_group":[],"rop_publish_now":"initial","rop_publish_now_accounts":{"facebook_2648258775420054_1618374048415101":""},"rop_publish_now_history":[],"rop_publish_now_status":"pending","footnotes":"","_jetpack_memberships_contains_paid_content":false},"categories":[125],"tags":[680,3203],"yoast_head":"<!-- This site is optimized with the Yoast SEO plugin v22.3 - https:\/\/yoast.com\/wordpress\/plugins\/seo\/ -->\n<title>Bolsonaro sanciona lei que torna obrigat\u00f3rio o uso de m\u00e1scara<\/title>\n<meta name=\"robots\" content=\"index, follow, max-snippet:-1, max-image-preview:large, max-video-preview:-1\" \/>\n<link rel=\"canonical\" href=\"https:\/\/portalnpm.com\/index.php\/2020\/07\/03\/bolsonaro-sanciona-lei-que-torna-obrigatorio-o-uso-de-mascara\/\" \/>\n<meta property=\"og:locale\" content=\"pt_BR\" \/>\n<meta property=\"og:type\" content=\"article\" \/>\n<meta property=\"og:title\" content=\"Bolsonaro sanciona lei que torna obrigat\u00f3rio o uso de m\u00e1scara\" \/>\n<meta property=\"og:description\" content=\"O presidente Jair Boslonaro sancionou a lei que torna obrigat\u00f3rio o uso de m\u00e1scaras de prote\u00e7\u00e3o individual em espa\u00e7os p\u00fablicos e privados, mas acess\u00edveis ao p\u00fablico, durante a pandemia de covid-19. A Lei n\u00ba 14.019\/2020 foi publicada hoje (3) no Di\u00e1rio Oficial da Uni\u00e3o e diz que as m\u00e1scaras podem ser artesanais ou industriais. A &hellip;\" \/>\n<meta property=\"og:url\" content=\"https:\/\/portalnpm.com\/index.php\/2020\/07\/03\/bolsonaro-sanciona-lei-que-torna-obrigatorio-o-uso-de-mascara\/\" \/>\n<meta property=\"og:site_name\" content=\"Portal NPM\" \/>\n<meta property=\"article:published_time\" content=\"2020-07-03T18:49:37+00:00\" \/>\n<meta name=\"author\" content=\"Genival Barbosa\" \/>\n<meta name=\"twitter:card\" content=\"summary_large_image\" \/>\n<meta name=\"twitter:label1\" content=\"Escrito por\" \/>\n\t<meta name=\"twitter:data1\" content=\"Genival Barbosa\" \/>\n\t<meta name=\"twitter:label2\" content=\"Est. tempo de leitura\" \/>\n\t<meta name=\"twitter:data2\" content=\"3 minutos\" \/>\n<script type=\"application\/ld+json\" class=\"yoast-schema-graph\">{\"@context\":\"https:\/\/schema.org\",\"@graph\":[{\"@type\":\"WebPage\",\"@id\":\"https:\/\/portalnpm.com\/index.php\/2020\/07\/03\/bolsonaro-sanciona-lei-que-torna-obrigatorio-o-uso-de-mascara\/\",\"url\":\"https:\/\/portalnpm.com\/index.php\/2020\/07\/03\/bolsonaro-sanciona-lei-que-torna-obrigatorio-o-uso-de-mascara\/\",\"name\":\"Bolsonaro sanciona lei que torna obrigat\u00f3rio o uso de m\u00e1scara\",\"isPartOf\":{\"@id\":\"https:\/\/portalnpm.com\/#website\"},\"primaryImageOfPage\":{\"@id\":\"https:\/\/portalnpm.com\/index.php\/2020\/07\/03\/bolsonaro-sanciona-lei-que-torna-obrigatorio-o-uso-de-mascara\/#primaryimage\"},\"image\":{\"@id\":\"https:\/\/portalnpm.com\/index.php\/2020\/07\/03\/bolsonaro-sanciona-lei-que-torna-obrigatorio-o-uso-de-mascara\/#primaryimage\"},\"thumbnailUrl\":\"\",\"datePublished\":\"2020-07-03T18:49:37+00:00\",\"dateModified\":\"2020-07-03T18:49:37+00:00\",\"author\":{\"@id\":\"https:\/\/portalnpm.com\/#\/schema\/person\/49313e563cfdefcc167f1ee4c017c294\"},\"breadcrumb\":{\"@id\":\"https:\/\/portalnpm.com\/index.php\/2020\/07\/03\/bolsonaro-sanciona-lei-que-torna-obrigatorio-o-uso-de-mascara\/#breadcrumb\"},\"inLanguage\":\"pt-BR\",\"potentialAction\":[{\"@type\":\"ReadAction\",\"target\":[\"https:\/\/portalnpm.com\/index.php\/2020\/07\/03\/bolsonaro-sanciona-lei-que-torna-obrigatorio-o-uso-de-mascara\/\"]}]},{\"@type\":\"ImageObject\",\"inLanguage\":\"pt-BR\",\"@id\":\"https:\/\/portalnpm.com\/index.php\/2020\/07\/03\/bolsonaro-sanciona-lei-que-torna-obrigatorio-o-uso-de-mascara\/#primaryimage\",\"url\":\"\",\"contentUrl\":\"\"},{\"@type\":\"BreadcrumbList\",\"@id\":\"https:\/\/portalnpm.com\/index.php\/2020\/07\/03\/bolsonaro-sanciona-lei-que-torna-obrigatorio-o-uso-de-mascara\/#breadcrumb\",\"itemListElement\":[{\"@type\":\"ListItem\",\"position\":1,\"name\":\"In\u00edcio\",\"item\":\"https:\/\/portalnpm.com\/\"},{\"@type\":\"ListItem\",\"position\":2,\"name\":\"Bolsonaro sanciona lei que torna obrigat\u00f3rio o uso de m\u00e1scara\"}]},{\"@type\":\"WebSite\",\"@id\":\"https:\/\/portalnpm.com\/#website\",\"url\":\"https:\/\/portalnpm.com\/\",\"name\":\"Portal NPM\",\"description\":\"Not\u00edcias em Primeira M\u00e3o\",\"potentialAction\":[{\"@type\":\"SearchAction\",\"target\":{\"@type\":\"EntryPoint\",\"urlTemplate\":\"https:\/\/portalnpm.com\/?s={search_term_string}\"},\"query-input\":\"required name=search_term_string\"}],\"inLanguage\":\"pt-BR\"},{\"@type\":\"Person\",\"@id\":\"https:\/\/portalnpm.com\/#\/schema\/person\/49313e563cfdefcc167f1ee4c017c294\",\"name\":\"Genival Barbosa\",\"image\":{\"@type\":\"ImageObject\",\"inLanguage\":\"pt-BR\",\"@id\":\"https:\/\/portalnpm.com\/#\/schema\/person\/image\/\",\"url\":\"https:\/\/portalnpm.com\/wp-content\/uploads\/2024\/02\/avatar_user_2_1707743258-96x96.jpeg\",\"contentUrl\":\"https:\/\/portalnpm.com\/wp-content\/uploads\/2024\/02\/avatar_user_2_1707743258-96x96.jpeg\",\"caption\":\"Genival Barbosa\"},\"url\":\"https:\/\/portalnpm.com\/index.php\/author\/genival\/\"}]}<\/script>\n<!-- \/ Yoast SEO plugin. -->","yoast_head_json":{"title":"Bolsonaro sanciona lei que torna obrigat\u00f3rio o uso de m\u00e1scara","robots":{"index":"index","follow":"follow","max-snippet":"max-snippet:-1","max-image-preview":"max-image-preview:large","max-video-preview":"max-video-preview:-1"},"canonical":"https:\/\/portalnpm.com\/index.php\/2020\/07\/03\/bolsonaro-sanciona-lei-que-torna-obrigatorio-o-uso-de-mascara\/","og_locale":"pt_BR","og_type":"article","og_title":"Bolsonaro sanciona lei que torna obrigat\u00f3rio o uso de m\u00e1scara","og_description":"O presidente Jair Boslonaro sancionou a lei que torna obrigat\u00f3rio o uso de m\u00e1scaras de prote\u00e7\u00e3o individual em espa\u00e7os p\u00fablicos e privados, mas acess\u00edveis ao p\u00fablico, durante a pandemia de covid-19. A Lei n\u00ba 14.019\/2020 foi publicada hoje (3) no Di\u00e1rio Oficial da Uni\u00e3o e diz que as m\u00e1scaras podem ser artesanais ou industriais. A &hellip;","og_url":"https:\/\/portalnpm.com\/index.php\/2020\/07\/03\/bolsonaro-sanciona-lei-que-torna-obrigatorio-o-uso-de-mascara\/","og_site_name":"Portal NPM","article_published_time":"2020-07-03T18:49:37+00:00","author":"Genival Barbosa","twitter_card":"summary_large_image","twitter_misc":{"Escrito por":"Genival Barbosa","Est. tempo de leitura":"3 minutos"},"schema":{"@context":"https:\/\/schema.org","@graph":[{"@type":"WebPage","@id":"https:\/\/portalnpm.com\/index.php\/2020\/07\/03\/bolsonaro-sanciona-lei-que-torna-obrigatorio-o-uso-de-mascara\/","url":"https:\/\/portalnpm.com\/index.php\/2020\/07\/03\/bolsonaro-sanciona-lei-que-torna-obrigatorio-o-uso-de-mascara\/","name":"Bolsonaro sanciona lei que torna obrigat\u00f3rio o uso de m\u00e1scara","isPartOf":{"@id":"https:\/\/portalnpm.com\/#website"},"primaryImageOfPage":{"@id":"https:\/\/portalnpm.com\/index.php\/2020\/07\/03\/bolsonaro-sanciona-lei-que-torna-obrigatorio-o-uso-de-mascara\/#primaryimage"},"image":{"@id":"https:\/\/portalnpm.com\/index.php\/2020\/07\/03\/bolsonaro-sanciona-lei-que-torna-obrigatorio-o-uso-de-mascara\/#primaryimage"},"thumbnailUrl":"","datePublished":"2020-07-03T18:49:37+00:00","dateModified":"2020-07-03T18:49:37+00:00","author":{"@id":"https:\/\/portalnpm.com\/#\/schema\/person\/49313e563cfdefcc167f1ee4c017c294"},"breadcrumb":{"@id":"https:\/\/portalnpm.com\/index.php\/2020\/07\/03\/bolsonaro-sanciona-lei-que-torna-obrigatorio-o-uso-de-mascara\/#breadcrumb"},"inLanguage":"pt-BR","potentialAction":[{"@type":"ReadAction","target":["https:\/\/portalnpm.com\/index.php\/2020\/07\/03\/bolsonaro-sanciona-lei-que-torna-obrigatorio-o-uso-de-mascara\/"]}]},{"@type":"ImageObject","inLanguage":"pt-BR","@id":"https:\/\/portalnpm.com\/index.php\/2020\/07\/03\/bolsonaro-sanciona-lei-que-torna-obrigatorio-o-uso-de-mascara\/#primaryimage","url":"","contentUrl":""},{"@type":"BreadcrumbList","@id":"https:\/\/portalnpm.com\/index.php\/2020\/07\/03\/bolsonaro-sanciona-lei-que-torna-obrigatorio-o-uso-de-mascara\/#breadcrumb","itemListElement":[{"@type":"ListItem","position":1,"name":"In\u00edcio","item":"https:\/\/portalnpm.com\/"},{"@type":"ListItem","position":2,"name":"Bolsonaro sanciona lei que torna obrigat\u00f3rio o uso de m\u00e1scara"}]},{"@type":"WebSite","@id":"https:\/\/portalnpm.com\/#website","url":"https:\/\/portalnpm.com\/","name":"Portal NPM","description":"Not\u00edcias em Primeira M\u00e3o","potentialAction":[{"@type":"SearchAction","target":{"@type":"EntryPoint","urlTemplate":"https:\/\/portalnpm.com\/?s={search_term_string}"},"query-input":"required name=search_term_string"}],"inLanguage":"pt-BR"},{"@type":"Person","@id":"https:\/\/portalnpm.com\/#\/schema\/person\/49313e563cfdefcc167f1ee4c017c294","name":"Genival Barbosa","image":{"@type":"ImageObject","inLanguage":"pt-BR","@id":"https:\/\/portalnpm.com\/#\/schema\/person\/image\/","url":"https:\/\/portalnpm.com\/wp-content\/uploads\/2024\/02\/avatar_user_2_1707743258-96x96.jpeg","contentUrl":"https:\/\/portalnpm.com\/wp-content\/uploads\/2024\/02\/avatar_user_2_1707743258-96x96.jpeg","caption":"Genival Barbosa"},"url":"https:\/\/portalnpm.com\/index.php\/author\/genival\/"}]}},"jetpack_sharing_enabled":true,"jetpack_featured_media_url":"","_links":{"self":[{"href":"https:\/\/portalnpm.com\/index.php\/wp-json\/wp\/v2\/posts\/54109"}],"collection":[{"href":"https:\/\/portalnpm.com\/index.php\/wp-json\/wp\/v2\/posts"}],"about":[{"href":"https:\/\/portalnpm.com\/index.php\/wp-json\/wp\/v2\/types\/post"}],"author":[{"embeddable":true,"href":"https:\/\/portalnpm.com\/index.php\/wp-json\/wp\/v2\/users\/2"}],"replies":[{"embeddable":true,"href":"https:\/\/portalnpm.com\/index.php\/wp-json\/wp\/v2\/comments?post=54109"}],"version-history":[{"count":0,"href":"https:\/\/portalnpm.com\/index.php\/wp-json\/wp\/v2\/posts\/54109\/revisions"}],"wp:featuredmedia":[{"embeddable":true,"href":"https:\/\/portalnpm.com\/index.php\/wp-json\/"}],"wp:attachment":[{"href":"https:\/\/portalnpm.com\/index.php\/wp-json\/wp\/v2\/media?parent=54109"}],"wp:term":[{"taxonomy":"category","embeddable":true,"href":"https:\/\/portalnpm.com\/index.php\/wp-json\/wp\/v2\/categories?post=54109"},{"taxonomy":"post_tag","embeddable":true,"href":"https:\/\/portalnpm.com\/index.php\/wp-json\/wp\/v2\/tags?post=54109"}],"curies":[{"name":"wp","href":"https:\/\/api.w.org\/{rel}","templated":true}]}}