{"id":54214,"date":"2020-07-04T20:04:20","date_gmt":"2020-07-04T23:04:20","guid":{"rendered":"https:\/\/portalnpm.com\/index.php\/2020\/07\/04\/tecnico-luxemburgo-testa-positivo-para-coronavirus-em-exame-no-palmeiras\/"},"modified":"2020-07-04T20:04:20","modified_gmt":"2020-07-04T23:04:20","slug":"tecnico-luxemburgo-testa-positivo-para-coronavirus-em-exame-no-palmeiras","status":"publish","type":"post","link":"https:\/\/portalnpm.com\/index.php\/2020\/07\/04\/tecnico-luxemburgo-testa-positivo-para-coronavirus-em-exame-no-palmeiras\/","title":{"rendered":"T\u00e9cnico Luxemburgo testa positivo para coronav\u00edrus em exame no Palmeiras"},"content":{"rendered":"<p style=\"text-align: justify;\">O t\u00e9cnico Vanderlei Luxemburgo testou positivo para coronav\u00edrus em exame realizado na \u00faltima sexta-feira (3) pelo Palmeiras. O treinador de 68 anos se encontra assintom\u00e1tico e cumprir\u00e1 a quarentena em sua resid\u00eancia a partir de agora.<\/p>\n<p style=\"text-align: justify;\">\n<p style=\"text-align: justify;\">\u201cJ\u00e1 estou em quarentena, em casa, \u2018de castigo\u2019, mas estou assintom\u00e1tico, n\u00e3o sinto absolutamente nada, estou tranquilo, sem nenhuma dor, acompanhado pelos m\u00e9dicos do Palmeiras\u201d, contou o treinador em v\u00eddeo postado neste s\u00e1bado (4) em sua conta no Twitter.<\/p>\n<p style=\"text-align: justify;\">No \u00faltimo dia 25 de junho, Luxemburgo foi submetido a uma ap\u00f3s crise na ves\u00edcula. O procedimento correu bem e o treinador teve alta j\u00e1 no dia seguinte. Ainda n\u00e3o h\u00e1 uma previs\u00e3o de retorno do experiente treinador aos treinamentos com o elenco no CT do Palmeiras.<\/p>\n<p style=\"text-align: justify;\">Ainda n\u00e3o h\u00e1 uma previs\u00e3o de volta do Campeonato Paulista. J\u00e1 segundo o planejamento da CBF, o Brasileir\u00e3o deve iniciar na segunda semana de agosto.<\/p>\n<p style=\"text-align: justify;\">Os clubes paulistas, por sua vez, cobram um per\u00edodo de pelo menos 30 dias de treinamento antes do retorno da disputa estadual. Ou seja, os clubes topam jogar apenas a partir de agosto, podendo coincidir datas com a S\u00e9rie A.<\/p>\n<p style=\"text-align: justify;\">Fonte: Gazeta do Povo<\/p>\n","protected":false},"excerpt":{"rendered":"<p>O t\u00e9cnico Vanderlei Luxemburgo testou positivo para coronav\u00edrus em exame realizado na \u00faltima sexta-feira (3) pelo Palmeiras. O treinador de 68 anos se encontra assintom\u00e1tico e cumprir\u00e1 a quarentena em sua resid\u00eancia a partir de agora. \u201cJ\u00e1 estou em quarentena, em casa, \u2018de castigo\u2019, mas estou assintom\u00e1tico, n\u00e3o sinto absolutamente nada, estou tranquilo, sem nenhuma &hellip;<\/p>\n","protected":false},"author":2,"featured_media":22130,"comment_status":"open","ping_status":"open","sticky":false,"template":"","format":"standard","meta":{"content-type":"","rop_custom_images_group":[],"rop_custom_messages_group":[],"rop_publish_now":"initial","rop_publish_now_accounts":{"facebook_2648258775420054_1618374048415101":""},"rop_publish_now_history":[],"rop_publish_now_status":"pending","footnotes":"","_jetpack_memberships_contains_paid_content":false},"categories":[108],"tags":[3760,4918,4919,157,1538,4457],"yoast_head":"<!-- This site is optimized with the Yoast SEO plugin v22.3 - https:\/\/yoast.com\/wordpress\/plugins\/seo\/ -->\n<title>T\u00e9cnico Luxemburgo testa positivo para coronav\u00edrus em exame no Palmeiras<\/title>\n<meta name=\"robots\" content=\"index, follow, max-snippet:-1, max-image-preview:large, max-video-preview:-1\" \/>\n<link rel=\"canonical\" href=\"https:\/\/portalnpm.com\/index.php\/2020\/07\/04\/tecnico-luxemburgo-testa-positivo-para-coronavirus-em-exame-no-palmeiras\/\" \/>\n<meta property=\"og:locale\" content=\"pt_BR\" \/>\n<meta property=\"og:type\" content=\"article\" \/>\n<meta property=\"og:title\" content=\"T\u00e9cnico Luxemburgo testa positivo para coronav\u00edrus em exame no Palmeiras\" \/>\n<meta property=\"og:description\" content=\"O t\u00e9cnico Vanderlei Luxemburgo testou positivo para coronav\u00edrus em exame realizado na \u00faltima sexta-feira (3) pelo Palmeiras. O treinador de 68 anos se encontra assintom\u00e1tico e cumprir\u00e1 a quarentena em sua resid\u00eancia a partir de agora. \u201cJ\u00e1 estou em quarentena, em casa, \u2018de castigo\u2019, mas estou assintom\u00e1tico, n\u00e3o sinto absolutamente nada, estou tranquilo, sem nenhuma &hellip;\" \/>\n<meta property=\"og:url\" content=\"https:\/\/portalnpm.com\/index.php\/2020\/07\/04\/tecnico-luxemburgo-testa-positivo-para-coronavirus-em-exame-no-palmeiras\/\" \/>\n<meta property=\"og:site_name\" content=\"Portal NPM\" \/>\n<meta property=\"article:published_time\" content=\"2020-07-04T23:04:20+00:00\" \/>\n<meta name=\"author\" content=\"Genival Barbosa\" \/>\n<meta name=\"twitter:card\" content=\"summary_large_image\" \/>\n<meta name=\"twitter:label1\" content=\"Escrito por\" \/>\n\t<meta name=\"twitter:data1\" content=\"Genival Barbosa\" \/>\n\t<meta name=\"twitter:label2\" content=\"Est. tempo de leitura\" \/>\n\t<meta name=\"twitter:data2\" content=\"1 minuto\" \/>\n<script type=\"application\/ld+json\" class=\"yoast-schema-graph\">{\"@context\":\"https:\/\/schema.org\",\"@graph\":[{\"@type\":\"WebPage\",\"@id\":\"https:\/\/portalnpm.com\/index.php\/2020\/07\/04\/tecnico-luxemburgo-testa-positivo-para-coronavirus-em-exame-no-palmeiras\/\",\"url\":\"https:\/\/portalnpm.com\/index.php\/2020\/07\/04\/tecnico-luxemburgo-testa-positivo-para-coronavirus-em-exame-no-palmeiras\/\",\"name\":\"T\u00e9cnico Luxemburgo testa positivo para coronav\u00edrus em exame no Palmeiras\",\"isPartOf\":{\"@id\":\"https:\/\/portalnpm.com\/#website\"},\"primaryImageOfPage\":{\"@id\":\"https:\/\/portalnpm.com\/index.php\/2020\/07\/04\/tecnico-luxemburgo-testa-positivo-para-coronavirus-em-exame-no-palmeiras\/#primaryimage\"},\"image\":{\"@id\":\"https:\/\/portalnpm.com\/index.php\/2020\/07\/04\/tecnico-luxemburgo-testa-positivo-para-coronavirus-em-exame-no-palmeiras\/#primaryimage\"},\"thumbnailUrl\":\"\",\"datePublished\":\"2020-07-04T23:04:20+00:00\",\"dateModified\":\"2020-07-04T23:04:20+00:00\",\"author\":{\"@id\":\"https:\/\/portalnpm.com\/#\/schema\/person\/49313e563cfdefcc167f1ee4c017c294\"},\"breadcrumb\":{\"@id\":\"https:\/\/portalnpm.com\/index.php\/2020\/07\/04\/tecnico-luxemburgo-testa-positivo-para-coronavirus-em-exame-no-palmeiras\/#breadcrumb\"},\"inLanguage\":\"pt-BR\",\"potentialAction\":[{\"@type\":\"ReadAction\",\"target\":[\"https:\/\/portalnpm.com\/index.php\/2020\/07\/04\/tecnico-luxemburgo-testa-positivo-para-coronavirus-em-exame-no-palmeiras\/\"]}]},{\"@type\":\"ImageObject\",\"inLanguage\":\"pt-BR\",\"@id\":\"https:\/\/portalnpm.com\/index.php\/2020\/07\/04\/tecnico-luxemburgo-testa-positivo-para-coronavirus-em-exame-no-palmeiras\/#primaryimage\",\"url\":\"\",\"contentUrl\":\"\"},{\"@type\":\"BreadcrumbList\",\"@id\":\"https:\/\/portalnpm.com\/index.php\/2020\/07\/04\/tecnico-luxemburgo-testa-positivo-para-coronavirus-em-exame-no-palmeiras\/#breadcrumb\",\"itemListElement\":[{\"@type\":\"ListItem\",\"position\":1,\"name\":\"In\u00edcio\",\"item\":\"https:\/\/portalnpm.com\/\"},{\"@type\":\"ListItem\",\"position\":2,\"name\":\"T\u00e9cnico Luxemburgo testa positivo para coronav\u00edrus em exame no Palmeiras\"}]},{\"@type\":\"WebSite\",\"@id\":\"https:\/\/portalnpm.com\/#website\",\"url\":\"https:\/\/portalnpm.com\/\",\"name\":\"Portal NPM\",\"description\":\"Not\u00edcias em Primeira M\u00e3o\",\"potentialAction\":[{\"@type\":\"SearchAction\",\"target\":{\"@type\":\"EntryPoint\",\"urlTemplate\":\"https:\/\/portalnpm.com\/?s={search_term_string}\"},\"query-input\":\"required name=search_term_string\"}],\"inLanguage\":\"pt-BR\"},{\"@type\":\"Person\",\"@id\":\"https:\/\/portalnpm.com\/#\/schema\/person\/49313e563cfdefcc167f1ee4c017c294\",\"name\":\"Genival Barbosa\",\"image\":{\"@type\":\"ImageObject\",\"inLanguage\":\"pt-BR\",\"@id\":\"https:\/\/portalnpm.com\/#\/schema\/person\/image\/\",\"url\":\"https:\/\/portalnpm.com\/wp-content\/uploads\/2024\/02\/avatar_user_2_1707743258-96x96.jpeg\",\"contentUrl\":\"https:\/\/portalnpm.com\/wp-content\/uploads\/2024\/02\/avatar_user_2_1707743258-96x96.jpeg\",\"caption\":\"Genival Barbosa\"},\"url\":\"https:\/\/portalnpm.com\/index.php\/author\/genival\/\"}]}<\/script>\n<!-- \/ Yoast SEO plugin. -->","yoast_head_json":{"title":"T\u00e9cnico Luxemburgo testa positivo para coronav\u00edrus em exame no Palmeiras","robots":{"index":"index","follow":"follow","max-snippet":"max-snippet:-1","max-image-preview":"max-image-preview:large","max-video-preview":"max-video-preview:-1"},"canonical":"https:\/\/portalnpm.com\/index.php\/2020\/07\/04\/tecnico-luxemburgo-testa-positivo-para-coronavirus-em-exame-no-palmeiras\/","og_locale":"pt_BR","og_type":"article","og_title":"T\u00e9cnico Luxemburgo testa positivo para coronav\u00edrus em exame no Palmeiras","og_description":"O t\u00e9cnico Vanderlei Luxemburgo testou positivo para coronav\u00edrus em exame realizado na \u00faltima sexta-feira (3) pelo Palmeiras. O treinador de 68 anos se encontra assintom\u00e1tico e cumprir\u00e1 a quarentena em sua resid\u00eancia a partir de agora. \u201cJ\u00e1 estou em quarentena, em casa, \u2018de castigo\u2019, mas estou assintom\u00e1tico, n\u00e3o sinto absolutamente nada, estou tranquilo, sem nenhuma &hellip;","og_url":"https:\/\/portalnpm.com\/index.php\/2020\/07\/04\/tecnico-luxemburgo-testa-positivo-para-coronavirus-em-exame-no-palmeiras\/","og_site_name":"Portal NPM","article_published_time":"2020-07-04T23:04:20+00:00","author":"Genival Barbosa","twitter_card":"summary_large_image","twitter_misc":{"Escrito por":"Genival Barbosa","Est. tempo de leitura":"1 minuto"},"schema":{"@context":"https:\/\/schema.org","@graph":[{"@type":"WebPage","@id":"https:\/\/portalnpm.com\/index.php\/2020\/07\/04\/tecnico-luxemburgo-testa-positivo-para-coronavirus-em-exame-no-palmeiras\/","url":"https:\/\/portalnpm.com\/index.php\/2020\/07\/04\/tecnico-luxemburgo-testa-positivo-para-coronavirus-em-exame-no-palmeiras\/","name":"T\u00e9cnico Luxemburgo testa positivo para coronav\u00edrus em exame no Palmeiras","isPartOf":{"@id":"https:\/\/portalnpm.com\/#website"},"primaryImageOfPage":{"@id":"https:\/\/portalnpm.com\/index.php\/2020\/07\/04\/tecnico-luxemburgo-testa-positivo-para-coronavirus-em-exame-no-palmeiras\/#primaryimage"},"image":{"@id":"https:\/\/portalnpm.com\/index.php\/2020\/07\/04\/tecnico-luxemburgo-testa-positivo-para-coronavirus-em-exame-no-palmeiras\/#primaryimage"},"thumbnailUrl":"","datePublished":"2020-07-04T23:04:20+00:00","dateModified":"2020-07-04T23:04:20+00:00","author":{"@id":"https:\/\/portalnpm.com\/#\/schema\/person\/49313e563cfdefcc167f1ee4c017c294"},"breadcrumb":{"@id":"https:\/\/portalnpm.com\/index.php\/2020\/07\/04\/tecnico-luxemburgo-testa-positivo-para-coronavirus-em-exame-no-palmeiras\/#breadcrumb"},"inLanguage":"pt-BR","potentialAction":[{"@type":"ReadAction","target":["https:\/\/portalnpm.com\/index.php\/2020\/07\/04\/tecnico-luxemburgo-testa-positivo-para-coronavirus-em-exame-no-palmeiras\/"]}]},{"@type":"ImageObject","inLanguage":"pt-BR","@id":"https:\/\/portalnpm.com\/index.php\/2020\/07\/04\/tecnico-luxemburgo-testa-positivo-para-coronavirus-em-exame-no-palmeiras\/#primaryimage","url":"","contentUrl":""},{"@type":"BreadcrumbList","@id":"https:\/\/portalnpm.com\/index.php\/2020\/07\/04\/tecnico-luxemburgo-testa-positivo-para-coronavirus-em-exame-no-palmeiras\/#breadcrumb","itemListElement":[{"@type":"ListItem","position":1,"name":"In\u00edcio","item":"https:\/\/portalnpm.com\/"},{"@type":"ListItem","position":2,"name":"T\u00e9cnico Luxemburgo testa positivo para coronav\u00edrus em exame no Palmeiras"}]},{"@type":"WebSite","@id":"https:\/\/portalnpm.com\/#website","url":"https:\/\/portalnpm.com\/","name":"Portal NPM","description":"Not\u00edcias em Primeira M\u00e3o","potentialAction":[{"@type":"SearchAction","target":{"@type":"EntryPoint","urlTemplate":"https:\/\/portalnpm.com\/?s={search_term_string}"},"query-input":"required name=search_term_string"}],"inLanguage":"pt-BR"},{"@type":"Person","@id":"https:\/\/portalnpm.com\/#\/schema\/person\/49313e563cfdefcc167f1ee4c017c294","name":"Genival Barbosa","image":{"@type":"ImageObject","inLanguage":"pt-BR","@id":"https:\/\/portalnpm.com\/#\/schema\/person\/image\/","url":"https:\/\/portalnpm.com\/wp-content\/uploads\/2024\/02\/avatar_user_2_1707743258-96x96.jpeg","contentUrl":"https:\/\/portalnpm.com\/wp-content\/uploads\/2024\/02\/avatar_user_2_1707743258-96x96.jpeg","caption":"Genival Barbosa"},"url":"https:\/\/portalnpm.com\/index.php\/author\/genival\/"}]}},"jetpack_sharing_enabled":true,"jetpack_featured_media_url":"","_links":{"self":[{"href":"https:\/\/portalnpm.com\/index.php\/wp-json\/wp\/v2\/posts\/54214"}],"collection":[{"href":"https:\/\/portalnpm.com\/index.php\/wp-json\/wp\/v2\/posts"}],"about":[{"href":"https:\/\/portalnpm.com\/index.php\/wp-json\/wp\/v2\/types\/post"}],"author":[{"embeddable":true,"href":"https:\/\/portalnpm.com\/index.php\/wp-json\/wp\/v2\/users\/2"}],"replies":[{"embeddable":true,"href":"https:\/\/portalnpm.com\/index.php\/wp-json\/wp\/v2\/comments?post=54214"}],"version-history":[{"count":0,"href":"https:\/\/portalnpm.com\/index.php\/wp-json\/wp\/v2\/posts\/54214\/revisions"}],"wp:featuredmedia":[{"embeddable":true,"href":"https:\/\/portalnpm.com\/index.php\/wp-json\/"}],"wp:attachment":[{"href":"https:\/\/portalnpm.com\/index.php\/wp-json\/wp\/v2\/media?parent=54214"}],"wp:term":[{"taxonomy":"category","embeddable":true,"href":"https:\/\/portalnpm.com\/index.php\/wp-json\/wp\/v2\/categories?post=54214"},{"taxonomy":"post_tag","embeddable":true,"href":"https:\/\/portalnpm.com\/index.php\/wp-json\/wp\/v2\/tags?post=54214"}],"curies":[{"name":"wp","href":"https:\/\/api.w.org\/{rel}","templated":true}]}}