{"id":54222,"date":"2020-07-05T09:26:25","date_gmt":"2020-07-05T12:26:25","guid":{"rendered":"https:\/\/portalnpm.com\/index.php\/2020\/07\/05\/em-sao-joao-do-piaui-grupo-de-gil-carlos-define-candidato-a-prefeito\/"},"modified":"2020-07-05T09:26:25","modified_gmt":"2020-07-05T12:26:25","slug":"em-sao-joao-do-piaui-grupo-de-gil-carlos-define-candidato-a-prefeito","status":"publish","type":"post","link":"https:\/\/portalnpm.com\/index.php\/2020\/07\/05\/em-sao-joao-do-piaui-grupo-de-gil-carlos-define-candidato-a-prefeito\/","title":{"rendered":"Em S\u00e3o Jo\u00e3o do Piau\u00ed | Grupo de Gil Carlos define candidato a prefeito"},"content":{"rendered":"<p style=\"text-align: justify;\">O empres\u00e1rio Ednei Amorim (MDB) ser\u00e1 o candidato da situa\u00e7\u00e3o a prefeito de S\u00e3o Jo\u00e3o do Piau\u00ed, a 446 km de Teresina. O grupo do atual prefeito Gil Carlos (PT) tinha dois pr\u00e9-candidatos disputando a candidatura majorit\u00e1ria: Ednei, que \u00e9 tio de Gil, e o m\u00e9dico Dr. Poroca (PT). Ap\u00f3s intensas conversas e negocia\u00e7\u00e3o que envolveu lideran\u00e7as estaduais, Gil Carlos anunciou oficialmente neste s\u00e1bado (4) que o candidato ser\u00e1 o seu tio.<\/p>\n<p style=\"text-align: justify;\">\n<p style=\"text-align: justify;\">Em reuni\u00e3o, o Diret\u00f3rio Municipal do PT de S\u00e3o Jo\u00e3o optou por retirar a pr\u00e9-candidatura de Dr. Poroca e se unir em torno do nome de Ednei.<\/p>\n<p style=\"text-align: justify;\">\u201cHouve um entendimento que o candidato que re\u00fane as melhores condi\u00e7\u00f5es de se eleger \u00e9 o pr\u00e9-candidato do MDB, o Ednei. Isso n\u00e3o significa que houve derrotados e vencidos, que houve vitoriosos e os que n\u00e3o alcan\u00e7aram a vit\u00f3ria. N\u00e3o \u00e9 isso. Na verdade foi um processo democr\u00e1tico, transparente, como \u00e9 peculiar do Partido dos Trabalhadores, dando a oportunidade ao debate para que cheg\u00e1ssemos a uma decis\u00e3o final\u201d, disse Gil Carlos.<\/p>\n<p style=\"text-align: justify;\">A dire\u00e7\u00e3o do PT chegou a afirmar v\u00e1rias vezes que n\u00e3o abria m\u00e3o da candidatura pr\u00f3pria com o nome de Dr. Poroca, enquanto o MDB sustentava que Ednei seria candidato. O grupo ainda teve outros dois pr\u00e9-candidatos, mas ambos com menor for\u00e7a no processo de escolha. Com a defini\u00e7\u00e3o, o PT vai apoiar Ednei, emedebista ligado ao senador Marcelo Castro (MDB), mas que sempre teve rela\u00e7\u00e3o de proximidade com o governador Wellington Dias (PT).<\/p>\n<p style=\"text-align: justify;\">Ednei Amorim foi secret\u00e1rio estadual de Defesa Civil no governo M\u00e3o Santa e \u00e9 figura influente na pol\u00edtica de S\u00e3o Jo\u00e3o do Piau\u00ed. Ele \u00e9 presidente do Diret\u00f3rio do MDB no munic\u00edpio, partido do atual vice-prefeito Dante Quintans. A defini\u00e7\u00e3o do nome de Ednei provocou intensa solta de fogos na cidade ao longo deste s\u00e1bado. Apoiadores do emedebista festejam bastante.<\/p>\n<p style=\"text-align: justify;\">Fonte: Pol\u00edtica Din\u00e2mica<\/p>\n","protected":false},"excerpt":{"rendered":"<p>O empres\u00e1rio Ednei Amorim (MDB) ser\u00e1 o candidato da situa\u00e7\u00e3o a prefeito de S\u00e3o Jo\u00e3o do Piau\u00ed, a 446 km de Teresina. O grupo do atual prefeito Gil Carlos (PT) tinha dois pr\u00e9-candidatos disputando a candidatura majorit\u00e1ria: Ednei, que \u00e9 tio de Gil, e o m\u00e9dico Dr. Poroca (PT). Ap\u00f3s intensas conversas e negocia\u00e7\u00e3o que &hellip;<\/p>\n","protected":false},"author":2,"featured_media":54223,"comment_status":"open","ping_status":"open","sticky":false,"template":"","format":"standard","meta":{"content-type":"","rop_custom_images_group":[],"rop_custom_messages_group":[],"rop_publish_now":"initial","rop_publish_now_accounts":{"facebook_2648258775420054_1618374048415101":""},"rop_publish_now_history":[],"rop_publish_now_status":"pending","footnotes":"","_jetpack_memberships_contains_paid_content":false},"categories":[113,130],"tags":[508,2209,4921,592,4922],"yoast_head":"<!-- This site is optimized with the Yoast SEO plugin v22.3 - https:\/\/yoast.com\/wordpress\/plugins\/seo\/ -->\n<title>Em S\u00e3o Jo\u00e3o do Piau\u00ed | Grupo de Gil Carlos define candidato a prefeito<\/title>\n<meta name=\"robots\" content=\"index, follow, max-snippet:-1, max-image-preview:large, max-video-preview:-1\" \/>\n<link rel=\"canonical\" href=\"https:\/\/portalnpm.com\/index.php\/2020\/07\/05\/em-sao-joao-do-piaui-grupo-de-gil-carlos-define-candidato-a-prefeito\/\" \/>\n<meta property=\"og:locale\" content=\"pt_BR\" \/>\n<meta property=\"og:type\" content=\"article\" \/>\n<meta property=\"og:title\" content=\"Em S\u00e3o Jo\u00e3o do Piau\u00ed | Grupo de Gil Carlos define candidato a prefeito\" \/>\n<meta property=\"og:description\" content=\"O empres\u00e1rio Ednei Amorim (MDB) ser\u00e1 o candidato da situa\u00e7\u00e3o a prefeito de S\u00e3o Jo\u00e3o do Piau\u00ed, a 446 km de Teresina. O grupo do atual prefeito Gil Carlos (PT) tinha dois pr\u00e9-candidatos disputando a candidatura majorit\u00e1ria: Ednei, que \u00e9 tio de Gil, e o m\u00e9dico Dr. Poroca (PT). Ap\u00f3s intensas conversas e negocia\u00e7\u00e3o que &hellip;\" \/>\n<meta property=\"og:url\" content=\"https:\/\/portalnpm.com\/index.php\/2020\/07\/05\/em-sao-joao-do-piaui-grupo-de-gil-carlos-define-candidato-a-prefeito\/\" \/>\n<meta property=\"og:site_name\" content=\"Portal NPM\" \/>\n<meta property=\"article:published_time\" content=\"2020-07-05T12:26:25+00:00\" \/>\n<meta property=\"og:image\" content=\"https:\/\/portalnpm.com\/wp-content\/uploads\/2024\/01\/ednei640_468abede731a1bf060fd1d7302dcfc67d2c9b1b1.png\" \/>\n\t<meta property=\"og:image:width\" content=\"640\" \/>\n\t<meta property=\"og:image:height\" content=\"619\" \/>\n\t<meta property=\"og:image:type\" content=\"image\/png\" \/>\n<meta name=\"author\" content=\"Genival Barbosa\" \/>\n<meta name=\"twitter:card\" content=\"summary_large_image\" \/>\n<meta name=\"twitter:label1\" content=\"Escrito por\" \/>\n\t<meta name=\"twitter:data1\" content=\"Genival Barbosa\" \/>\n\t<meta name=\"twitter:label2\" content=\"Est. tempo de leitura\" \/>\n\t<meta name=\"twitter:data2\" content=\"2 minutos\" \/>\n<script type=\"application\/ld+json\" class=\"yoast-schema-graph\">{\"@context\":\"https:\/\/schema.org\",\"@graph\":[{\"@type\":\"WebPage\",\"@id\":\"https:\/\/portalnpm.com\/index.php\/2020\/07\/05\/em-sao-joao-do-piaui-grupo-de-gil-carlos-define-candidato-a-prefeito\/\",\"url\":\"https:\/\/portalnpm.com\/index.php\/2020\/07\/05\/em-sao-joao-do-piaui-grupo-de-gil-carlos-define-candidato-a-prefeito\/\",\"name\":\"Em S\u00e3o Jo\u00e3o do Piau\u00ed | Grupo de Gil Carlos define candidato a prefeito\",\"isPartOf\":{\"@id\":\"https:\/\/portalnpm.com\/#website\"},\"primaryImageOfPage\":{\"@id\":\"https:\/\/portalnpm.com\/index.php\/2020\/07\/05\/em-sao-joao-do-piaui-grupo-de-gil-carlos-define-candidato-a-prefeito\/#primaryimage\"},\"image\":{\"@id\":\"https:\/\/portalnpm.com\/index.php\/2020\/07\/05\/em-sao-joao-do-piaui-grupo-de-gil-carlos-define-candidato-a-prefeito\/#primaryimage\"},\"thumbnailUrl\":\"https:\/\/portalnpm.com\/wp-content\/uploads\/2024\/01\/ednei640_468abede731a1bf060fd1d7302dcfc67d2c9b1b1.png\",\"datePublished\":\"2020-07-05T12:26:25+00:00\",\"dateModified\":\"2020-07-05T12:26:25+00:00\",\"author\":{\"@id\":\"https:\/\/portalnpm.com\/#\/schema\/person\/49313e563cfdefcc167f1ee4c017c294\"},\"breadcrumb\":{\"@id\":\"https:\/\/portalnpm.com\/index.php\/2020\/07\/05\/em-sao-joao-do-piaui-grupo-de-gil-carlos-define-candidato-a-prefeito\/#breadcrumb\"},\"inLanguage\":\"pt-BR\",\"potentialAction\":[{\"@type\":\"ReadAction\",\"target\":[\"https:\/\/portalnpm.com\/index.php\/2020\/07\/05\/em-sao-joao-do-piaui-grupo-de-gil-carlos-define-candidato-a-prefeito\/\"]}]},{\"@type\":\"ImageObject\",\"inLanguage\":\"pt-BR\",\"@id\":\"https:\/\/portalnpm.com\/index.php\/2020\/07\/05\/em-sao-joao-do-piaui-grupo-de-gil-carlos-define-candidato-a-prefeito\/#primaryimage\",\"url\":\"https:\/\/portalnpm.com\/wp-content\/uploads\/2024\/01\/ednei640_468abede731a1bf060fd1d7302dcfc67d2c9b1b1.png\",\"contentUrl\":\"https:\/\/portalnpm.com\/wp-content\/uploads\/2024\/01\/ednei640_468abede731a1bf060fd1d7302dcfc67d2c9b1b1.png\",\"width\":640,\"height\":619},{\"@type\":\"BreadcrumbList\",\"@id\":\"https:\/\/portalnpm.com\/index.php\/2020\/07\/05\/em-sao-joao-do-piaui-grupo-de-gil-carlos-define-candidato-a-prefeito\/#breadcrumb\",\"itemListElement\":[{\"@type\":\"ListItem\",\"position\":1,\"name\":\"In\u00edcio\",\"item\":\"https:\/\/portalnpm.com\/\"},{\"@type\":\"ListItem\",\"position\":2,\"name\":\"Em S\u00e3o Jo\u00e3o do Piau\u00ed | Grupo de Gil Carlos define candidato a prefeito\"}]},{\"@type\":\"WebSite\",\"@id\":\"https:\/\/portalnpm.com\/#website\",\"url\":\"https:\/\/portalnpm.com\/\",\"name\":\"Portal NPM\",\"description\":\"Not\u00edcias em Primeira M\u00e3o\",\"potentialAction\":[{\"@type\":\"SearchAction\",\"target\":{\"@type\":\"EntryPoint\",\"urlTemplate\":\"https:\/\/portalnpm.com\/?s={search_term_string}\"},\"query-input\":\"required name=search_term_string\"}],\"inLanguage\":\"pt-BR\"},{\"@type\":\"Person\",\"@id\":\"https:\/\/portalnpm.com\/#\/schema\/person\/49313e563cfdefcc167f1ee4c017c294\",\"name\":\"Genival Barbosa\",\"image\":{\"@type\":\"ImageObject\",\"inLanguage\":\"pt-BR\",\"@id\":\"https:\/\/portalnpm.com\/#\/schema\/person\/image\/\",\"url\":\"https:\/\/portalnpm.com\/wp-content\/uploads\/2024\/02\/avatar_user_2_1707743258-96x96.jpeg\",\"contentUrl\":\"https:\/\/portalnpm.com\/wp-content\/uploads\/2024\/02\/avatar_user_2_1707743258-96x96.jpeg\",\"caption\":\"Genival Barbosa\"},\"url\":\"https:\/\/portalnpm.com\/index.php\/author\/genival\/\"}]}<\/script>\n<!-- \/ Yoast SEO plugin. -->","yoast_head_json":{"title":"Em S\u00e3o Jo\u00e3o do Piau\u00ed | Grupo de Gil Carlos define candidato a prefeito","robots":{"index":"index","follow":"follow","max-snippet":"max-snippet:-1","max-image-preview":"max-image-preview:large","max-video-preview":"max-video-preview:-1"},"canonical":"https:\/\/portalnpm.com\/index.php\/2020\/07\/05\/em-sao-joao-do-piaui-grupo-de-gil-carlos-define-candidato-a-prefeito\/","og_locale":"pt_BR","og_type":"article","og_title":"Em S\u00e3o Jo\u00e3o do Piau\u00ed | Grupo de Gil Carlos define candidato a prefeito","og_description":"O empres\u00e1rio Ednei Amorim (MDB) ser\u00e1 o candidato da situa\u00e7\u00e3o a prefeito de S\u00e3o Jo\u00e3o do Piau\u00ed, a 446 km de Teresina. O grupo do atual prefeito Gil Carlos (PT) tinha dois pr\u00e9-candidatos disputando a candidatura majorit\u00e1ria: Ednei, que \u00e9 tio de Gil, e o m\u00e9dico Dr. Poroca (PT). Ap\u00f3s intensas conversas e negocia\u00e7\u00e3o que &hellip;","og_url":"https:\/\/portalnpm.com\/index.php\/2020\/07\/05\/em-sao-joao-do-piaui-grupo-de-gil-carlos-define-candidato-a-prefeito\/","og_site_name":"Portal NPM","article_published_time":"2020-07-05T12:26:25+00:00","og_image":[{"width":640,"height":619,"url":"https:\/\/portalnpm.com\/wp-content\/uploads\/2024\/01\/ednei640_468abede731a1bf060fd1d7302dcfc67d2c9b1b1.png","type":"image\/png"}],"author":"Genival Barbosa","twitter_card":"summary_large_image","twitter_misc":{"Escrito por":"Genival Barbosa","Est. tempo de leitura":"2 minutos"},"schema":{"@context":"https:\/\/schema.org","@graph":[{"@type":"WebPage","@id":"https:\/\/portalnpm.com\/index.php\/2020\/07\/05\/em-sao-joao-do-piaui-grupo-de-gil-carlos-define-candidato-a-prefeito\/","url":"https:\/\/portalnpm.com\/index.php\/2020\/07\/05\/em-sao-joao-do-piaui-grupo-de-gil-carlos-define-candidato-a-prefeito\/","name":"Em S\u00e3o Jo\u00e3o do Piau\u00ed | Grupo de Gil Carlos define candidato a prefeito","isPartOf":{"@id":"https:\/\/portalnpm.com\/#website"},"primaryImageOfPage":{"@id":"https:\/\/portalnpm.com\/index.php\/2020\/07\/05\/em-sao-joao-do-piaui-grupo-de-gil-carlos-define-candidato-a-prefeito\/#primaryimage"},"image":{"@id":"https:\/\/portalnpm.com\/index.php\/2020\/07\/05\/em-sao-joao-do-piaui-grupo-de-gil-carlos-define-candidato-a-prefeito\/#primaryimage"},"thumbnailUrl":"https:\/\/portalnpm.com\/wp-content\/uploads\/2024\/01\/ednei640_468abede731a1bf060fd1d7302dcfc67d2c9b1b1.png","datePublished":"2020-07-05T12:26:25+00:00","dateModified":"2020-07-05T12:26:25+00:00","author":{"@id":"https:\/\/portalnpm.com\/#\/schema\/person\/49313e563cfdefcc167f1ee4c017c294"},"breadcrumb":{"@id":"https:\/\/portalnpm.com\/index.php\/2020\/07\/05\/em-sao-joao-do-piaui-grupo-de-gil-carlos-define-candidato-a-prefeito\/#breadcrumb"},"inLanguage":"pt-BR","potentialAction":[{"@type":"ReadAction","target":["https:\/\/portalnpm.com\/index.php\/2020\/07\/05\/em-sao-joao-do-piaui-grupo-de-gil-carlos-define-candidato-a-prefeito\/"]}]},{"@type":"ImageObject","inLanguage":"pt-BR","@id":"https:\/\/portalnpm.com\/index.php\/2020\/07\/05\/em-sao-joao-do-piaui-grupo-de-gil-carlos-define-candidato-a-prefeito\/#primaryimage","url":"https:\/\/portalnpm.com\/wp-content\/uploads\/2024\/01\/ednei640_468abede731a1bf060fd1d7302dcfc67d2c9b1b1.png","contentUrl":"https:\/\/portalnpm.com\/wp-content\/uploads\/2024\/01\/ednei640_468abede731a1bf060fd1d7302dcfc67d2c9b1b1.png","width":640,"height":619},{"@type":"BreadcrumbList","@id":"https:\/\/portalnpm.com\/index.php\/2020\/07\/05\/em-sao-joao-do-piaui-grupo-de-gil-carlos-define-candidato-a-prefeito\/#breadcrumb","itemListElement":[{"@type":"ListItem","position":1,"name":"In\u00edcio","item":"https:\/\/portalnpm.com\/"},{"@type":"ListItem","position":2,"name":"Em S\u00e3o Jo\u00e3o do Piau\u00ed | Grupo de Gil Carlos define candidato a prefeito"}]},{"@type":"WebSite","@id":"https:\/\/portalnpm.com\/#website","url":"https:\/\/portalnpm.com\/","name":"Portal NPM","description":"Not\u00edcias em Primeira M\u00e3o","potentialAction":[{"@type":"SearchAction","target":{"@type":"EntryPoint","urlTemplate":"https:\/\/portalnpm.com\/?s={search_term_string}"},"query-input":"required name=search_term_string"}],"inLanguage":"pt-BR"},{"@type":"Person","@id":"https:\/\/portalnpm.com\/#\/schema\/person\/49313e563cfdefcc167f1ee4c017c294","name":"Genival Barbosa","image":{"@type":"ImageObject","inLanguage":"pt-BR","@id":"https:\/\/portalnpm.com\/#\/schema\/person\/image\/","url":"https:\/\/portalnpm.com\/wp-content\/uploads\/2024\/02\/avatar_user_2_1707743258-96x96.jpeg","contentUrl":"https:\/\/portalnpm.com\/wp-content\/uploads\/2024\/02\/avatar_user_2_1707743258-96x96.jpeg","caption":"Genival Barbosa"},"url":"https:\/\/portalnpm.com\/index.php\/author\/genival\/"}]}},"jetpack_sharing_enabled":true,"jetpack_featured_media_url":"https:\/\/portalnpm.com\/wp-content\/uploads\/2024\/01\/ednei640_468abede731a1bf060fd1d7302dcfc67d2c9b1b1.png","_links":{"self":[{"href":"https:\/\/portalnpm.com\/index.php\/wp-json\/wp\/v2\/posts\/54222"}],"collection":[{"href":"https:\/\/portalnpm.com\/index.php\/wp-json\/wp\/v2\/posts"}],"about":[{"href":"https:\/\/portalnpm.com\/index.php\/wp-json\/wp\/v2\/types\/post"}],"author":[{"embeddable":true,"href":"https:\/\/portalnpm.com\/index.php\/wp-json\/wp\/v2\/users\/2"}],"replies":[{"embeddable":true,"href":"https:\/\/portalnpm.com\/index.php\/wp-json\/wp\/v2\/comments?post=54222"}],"version-history":[{"count":0,"href":"https:\/\/portalnpm.com\/index.php\/wp-json\/wp\/v2\/posts\/54222\/revisions"}],"wp:featuredmedia":[{"embeddable":true,"href":"https:\/\/portalnpm.com\/index.php\/wp-json\/wp\/v2\/media\/54223"}],"wp:attachment":[{"href":"https:\/\/portalnpm.com\/index.php\/wp-json\/wp\/v2\/media?parent=54222"}],"wp:term":[{"taxonomy":"category","embeddable":true,"href":"https:\/\/portalnpm.com\/index.php\/wp-json\/wp\/v2\/categories?post=54222"},{"taxonomy":"post_tag","embeddable":true,"href":"https:\/\/portalnpm.com\/index.php\/wp-json\/wp\/v2\/tags?post=54222"}],"curies":[{"name":"wp","href":"https:\/\/api.w.org\/{rel}","templated":true}]}}