{"id":54242,"date":"2020-07-06T18:06:57","date_gmt":"2020-07-06T21:06:57","guid":{"rendered":"https:\/\/portalnpm.com\/index.php\/2020\/07\/06\/colisao-entre-carro-e-moto-deixa-uma-pessoa-ferida-em-patos-do-piaui\/"},"modified":"2020-07-06T18:06:57","modified_gmt":"2020-07-06T21:06:57","slug":"colisao-entre-carro-e-moto-deixa-uma-pessoa-ferida-em-patos-do-piaui","status":"publish","type":"post","link":"https:\/\/portalnpm.com\/index.php\/2020\/07\/06\/colisao-entre-carro-e-moto-deixa-uma-pessoa-ferida-em-patos-do-piaui\/","title":{"rendered":"Colis\u00e3o entre carro e moto deixa uma pessoa ferida em Patos do Piau\u00ed"},"content":{"rendered":"<p style=\"text-align: justify;\">Um acidente envolvendo um carro e uma moto deixou o motociclista identificado como Francisco Manoel Nunes, gravemente ferido na noite desse domingo (05) na BR 407, no munic\u00edpio de Patos do Piau\u00ed. A suspeita \u00e9 que ele estava alcoolizado.<\/p>\n<p style=\"text-align: justify;\">\n<p style=\"text-align: justify;\">De acordo com o cabo Costa, da Pol\u00edcia Militar de Jaic\u00f3s, Francisco Manoel, mais conhecido como \u201cChico raposa\u201d, havia sa\u00eddo da cidade de Patos com os far\u00f3is apagados, com destino ao Povoado Cajueiro, na zona rural do munic\u00edpio, quando acabou se chocando com um ve\u00edculo modelo Fiat Uno, de cor prata.<\/p>\n<p style=\"text-align: justify;\">O motorista do carro permaneceu no local e acionou a Ambul\u00e2ncia de Patos que o socorreu at\u00e9 o hospital do munic\u00edpio, no entanto, devido a gravidade dos ferimentos Francisco Manoel precisou ser encaminhado para o Hospital Justino Luz, em Picos.<\/p>\n<p style=\"text-align: justify;\">A motocicleta ficou totalmente destru\u00edda e uma das pistas, onde ocorreu o acidente ficou parcialmente bloqueado por conta do ve\u00edculo, que ficou atravessado na rodovia.<\/p>\n<p style=\"text-align: justify;\">Fonte: GP1<\/p>\n","protected":false},"excerpt":{"rendered":"<p>Um acidente envolvendo um carro e uma moto deixou o motociclista identificado como Francisco Manoel Nunes, gravemente ferido na noite desse domingo (05) na BR 407, no munic\u00edpio de Patos do Piau\u00ed. A suspeita \u00e9 que ele estava alcoolizado. De acordo com o cabo Costa, da Pol\u00edcia Militar de Jaic\u00f3s, Francisco Manoel, mais conhecido como &hellip;<\/p>\n","protected":false},"author":2,"featured_media":22196,"comment_status":"open","ping_status":"open","sticky":false,"template":"","format":"standard","meta":{"content-type":"","rop_custom_images_group":[],"rop_custom_messages_group":[],"rop_publish_now":"initial","rop_publish_now_accounts":{"facebook_2648258775420054_1618374048415101":""},"rop_publish_now_history":[],"rop_publish_now_status":"pending","footnotes":"","_jetpack_memberships_contains_paid_content":false},"categories":[118,188],"tags":[412,1370,4885,244,4932,4933],"yoast_head":"<!-- This site is optimized with the Yoast SEO plugin v22.3 - https:\/\/yoast.com\/wordpress\/plugins\/seo\/ -->\n<title>Colis\u00e3o entre carro e moto deixa uma pessoa ferida em Patos do Piau\u00ed<\/title>\n<meta name=\"robots\" content=\"index, follow, max-snippet:-1, max-image-preview:large, max-video-preview:-1\" \/>\n<link rel=\"canonical\" href=\"https:\/\/portalnpm.com\/index.php\/2020\/07\/06\/colisao-entre-carro-e-moto-deixa-uma-pessoa-ferida-em-patos-do-piaui\/\" \/>\n<meta property=\"og:locale\" content=\"pt_BR\" \/>\n<meta property=\"og:type\" content=\"article\" \/>\n<meta property=\"og:title\" content=\"Colis\u00e3o entre carro e moto deixa uma pessoa ferida em Patos do Piau\u00ed\" \/>\n<meta property=\"og:description\" content=\"Um acidente envolvendo um carro e uma moto deixou o motociclista identificado como Francisco Manoel Nunes, gravemente ferido na noite desse domingo (05) na BR 407, no munic\u00edpio de Patos do Piau\u00ed. A suspeita \u00e9 que ele estava alcoolizado. De acordo com o cabo Costa, da Pol\u00edcia Militar de Jaic\u00f3s, Francisco Manoel, mais conhecido como &hellip;\" \/>\n<meta property=\"og:url\" content=\"https:\/\/portalnpm.com\/index.php\/2020\/07\/06\/colisao-entre-carro-e-moto-deixa-uma-pessoa-ferida-em-patos-do-piaui\/\" \/>\n<meta property=\"og:site_name\" content=\"Portal NPM\" \/>\n<meta property=\"article:published_time\" content=\"2020-07-06T21:06:57+00:00\" \/>\n<meta name=\"author\" content=\"Genival Barbosa\" \/>\n<meta name=\"twitter:card\" content=\"summary_large_image\" \/>\n<meta name=\"twitter:label1\" content=\"Escrito por\" \/>\n\t<meta name=\"twitter:data1\" content=\"Genival Barbosa\" \/>\n\t<meta name=\"twitter:label2\" content=\"Est. tempo de leitura\" \/>\n\t<meta name=\"twitter:data2\" content=\"1 minuto\" \/>\n<script type=\"application\/ld+json\" class=\"yoast-schema-graph\">{\"@context\":\"https:\/\/schema.org\",\"@graph\":[{\"@type\":\"WebPage\",\"@id\":\"https:\/\/portalnpm.com\/index.php\/2020\/07\/06\/colisao-entre-carro-e-moto-deixa-uma-pessoa-ferida-em-patos-do-piaui\/\",\"url\":\"https:\/\/portalnpm.com\/index.php\/2020\/07\/06\/colisao-entre-carro-e-moto-deixa-uma-pessoa-ferida-em-patos-do-piaui\/\",\"name\":\"Colis\u00e3o entre carro e moto deixa uma pessoa ferida em Patos do Piau\u00ed\",\"isPartOf\":{\"@id\":\"https:\/\/portalnpm.com\/#website\"},\"primaryImageOfPage\":{\"@id\":\"https:\/\/portalnpm.com\/index.php\/2020\/07\/06\/colisao-entre-carro-e-moto-deixa-uma-pessoa-ferida-em-patos-do-piaui\/#primaryimage\"},\"image\":{\"@id\":\"https:\/\/portalnpm.com\/index.php\/2020\/07\/06\/colisao-entre-carro-e-moto-deixa-uma-pessoa-ferida-em-patos-do-piaui\/#primaryimage\"},\"thumbnailUrl\":\"\",\"datePublished\":\"2020-07-06T21:06:57+00:00\",\"dateModified\":\"2020-07-06T21:06:57+00:00\",\"author\":{\"@id\":\"https:\/\/portalnpm.com\/#\/schema\/person\/49313e563cfdefcc167f1ee4c017c294\"},\"breadcrumb\":{\"@id\":\"https:\/\/portalnpm.com\/index.php\/2020\/07\/06\/colisao-entre-carro-e-moto-deixa-uma-pessoa-ferida-em-patos-do-piaui\/#breadcrumb\"},\"inLanguage\":\"pt-BR\",\"potentialAction\":[{\"@type\":\"ReadAction\",\"target\":[\"https:\/\/portalnpm.com\/index.php\/2020\/07\/06\/colisao-entre-carro-e-moto-deixa-uma-pessoa-ferida-em-patos-do-piaui\/\"]}]},{\"@type\":\"ImageObject\",\"inLanguage\":\"pt-BR\",\"@id\":\"https:\/\/portalnpm.com\/index.php\/2020\/07\/06\/colisao-entre-carro-e-moto-deixa-uma-pessoa-ferida-em-patos-do-piaui\/#primaryimage\",\"url\":\"\",\"contentUrl\":\"\"},{\"@type\":\"BreadcrumbList\",\"@id\":\"https:\/\/portalnpm.com\/index.php\/2020\/07\/06\/colisao-entre-carro-e-moto-deixa-uma-pessoa-ferida-em-patos-do-piaui\/#breadcrumb\",\"itemListElement\":[{\"@type\":\"ListItem\",\"position\":1,\"name\":\"In\u00edcio\",\"item\":\"https:\/\/portalnpm.com\/\"},{\"@type\":\"ListItem\",\"position\":2,\"name\":\"Colis\u00e3o entre carro e moto deixa uma pessoa ferida em Patos do Piau\u00ed\"}]},{\"@type\":\"WebSite\",\"@id\":\"https:\/\/portalnpm.com\/#website\",\"url\":\"https:\/\/portalnpm.com\/\",\"name\":\"Portal NPM\",\"description\":\"Not\u00edcias em Primeira M\u00e3o\",\"potentialAction\":[{\"@type\":\"SearchAction\",\"target\":{\"@type\":\"EntryPoint\",\"urlTemplate\":\"https:\/\/portalnpm.com\/?s={search_term_string}\"},\"query-input\":\"required name=search_term_string\"}],\"inLanguage\":\"pt-BR\"},{\"@type\":\"Person\",\"@id\":\"https:\/\/portalnpm.com\/#\/schema\/person\/49313e563cfdefcc167f1ee4c017c294\",\"name\":\"Genival Barbosa\",\"image\":{\"@type\":\"ImageObject\",\"inLanguage\":\"pt-BR\",\"@id\":\"https:\/\/portalnpm.com\/#\/schema\/person\/image\/\",\"url\":\"https:\/\/portalnpm.com\/wp-content\/uploads\/2024\/02\/avatar_user_2_1707743258-96x96.jpeg\",\"contentUrl\":\"https:\/\/portalnpm.com\/wp-content\/uploads\/2024\/02\/avatar_user_2_1707743258-96x96.jpeg\",\"caption\":\"Genival Barbosa\"},\"url\":\"https:\/\/portalnpm.com\/index.php\/author\/genival\/\"}]}<\/script>\n<!-- \/ Yoast SEO plugin. -->","yoast_head_json":{"title":"Colis\u00e3o entre carro e moto deixa uma pessoa ferida em Patos do Piau\u00ed","robots":{"index":"index","follow":"follow","max-snippet":"max-snippet:-1","max-image-preview":"max-image-preview:large","max-video-preview":"max-video-preview:-1"},"canonical":"https:\/\/portalnpm.com\/index.php\/2020\/07\/06\/colisao-entre-carro-e-moto-deixa-uma-pessoa-ferida-em-patos-do-piaui\/","og_locale":"pt_BR","og_type":"article","og_title":"Colis\u00e3o entre carro e moto deixa uma pessoa ferida em Patos do Piau\u00ed","og_description":"Um acidente envolvendo um carro e uma moto deixou o motociclista identificado como Francisco Manoel Nunes, gravemente ferido na noite desse domingo (05) na BR 407, no munic\u00edpio de Patos do Piau\u00ed. A suspeita \u00e9 que ele estava alcoolizado. De acordo com o cabo Costa, da Pol\u00edcia Militar de Jaic\u00f3s, Francisco Manoel, mais conhecido como &hellip;","og_url":"https:\/\/portalnpm.com\/index.php\/2020\/07\/06\/colisao-entre-carro-e-moto-deixa-uma-pessoa-ferida-em-patos-do-piaui\/","og_site_name":"Portal NPM","article_published_time":"2020-07-06T21:06:57+00:00","author":"Genival Barbosa","twitter_card":"summary_large_image","twitter_misc":{"Escrito por":"Genival Barbosa","Est. tempo de leitura":"1 minuto"},"schema":{"@context":"https:\/\/schema.org","@graph":[{"@type":"WebPage","@id":"https:\/\/portalnpm.com\/index.php\/2020\/07\/06\/colisao-entre-carro-e-moto-deixa-uma-pessoa-ferida-em-patos-do-piaui\/","url":"https:\/\/portalnpm.com\/index.php\/2020\/07\/06\/colisao-entre-carro-e-moto-deixa-uma-pessoa-ferida-em-patos-do-piaui\/","name":"Colis\u00e3o entre carro e moto deixa uma pessoa ferida em Patos do Piau\u00ed","isPartOf":{"@id":"https:\/\/portalnpm.com\/#website"},"primaryImageOfPage":{"@id":"https:\/\/portalnpm.com\/index.php\/2020\/07\/06\/colisao-entre-carro-e-moto-deixa-uma-pessoa-ferida-em-patos-do-piaui\/#primaryimage"},"image":{"@id":"https:\/\/portalnpm.com\/index.php\/2020\/07\/06\/colisao-entre-carro-e-moto-deixa-uma-pessoa-ferida-em-patos-do-piaui\/#primaryimage"},"thumbnailUrl":"","datePublished":"2020-07-06T21:06:57+00:00","dateModified":"2020-07-06T21:06:57+00:00","author":{"@id":"https:\/\/portalnpm.com\/#\/schema\/person\/49313e563cfdefcc167f1ee4c017c294"},"breadcrumb":{"@id":"https:\/\/portalnpm.com\/index.php\/2020\/07\/06\/colisao-entre-carro-e-moto-deixa-uma-pessoa-ferida-em-patos-do-piaui\/#breadcrumb"},"inLanguage":"pt-BR","potentialAction":[{"@type":"ReadAction","target":["https:\/\/portalnpm.com\/index.php\/2020\/07\/06\/colisao-entre-carro-e-moto-deixa-uma-pessoa-ferida-em-patos-do-piaui\/"]}]},{"@type":"ImageObject","inLanguage":"pt-BR","@id":"https:\/\/portalnpm.com\/index.php\/2020\/07\/06\/colisao-entre-carro-e-moto-deixa-uma-pessoa-ferida-em-patos-do-piaui\/#primaryimage","url":"","contentUrl":""},{"@type":"BreadcrumbList","@id":"https:\/\/portalnpm.com\/index.php\/2020\/07\/06\/colisao-entre-carro-e-moto-deixa-uma-pessoa-ferida-em-patos-do-piaui\/#breadcrumb","itemListElement":[{"@type":"ListItem","position":1,"name":"In\u00edcio","item":"https:\/\/portalnpm.com\/"},{"@type":"ListItem","position":2,"name":"Colis\u00e3o entre carro e moto deixa uma pessoa ferida em Patos do Piau\u00ed"}]},{"@type":"WebSite","@id":"https:\/\/portalnpm.com\/#website","url":"https:\/\/portalnpm.com\/","name":"Portal NPM","description":"Not\u00edcias em Primeira M\u00e3o","potentialAction":[{"@type":"SearchAction","target":{"@type":"EntryPoint","urlTemplate":"https:\/\/portalnpm.com\/?s={search_term_string}"},"query-input":"required name=search_term_string"}],"inLanguage":"pt-BR"},{"@type":"Person","@id":"https:\/\/portalnpm.com\/#\/schema\/person\/49313e563cfdefcc167f1ee4c017c294","name":"Genival Barbosa","image":{"@type":"ImageObject","inLanguage":"pt-BR","@id":"https:\/\/portalnpm.com\/#\/schema\/person\/image\/","url":"https:\/\/portalnpm.com\/wp-content\/uploads\/2024\/02\/avatar_user_2_1707743258-96x96.jpeg","contentUrl":"https:\/\/portalnpm.com\/wp-content\/uploads\/2024\/02\/avatar_user_2_1707743258-96x96.jpeg","caption":"Genival Barbosa"},"url":"https:\/\/portalnpm.com\/index.php\/author\/genival\/"}]}},"jetpack_sharing_enabled":true,"jetpack_featured_media_url":"","_links":{"self":[{"href":"https:\/\/portalnpm.com\/index.php\/wp-json\/wp\/v2\/posts\/54242"}],"collection":[{"href":"https:\/\/portalnpm.com\/index.php\/wp-json\/wp\/v2\/posts"}],"about":[{"href":"https:\/\/portalnpm.com\/index.php\/wp-json\/wp\/v2\/types\/post"}],"author":[{"embeddable":true,"href":"https:\/\/portalnpm.com\/index.php\/wp-json\/wp\/v2\/users\/2"}],"replies":[{"embeddable":true,"href":"https:\/\/portalnpm.com\/index.php\/wp-json\/wp\/v2\/comments?post=54242"}],"version-history":[{"count":0,"href":"https:\/\/portalnpm.com\/index.php\/wp-json\/wp\/v2\/posts\/54242\/revisions"}],"wp:featuredmedia":[{"embeddable":true,"href":"https:\/\/portalnpm.com\/index.php\/wp-json\/"}],"wp:attachment":[{"href":"https:\/\/portalnpm.com\/index.php\/wp-json\/wp\/v2\/media?parent=54242"}],"wp:term":[{"taxonomy":"category","embeddable":true,"href":"https:\/\/portalnpm.com\/index.php\/wp-json\/wp\/v2\/categories?post=54242"},{"taxonomy":"post_tag","embeddable":true,"href":"https:\/\/portalnpm.com\/index.php\/wp-json\/wp\/v2\/tags?post=54242"}],"curies":[{"name":"wp","href":"https:\/\/api.w.org\/{rel}","templated":true}]}}