{"id":54268,"date":"2020-07-08T15:35:14","date_gmt":"2020-07-08T18:35:14","guid":{"rendered":"https:\/\/portalnpm.com\/index.php\/2020\/07\/08\/margarete-coelho-e-escolhida-para-grupo-do-pl-das-fake-news-na-camara\/"},"modified":"2020-07-08T15:35:14","modified_gmt":"2020-07-08T18:35:14","slug":"margarete-coelho-e-escolhida-para-grupo-do-pl-das-fake-news-na-camara","status":"publish","type":"post","link":"https:\/\/portalnpm.com\/index.php\/2020\/07\/08\/margarete-coelho-e-escolhida-para-grupo-do-pl-das-fake-news-na-camara\/","title":{"rendered":"Margarete Coelho \u00e9 escolhida para grupo do PL das Fake News na C\u00e2mara"},"content":{"rendered":"<p style=\"text-align: justify;\">O presidente da C\u00e2mara dos Deputados, Rodrigo Maia (DEM\/ RJ), formou um grupo de trabalho para discutir o pol\u00eamico projeto de lei das Fake News, j\u00e1 aprovado no Senado em uma vota\u00e7\u00e3o apertada na semana passada, e apresentar um relat\u00f3rio.<\/p>\n<p style=\"text-align: justify;\">\n<p style=\"text-align: justify;\">\nA deputada federal piauiense Margarete Coelho (PP) foi uma das escolhidas para o pequeno grupo, coordenado pelo deputado Orlando Silva (PCdoB\/ SP). De acordo com Maia, o coordenador foi escolhido porque tem mais experi\u00eancia na mat\u00e9ria e construiu o relat\u00f3rio da prote\u00e7\u00e3o de dados. Al\u00e9m da deputada do PP do Piau\u00ed, est\u00e3o os parlamentares Felipe Rigoni (PSB\/ ES), T\u00e1bata Amaral (PDT\/SP) e professor Israel Batista (PV\/ DF).<\/p>\n<p style=\"text-align: justify;\">\u201cN\u00f3s recebemos o projeto de lei e vamos discutir pormenorizadamente, amadurecer o debate. A ideia \u00e9 que o projeto tenha duas vigas mestras, uma que \u00e9 a quest\u00e3o dos financiamentos das redes sociais com a quest\u00e3o dos rob\u00f4s e a transpar\u00eancia nas plataformas\u201d, disse Margarete Coelho ao blog. Ela deixou claro que a preocupa\u00e7\u00e3o da C\u00e2mara \u00e9 principalmente com esses dois pontos.<\/p>\n<p style=\"text-align: justify;\">As reuni\u00f5es come\u00e7aram nesta ter\u00e7a-feira (07) com um instituto que trata da transpar\u00eancia digital. Rodrigo Maia disse que haver\u00e1 novos debates e audi\u00eancias p\u00fablicas remotas sobre o tema. O projeto de lei 2.630\/2020, de autoria do senador Alessandro Vieira (Cidadania\/ SE), dever\u00e1 instituir a lei brasileira de Liberdade, Responsabilidade e Transpar\u00eancia na internet para combater a dissemina\u00e7\u00e3o de not\u00edcias falsas nas redes sociais.<\/p>\n<p style=\"text-align: justify;\">Fonte: Meio Norte<\/p>\n","protected":false},"excerpt":{"rendered":"<p>O presidente da C\u00e2mara dos Deputados, Rodrigo Maia (DEM\/ RJ), formou um grupo de trabalho para discutir o pol\u00eamico projeto de lei das Fake News, j\u00e1 aprovado no Senado em uma vota\u00e7\u00e3o apertada na semana passada, e apresentar um relat\u00f3rio. A deputada federal piauiense Margarete Coelho (PP) foi uma das escolhidas para o pequeno grupo, &hellip;<\/p>\n","protected":false},"author":2,"featured_media":22258,"comment_status":"open","ping_status":"open","sticky":false,"template":"","format":"standard","meta":{"content-type":"","rop_custom_images_group":[],"rop_custom_messages_group":[],"rop_publish_now":"initial","rop_publish_now_accounts":{"facebook_2648258775420054_1618374048415101":""},"rop_publish_now_history":[],"rop_publish_now_status":"pending","footnotes":"","_jetpack_memberships_contains_paid_content":false},"categories":[113,118,188],"tags":[526,1890,4961,907],"yoast_head":"<!-- This site is optimized with the Yoast SEO plugin v22.3 - https:\/\/yoast.com\/wordpress\/plugins\/seo\/ -->\n<title>Margarete Coelho \u00e9 escolhida para grupo do PL das Fake News na C\u00e2mara<\/title>\n<meta name=\"robots\" content=\"index, follow, max-snippet:-1, max-image-preview:large, max-video-preview:-1\" \/>\n<link rel=\"canonical\" href=\"https:\/\/portalnpm.com\/index.php\/2020\/07\/08\/margarete-coelho-e-escolhida-para-grupo-do-pl-das-fake-news-na-camara\/\" \/>\n<meta property=\"og:locale\" content=\"pt_BR\" \/>\n<meta property=\"og:type\" content=\"article\" \/>\n<meta property=\"og:title\" content=\"Margarete Coelho \u00e9 escolhida para grupo do PL das Fake News na C\u00e2mara\" \/>\n<meta property=\"og:description\" content=\"O presidente da C\u00e2mara dos Deputados, Rodrigo Maia (DEM\/ RJ), formou um grupo de trabalho para discutir o pol\u00eamico projeto de lei das Fake News, j\u00e1 aprovado no Senado em uma vota\u00e7\u00e3o apertada na semana passada, e apresentar um relat\u00f3rio. A deputada federal piauiense Margarete Coelho (PP) foi uma das escolhidas para o pequeno grupo, &hellip;\" \/>\n<meta property=\"og:url\" content=\"https:\/\/portalnpm.com\/index.php\/2020\/07\/08\/margarete-coelho-e-escolhida-para-grupo-do-pl-das-fake-news-na-camara\/\" \/>\n<meta property=\"og:site_name\" content=\"Portal NPM\" \/>\n<meta property=\"article:published_time\" content=\"2020-07-08T18:35:14+00:00\" \/>\n<meta name=\"author\" content=\"Genival Barbosa\" \/>\n<meta name=\"twitter:card\" content=\"summary_large_image\" \/>\n<meta name=\"twitter:label1\" content=\"Escrito por\" \/>\n\t<meta name=\"twitter:data1\" content=\"Genival Barbosa\" \/>\n\t<meta name=\"twitter:label2\" content=\"Est. tempo de leitura\" \/>\n\t<meta name=\"twitter:data2\" content=\"1 minuto\" \/>\n<script type=\"application\/ld+json\" class=\"yoast-schema-graph\">{\"@context\":\"https:\/\/schema.org\",\"@graph\":[{\"@type\":\"WebPage\",\"@id\":\"https:\/\/portalnpm.com\/index.php\/2020\/07\/08\/margarete-coelho-e-escolhida-para-grupo-do-pl-das-fake-news-na-camara\/\",\"url\":\"https:\/\/portalnpm.com\/index.php\/2020\/07\/08\/margarete-coelho-e-escolhida-para-grupo-do-pl-das-fake-news-na-camara\/\",\"name\":\"Margarete Coelho \u00e9 escolhida para grupo do PL das Fake News na C\u00e2mara\",\"isPartOf\":{\"@id\":\"https:\/\/portalnpm.com\/#website\"},\"primaryImageOfPage\":{\"@id\":\"https:\/\/portalnpm.com\/index.php\/2020\/07\/08\/margarete-coelho-e-escolhida-para-grupo-do-pl-das-fake-news-na-camara\/#primaryimage\"},\"image\":{\"@id\":\"https:\/\/portalnpm.com\/index.php\/2020\/07\/08\/margarete-coelho-e-escolhida-para-grupo-do-pl-das-fake-news-na-camara\/#primaryimage\"},\"thumbnailUrl\":\"\",\"datePublished\":\"2020-07-08T18:35:14+00:00\",\"dateModified\":\"2020-07-08T18:35:14+00:00\",\"author\":{\"@id\":\"https:\/\/portalnpm.com\/#\/schema\/person\/49313e563cfdefcc167f1ee4c017c294\"},\"breadcrumb\":{\"@id\":\"https:\/\/portalnpm.com\/index.php\/2020\/07\/08\/margarete-coelho-e-escolhida-para-grupo-do-pl-das-fake-news-na-camara\/#breadcrumb\"},\"inLanguage\":\"pt-BR\",\"potentialAction\":[{\"@type\":\"ReadAction\",\"target\":[\"https:\/\/portalnpm.com\/index.php\/2020\/07\/08\/margarete-coelho-e-escolhida-para-grupo-do-pl-das-fake-news-na-camara\/\"]}]},{\"@type\":\"ImageObject\",\"inLanguage\":\"pt-BR\",\"@id\":\"https:\/\/portalnpm.com\/index.php\/2020\/07\/08\/margarete-coelho-e-escolhida-para-grupo-do-pl-das-fake-news-na-camara\/#primaryimage\",\"url\":\"\",\"contentUrl\":\"\"},{\"@type\":\"BreadcrumbList\",\"@id\":\"https:\/\/portalnpm.com\/index.php\/2020\/07\/08\/margarete-coelho-e-escolhida-para-grupo-do-pl-das-fake-news-na-camara\/#breadcrumb\",\"itemListElement\":[{\"@type\":\"ListItem\",\"position\":1,\"name\":\"In\u00edcio\",\"item\":\"https:\/\/portalnpm.com\/\"},{\"@type\":\"ListItem\",\"position\":2,\"name\":\"Margarete Coelho \u00e9 escolhida para grupo do PL das Fake News na C\u00e2mara\"}]},{\"@type\":\"WebSite\",\"@id\":\"https:\/\/portalnpm.com\/#website\",\"url\":\"https:\/\/portalnpm.com\/\",\"name\":\"Portal NPM\",\"description\":\"Not\u00edcias em Primeira M\u00e3o\",\"potentialAction\":[{\"@type\":\"SearchAction\",\"target\":{\"@type\":\"EntryPoint\",\"urlTemplate\":\"https:\/\/portalnpm.com\/?s={search_term_string}\"},\"query-input\":\"required name=search_term_string\"}],\"inLanguage\":\"pt-BR\"},{\"@type\":\"Person\",\"@id\":\"https:\/\/portalnpm.com\/#\/schema\/person\/49313e563cfdefcc167f1ee4c017c294\",\"name\":\"Genival Barbosa\",\"image\":{\"@type\":\"ImageObject\",\"inLanguage\":\"pt-BR\",\"@id\":\"https:\/\/portalnpm.com\/#\/schema\/person\/image\/\",\"url\":\"https:\/\/portalnpm.com\/wp-content\/uploads\/2024\/02\/avatar_user_2_1707743258-96x96.jpeg\",\"contentUrl\":\"https:\/\/portalnpm.com\/wp-content\/uploads\/2024\/02\/avatar_user_2_1707743258-96x96.jpeg\",\"caption\":\"Genival Barbosa\"},\"url\":\"https:\/\/portalnpm.com\/index.php\/author\/genival\/\"}]}<\/script>\n<!-- \/ Yoast SEO plugin. -->","yoast_head_json":{"title":"Margarete Coelho \u00e9 escolhida para grupo do PL das Fake News na C\u00e2mara","robots":{"index":"index","follow":"follow","max-snippet":"max-snippet:-1","max-image-preview":"max-image-preview:large","max-video-preview":"max-video-preview:-1"},"canonical":"https:\/\/portalnpm.com\/index.php\/2020\/07\/08\/margarete-coelho-e-escolhida-para-grupo-do-pl-das-fake-news-na-camara\/","og_locale":"pt_BR","og_type":"article","og_title":"Margarete Coelho \u00e9 escolhida para grupo do PL das Fake News na C\u00e2mara","og_description":"O presidente da C\u00e2mara dos Deputados, Rodrigo Maia (DEM\/ RJ), formou um grupo de trabalho para discutir o pol\u00eamico projeto de lei das Fake News, j\u00e1 aprovado no Senado em uma vota\u00e7\u00e3o apertada na semana passada, e apresentar um relat\u00f3rio. A deputada federal piauiense Margarete Coelho (PP) foi uma das escolhidas para o pequeno grupo, &hellip;","og_url":"https:\/\/portalnpm.com\/index.php\/2020\/07\/08\/margarete-coelho-e-escolhida-para-grupo-do-pl-das-fake-news-na-camara\/","og_site_name":"Portal NPM","article_published_time":"2020-07-08T18:35:14+00:00","author":"Genival Barbosa","twitter_card":"summary_large_image","twitter_misc":{"Escrito por":"Genival Barbosa","Est. tempo de leitura":"1 minuto"},"schema":{"@context":"https:\/\/schema.org","@graph":[{"@type":"WebPage","@id":"https:\/\/portalnpm.com\/index.php\/2020\/07\/08\/margarete-coelho-e-escolhida-para-grupo-do-pl-das-fake-news-na-camara\/","url":"https:\/\/portalnpm.com\/index.php\/2020\/07\/08\/margarete-coelho-e-escolhida-para-grupo-do-pl-das-fake-news-na-camara\/","name":"Margarete Coelho \u00e9 escolhida para grupo do PL das Fake News na C\u00e2mara","isPartOf":{"@id":"https:\/\/portalnpm.com\/#website"},"primaryImageOfPage":{"@id":"https:\/\/portalnpm.com\/index.php\/2020\/07\/08\/margarete-coelho-e-escolhida-para-grupo-do-pl-das-fake-news-na-camara\/#primaryimage"},"image":{"@id":"https:\/\/portalnpm.com\/index.php\/2020\/07\/08\/margarete-coelho-e-escolhida-para-grupo-do-pl-das-fake-news-na-camara\/#primaryimage"},"thumbnailUrl":"","datePublished":"2020-07-08T18:35:14+00:00","dateModified":"2020-07-08T18:35:14+00:00","author":{"@id":"https:\/\/portalnpm.com\/#\/schema\/person\/49313e563cfdefcc167f1ee4c017c294"},"breadcrumb":{"@id":"https:\/\/portalnpm.com\/index.php\/2020\/07\/08\/margarete-coelho-e-escolhida-para-grupo-do-pl-das-fake-news-na-camara\/#breadcrumb"},"inLanguage":"pt-BR","potentialAction":[{"@type":"ReadAction","target":["https:\/\/portalnpm.com\/index.php\/2020\/07\/08\/margarete-coelho-e-escolhida-para-grupo-do-pl-das-fake-news-na-camara\/"]}]},{"@type":"ImageObject","inLanguage":"pt-BR","@id":"https:\/\/portalnpm.com\/index.php\/2020\/07\/08\/margarete-coelho-e-escolhida-para-grupo-do-pl-das-fake-news-na-camara\/#primaryimage","url":"","contentUrl":""},{"@type":"BreadcrumbList","@id":"https:\/\/portalnpm.com\/index.php\/2020\/07\/08\/margarete-coelho-e-escolhida-para-grupo-do-pl-das-fake-news-na-camara\/#breadcrumb","itemListElement":[{"@type":"ListItem","position":1,"name":"In\u00edcio","item":"https:\/\/portalnpm.com\/"},{"@type":"ListItem","position":2,"name":"Margarete Coelho \u00e9 escolhida para grupo do PL das Fake News na C\u00e2mara"}]},{"@type":"WebSite","@id":"https:\/\/portalnpm.com\/#website","url":"https:\/\/portalnpm.com\/","name":"Portal NPM","description":"Not\u00edcias em Primeira M\u00e3o","potentialAction":[{"@type":"SearchAction","target":{"@type":"EntryPoint","urlTemplate":"https:\/\/portalnpm.com\/?s={search_term_string}"},"query-input":"required name=search_term_string"}],"inLanguage":"pt-BR"},{"@type":"Person","@id":"https:\/\/portalnpm.com\/#\/schema\/person\/49313e563cfdefcc167f1ee4c017c294","name":"Genival Barbosa","image":{"@type":"ImageObject","inLanguage":"pt-BR","@id":"https:\/\/portalnpm.com\/#\/schema\/person\/image\/","url":"https:\/\/portalnpm.com\/wp-content\/uploads\/2024\/02\/avatar_user_2_1707743258-96x96.jpeg","contentUrl":"https:\/\/portalnpm.com\/wp-content\/uploads\/2024\/02\/avatar_user_2_1707743258-96x96.jpeg","caption":"Genival Barbosa"},"url":"https:\/\/portalnpm.com\/index.php\/author\/genival\/"}]}},"jetpack_sharing_enabled":true,"jetpack_featured_media_url":"","_links":{"self":[{"href":"https:\/\/portalnpm.com\/index.php\/wp-json\/wp\/v2\/posts\/54268"}],"collection":[{"href":"https:\/\/portalnpm.com\/index.php\/wp-json\/wp\/v2\/posts"}],"about":[{"href":"https:\/\/portalnpm.com\/index.php\/wp-json\/wp\/v2\/types\/post"}],"author":[{"embeddable":true,"href":"https:\/\/portalnpm.com\/index.php\/wp-json\/wp\/v2\/users\/2"}],"replies":[{"embeddable":true,"href":"https:\/\/portalnpm.com\/index.php\/wp-json\/wp\/v2\/comments?post=54268"}],"version-history":[{"count":0,"href":"https:\/\/portalnpm.com\/index.php\/wp-json\/wp\/v2\/posts\/54268\/revisions"}],"wp:featuredmedia":[{"embeddable":true,"href":"https:\/\/portalnpm.com\/index.php\/wp-json\/"}],"wp:attachment":[{"href":"https:\/\/portalnpm.com\/index.php\/wp-json\/wp\/v2\/media?parent=54268"}],"wp:term":[{"taxonomy":"category","embeddable":true,"href":"https:\/\/portalnpm.com\/index.php\/wp-json\/wp\/v2\/categories?post=54268"},{"taxonomy":"post_tag","embeddable":true,"href":"https:\/\/portalnpm.com\/index.php\/wp-json\/wp\/v2\/tags?post=54268"}],"curies":[{"name":"wp","href":"https:\/\/api.w.org\/{rel}","templated":true}]}}