{"id":54354,"date":"2020-07-09T19:09:44","date_gmt":"2020-07-09T22:09:44","guid":{"rendered":"https:\/\/portalnpm.com\/index.php\/2020\/07\/09\/picos-crianca-de-um-ano-morre-apos-sofrer-queda-em-casa\/"},"modified":"2020-07-09T19:09:44","modified_gmt":"2020-07-09T22:09:44","slug":"picos-crianca-de-um-ano-morre-apos-sofrer-queda-em-casa","status":"publish","type":"post","link":"https:\/\/portalnpm.com\/index.php\/2020\/07\/09\/picos-crianca-de-um-ano-morre-apos-sofrer-queda-em-casa\/","title":{"rendered":"Picos | Crian\u00e7a de um ano morre ap\u00f3s sofrer queda em casa"},"content":{"rendered":"<p style=\"text-align: justify;\">Uma crian\u00e7a identificada apenas como David, de um ano, morreu ap\u00f3s sofrer uma queda dentro de casa na manh\u00e3 desta quarta-feira (8), em Picos, no Sul do Piau\u00ed. A crian\u00e7a chegou a ser socorrida e encaminhado para o Hospital Regional de Justino Luz, mas n\u00e3o resistiu e faleceu.<\/p>\n<p style=\"text-align: justify;\">\n<p style=\"text-align: justify;\">Em entrevista ao G1, a av\u00f3 da crian\u00e7a, que n\u00e3o quis se identificar, informou que David estava se equilibrando na cama quando sofreu a queda. \u201cEle estava em p\u00e9, se segurando na cama e caiu. Ele estava em casa com o pai, m\u00e3e e o irm\u00e3o\u201d, afirmou.<\/p>\n<p style=\"text-align: justify;\">O tio de David, que tamb\u00e9m preferiu n\u00e3o se identificar, disse que ele estava come\u00e7ando a engatinhar. \u201cEle tem um ano, um m\u00eas e quatro dias e estava se segurando na cama, simplesmente ele caiu para tr\u00e1s, n\u00e3o sabemos se ele passou mal, porque o irm\u00e3o dele tem epilepsia. Ele caiu e, no ch\u00e3o, come\u00e7ou a dar convuls\u00e3o\u201d, contou.<\/p>\n<p style=\"text-align: justify;\">A crian\u00e7a foi socorrida e encaminhada para o Hospital Regional Justino Luz, em Picos. Ele recebeu atendimento m\u00e9dico, mas, segundo a av\u00f3 de David, n\u00e3o resistiu e faleceu.<\/p>\n<p style=\"text-align: justify;\">O G1 tentou contato com a dire\u00e7\u00e3o do hospital e Pol\u00edcia Civil de Picos, mas n\u00e3o houve retorno at\u00e9 a publica\u00e7\u00e3o dessa mat\u00e9ria.<\/p>\n<p style=\"text-align: justify;\">Fonte: G1 Piau\u00ed<\/p>\n","protected":false},"excerpt":{"rendered":"<p>Uma crian\u00e7a identificada apenas como David, de um ano, morreu ap\u00f3s sofrer uma queda dentro de casa na manh\u00e3 desta quarta-feira (8), em Picos, no Sul do Piau\u00ed. A crian\u00e7a chegou a ser socorrida e encaminhado para o Hospital Regional de Justino Luz, mas n\u00e3o resistiu e faleceu. Em entrevista ao G1, a av\u00f3 da &hellip;<\/p>\n","protected":false},"author":2,"featured_media":22327,"comment_status":"open","ping_status":"open","sticky":false,"template":"","format":"standard","meta":{"content-type":"","rop_custom_images_group":[],"rop_custom_messages_group":[],"rop_publish_now":"initial","rop_publish_now_accounts":{"facebook_2648258775420054_1618374048415101":""},"rop_publish_now_history":[],"rop_publish_now_status":"pending","footnotes":"","_jetpack_memberships_contains_paid_content":false},"categories":[109,127],"tags":[578,131,132,128,1871,1870],"yoast_head":"<!-- This site is optimized with the Yoast SEO plugin v22.3 - https:\/\/yoast.com\/wordpress\/plugins\/seo\/ -->\n<title>Picos | Crian\u00e7a de um ano morre ap\u00f3s sofrer queda em casa<\/title>\n<meta name=\"robots\" content=\"index, follow, max-snippet:-1, max-image-preview:large, max-video-preview:-1\" \/>\n<link rel=\"canonical\" href=\"https:\/\/portalnpm.com\/index.php\/2020\/07\/09\/picos-crianca-de-um-ano-morre-apos-sofrer-queda-em-casa\/\" \/>\n<meta property=\"og:locale\" content=\"pt_BR\" \/>\n<meta property=\"og:type\" content=\"article\" \/>\n<meta property=\"og:title\" content=\"Picos | Crian\u00e7a de um ano morre ap\u00f3s sofrer queda em casa\" \/>\n<meta property=\"og:description\" content=\"Uma crian\u00e7a identificada apenas como David, de um ano, morreu ap\u00f3s sofrer uma queda dentro de casa na manh\u00e3 desta quarta-feira (8), em Picos, no Sul do Piau\u00ed. A crian\u00e7a chegou a ser socorrida e encaminhado para o Hospital Regional de Justino Luz, mas n\u00e3o resistiu e faleceu. Em entrevista ao G1, a av\u00f3 da &hellip;\" \/>\n<meta property=\"og:url\" content=\"https:\/\/portalnpm.com\/index.php\/2020\/07\/09\/picos-crianca-de-um-ano-morre-apos-sofrer-queda-em-casa\/\" \/>\n<meta property=\"og:site_name\" content=\"Portal NPM\" \/>\n<meta property=\"article:published_time\" content=\"2020-07-09T22:09:44+00:00\" \/>\n<meta name=\"author\" content=\"Genival Barbosa\" \/>\n<meta name=\"twitter:card\" content=\"summary_large_image\" \/>\n<meta name=\"twitter:label1\" content=\"Escrito por\" \/>\n\t<meta name=\"twitter:data1\" content=\"Genival Barbosa\" \/>\n\t<meta name=\"twitter:label2\" content=\"Est. tempo de leitura\" \/>\n\t<meta name=\"twitter:data2\" content=\"1 minuto\" \/>\n<script type=\"application\/ld+json\" class=\"yoast-schema-graph\">{\"@context\":\"https:\/\/schema.org\",\"@graph\":[{\"@type\":\"WebPage\",\"@id\":\"https:\/\/portalnpm.com\/index.php\/2020\/07\/09\/picos-crianca-de-um-ano-morre-apos-sofrer-queda-em-casa\/\",\"url\":\"https:\/\/portalnpm.com\/index.php\/2020\/07\/09\/picos-crianca-de-um-ano-morre-apos-sofrer-queda-em-casa\/\",\"name\":\"Picos | Crian\u00e7a de um ano morre ap\u00f3s sofrer queda em casa\",\"isPartOf\":{\"@id\":\"https:\/\/portalnpm.com\/#website\"},\"primaryImageOfPage\":{\"@id\":\"https:\/\/portalnpm.com\/index.php\/2020\/07\/09\/picos-crianca-de-um-ano-morre-apos-sofrer-queda-em-casa\/#primaryimage\"},\"image\":{\"@id\":\"https:\/\/portalnpm.com\/index.php\/2020\/07\/09\/picos-crianca-de-um-ano-morre-apos-sofrer-queda-em-casa\/#primaryimage\"},\"thumbnailUrl\":\"\",\"datePublished\":\"2020-07-09T22:09:44+00:00\",\"dateModified\":\"2020-07-09T22:09:44+00:00\",\"author\":{\"@id\":\"https:\/\/portalnpm.com\/#\/schema\/person\/49313e563cfdefcc167f1ee4c017c294\"},\"breadcrumb\":{\"@id\":\"https:\/\/portalnpm.com\/index.php\/2020\/07\/09\/picos-crianca-de-um-ano-morre-apos-sofrer-queda-em-casa\/#breadcrumb\"},\"inLanguage\":\"pt-BR\",\"potentialAction\":[{\"@type\":\"ReadAction\",\"target\":[\"https:\/\/portalnpm.com\/index.php\/2020\/07\/09\/picos-crianca-de-um-ano-morre-apos-sofrer-queda-em-casa\/\"]}]},{\"@type\":\"ImageObject\",\"inLanguage\":\"pt-BR\",\"@id\":\"https:\/\/portalnpm.com\/index.php\/2020\/07\/09\/picos-crianca-de-um-ano-morre-apos-sofrer-queda-em-casa\/#primaryimage\",\"url\":\"\",\"contentUrl\":\"\"},{\"@type\":\"BreadcrumbList\",\"@id\":\"https:\/\/portalnpm.com\/index.php\/2020\/07\/09\/picos-crianca-de-um-ano-morre-apos-sofrer-queda-em-casa\/#breadcrumb\",\"itemListElement\":[{\"@type\":\"ListItem\",\"position\":1,\"name\":\"In\u00edcio\",\"item\":\"https:\/\/portalnpm.com\/\"},{\"@type\":\"ListItem\",\"position\":2,\"name\":\"Picos | Crian\u00e7a de um ano morre ap\u00f3s sofrer queda em casa\"}]},{\"@type\":\"WebSite\",\"@id\":\"https:\/\/portalnpm.com\/#website\",\"url\":\"https:\/\/portalnpm.com\/\",\"name\":\"Portal NPM\",\"description\":\"Not\u00edcias em Primeira M\u00e3o\",\"potentialAction\":[{\"@type\":\"SearchAction\",\"target\":{\"@type\":\"EntryPoint\",\"urlTemplate\":\"https:\/\/portalnpm.com\/?s={search_term_string}\"},\"query-input\":\"required name=search_term_string\"}],\"inLanguage\":\"pt-BR\"},{\"@type\":\"Person\",\"@id\":\"https:\/\/portalnpm.com\/#\/schema\/person\/49313e563cfdefcc167f1ee4c017c294\",\"name\":\"Genival Barbosa\",\"image\":{\"@type\":\"ImageObject\",\"inLanguage\":\"pt-BR\",\"@id\":\"https:\/\/portalnpm.com\/#\/schema\/person\/image\/\",\"url\":\"https:\/\/portalnpm.com\/wp-content\/uploads\/2024\/02\/avatar_user_2_1707743258-96x96.jpeg\",\"contentUrl\":\"https:\/\/portalnpm.com\/wp-content\/uploads\/2024\/02\/avatar_user_2_1707743258-96x96.jpeg\",\"caption\":\"Genival Barbosa\"},\"url\":\"https:\/\/portalnpm.com\/index.php\/author\/genival\/\"}]}<\/script>\n<!-- \/ Yoast SEO plugin. -->","yoast_head_json":{"title":"Picos | Crian\u00e7a de um ano morre ap\u00f3s sofrer queda em casa","robots":{"index":"index","follow":"follow","max-snippet":"max-snippet:-1","max-image-preview":"max-image-preview:large","max-video-preview":"max-video-preview:-1"},"canonical":"https:\/\/portalnpm.com\/index.php\/2020\/07\/09\/picos-crianca-de-um-ano-morre-apos-sofrer-queda-em-casa\/","og_locale":"pt_BR","og_type":"article","og_title":"Picos | Crian\u00e7a de um ano morre ap\u00f3s sofrer queda em casa","og_description":"Uma crian\u00e7a identificada apenas como David, de um ano, morreu ap\u00f3s sofrer uma queda dentro de casa na manh\u00e3 desta quarta-feira (8), em Picos, no Sul do Piau\u00ed. A crian\u00e7a chegou a ser socorrida e encaminhado para o Hospital Regional de Justino Luz, mas n\u00e3o resistiu e faleceu. Em entrevista ao G1, a av\u00f3 da &hellip;","og_url":"https:\/\/portalnpm.com\/index.php\/2020\/07\/09\/picos-crianca-de-um-ano-morre-apos-sofrer-queda-em-casa\/","og_site_name":"Portal NPM","article_published_time":"2020-07-09T22:09:44+00:00","author":"Genival Barbosa","twitter_card":"summary_large_image","twitter_misc":{"Escrito por":"Genival Barbosa","Est. tempo de leitura":"1 minuto"},"schema":{"@context":"https:\/\/schema.org","@graph":[{"@type":"WebPage","@id":"https:\/\/portalnpm.com\/index.php\/2020\/07\/09\/picos-crianca-de-um-ano-morre-apos-sofrer-queda-em-casa\/","url":"https:\/\/portalnpm.com\/index.php\/2020\/07\/09\/picos-crianca-de-um-ano-morre-apos-sofrer-queda-em-casa\/","name":"Picos | Crian\u00e7a de um ano morre ap\u00f3s sofrer queda em casa","isPartOf":{"@id":"https:\/\/portalnpm.com\/#website"},"primaryImageOfPage":{"@id":"https:\/\/portalnpm.com\/index.php\/2020\/07\/09\/picos-crianca-de-um-ano-morre-apos-sofrer-queda-em-casa\/#primaryimage"},"image":{"@id":"https:\/\/portalnpm.com\/index.php\/2020\/07\/09\/picos-crianca-de-um-ano-morre-apos-sofrer-queda-em-casa\/#primaryimage"},"thumbnailUrl":"","datePublished":"2020-07-09T22:09:44+00:00","dateModified":"2020-07-09T22:09:44+00:00","author":{"@id":"https:\/\/portalnpm.com\/#\/schema\/person\/49313e563cfdefcc167f1ee4c017c294"},"breadcrumb":{"@id":"https:\/\/portalnpm.com\/index.php\/2020\/07\/09\/picos-crianca-de-um-ano-morre-apos-sofrer-queda-em-casa\/#breadcrumb"},"inLanguage":"pt-BR","potentialAction":[{"@type":"ReadAction","target":["https:\/\/portalnpm.com\/index.php\/2020\/07\/09\/picos-crianca-de-um-ano-morre-apos-sofrer-queda-em-casa\/"]}]},{"@type":"ImageObject","inLanguage":"pt-BR","@id":"https:\/\/portalnpm.com\/index.php\/2020\/07\/09\/picos-crianca-de-um-ano-morre-apos-sofrer-queda-em-casa\/#primaryimage","url":"","contentUrl":""},{"@type":"BreadcrumbList","@id":"https:\/\/portalnpm.com\/index.php\/2020\/07\/09\/picos-crianca-de-um-ano-morre-apos-sofrer-queda-em-casa\/#breadcrumb","itemListElement":[{"@type":"ListItem","position":1,"name":"In\u00edcio","item":"https:\/\/portalnpm.com\/"},{"@type":"ListItem","position":2,"name":"Picos | Crian\u00e7a de um ano morre ap\u00f3s sofrer queda em casa"}]},{"@type":"WebSite","@id":"https:\/\/portalnpm.com\/#website","url":"https:\/\/portalnpm.com\/","name":"Portal NPM","description":"Not\u00edcias em Primeira M\u00e3o","potentialAction":[{"@type":"SearchAction","target":{"@type":"EntryPoint","urlTemplate":"https:\/\/portalnpm.com\/?s={search_term_string}"},"query-input":"required name=search_term_string"}],"inLanguage":"pt-BR"},{"@type":"Person","@id":"https:\/\/portalnpm.com\/#\/schema\/person\/49313e563cfdefcc167f1ee4c017c294","name":"Genival Barbosa","image":{"@type":"ImageObject","inLanguage":"pt-BR","@id":"https:\/\/portalnpm.com\/#\/schema\/person\/image\/","url":"https:\/\/portalnpm.com\/wp-content\/uploads\/2024\/02\/avatar_user_2_1707743258-96x96.jpeg","contentUrl":"https:\/\/portalnpm.com\/wp-content\/uploads\/2024\/02\/avatar_user_2_1707743258-96x96.jpeg","caption":"Genival Barbosa"},"url":"https:\/\/portalnpm.com\/index.php\/author\/genival\/"}]}},"jetpack_sharing_enabled":true,"jetpack_featured_media_url":"","_links":{"self":[{"href":"https:\/\/portalnpm.com\/index.php\/wp-json\/wp\/v2\/posts\/54354"}],"collection":[{"href":"https:\/\/portalnpm.com\/index.php\/wp-json\/wp\/v2\/posts"}],"about":[{"href":"https:\/\/portalnpm.com\/index.php\/wp-json\/wp\/v2\/types\/post"}],"author":[{"embeddable":true,"href":"https:\/\/portalnpm.com\/index.php\/wp-json\/wp\/v2\/users\/2"}],"replies":[{"embeddable":true,"href":"https:\/\/portalnpm.com\/index.php\/wp-json\/wp\/v2\/comments?post=54354"}],"version-history":[{"count":0,"href":"https:\/\/portalnpm.com\/index.php\/wp-json\/wp\/v2\/posts\/54354\/revisions"}],"wp:featuredmedia":[{"embeddable":true,"href":"https:\/\/portalnpm.com\/index.php\/wp-json\/"}],"wp:attachment":[{"href":"https:\/\/portalnpm.com\/index.php\/wp-json\/wp\/v2\/media?parent=54354"}],"wp:term":[{"taxonomy":"category","embeddable":true,"href":"https:\/\/portalnpm.com\/index.php\/wp-json\/wp\/v2\/categories?post=54354"},{"taxonomy":"post_tag","embeddable":true,"href":"https:\/\/portalnpm.com\/index.php\/wp-json\/wp\/v2\/tags?post=54354"}],"curies":[{"name":"wp","href":"https:\/\/api.w.org\/{rel}","templated":true}]}}