{"id":54368,"date":"2020-07-10T16:01:37","date_gmt":"2020-07-10T19:01:37","guid":{"rendered":"https:\/\/portalnpm.com\/index.php\/2020\/07\/10\/picos-registra-17o-obito-por-coronavirus\/"},"modified":"2020-07-10T16:01:37","modified_gmt":"2020-07-10T19:01:37","slug":"picos-registra-17o-obito-por-coronavirus","status":"publish","type":"post","link":"https:\/\/portalnpm.com\/index.php\/2020\/07\/10\/picos-registra-17o-obito-por-coronavirus\/","title":{"rendered":"Picos registra 17\u00ba \u00f3bito por coronav\u00edrus"},"content":{"rendered":"<p style=\"text-align: justify;\">A Secretaria Municipal de Sa\u00fade de Picos registrou o 17\u00ba \u00f3bito decorrente de coronav\u00edrus. Um senhor de 69 anos, que estava internado no Hospital Regional Justino Luz, desde o dia 30 de junho, faleceu na madrugada desta sexta-feira, 10 de julho.<\/p>\n<p style=\"text-align: justify;\">\n<p style=\"text-align: justify;\">De acordo com o coordenador de Vigil\u00e2ncia Epidemiol\u00f3gica, Robsoncley Viana, o paciente passou alguns dias na enfermaria covid e, ap\u00f3s ter o quadro de sa\u00fade agravado, foi transferido para um leito da Unidade de Terapia Intensiva no dia 07 de julho.<\/p>\n<p style=\"text-align: justify;\">O paciente n\u00e3o possu\u00eda nenhuma outra comorbidade.<\/p>\n<p style=\"text-align: justify;\">Dados do boletim divulgado pela SMS na noite desta quinta-feira, 09, apontam que a cidade possu\u00ed 901 casos da doen\u00e7a com 219 recuperados.<\/p>\n<p style=\"text-align: justify;\">Fonte: Picos 40 Graus<\/p>\n","protected":false},"excerpt":{"rendered":"<p>A Secretaria Municipal de Sa\u00fade de Picos registrou o 17\u00ba \u00f3bito decorrente de coronav\u00edrus. Um senhor de 69 anos, que estava internado no Hospital Regional Justino Luz, desde o dia 30 de junho, faleceu na madrugada desta sexta-feira, 10 de julho. De acordo com o coordenador de Vigil\u00e2ncia Epidemiol\u00f3gica, Robsoncley Viana, o paciente passou alguns &hellip;<\/p>\n","protected":false},"author":2,"featured_media":22365,"comment_status":"open","ping_status":"open","sticky":false,"template":"","format":"standard","meta":{"content-type":"","rop_custom_images_group":[],"rop_custom_messages_group":[],"rop_publish_now":"initial","rop_publish_now_accounts":{"facebook_2648258775420054_1618374048415101":""},"rop_publish_now_history":[],"rop_publish_now_status":"pending","footnotes":"","_jetpack_memberships_contains_paid_content":false},"categories":[109,127],"tags":[5002,3760,128,540],"yoast_head":"<!-- This site is optimized with the Yoast SEO plugin v22.3 - https:\/\/yoast.com\/wordpress\/plugins\/seo\/ -->\n<title>Picos registra 17\u00ba \u00f3bito por coronav\u00edrus<\/title>\n<meta name=\"robots\" content=\"index, follow, max-snippet:-1, max-image-preview:large, max-video-preview:-1\" \/>\n<link rel=\"canonical\" href=\"https:\/\/portalnpm.com\/index.php\/2020\/07\/10\/picos-registra-17o-obito-por-coronavirus\/\" \/>\n<meta property=\"og:locale\" content=\"pt_BR\" \/>\n<meta property=\"og:type\" content=\"article\" \/>\n<meta property=\"og:title\" content=\"Picos registra 17\u00ba \u00f3bito por coronav\u00edrus\" \/>\n<meta property=\"og:description\" content=\"A Secretaria Municipal de Sa\u00fade de Picos registrou o 17\u00ba \u00f3bito decorrente de coronav\u00edrus. Um senhor de 69 anos, que estava internado no Hospital Regional Justino Luz, desde o dia 30 de junho, faleceu na madrugada desta sexta-feira, 10 de julho. De acordo com o coordenador de Vigil\u00e2ncia Epidemiol\u00f3gica, Robsoncley Viana, o paciente passou alguns &hellip;\" \/>\n<meta property=\"og:url\" content=\"https:\/\/portalnpm.com\/index.php\/2020\/07\/10\/picos-registra-17o-obito-por-coronavirus\/\" \/>\n<meta property=\"og:site_name\" content=\"Portal NPM\" \/>\n<meta property=\"article:published_time\" content=\"2020-07-10T19:01:37+00:00\" \/>\n<meta name=\"author\" content=\"Genival Barbosa\" \/>\n<meta name=\"twitter:card\" content=\"summary_large_image\" \/>\n<meta name=\"twitter:label1\" content=\"Escrito por\" \/>\n\t<meta name=\"twitter:data1\" content=\"Genival Barbosa\" \/>\n\t<meta name=\"twitter:label2\" content=\"Est. tempo de leitura\" \/>\n\t<meta name=\"twitter:data2\" content=\"1 minuto\" \/>\n<script type=\"application\/ld+json\" class=\"yoast-schema-graph\">{\"@context\":\"https:\/\/schema.org\",\"@graph\":[{\"@type\":\"WebPage\",\"@id\":\"https:\/\/portalnpm.com\/index.php\/2020\/07\/10\/picos-registra-17o-obito-por-coronavirus\/\",\"url\":\"https:\/\/portalnpm.com\/index.php\/2020\/07\/10\/picos-registra-17o-obito-por-coronavirus\/\",\"name\":\"Picos registra 17\u00ba \u00f3bito por coronav\u00edrus\",\"isPartOf\":{\"@id\":\"https:\/\/portalnpm.com\/#website\"},\"primaryImageOfPage\":{\"@id\":\"https:\/\/portalnpm.com\/index.php\/2020\/07\/10\/picos-registra-17o-obito-por-coronavirus\/#primaryimage\"},\"image\":{\"@id\":\"https:\/\/portalnpm.com\/index.php\/2020\/07\/10\/picos-registra-17o-obito-por-coronavirus\/#primaryimage\"},\"thumbnailUrl\":\"\",\"datePublished\":\"2020-07-10T19:01:37+00:00\",\"dateModified\":\"2020-07-10T19:01:37+00:00\",\"author\":{\"@id\":\"https:\/\/portalnpm.com\/#\/schema\/person\/49313e563cfdefcc167f1ee4c017c294\"},\"breadcrumb\":{\"@id\":\"https:\/\/portalnpm.com\/index.php\/2020\/07\/10\/picos-registra-17o-obito-por-coronavirus\/#breadcrumb\"},\"inLanguage\":\"pt-BR\",\"potentialAction\":[{\"@type\":\"ReadAction\",\"target\":[\"https:\/\/portalnpm.com\/index.php\/2020\/07\/10\/picos-registra-17o-obito-por-coronavirus\/\"]}]},{\"@type\":\"ImageObject\",\"inLanguage\":\"pt-BR\",\"@id\":\"https:\/\/portalnpm.com\/index.php\/2020\/07\/10\/picos-registra-17o-obito-por-coronavirus\/#primaryimage\",\"url\":\"\",\"contentUrl\":\"\"},{\"@type\":\"BreadcrumbList\",\"@id\":\"https:\/\/portalnpm.com\/index.php\/2020\/07\/10\/picos-registra-17o-obito-por-coronavirus\/#breadcrumb\",\"itemListElement\":[{\"@type\":\"ListItem\",\"position\":1,\"name\":\"In\u00edcio\",\"item\":\"https:\/\/portalnpm.com\/\"},{\"@type\":\"ListItem\",\"position\":2,\"name\":\"Picos registra 17\u00ba \u00f3bito por coronav\u00edrus\"}]},{\"@type\":\"WebSite\",\"@id\":\"https:\/\/portalnpm.com\/#website\",\"url\":\"https:\/\/portalnpm.com\/\",\"name\":\"Portal NPM\",\"description\":\"Not\u00edcias em Primeira M\u00e3o\",\"potentialAction\":[{\"@type\":\"SearchAction\",\"target\":{\"@type\":\"EntryPoint\",\"urlTemplate\":\"https:\/\/portalnpm.com\/?s={search_term_string}\"},\"query-input\":\"required name=search_term_string\"}],\"inLanguage\":\"pt-BR\"},{\"@type\":\"Person\",\"@id\":\"https:\/\/portalnpm.com\/#\/schema\/person\/49313e563cfdefcc167f1ee4c017c294\",\"name\":\"Genival Barbosa\",\"image\":{\"@type\":\"ImageObject\",\"inLanguage\":\"pt-BR\",\"@id\":\"https:\/\/portalnpm.com\/#\/schema\/person\/image\/\",\"url\":\"https:\/\/portalnpm.com\/wp-content\/uploads\/2024\/02\/avatar_user_2_1707743258-96x96.jpeg\",\"contentUrl\":\"https:\/\/portalnpm.com\/wp-content\/uploads\/2024\/02\/avatar_user_2_1707743258-96x96.jpeg\",\"caption\":\"Genival Barbosa\"},\"url\":\"https:\/\/portalnpm.com\/index.php\/author\/genival\/\"}]}<\/script>\n<!-- \/ Yoast SEO plugin. -->","yoast_head_json":{"title":"Picos registra 17\u00ba \u00f3bito por coronav\u00edrus","robots":{"index":"index","follow":"follow","max-snippet":"max-snippet:-1","max-image-preview":"max-image-preview:large","max-video-preview":"max-video-preview:-1"},"canonical":"https:\/\/portalnpm.com\/index.php\/2020\/07\/10\/picos-registra-17o-obito-por-coronavirus\/","og_locale":"pt_BR","og_type":"article","og_title":"Picos registra 17\u00ba \u00f3bito por coronav\u00edrus","og_description":"A Secretaria Municipal de Sa\u00fade de Picos registrou o 17\u00ba \u00f3bito decorrente de coronav\u00edrus. Um senhor de 69 anos, que estava internado no Hospital Regional Justino Luz, desde o dia 30 de junho, faleceu na madrugada desta sexta-feira, 10 de julho. De acordo com o coordenador de Vigil\u00e2ncia Epidemiol\u00f3gica, Robsoncley Viana, o paciente passou alguns &hellip;","og_url":"https:\/\/portalnpm.com\/index.php\/2020\/07\/10\/picos-registra-17o-obito-por-coronavirus\/","og_site_name":"Portal NPM","article_published_time":"2020-07-10T19:01:37+00:00","author":"Genival Barbosa","twitter_card":"summary_large_image","twitter_misc":{"Escrito por":"Genival Barbosa","Est. tempo de leitura":"1 minuto"},"schema":{"@context":"https:\/\/schema.org","@graph":[{"@type":"WebPage","@id":"https:\/\/portalnpm.com\/index.php\/2020\/07\/10\/picos-registra-17o-obito-por-coronavirus\/","url":"https:\/\/portalnpm.com\/index.php\/2020\/07\/10\/picos-registra-17o-obito-por-coronavirus\/","name":"Picos registra 17\u00ba \u00f3bito por coronav\u00edrus","isPartOf":{"@id":"https:\/\/portalnpm.com\/#website"},"primaryImageOfPage":{"@id":"https:\/\/portalnpm.com\/index.php\/2020\/07\/10\/picos-registra-17o-obito-por-coronavirus\/#primaryimage"},"image":{"@id":"https:\/\/portalnpm.com\/index.php\/2020\/07\/10\/picos-registra-17o-obito-por-coronavirus\/#primaryimage"},"thumbnailUrl":"","datePublished":"2020-07-10T19:01:37+00:00","dateModified":"2020-07-10T19:01:37+00:00","author":{"@id":"https:\/\/portalnpm.com\/#\/schema\/person\/49313e563cfdefcc167f1ee4c017c294"},"breadcrumb":{"@id":"https:\/\/portalnpm.com\/index.php\/2020\/07\/10\/picos-registra-17o-obito-por-coronavirus\/#breadcrumb"},"inLanguage":"pt-BR","potentialAction":[{"@type":"ReadAction","target":["https:\/\/portalnpm.com\/index.php\/2020\/07\/10\/picos-registra-17o-obito-por-coronavirus\/"]}]},{"@type":"ImageObject","inLanguage":"pt-BR","@id":"https:\/\/portalnpm.com\/index.php\/2020\/07\/10\/picos-registra-17o-obito-por-coronavirus\/#primaryimage","url":"","contentUrl":""},{"@type":"BreadcrumbList","@id":"https:\/\/portalnpm.com\/index.php\/2020\/07\/10\/picos-registra-17o-obito-por-coronavirus\/#breadcrumb","itemListElement":[{"@type":"ListItem","position":1,"name":"In\u00edcio","item":"https:\/\/portalnpm.com\/"},{"@type":"ListItem","position":2,"name":"Picos registra 17\u00ba \u00f3bito por coronav\u00edrus"}]},{"@type":"WebSite","@id":"https:\/\/portalnpm.com\/#website","url":"https:\/\/portalnpm.com\/","name":"Portal NPM","description":"Not\u00edcias em Primeira M\u00e3o","potentialAction":[{"@type":"SearchAction","target":{"@type":"EntryPoint","urlTemplate":"https:\/\/portalnpm.com\/?s={search_term_string}"},"query-input":"required name=search_term_string"}],"inLanguage":"pt-BR"},{"@type":"Person","@id":"https:\/\/portalnpm.com\/#\/schema\/person\/49313e563cfdefcc167f1ee4c017c294","name":"Genival Barbosa","image":{"@type":"ImageObject","inLanguage":"pt-BR","@id":"https:\/\/portalnpm.com\/#\/schema\/person\/image\/","url":"https:\/\/portalnpm.com\/wp-content\/uploads\/2024\/02\/avatar_user_2_1707743258-96x96.jpeg","contentUrl":"https:\/\/portalnpm.com\/wp-content\/uploads\/2024\/02\/avatar_user_2_1707743258-96x96.jpeg","caption":"Genival Barbosa"},"url":"https:\/\/portalnpm.com\/index.php\/author\/genival\/"}]}},"jetpack_sharing_enabled":true,"jetpack_featured_media_url":"","_links":{"self":[{"href":"https:\/\/portalnpm.com\/index.php\/wp-json\/wp\/v2\/posts\/54368"}],"collection":[{"href":"https:\/\/portalnpm.com\/index.php\/wp-json\/wp\/v2\/posts"}],"about":[{"href":"https:\/\/portalnpm.com\/index.php\/wp-json\/wp\/v2\/types\/post"}],"author":[{"embeddable":true,"href":"https:\/\/portalnpm.com\/index.php\/wp-json\/wp\/v2\/users\/2"}],"replies":[{"embeddable":true,"href":"https:\/\/portalnpm.com\/index.php\/wp-json\/wp\/v2\/comments?post=54368"}],"version-history":[{"count":0,"href":"https:\/\/portalnpm.com\/index.php\/wp-json\/wp\/v2\/posts\/54368\/revisions"}],"wp:featuredmedia":[{"embeddable":true,"href":"https:\/\/portalnpm.com\/index.php\/wp-json\/"}],"wp:attachment":[{"href":"https:\/\/portalnpm.com\/index.php\/wp-json\/wp\/v2\/media?parent=54368"}],"wp:term":[{"taxonomy":"category","embeddable":true,"href":"https:\/\/portalnpm.com\/index.php\/wp-json\/wp\/v2\/categories?post=54368"},{"taxonomy":"post_tag","embeddable":true,"href":"https:\/\/portalnpm.com\/index.php\/wp-json\/wp\/v2\/tags?post=54368"}],"curies":[{"name":"wp","href":"https:\/\/api.w.org\/{rel}","templated":true}]}}