{"id":54549,"date":"2020-07-13T17:22:55","date_gmt":"2020-07-13T20:22:55","guid":{"rendered":"https:\/\/portalnpm.com\/index.php\/2020\/07\/13\/russia-quer-comecar-a-distribuir-vacina-contra-o-coronavirus-em-agosto\/"},"modified":"2020-07-13T17:22:55","modified_gmt":"2020-07-13T20:22:55","slug":"russia-quer-comecar-a-distribuir-vacina-contra-o-coronavirus-em-agosto","status":"publish","type":"post","link":"https:\/\/portalnpm.com\/index.php\/2020\/07\/13\/russia-quer-comecar-a-distribuir-vacina-contra-o-coronavirus-em-agosto\/","title":{"rendered":"R\u00fassia quer come\u00e7ar a distribuir vacina contra o coronav\u00edrus em agosto"},"content":{"rendered":"<p style=\"text-align: justify;\">A R\u00fassia anunciou nesta segunda-feira (13\/07) que concluiu parte dos testes cl\u00ednicos necess\u00e1rios para comprovar a efic\u00e1cia da imuniza\u00e7\u00e3o desenvolvida por iniciativa do governo russo. A expectativa \u00e9 de que a distribui\u00e7\u00e3o comece j\u00e1 em agosto.<\/p>\n<p style=\"text-align: justify;\">\n<p style=\"text-align: justify;\">\u201cA pesquisa foi conclu\u00edda e provou que a vacina \u00e9 segura\u201d, disse Yelena Smolyarchuk, chefe do centro de pesquisas cl\u00ednicas da Universidade Sechenov, \u00e0 ag\u00eancia de not\u00edcias estatal TASS.<\/p>\n<p style=\"text-align: justify;\">A vacina aprovada foi desenvolvida pelo Centro Nacional de Pesquisa para Epidemiologia e Microbiologia Gamalei. Segundo o diretor da institui\u00e7\u00e3o, Alexander Gintsburg, a previs\u00e3o \u00e9 que a vacina \u201centre em circula\u00e7\u00e3o civil\u201d entre 12 e 24 de agosto.<\/p>\n<p style=\"text-align: justify;\">O Minist\u00e9rio da Sa\u00fade russo ainda realizar\u00e1 testes bioqu\u00edmicos da vacina, mas espera finalizar o processo at\u00e9 setembro, mesmo m\u00eas para o qual Gintsburg prev\u00ea o in\u00edcio da produ\u00e7\u00e3o em massa por laborat\u00f3rios privados.<\/p>\n<p style=\"text-align: justify;\">A vacina russa est\u00e1 perto de ser distribu\u00edda porque os testes cl\u00ednicos come\u00e7aram em junho. A Universidade Sechenov agrupou 38 volunt\u00e1rios remunerados para o estudo. Parte deles j\u00e1 receber\u00e1 alta nesta quarta-feira (15), quando ter\u00e3o completado 28 dias em isolamento. A inten\u00e7\u00e3o foi proteg\u00ea-los de outras poss\u00edveis infec\u00e7\u00f5es.<\/p>\n<p style=\"text-align: justify;\">Os volunt\u00e1rios t\u00eam entre 18 e 65 anos e ainda ser\u00e3o monitorados por mais seis meses.<\/p>\n<p style=\"text-align: justify;\">Tamb\u00e9m no m\u00eas passado, o ex\u00e9rcito russo iniciou uma outra frente de testes cl\u00ednicos da vacina. O estudo vai durar dois meses e segue em andamento.<\/p>\n<p style=\"text-align: justify;\">A R\u00fassia \u00e9 o quarto pa\u00eds do mundo com o maior n\u00famero de pessoas contaminadas pelo coronav\u00edrus. Segundo dados da Universidade Johns Hopkins, o pa\u00eds tem mais de 730.000 pessoas infectadas e j\u00e1 passou de 11.000 mortes causadas pela covid-19.<\/p>\n<p style=\"text-align: justify;\">Fonte: UOL<\/p>\n","protected":false},"excerpt":{"rendered":"<p>A R\u00fassia anunciou nesta segunda-feira (13\/07) que concluiu parte dos testes cl\u00ednicos necess\u00e1rios para comprovar a efic\u00e1cia da imuniza\u00e7\u00e3o desenvolvida por iniciativa do governo russo. A expectativa \u00e9 de que a distribui\u00e7\u00e3o comece j\u00e1 em agosto. \u201cA pesquisa foi conclu\u00edda e provou que a vacina \u00e9 segura\u201d, disse Yelena Smolyarchuk, chefe do centro de pesquisas &hellip;<\/p>\n","protected":false},"author":2,"featured_media":54550,"comment_status":"open","ping_status":"open","sticky":false,"template":"","format":"standard","meta":{"content-type":"","rop_custom_images_group":[],"rop_custom_messages_group":[],"rop_publish_now":"initial","rop_publish_now_accounts":{"facebook_2648258775420054_1618374048415101":""},"rop_publish_now_history":[],"rop_publish_now_status":"pending","footnotes":"","_jetpack_memberships_contains_paid_content":false},"categories":[125],"tags":[4799,550,3760,5094,4520,2807],"yoast_head":"<!-- This site is optimized with the Yoast SEO plugin v22.3 - https:\/\/yoast.com\/wordpress\/plugins\/seo\/ -->\n<title>R\u00fassia quer come\u00e7ar a distribuir vacina contra o coronav\u00edrus em agosto<\/title>\n<meta name=\"robots\" content=\"index, follow, max-snippet:-1, max-image-preview:large, max-video-preview:-1\" \/>\n<link rel=\"canonical\" href=\"https:\/\/portalnpm.com\/index.php\/2020\/07\/13\/russia-quer-comecar-a-distribuir-vacina-contra-o-coronavirus-em-agosto\/\" \/>\n<meta property=\"og:locale\" content=\"pt_BR\" \/>\n<meta property=\"og:type\" content=\"article\" \/>\n<meta property=\"og:title\" content=\"R\u00fassia quer come\u00e7ar a distribuir vacina contra o coronav\u00edrus em agosto\" \/>\n<meta property=\"og:description\" content=\"A R\u00fassia anunciou nesta segunda-feira (13\/07) que concluiu parte dos testes cl\u00ednicos necess\u00e1rios para comprovar a efic\u00e1cia da imuniza\u00e7\u00e3o desenvolvida por iniciativa do governo russo. A expectativa \u00e9 de que a distribui\u00e7\u00e3o comece j\u00e1 em agosto. \u201cA pesquisa foi conclu\u00edda e provou que a vacina \u00e9 segura\u201d, disse Yelena Smolyarchuk, chefe do centro de pesquisas &hellip;\" \/>\n<meta property=\"og:url\" content=\"https:\/\/portalnpm.com\/index.php\/2020\/07\/13\/russia-quer-comecar-a-distribuir-vacina-contra-o-coronavirus-em-agosto\/\" \/>\n<meta property=\"og:site_name\" content=\"Portal NPM\" \/>\n<meta property=\"article:published_time\" content=\"2020-07-13T20:22:55+00:00\" \/>\n<meta property=\"og:image\" content=\"https:\/\/portalnpm.com\/wp-content\/uploads\/2024\/01\/imagem-ilustrativa-da-vacina-contra-a-covid-19-causada-pelo-novo-coronavirus-1593723642503_v2_450x337.jpg\" \/>\n\t<meta property=\"og:image:width\" content=\"450\" \/>\n\t<meta property=\"og:image:height\" content=\"337\" \/>\n\t<meta property=\"og:image:type\" content=\"image\/jpeg\" \/>\n<meta name=\"author\" content=\"Genival Barbosa\" \/>\n<meta name=\"twitter:card\" content=\"summary_large_image\" \/>\n<meta name=\"twitter:label1\" content=\"Escrito por\" \/>\n\t<meta name=\"twitter:data1\" content=\"Genival Barbosa\" \/>\n\t<meta name=\"twitter:label2\" content=\"Est. tempo de leitura\" \/>\n\t<meta name=\"twitter:data2\" content=\"1 minuto\" \/>\n<script type=\"application\/ld+json\" class=\"yoast-schema-graph\">{\"@context\":\"https:\/\/schema.org\",\"@graph\":[{\"@type\":\"WebPage\",\"@id\":\"https:\/\/portalnpm.com\/index.php\/2020\/07\/13\/russia-quer-comecar-a-distribuir-vacina-contra-o-coronavirus-em-agosto\/\",\"url\":\"https:\/\/portalnpm.com\/index.php\/2020\/07\/13\/russia-quer-comecar-a-distribuir-vacina-contra-o-coronavirus-em-agosto\/\",\"name\":\"R\u00fassia quer come\u00e7ar a distribuir vacina contra o coronav\u00edrus em agosto\",\"isPartOf\":{\"@id\":\"https:\/\/portalnpm.com\/#website\"},\"primaryImageOfPage\":{\"@id\":\"https:\/\/portalnpm.com\/index.php\/2020\/07\/13\/russia-quer-comecar-a-distribuir-vacina-contra-o-coronavirus-em-agosto\/#primaryimage\"},\"image\":{\"@id\":\"https:\/\/portalnpm.com\/index.php\/2020\/07\/13\/russia-quer-comecar-a-distribuir-vacina-contra-o-coronavirus-em-agosto\/#primaryimage\"},\"thumbnailUrl\":\"https:\/\/portalnpm.com\/wp-content\/uploads\/2024\/01\/imagem-ilustrativa-da-vacina-contra-a-covid-19-causada-pelo-novo-coronavirus-1593723642503_v2_450x337.jpg\",\"datePublished\":\"2020-07-13T20:22:55+00:00\",\"dateModified\":\"2020-07-13T20:22:55+00:00\",\"author\":{\"@id\":\"https:\/\/portalnpm.com\/#\/schema\/person\/49313e563cfdefcc167f1ee4c017c294\"},\"breadcrumb\":{\"@id\":\"https:\/\/portalnpm.com\/index.php\/2020\/07\/13\/russia-quer-comecar-a-distribuir-vacina-contra-o-coronavirus-em-agosto\/#breadcrumb\"},\"inLanguage\":\"pt-BR\",\"potentialAction\":[{\"@type\":\"ReadAction\",\"target\":[\"https:\/\/portalnpm.com\/index.php\/2020\/07\/13\/russia-quer-comecar-a-distribuir-vacina-contra-o-coronavirus-em-agosto\/\"]}]},{\"@type\":\"ImageObject\",\"inLanguage\":\"pt-BR\",\"@id\":\"https:\/\/portalnpm.com\/index.php\/2020\/07\/13\/russia-quer-comecar-a-distribuir-vacina-contra-o-coronavirus-em-agosto\/#primaryimage\",\"url\":\"https:\/\/portalnpm.com\/wp-content\/uploads\/2024\/01\/imagem-ilustrativa-da-vacina-contra-a-covid-19-causada-pelo-novo-coronavirus-1593723642503_v2_450x337.jpg\",\"contentUrl\":\"https:\/\/portalnpm.com\/wp-content\/uploads\/2024\/01\/imagem-ilustrativa-da-vacina-contra-a-covid-19-causada-pelo-novo-coronavirus-1593723642503_v2_450x337.jpg\",\"width\":450,\"height\":337},{\"@type\":\"BreadcrumbList\",\"@id\":\"https:\/\/portalnpm.com\/index.php\/2020\/07\/13\/russia-quer-comecar-a-distribuir-vacina-contra-o-coronavirus-em-agosto\/#breadcrumb\",\"itemListElement\":[{\"@type\":\"ListItem\",\"position\":1,\"name\":\"In\u00edcio\",\"item\":\"https:\/\/portalnpm.com\/\"},{\"@type\":\"ListItem\",\"position\":2,\"name\":\"R\u00fassia quer come\u00e7ar a distribuir vacina contra o coronav\u00edrus em agosto\"}]},{\"@type\":\"WebSite\",\"@id\":\"https:\/\/portalnpm.com\/#website\",\"url\":\"https:\/\/portalnpm.com\/\",\"name\":\"Portal NPM\",\"description\":\"Not\u00edcias em Primeira M\u00e3o\",\"potentialAction\":[{\"@type\":\"SearchAction\",\"target\":{\"@type\":\"EntryPoint\",\"urlTemplate\":\"https:\/\/portalnpm.com\/?s={search_term_string}\"},\"query-input\":\"required name=search_term_string\"}],\"inLanguage\":\"pt-BR\"},{\"@type\":\"Person\",\"@id\":\"https:\/\/portalnpm.com\/#\/schema\/person\/49313e563cfdefcc167f1ee4c017c294\",\"name\":\"Genival Barbosa\",\"image\":{\"@type\":\"ImageObject\",\"inLanguage\":\"pt-BR\",\"@id\":\"https:\/\/portalnpm.com\/#\/schema\/person\/image\/\",\"url\":\"https:\/\/portalnpm.com\/wp-content\/uploads\/2024\/02\/avatar_user_2_1707743258-96x96.jpeg\",\"contentUrl\":\"https:\/\/portalnpm.com\/wp-content\/uploads\/2024\/02\/avatar_user_2_1707743258-96x96.jpeg\",\"caption\":\"Genival Barbosa\"},\"url\":\"https:\/\/portalnpm.com\/index.php\/author\/genival\/\"}]}<\/script>\n<!-- \/ Yoast SEO plugin. -->","yoast_head_json":{"title":"R\u00fassia quer come\u00e7ar a distribuir vacina contra o coronav\u00edrus em agosto","robots":{"index":"index","follow":"follow","max-snippet":"max-snippet:-1","max-image-preview":"max-image-preview:large","max-video-preview":"max-video-preview:-1"},"canonical":"https:\/\/portalnpm.com\/index.php\/2020\/07\/13\/russia-quer-comecar-a-distribuir-vacina-contra-o-coronavirus-em-agosto\/","og_locale":"pt_BR","og_type":"article","og_title":"R\u00fassia quer come\u00e7ar a distribuir vacina contra o coronav\u00edrus em agosto","og_description":"A R\u00fassia anunciou nesta segunda-feira (13\/07) que concluiu parte dos testes cl\u00ednicos necess\u00e1rios para comprovar a efic\u00e1cia da imuniza\u00e7\u00e3o desenvolvida por iniciativa do governo russo. A expectativa \u00e9 de que a distribui\u00e7\u00e3o comece j\u00e1 em agosto. \u201cA pesquisa foi conclu\u00edda e provou que a vacina \u00e9 segura\u201d, disse Yelena Smolyarchuk, chefe do centro de pesquisas &hellip;","og_url":"https:\/\/portalnpm.com\/index.php\/2020\/07\/13\/russia-quer-comecar-a-distribuir-vacina-contra-o-coronavirus-em-agosto\/","og_site_name":"Portal NPM","article_published_time":"2020-07-13T20:22:55+00:00","og_image":[{"width":450,"height":337,"url":"https:\/\/portalnpm.com\/wp-content\/uploads\/2024\/01\/imagem-ilustrativa-da-vacina-contra-a-covid-19-causada-pelo-novo-coronavirus-1593723642503_v2_450x337.jpg","type":"image\/jpeg"}],"author":"Genival Barbosa","twitter_card":"summary_large_image","twitter_misc":{"Escrito por":"Genival Barbosa","Est. tempo de leitura":"1 minuto"},"schema":{"@context":"https:\/\/schema.org","@graph":[{"@type":"WebPage","@id":"https:\/\/portalnpm.com\/index.php\/2020\/07\/13\/russia-quer-comecar-a-distribuir-vacina-contra-o-coronavirus-em-agosto\/","url":"https:\/\/portalnpm.com\/index.php\/2020\/07\/13\/russia-quer-comecar-a-distribuir-vacina-contra-o-coronavirus-em-agosto\/","name":"R\u00fassia quer come\u00e7ar a distribuir vacina contra o coronav\u00edrus em agosto","isPartOf":{"@id":"https:\/\/portalnpm.com\/#website"},"primaryImageOfPage":{"@id":"https:\/\/portalnpm.com\/index.php\/2020\/07\/13\/russia-quer-comecar-a-distribuir-vacina-contra-o-coronavirus-em-agosto\/#primaryimage"},"image":{"@id":"https:\/\/portalnpm.com\/index.php\/2020\/07\/13\/russia-quer-comecar-a-distribuir-vacina-contra-o-coronavirus-em-agosto\/#primaryimage"},"thumbnailUrl":"https:\/\/portalnpm.com\/wp-content\/uploads\/2024\/01\/imagem-ilustrativa-da-vacina-contra-a-covid-19-causada-pelo-novo-coronavirus-1593723642503_v2_450x337.jpg","datePublished":"2020-07-13T20:22:55+00:00","dateModified":"2020-07-13T20:22:55+00:00","author":{"@id":"https:\/\/portalnpm.com\/#\/schema\/person\/49313e563cfdefcc167f1ee4c017c294"},"breadcrumb":{"@id":"https:\/\/portalnpm.com\/index.php\/2020\/07\/13\/russia-quer-comecar-a-distribuir-vacina-contra-o-coronavirus-em-agosto\/#breadcrumb"},"inLanguage":"pt-BR","potentialAction":[{"@type":"ReadAction","target":["https:\/\/portalnpm.com\/index.php\/2020\/07\/13\/russia-quer-comecar-a-distribuir-vacina-contra-o-coronavirus-em-agosto\/"]}]},{"@type":"ImageObject","inLanguage":"pt-BR","@id":"https:\/\/portalnpm.com\/index.php\/2020\/07\/13\/russia-quer-comecar-a-distribuir-vacina-contra-o-coronavirus-em-agosto\/#primaryimage","url":"https:\/\/portalnpm.com\/wp-content\/uploads\/2024\/01\/imagem-ilustrativa-da-vacina-contra-a-covid-19-causada-pelo-novo-coronavirus-1593723642503_v2_450x337.jpg","contentUrl":"https:\/\/portalnpm.com\/wp-content\/uploads\/2024\/01\/imagem-ilustrativa-da-vacina-contra-a-covid-19-causada-pelo-novo-coronavirus-1593723642503_v2_450x337.jpg","width":450,"height":337},{"@type":"BreadcrumbList","@id":"https:\/\/portalnpm.com\/index.php\/2020\/07\/13\/russia-quer-comecar-a-distribuir-vacina-contra-o-coronavirus-em-agosto\/#breadcrumb","itemListElement":[{"@type":"ListItem","position":1,"name":"In\u00edcio","item":"https:\/\/portalnpm.com\/"},{"@type":"ListItem","position":2,"name":"R\u00fassia quer come\u00e7ar a distribuir vacina contra o coronav\u00edrus em agosto"}]},{"@type":"WebSite","@id":"https:\/\/portalnpm.com\/#website","url":"https:\/\/portalnpm.com\/","name":"Portal NPM","description":"Not\u00edcias em Primeira M\u00e3o","potentialAction":[{"@type":"SearchAction","target":{"@type":"EntryPoint","urlTemplate":"https:\/\/portalnpm.com\/?s={search_term_string}"},"query-input":"required name=search_term_string"}],"inLanguage":"pt-BR"},{"@type":"Person","@id":"https:\/\/portalnpm.com\/#\/schema\/person\/49313e563cfdefcc167f1ee4c017c294","name":"Genival Barbosa","image":{"@type":"ImageObject","inLanguage":"pt-BR","@id":"https:\/\/portalnpm.com\/#\/schema\/person\/image\/","url":"https:\/\/portalnpm.com\/wp-content\/uploads\/2024\/02\/avatar_user_2_1707743258-96x96.jpeg","contentUrl":"https:\/\/portalnpm.com\/wp-content\/uploads\/2024\/02\/avatar_user_2_1707743258-96x96.jpeg","caption":"Genival Barbosa"},"url":"https:\/\/portalnpm.com\/index.php\/author\/genival\/"}]}},"jetpack_sharing_enabled":true,"jetpack_featured_media_url":"https:\/\/portalnpm.com\/wp-content\/uploads\/2024\/01\/imagem-ilustrativa-da-vacina-contra-a-covid-19-causada-pelo-novo-coronavirus-1593723642503_v2_450x337.jpg","_links":{"self":[{"href":"https:\/\/portalnpm.com\/index.php\/wp-json\/wp\/v2\/posts\/54549"}],"collection":[{"href":"https:\/\/portalnpm.com\/index.php\/wp-json\/wp\/v2\/posts"}],"about":[{"href":"https:\/\/portalnpm.com\/index.php\/wp-json\/wp\/v2\/types\/post"}],"author":[{"embeddable":true,"href":"https:\/\/portalnpm.com\/index.php\/wp-json\/wp\/v2\/users\/2"}],"replies":[{"embeddable":true,"href":"https:\/\/portalnpm.com\/index.php\/wp-json\/wp\/v2\/comments?post=54549"}],"version-history":[{"count":0,"href":"https:\/\/portalnpm.com\/index.php\/wp-json\/wp\/v2\/posts\/54549\/revisions"}],"wp:featuredmedia":[{"embeddable":true,"href":"https:\/\/portalnpm.com\/index.php\/wp-json\/wp\/v2\/media\/54550"}],"wp:attachment":[{"href":"https:\/\/portalnpm.com\/index.php\/wp-json\/wp\/v2\/media?parent=54549"}],"wp:term":[{"taxonomy":"category","embeddable":true,"href":"https:\/\/portalnpm.com\/index.php\/wp-json\/wp\/v2\/categories?post=54549"},{"taxonomy":"post_tag","embeddable":true,"href":"https:\/\/portalnpm.com\/index.php\/wp-json\/wp\/v2\/tags?post=54549"}],"curies":[{"name":"wp","href":"https:\/\/api.w.org\/{rel}","templated":true}]}}