{"id":5468,"date":"2019-02-05T13:57:14","date_gmt":"2019-02-05T15:57:14","guid":{"rendered":"http:\/\/srv.portalnpm.com.br\/?p=5468"},"modified":"2019-02-05T13:57:14","modified_gmt":"2019-02-05T15:57:14","slug":"estreia-nesta-quinta-feira-dia-7-o-filme-eita-piula-ii-no-multicine-cinemas-do-picos-plaza-shopping","status":"publish","type":"post","link":"https:\/\/portalnpm.com\/index.php\/2019\/02\/05\/estreia-nesta-quinta-feira-dia-7-o-filme-eita-piula-ii-no-multicine-cinemas-do-picos-plaza-shopping\/","title":{"rendered":"Estreia nesta quinta-feira, dia 7, o Filme &#8220;Eita P\u00edula II&#8221; no Multicine  Cinemas do Picos Plaza Shopping"},"content":{"rendered":"<blockquote><p>A com\u00e9dia conta com um grande elenco da cidade de Picos e regi\u00e3o.<\/p>\n<p><img fetchpriority=\"high\" decoding=\"async\" class=\"alignnone size-medium wp-image-5469\" src=\"http:\/\/portalnpm.com.br\/wp-content\/uploads\/2019\/02\/IMG-20190205-WA0310-205x300.jpg\" alt=\"\" width=\"205\" height=\"300\" \/><\/p><\/blockquote>\n<p style=\"text-align: justify;\">O Filme picoense do renomado diretor, Fl\u00e1vio Guedes, foi produzido durante o m\u00eas de dezembro na cidade de Picos -PI, e \u00e9 a continuidade do &#8220;Eita P\u00edula I&#8221; que foi lan\u00e7ado em 2017.<\/p>\n<p style=\"text-align: justify;\">Este j\u00e1 \u00e9 o terceiro filme de Fl\u00e1vio Guedes no Cinema do Multicine, em fevereiro do ano passado, estava em cartaz com o Filme &#8220;O Pescador e o Rio&#8221; que esgotou todos os ingressos para a estreia e liderou em p\u00fablico nos demais dias de exibi\u00e7\u00e3o.<\/p>\n<p style=\"text-align: justify;\">O &#8220;Eita P\u00edula II&#8221; ficar\u00e1 em cartaz no Multicine do Picos Plaza Shopping de 7 a 13 de fevereiro, na sess\u00e3o de 20h30min.<\/p>\n<p><img decoding=\"async\" class=\"alignnone size-medium wp-image-5470\" src=\"http:\/\/portalnpm.com.br\/wp-content\/uploads\/2019\/02\/IMG-20190205-WA0332-300x169.jpg\" alt=\"\" width=\"300\" height=\"169\" \/><img decoding=\"async\" class=\"alignnone size-medium wp-image-5471\" src=\"http:\/\/portalnpm.com.br\/wp-content\/uploads\/2019\/02\/IMG-20190205-WA0331-300x169.jpg\" alt=\"\" width=\"300\" height=\"169\" \/><img loading=\"lazy\" decoding=\"async\" class=\"alignnone size-medium wp-image-5472\" src=\"http:\/\/portalnpm.com.br\/wp-content\/uploads\/2019\/02\/IMG-20190205-WA0330-300x169.jpg\" alt=\"\" width=\"300\" height=\"169\" \/><img loading=\"lazy\" decoding=\"async\" class=\"alignnone size-medium wp-image-5473\" src=\"http:\/\/portalnpm.com.br\/wp-content\/uploads\/2019\/02\/IMG-20190205-WA0329-300x169.jpg\" alt=\"\" width=\"300\" height=\"169\" \/><img loading=\"lazy\" decoding=\"async\" class=\"alignnone size-medium wp-image-5474\" src=\"http:\/\/portalnpm.com.br\/wp-content\/uploads\/2019\/02\/IMG-20190205-WA0328-300x169.jpg\" alt=\"\" width=\"300\" height=\"169\" \/><img loading=\"lazy\" decoding=\"async\" class=\"alignnone size-medium wp-image-5475\" src=\"http:\/\/portalnpm.com.br\/wp-content\/uploads\/2019\/02\/IMG-20190205-WA0327-300x169.jpg\" alt=\"\" width=\"300\" height=\"169\" \/><\/p>\n<p><strong>Texto: Samuel Nascimento, Reda\u00e7\u00e3o do Portal NPM\u00a0<\/strong><\/p>\n","protected":false},"excerpt":{"rendered":"<p>A com\u00e9dia conta com um grande elenco da cidade de Picos e regi\u00e3o. O Filme picoense do renomado diretor, Fl\u00e1vio Guedes, foi produzido durante o m\u00eas de dezembro na cidade de Picos -PI, e \u00e9 a continuidade do &#8220;Eita P\u00edula I&#8221; que foi lan\u00e7ado em 2017. Este j\u00e1 \u00e9 o terceiro filme de Fl\u00e1vio Guedes &hellip;<\/p>\n","protected":false},"author":3,"featured_media":5477,"comment_status":"open","ping_status":"open","sticky":false,"template":"","format":"standard","meta":{"content-type":"","rop_custom_images_group":[],"rop_custom_messages_group":[],"rop_publish_now":"initial","rop_publish_now_accounts":{"facebook_2648258775420054_1618374048415101":""},"rop_publish_now_history":[],"rop_publish_now_status":"pending","footnotes":"","_jetpack_memberships_contains_paid_content":false},"categories":[147],"tags":[2154,2025,2155],"yoast_head":"<!-- This site is optimized with the Yoast SEO plugin v22.3 - https:\/\/yoast.com\/wordpress\/plugins\/seo\/ -->\n<title>Estreia nesta quinta-feira, dia 7, o Filme &quot;Eita P\u00edula II&quot; no Multicine Cinemas do Picos Plaza Shopping - Portal NPM<\/title>\n<meta name=\"robots\" content=\"index, follow, max-snippet:-1, max-image-preview:large, max-video-preview:-1\" \/>\n<link rel=\"canonical\" href=\"https:\/\/portalnpm.com\/index.php\/2019\/02\/05\/estreia-nesta-quinta-feira-dia-7-o-filme-eita-piula-ii-no-multicine-cinemas-do-picos-plaza-shopping\/\" \/>\n<meta property=\"og:locale\" content=\"pt_BR\" \/>\n<meta property=\"og:type\" content=\"article\" \/>\n<meta property=\"og:title\" content=\"Estreia nesta quinta-feira, dia 7, o Filme &quot;Eita P\u00edula II&quot; no Multicine Cinemas do Picos Plaza Shopping - Portal NPM\" \/>\n<meta property=\"og:description\" content=\"A com\u00e9dia conta com um grande elenco da cidade de Picos e regi\u00e3o. O Filme picoense do renomado diretor, Fl\u00e1vio Guedes, foi produzido durante o m\u00eas de dezembro na cidade de Picos -PI, e \u00e9 a continuidade do &#8220;Eita P\u00edula I&#8221; que foi lan\u00e7ado em 2017. Este j\u00e1 \u00e9 o terceiro filme de Fl\u00e1vio Guedes &hellip;\" \/>\n<meta property=\"og:url\" content=\"https:\/\/portalnpm.com\/index.php\/2019\/02\/05\/estreia-nesta-quinta-feira-dia-7-o-filme-eita-piula-ii-no-multicine-cinemas-do-picos-plaza-shopping\/\" \/>\n<meta property=\"og:site_name\" content=\"Portal NPM\" \/>\n<meta property=\"article:published_time\" content=\"2019-02-05T15:57:14+00:00\" \/>\n<meta name=\"author\" content=\"Luis Alberto\" \/>\n<meta name=\"twitter:card\" content=\"summary_large_image\" \/>\n<meta name=\"twitter:label1\" content=\"Escrito por\" \/>\n\t<meta name=\"twitter:data1\" content=\"Luis Alberto\" \/>\n\t<meta name=\"twitter:label2\" content=\"Est. tempo de leitura\" \/>\n\t<meta name=\"twitter:data2\" content=\"1 minuto\" \/>\n<script type=\"application\/ld+json\" class=\"yoast-schema-graph\">{\"@context\":\"https:\/\/schema.org\",\"@graph\":[{\"@type\":\"WebPage\",\"@id\":\"https:\/\/portalnpm.com\/index.php\/2019\/02\/05\/estreia-nesta-quinta-feira-dia-7-o-filme-eita-piula-ii-no-multicine-cinemas-do-picos-plaza-shopping\/\",\"url\":\"https:\/\/portalnpm.com\/index.php\/2019\/02\/05\/estreia-nesta-quinta-feira-dia-7-o-filme-eita-piula-ii-no-multicine-cinemas-do-picos-plaza-shopping\/\",\"name\":\"Estreia nesta quinta-feira, dia 7, o Filme \\\"Eita P\u00edula II\\\" no Multicine Cinemas do Picos Plaza Shopping - Portal NPM\",\"isPartOf\":{\"@id\":\"https:\/\/portalnpm.com\/#website\"},\"primaryImageOfPage\":{\"@id\":\"https:\/\/portalnpm.com\/index.php\/2019\/02\/05\/estreia-nesta-quinta-feira-dia-7-o-filme-eita-piula-ii-no-multicine-cinemas-do-picos-plaza-shopping\/#primaryimage\"},\"image\":{\"@id\":\"https:\/\/portalnpm.com\/index.php\/2019\/02\/05\/estreia-nesta-quinta-feira-dia-7-o-filme-eita-piula-ii-no-multicine-cinemas-do-picos-plaza-shopping\/#primaryimage\"},\"thumbnailUrl\":\"\",\"datePublished\":\"2019-02-05T15:57:14+00:00\",\"dateModified\":\"2019-02-05T15:57:14+00:00\",\"author\":{\"@id\":\"https:\/\/portalnpm.com\/#\/schema\/person\/5c8006acdf71774cd4e7a5ab98482152\"},\"breadcrumb\":{\"@id\":\"https:\/\/portalnpm.com\/index.php\/2019\/02\/05\/estreia-nesta-quinta-feira-dia-7-o-filme-eita-piula-ii-no-multicine-cinemas-do-picos-plaza-shopping\/#breadcrumb\"},\"inLanguage\":\"pt-BR\",\"potentialAction\":[{\"@type\":\"ReadAction\",\"target\":[\"https:\/\/portalnpm.com\/index.php\/2019\/02\/05\/estreia-nesta-quinta-feira-dia-7-o-filme-eita-piula-ii-no-multicine-cinemas-do-picos-plaza-shopping\/\"]}]},{\"@type\":\"ImageObject\",\"inLanguage\":\"pt-BR\",\"@id\":\"https:\/\/portalnpm.com\/index.php\/2019\/02\/05\/estreia-nesta-quinta-feira-dia-7-o-filme-eita-piula-ii-no-multicine-cinemas-do-picos-plaza-shopping\/#primaryimage\",\"url\":\"\",\"contentUrl\":\"\"},{\"@type\":\"BreadcrumbList\",\"@id\":\"https:\/\/portalnpm.com\/index.php\/2019\/02\/05\/estreia-nesta-quinta-feira-dia-7-o-filme-eita-piula-ii-no-multicine-cinemas-do-picos-plaza-shopping\/#breadcrumb\",\"itemListElement\":[{\"@type\":\"ListItem\",\"position\":1,\"name\":\"In\u00edcio\",\"item\":\"https:\/\/portalnpm.com\/\"},{\"@type\":\"ListItem\",\"position\":2,\"name\":\"Estreia nesta quinta-feira, dia 7, o Filme &#8220;Eita P\u00edula II&#8221; no Multicine Cinemas do Picos Plaza Shopping\"}]},{\"@type\":\"WebSite\",\"@id\":\"https:\/\/portalnpm.com\/#website\",\"url\":\"https:\/\/portalnpm.com\/\",\"name\":\"Portal NPM\",\"description\":\"Not\u00edcias em Primeira M\u00e3o\",\"potentialAction\":[{\"@type\":\"SearchAction\",\"target\":{\"@type\":\"EntryPoint\",\"urlTemplate\":\"https:\/\/portalnpm.com\/?s={search_term_string}\"},\"query-input\":\"required name=search_term_string\"}],\"inLanguage\":\"pt-BR\"},{\"@type\":\"Person\",\"@id\":\"https:\/\/portalnpm.com\/#\/schema\/person\/5c8006acdf71774cd4e7a5ab98482152\",\"name\":\"Luis Alberto\",\"image\":{\"@type\":\"ImageObject\",\"inLanguage\":\"pt-BR\",\"@id\":\"https:\/\/portalnpm.com\/#\/schema\/person\/image\/\",\"url\":\"https:\/\/portalnpm.com\/wp-content\/uploads\/2024\/12\/avatar_user_3_1734699769-96x96.jpeg\",\"contentUrl\":\"https:\/\/portalnpm.com\/wp-content\/uploads\/2024\/12\/avatar_user_3_1734699769-96x96.jpeg\",\"caption\":\"Luis Alberto\"},\"description\":\"Editor-geral do Portal NPM, \u00e9 formado como T\u00e9cnico em Seguran\u00e7a do Trabalho pela Escola Metropolitana de Cursos T\u00e9cnicos. Det\u00e9m ainda licenciatura em Educa\u00e7\u00e3o F\u00edsica e bacharelado em Ci\u00eancias Pol\u00edticas, ambos obtidos pela institui\u00e7\u00e3o Anhanguera\/UNOPAR.\",\"url\":\"https:\/\/portalnpm.com\/index.php\/author\/pereira\/\"}]}<\/script>\n<!-- \/ Yoast SEO plugin. -->","yoast_head_json":{"title":"Estreia nesta quinta-feira, dia 7, o Filme \"Eita P\u00edula II\" no Multicine Cinemas do Picos Plaza Shopping - Portal NPM","robots":{"index":"index","follow":"follow","max-snippet":"max-snippet:-1","max-image-preview":"max-image-preview:large","max-video-preview":"max-video-preview:-1"},"canonical":"https:\/\/portalnpm.com\/index.php\/2019\/02\/05\/estreia-nesta-quinta-feira-dia-7-o-filme-eita-piula-ii-no-multicine-cinemas-do-picos-plaza-shopping\/","og_locale":"pt_BR","og_type":"article","og_title":"Estreia nesta quinta-feira, dia 7, o Filme \"Eita P\u00edula II\" no Multicine Cinemas do Picos Plaza Shopping - Portal NPM","og_description":"A com\u00e9dia conta com um grande elenco da cidade de Picos e regi\u00e3o. O Filme picoense do renomado diretor, Fl\u00e1vio Guedes, foi produzido durante o m\u00eas de dezembro na cidade de Picos -PI, e \u00e9 a continuidade do &#8220;Eita P\u00edula I&#8221; que foi lan\u00e7ado em 2017. Este j\u00e1 \u00e9 o terceiro filme de Fl\u00e1vio Guedes &hellip;","og_url":"https:\/\/portalnpm.com\/index.php\/2019\/02\/05\/estreia-nesta-quinta-feira-dia-7-o-filme-eita-piula-ii-no-multicine-cinemas-do-picos-plaza-shopping\/","og_site_name":"Portal NPM","article_published_time":"2019-02-05T15:57:14+00:00","author":"Luis Alberto","twitter_card":"summary_large_image","twitter_misc":{"Escrito por":"Luis Alberto","Est. tempo de leitura":"1 minuto"},"schema":{"@context":"https:\/\/schema.org","@graph":[{"@type":"WebPage","@id":"https:\/\/portalnpm.com\/index.php\/2019\/02\/05\/estreia-nesta-quinta-feira-dia-7-o-filme-eita-piula-ii-no-multicine-cinemas-do-picos-plaza-shopping\/","url":"https:\/\/portalnpm.com\/index.php\/2019\/02\/05\/estreia-nesta-quinta-feira-dia-7-o-filme-eita-piula-ii-no-multicine-cinemas-do-picos-plaza-shopping\/","name":"Estreia nesta quinta-feira, dia 7, o Filme \"Eita P\u00edula II\" no Multicine Cinemas do Picos Plaza Shopping - Portal NPM","isPartOf":{"@id":"https:\/\/portalnpm.com\/#website"},"primaryImageOfPage":{"@id":"https:\/\/portalnpm.com\/index.php\/2019\/02\/05\/estreia-nesta-quinta-feira-dia-7-o-filme-eita-piula-ii-no-multicine-cinemas-do-picos-plaza-shopping\/#primaryimage"},"image":{"@id":"https:\/\/portalnpm.com\/index.php\/2019\/02\/05\/estreia-nesta-quinta-feira-dia-7-o-filme-eita-piula-ii-no-multicine-cinemas-do-picos-plaza-shopping\/#primaryimage"},"thumbnailUrl":"","datePublished":"2019-02-05T15:57:14+00:00","dateModified":"2019-02-05T15:57:14+00:00","author":{"@id":"https:\/\/portalnpm.com\/#\/schema\/person\/5c8006acdf71774cd4e7a5ab98482152"},"breadcrumb":{"@id":"https:\/\/portalnpm.com\/index.php\/2019\/02\/05\/estreia-nesta-quinta-feira-dia-7-o-filme-eita-piula-ii-no-multicine-cinemas-do-picos-plaza-shopping\/#breadcrumb"},"inLanguage":"pt-BR","potentialAction":[{"@type":"ReadAction","target":["https:\/\/portalnpm.com\/index.php\/2019\/02\/05\/estreia-nesta-quinta-feira-dia-7-o-filme-eita-piula-ii-no-multicine-cinemas-do-picos-plaza-shopping\/"]}]},{"@type":"ImageObject","inLanguage":"pt-BR","@id":"https:\/\/portalnpm.com\/index.php\/2019\/02\/05\/estreia-nesta-quinta-feira-dia-7-o-filme-eita-piula-ii-no-multicine-cinemas-do-picos-plaza-shopping\/#primaryimage","url":"","contentUrl":""},{"@type":"BreadcrumbList","@id":"https:\/\/portalnpm.com\/index.php\/2019\/02\/05\/estreia-nesta-quinta-feira-dia-7-o-filme-eita-piula-ii-no-multicine-cinemas-do-picos-plaza-shopping\/#breadcrumb","itemListElement":[{"@type":"ListItem","position":1,"name":"In\u00edcio","item":"https:\/\/portalnpm.com\/"},{"@type":"ListItem","position":2,"name":"Estreia nesta quinta-feira, dia 7, o Filme &#8220;Eita P\u00edula II&#8221; no Multicine Cinemas do Picos Plaza Shopping"}]},{"@type":"WebSite","@id":"https:\/\/portalnpm.com\/#website","url":"https:\/\/portalnpm.com\/","name":"Portal NPM","description":"Not\u00edcias em Primeira M\u00e3o","potentialAction":[{"@type":"SearchAction","target":{"@type":"EntryPoint","urlTemplate":"https:\/\/portalnpm.com\/?s={search_term_string}"},"query-input":"required name=search_term_string"}],"inLanguage":"pt-BR"},{"@type":"Person","@id":"https:\/\/portalnpm.com\/#\/schema\/person\/5c8006acdf71774cd4e7a5ab98482152","name":"Luis Alberto","image":{"@type":"ImageObject","inLanguage":"pt-BR","@id":"https:\/\/portalnpm.com\/#\/schema\/person\/image\/","url":"https:\/\/portalnpm.com\/wp-content\/uploads\/2024\/12\/avatar_user_3_1734699769-96x96.jpeg","contentUrl":"https:\/\/portalnpm.com\/wp-content\/uploads\/2024\/12\/avatar_user_3_1734699769-96x96.jpeg","caption":"Luis Alberto"},"description":"Editor-geral do Portal NPM, \u00e9 formado como T\u00e9cnico em Seguran\u00e7a do Trabalho pela Escola Metropolitana de Cursos T\u00e9cnicos. Det\u00e9m ainda licenciatura em Educa\u00e7\u00e3o F\u00edsica e bacharelado em Ci\u00eancias Pol\u00edticas, ambos obtidos pela institui\u00e7\u00e3o Anhanguera\/UNOPAR.","url":"https:\/\/portalnpm.com\/index.php\/author\/pereira\/"}]}},"jetpack_sharing_enabled":true,"jetpack_featured_media_url":"","_links":{"self":[{"href":"https:\/\/portalnpm.com\/index.php\/wp-json\/wp\/v2\/posts\/5468"}],"collection":[{"href":"https:\/\/portalnpm.com\/index.php\/wp-json\/wp\/v2\/posts"}],"about":[{"href":"https:\/\/portalnpm.com\/index.php\/wp-json\/wp\/v2\/types\/post"}],"author":[{"embeddable":true,"href":"https:\/\/portalnpm.com\/index.php\/wp-json\/wp\/v2\/users\/3"}],"replies":[{"embeddable":true,"href":"https:\/\/portalnpm.com\/index.php\/wp-json\/wp\/v2\/comments?post=5468"}],"version-history":[{"count":0,"href":"https:\/\/portalnpm.com\/index.php\/wp-json\/wp\/v2\/posts\/5468\/revisions"}],"wp:featuredmedia":[{"embeddable":true,"href":"https:\/\/portalnpm.com\/index.php\/wp-json\/"}],"wp:attachment":[{"href":"https:\/\/portalnpm.com\/index.php\/wp-json\/wp\/v2\/media?parent=5468"}],"wp:term":[{"taxonomy":"category","embeddable":true,"href":"https:\/\/portalnpm.com\/index.php\/wp-json\/wp\/v2\/categories?post=5468"},{"taxonomy":"post_tag","embeddable":true,"href":"https:\/\/portalnpm.com\/index.php\/wp-json\/wp\/v2\/tags?post=5468"}],"curies":[{"name":"wp","href":"https:\/\/api.w.org\/{rel}","templated":true}]}}