{"id":54879,"date":"2020-07-14T16:23:53","date_gmt":"2020-07-14T19:23:53","guid":{"rendered":"https:\/\/portalnpm.com\/index.php\/2020\/07\/14\/picos-jorge-madeira-deixa-o-pcdob-e-declara-apoio-a-hugo-victor\/"},"modified":"2020-07-14T16:23:53","modified_gmt":"2020-07-14T19:23:53","slug":"picos-jorge-madeira-deixa-o-pcdob-e-declara-apoio-a-hugo-victor","status":"publish","type":"post","link":"https:\/\/portalnpm.com\/index.php\/2020\/07\/14\/picos-jorge-madeira-deixa-o-pcdob-e-declara-apoio-a-hugo-victor\/","title":{"rendered":"PICOS | Jorge Madeira deixa o PCdoB e declara apoio a Hugo Victor"},"content":{"rendered":"<p style=\"text-align: justify;\">O suplente de vereador e Policial Rodovi\u00e1rio Federal, Jorge Madeira, anunciou nesta ter\u00e7a-feira (14\/07) sua desist\u00eancia de disputar uma cadeira na C\u00e2mara Municipal de Picos (CMP). At\u00e9 ent\u00e3o, ele era pr\u00e9-candidato vereador pelo Partido Comunista do Brasil (PCdoB).<\/p>\n<p style=\"text-align: justify;\">\n<p style=\"text-align: justify;\">Ap\u00f3s ouvir a fam\u00edlia e manter di\u00e1logos com o vereador Hugo Victor (MDB), Jorge Madeira decidiu deixar o PCdoB e declarar apoio \u00e0 reelei\u00e7\u00e3o do presidente da C\u00e2mara Municipal. O suplente alegou que n\u00e3o conseguiu os apoios necess\u00e1rios para viabilizar uma candidatura competitiva, visto que nestas elei\u00e7\u00f5es n\u00e3o haver\u00e1 coliga\u00e7\u00f5es proporcionais.<\/p>\n<p style=\"text-align: justify;\">\u201cN\u00e3o tive como manter meu nome com uma base de apoio s\u00f3lida que ajudasse a construir uma candidatura forte, no sentindo de manter competitivo para disputa. Refletir bem com toda fam\u00edlia e decidi desisti da candidatura e apoiar o nome do vereador Hugo Victor a reelei\u00e7\u00e3o que \u00e9 um parlamentar atuante com experi\u00eancia de tr\u00eas mandatos no legislativo municipal. Ap\u00f3s conversas comigo, com meus apoiadores e amigos assumimos o compromisso com as causas de mobilidade urbana, seguran\u00e7a, prote\u00e7\u00e3o animal e defesa do servidor p\u00fablico\u201d, afirmou.<\/p>\n<p style=\"text-align: justify;\">O presidente do diret\u00f3rio municipal, Edilberto Cirilo, foi comunicado no s\u00e1bado sobre a decis\u00e3o de Jorge Madeira que garante que sua desist\u00eancia da disputa seguida da sa\u00edda do PCdoB acontece de forma amig\u00e1vel e consensual. \u201cDeixei apenas amigos no PCdoB. O tempo que estive no partido foi de muito aprendizado e crescimento pessoal,\u201d destacou.<\/p>\n<p style=\"text-align: justify;\">Madeira ainda reafirmou o seu apoio ao nome do empres\u00e1rio Araujinho para sucess\u00e3o municipal. \u201cAproveito para afirmar meu total e incondicional apoio a pr\u00e9-candidatura a prefeito de Picos, Araujinho, homem empreendedor, com muita experi\u00eancia de vida e de mundo e que tem muito a contribuir com o crescimento e desenvolvimento da cidade de Picos,\u201d disse.<\/p>\n<p style=\"text-align: justify;\">O vereador Hugo Victor, que recentemente recebeu o apoio de lideran\u00e7as que representam 45% dos membros do Diret\u00f3rio Municipal do Partido dos Trabalhadores (PT), disse que o apoio dos \u201ccamaradas\u201d aumenta a responsabilidade e o compromisso com as bandeiras defendidas pelos novos apoiadores.<\/p>\n<p style=\"text-align: justify;\">\u201cEstamos nos juntando, somando for\u00e7as, para que possamos unidos contribuir com o desenvolvimento da cidade de Picos, contribuir com a popula\u00e7\u00e3o, priorizando aqueles mais necessitados. Minha responsabilidade s\u00f3 aumenta tendo o apoio do suplente de vereador Jorge Madeira, do advogado Giovani Madeira, de seus familiares e de sua base de apoio. Com estes apoios vamos trabalhar forte, unidos por uma Picos melhor e trabalhando para eleger o pr\u00e9-candidato a prefeito Araujinho e o pr\u00e9-candidato a vice Gutenberg Rocha\u201d, disse Hugo Victor.<\/p>\n<p style=\"text-align: justify;\">Desempenho eleitoral<\/p>\n<p style=\"text-align: justify;\">O Policial Rodovi\u00e1rio Federal, Jorge Luiz Neiva Santos Madeira Martins, de 36 anos, foi candidato a uma cadeira na C\u00e2mara Municipal de Picos (CMP) nas elei\u00e7\u00f5es municipais de 2016 pela Coliga\u00e7\u00e3o \u201cJuntos Para Continuar Crescendo\u201d, formada pelas siglas PDT, PSL, PTC, PSDB, PPL, PMN e PC do B, ficando no 36\u00ba lugar, conquistando 322 votos, correspondente a 0,75% dos votos.<\/p>\n<p style=\"text-align: justify;\">Fonte: Webpiaui<\/p>\n","protected":false},"excerpt":{"rendered":"<p>O suplente de vereador e Policial Rodovi\u00e1rio Federal, Jorge Madeira, anunciou nesta ter\u00e7a-feira (14\/07) sua desist\u00eancia de disputar uma cadeira na C\u00e2mara Municipal de Picos (CMP). At\u00e9 ent\u00e3o, ele era pr\u00e9-candidato vereador pelo Partido Comunista do Brasil (PCdoB). Ap\u00f3s ouvir a fam\u00edlia e manter di\u00e1logos com o vereador Hugo Victor (MDB), Jorge Madeira decidiu deixar &hellip;<\/p>\n","protected":false},"author":2,"featured_media":54880,"comment_status":"open","ping_status":"open","sticky":false,"template":"","format":"standard","meta":{"content-type":"","rop_custom_images_group":[],"rop_custom_messages_group":[],"rop_publish_now":"initial","rop_publish_now_accounts":{"facebook_2648258775420054_1618374048415101":""},"rop_publish_now_history":[],"rop_publish_now_status":"pending","footnotes":"","_jetpack_memberships_contains_paid_content":false},"categories":[109,127],"tags":[576,2568,894,2364,5109,1995,128],"yoast_head":"<!-- This site is optimized with the Yoast SEO plugin v22.3 - https:\/\/yoast.com\/wordpress\/plugins\/seo\/ -->\n<title>PICOS | Jorge Madeira deixa o PCdoB e declara apoio a Hugo Victor<\/title>\n<meta name=\"robots\" content=\"index, follow, max-snippet:-1, max-image-preview:large, max-video-preview:-1\" \/>\n<link rel=\"canonical\" href=\"https:\/\/portalnpm.com\/index.php\/2020\/07\/14\/picos-jorge-madeira-deixa-o-pcdob-e-declara-apoio-a-hugo-victor\/\" \/>\n<meta property=\"og:locale\" content=\"pt_BR\" \/>\n<meta property=\"og:type\" content=\"article\" \/>\n<meta property=\"og:title\" content=\"PICOS | Jorge Madeira deixa o PCdoB e declara apoio a Hugo Victor\" \/>\n<meta property=\"og:description\" content=\"O suplente de vereador e Policial Rodovi\u00e1rio Federal, Jorge Madeira, anunciou nesta ter\u00e7a-feira (14\/07) sua desist\u00eancia de disputar uma cadeira na C\u00e2mara Municipal de Picos (CMP). At\u00e9 ent\u00e3o, ele era pr\u00e9-candidato vereador pelo Partido Comunista do Brasil (PCdoB). Ap\u00f3s ouvir a fam\u00edlia e manter di\u00e1logos com o vereador Hugo Victor (MDB), Jorge Madeira decidiu deixar &hellip;\" \/>\n<meta property=\"og:url\" content=\"https:\/\/portalnpm.com\/index.php\/2020\/07\/14\/picos-jorge-madeira-deixa-o-pcdob-e-declara-apoio-a-hugo-victor\/\" \/>\n<meta property=\"og:site_name\" content=\"Portal NPM\" \/>\n<meta property=\"article:published_time\" content=\"2020-07-14T19:23:53+00:00\" \/>\n<meta property=\"og:image\" content=\"https:\/\/portalnpm.com\/wp-content\/uploads\/2024\/01\/f75395776c3fdda281d85bd24173.jpg\" \/>\n\t<meta property=\"og:image:width\" content=\"800\" \/>\n\t<meta property=\"og:image:height\" content=\"600\" \/>\n\t<meta property=\"og:image:type\" content=\"image\/jpeg\" \/>\n<meta name=\"author\" content=\"Genival Barbosa\" \/>\n<meta name=\"twitter:card\" content=\"summary_large_image\" \/>\n<meta name=\"twitter:label1\" content=\"Escrito por\" \/>\n\t<meta name=\"twitter:data1\" content=\"Genival Barbosa\" \/>\n\t<meta name=\"twitter:label2\" content=\"Est. tempo de leitura\" \/>\n\t<meta name=\"twitter:data2\" content=\"3 minutos\" \/>\n<script type=\"application\/ld+json\" class=\"yoast-schema-graph\">{\"@context\":\"https:\/\/schema.org\",\"@graph\":[{\"@type\":\"WebPage\",\"@id\":\"https:\/\/portalnpm.com\/index.php\/2020\/07\/14\/picos-jorge-madeira-deixa-o-pcdob-e-declara-apoio-a-hugo-victor\/\",\"url\":\"https:\/\/portalnpm.com\/index.php\/2020\/07\/14\/picos-jorge-madeira-deixa-o-pcdob-e-declara-apoio-a-hugo-victor\/\",\"name\":\"PICOS | Jorge Madeira deixa o PCdoB e declara apoio a Hugo Victor\",\"isPartOf\":{\"@id\":\"https:\/\/portalnpm.com\/#website\"},\"primaryImageOfPage\":{\"@id\":\"https:\/\/portalnpm.com\/index.php\/2020\/07\/14\/picos-jorge-madeira-deixa-o-pcdob-e-declara-apoio-a-hugo-victor\/#primaryimage\"},\"image\":{\"@id\":\"https:\/\/portalnpm.com\/index.php\/2020\/07\/14\/picos-jorge-madeira-deixa-o-pcdob-e-declara-apoio-a-hugo-victor\/#primaryimage\"},\"thumbnailUrl\":\"https:\/\/portalnpm.com\/wp-content\/uploads\/2024\/01\/f75395776c3fdda281d85bd24173.jpg\",\"datePublished\":\"2020-07-14T19:23:53+00:00\",\"dateModified\":\"2020-07-14T19:23:53+00:00\",\"author\":{\"@id\":\"https:\/\/portalnpm.com\/#\/schema\/person\/49313e563cfdefcc167f1ee4c017c294\"},\"breadcrumb\":{\"@id\":\"https:\/\/portalnpm.com\/index.php\/2020\/07\/14\/picos-jorge-madeira-deixa-o-pcdob-e-declara-apoio-a-hugo-victor\/#breadcrumb\"},\"inLanguage\":\"pt-BR\",\"potentialAction\":[{\"@type\":\"ReadAction\",\"target\":[\"https:\/\/portalnpm.com\/index.php\/2020\/07\/14\/picos-jorge-madeira-deixa-o-pcdob-e-declara-apoio-a-hugo-victor\/\"]}]},{\"@type\":\"ImageObject\",\"inLanguage\":\"pt-BR\",\"@id\":\"https:\/\/portalnpm.com\/index.php\/2020\/07\/14\/picos-jorge-madeira-deixa-o-pcdob-e-declara-apoio-a-hugo-victor\/#primaryimage\",\"url\":\"https:\/\/portalnpm.com\/wp-content\/uploads\/2024\/01\/f75395776c3fdda281d85bd24173.jpg\",\"contentUrl\":\"https:\/\/portalnpm.com\/wp-content\/uploads\/2024\/01\/f75395776c3fdda281d85bd24173.jpg\",\"width\":800,\"height\":600},{\"@type\":\"BreadcrumbList\",\"@id\":\"https:\/\/portalnpm.com\/index.php\/2020\/07\/14\/picos-jorge-madeira-deixa-o-pcdob-e-declara-apoio-a-hugo-victor\/#breadcrumb\",\"itemListElement\":[{\"@type\":\"ListItem\",\"position\":1,\"name\":\"In\u00edcio\",\"item\":\"https:\/\/portalnpm.com\/\"},{\"@type\":\"ListItem\",\"position\":2,\"name\":\"PICOS | Jorge Madeira deixa o PCdoB e declara apoio a Hugo Victor\"}]},{\"@type\":\"WebSite\",\"@id\":\"https:\/\/portalnpm.com\/#website\",\"url\":\"https:\/\/portalnpm.com\/\",\"name\":\"Portal NPM\",\"description\":\"Not\u00edcias em Primeira M\u00e3o\",\"potentialAction\":[{\"@type\":\"SearchAction\",\"target\":{\"@type\":\"EntryPoint\",\"urlTemplate\":\"https:\/\/portalnpm.com\/?s={search_term_string}\"},\"query-input\":\"required name=search_term_string\"}],\"inLanguage\":\"pt-BR\"},{\"@type\":\"Person\",\"@id\":\"https:\/\/portalnpm.com\/#\/schema\/person\/49313e563cfdefcc167f1ee4c017c294\",\"name\":\"Genival Barbosa\",\"image\":{\"@type\":\"ImageObject\",\"inLanguage\":\"pt-BR\",\"@id\":\"https:\/\/portalnpm.com\/#\/schema\/person\/image\/\",\"url\":\"https:\/\/portalnpm.com\/wp-content\/uploads\/2024\/02\/avatar_user_2_1707743258-96x96.jpeg\",\"contentUrl\":\"https:\/\/portalnpm.com\/wp-content\/uploads\/2024\/02\/avatar_user_2_1707743258-96x96.jpeg\",\"caption\":\"Genival Barbosa\"},\"url\":\"https:\/\/portalnpm.com\/index.php\/author\/genival\/\"}]}<\/script>\n<!-- \/ Yoast SEO plugin. -->","yoast_head_json":{"title":"PICOS | Jorge Madeira deixa o PCdoB e declara apoio a Hugo Victor","robots":{"index":"index","follow":"follow","max-snippet":"max-snippet:-1","max-image-preview":"max-image-preview:large","max-video-preview":"max-video-preview:-1"},"canonical":"https:\/\/portalnpm.com\/index.php\/2020\/07\/14\/picos-jorge-madeira-deixa-o-pcdob-e-declara-apoio-a-hugo-victor\/","og_locale":"pt_BR","og_type":"article","og_title":"PICOS | Jorge Madeira deixa o PCdoB e declara apoio a Hugo Victor","og_description":"O suplente de vereador e Policial Rodovi\u00e1rio Federal, Jorge Madeira, anunciou nesta ter\u00e7a-feira (14\/07) sua desist\u00eancia de disputar uma cadeira na C\u00e2mara Municipal de Picos (CMP). At\u00e9 ent\u00e3o, ele era pr\u00e9-candidato vereador pelo Partido Comunista do Brasil (PCdoB). Ap\u00f3s ouvir a fam\u00edlia e manter di\u00e1logos com o vereador Hugo Victor (MDB), Jorge Madeira decidiu deixar &hellip;","og_url":"https:\/\/portalnpm.com\/index.php\/2020\/07\/14\/picos-jorge-madeira-deixa-o-pcdob-e-declara-apoio-a-hugo-victor\/","og_site_name":"Portal NPM","article_published_time":"2020-07-14T19:23:53+00:00","og_image":[{"width":800,"height":600,"url":"https:\/\/portalnpm.com\/wp-content\/uploads\/2024\/01\/f75395776c3fdda281d85bd24173.jpg","type":"image\/jpeg"}],"author":"Genival Barbosa","twitter_card":"summary_large_image","twitter_misc":{"Escrito por":"Genival Barbosa","Est. tempo de leitura":"3 minutos"},"schema":{"@context":"https:\/\/schema.org","@graph":[{"@type":"WebPage","@id":"https:\/\/portalnpm.com\/index.php\/2020\/07\/14\/picos-jorge-madeira-deixa-o-pcdob-e-declara-apoio-a-hugo-victor\/","url":"https:\/\/portalnpm.com\/index.php\/2020\/07\/14\/picos-jorge-madeira-deixa-o-pcdob-e-declara-apoio-a-hugo-victor\/","name":"PICOS | Jorge Madeira deixa o PCdoB e declara apoio a Hugo Victor","isPartOf":{"@id":"https:\/\/portalnpm.com\/#website"},"primaryImageOfPage":{"@id":"https:\/\/portalnpm.com\/index.php\/2020\/07\/14\/picos-jorge-madeira-deixa-o-pcdob-e-declara-apoio-a-hugo-victor\/#primaryimage"},"image":{"@id":"https:\/\/portalnpm.com\/index.php\/2020\/07\/14\/picos-jorge-madeira-deixa-o-pcdob-e-declara-apoio-a-hugo-victor\/#primaryimage"},"thumbnailUrl":"https:\/\/portalnpm.com\/wp-content\/uploads\/2024\/01\/f75395776c3fdda281d85bd24173.jpg","datePublished":"2020-07-14T19:23:53+00:00","dateModified":"2020-07-14T19:23:53+00:00","author":{"@id":"https:\/\/portalnpm.com\/#\/schema\/person\/49313e563cfdefcc167f1ee4c017c294"},"breadcrumb":{"@id":"https:\/\/portalnpm.com\/index.php\/2020\/07\/14\/picos-jorge-madeira-deixa-o-pcdob-e-declara-apoio-a-hugo-victor\/#breadcrumb"},"inLanguage":"pt-BR","potentialAction":[{"@type":"ReadAction","target":["https:\/\/portalnpm.com\/index.php\/2020\/07\/14\/picos-jorge-madeira-deixa-o-pcdob-e-declara-apoio-a-hugo-victor\/"]}]},{"@type":"ImageObject","inLanguage":"pt-BR","@id":"https:\/\/portalnpm.com\/index.php\/2020\/07\/14\/picos-jorge-madeira-deixa-o-pcdob-e-declara-apoio-a-hugo-victor\/#primaryimage","url":"https:\/\/portalnpm.com\/wp-content\/uploads\/2024\/01\/f75395776c3fdda281d85bd24173.jpg","contentUrl":"https:\/\/portalnpm.com\/wp-content\/uploads\/2024\/01\/f75395776c3fdda281d85bd24173.jpg","width":800,"height":600},{"@type":"BreadcrumbList","@id":"https:\/\/portalnpm.com\/index.php\/2020\/07\/14\/picos-jorge-madeira-deixa-o-pcdob-e-declara-apoio-a-hugo-victor\/#breadcrumb","itemListElement":[{"@type":"ListItem","position":1,"name":"In\u00edcio","item":"https:\/\/portalnpm.com\/"},{"@type":"ListItem","position":2,"name":"PICOS | Jorge Madeira deixa o PCdoB e declara apoio a Hugo Victor"}]},{"@type":"WebSite","@id":"https:\/\/portalnpm.com\/#website","url":"https:\/\/portalnpm.com\/","name":"Portal NPM","description":"Not\u00edcias em Primeira M\u00e3o","potentialAction":[{"@type":"SearchAction","target":{"@type":"EntryPoint","urlTemplate":"https:\/\/portalnpm.com\/?s={search_term_string}"},"query-input":"required name=search_term_string"}],"inLanguage":"pt-BR"},{"@type":"Person","@id":"https:\/\/portalnpm.com\/#\/schema\/person\/49313e563cfdefcc167f1ee4c017c294","name":"Genival Barbosa","image":{"@type":"ImageObject","inLanguage":"pt-BR","@id":"https:\/\/portalnpm.com\/#\/schema\/person\/image\/","url":"https:\/\/portalnpm.com\/wp-content\/uploads\/2024\/02\/avatar_user_2_1707743258-96x96.jpeg","contentUrl":"https:\/\/portalnpm.com\/wp-content\/uploads\/2024\/02\/avatar_user_2_1707743258-96x96.jpeg","caption":"Genival Barbosa"},"url":"https:\/\/portalnpm.com\/index.php\/author\/genival\/"}]}},"jetpack_sharing_enabled":true,"jetpack_featured_media_url":"https:\/\/portalnpm.com\/wp-content\/uploads\/2024\/01\/f75395776c3fdda281d85bd24173.jpg","_links":{"self":[{"href":"https:\/\/portalnpm.com\/index.php\/wp-json\/wp\/v2\/posts\/54879"}],"collection":[{"href":"https:\/\/portalnpm.com\/index.php\/wp-json\/wp\/v2\/posts"}],"about":[{"href":"https:\/\/portalnpm.com\/index.php\/wp-json\/wp\/v2\/types\/post"}],"author":[{"embeddable":true,"href":"https:\/\/portalnpm.com\/index.php\/wp-json\/wp\/v2\/users\/2"}],"replies":[{"embeddable":true,"href":"https:\/\/portalnpm.com\/index.php\/wp-json\/wp\/v2\/comments?post=54879"}],"version-history":[{"count":0,"href":"https:\/\/portalnpm.com\/index.php\/wp-json\/wp\/v2\/posts\/54879\/revisions"}],"wp:featuredmedia":[{"embeddable":true,"href":"https:\/\/portalnpm.com\/index.php\/wp-json\/wp\/v2\/media\/54880"}],"wp:attachment":[{"href":"https:\/\/portalnpm.com\/index.php\/wp-json\/wp\/v2\/media?parent=54879"}],"wp:term":[{"taxonomy":"category","embeddable":true,"href":"https:\/\/portalnpm.com\/index.php\/wp-json\/wp\/v2\/categories?post=54879"},{"taxonomy":"post_tag","embeddable":true,"href":"https:\/\/portalnpm.com\/index.php\/wp-json\/wp\/v2\/tags?post=54879"}],"curies":[{"name":"wp","href":"https:\/\/api.w.org\/{rel}","templated":true}]}}