{"id":54917,"date":"2020-07-15T18:51:01","date_gmt":"2020-07-15T21:51:01","guid":{"rendered":"https:\/\/portalnpm.com\/index.php\/2020\/07\/15\/profissional-de-saude-de-francisco-macedo-sofre-acidente-em-alagoas\/"},"modified":"2020-07-15T18:51:01","modified_gmt":"2020-07-15T21:51:01","slug":"profissional-de-saude-de-francisco-macedo-sofre-acidente-em-alagoas","status":"publish","type":"post","link":"https:\/\/portalnpm.com\/index.php\/2020\/07\/15\/profissional-de-saude-de-francisco-macedo-sofre-acidente-em-alagoas\/","title":{"rendered":"Profissional de sa\u00fade de Francisco Macedo sofre acidente em Alagoas"},"content":{"rendered":"<p style=\"text-align: justify;\">O profissional da sa\u00fade, coordenador do departamento de sa\u00fade hospitalar da cidade de Francisco Macedo, Cleverl\u00e2ndio Ramos, sofreu acidente na tarde desta quarta-feira, 15 de julho.<\/p>\n<p style=\"text-align: justify;\">\n<p style=\"text-align: justify;\">De acordo com informa\u00e7\u00f5es preliminares, Cleverl\u00e2ndio que tamb\u00e9m \u00e9 e membro do Conselho Municipal de Sa\u00fade francisco-macedense capotou o ve\u00edculo chegando no munic\u00edpio de Jaramataia no Estado de Alagoas.<\/p>\n<p style=\"text-align: justify;\">As informa\u00e7\u00f5es ainda d\u00e3o conta que o mesmo n\u00e3o sofreu nada grave e que apenas o veiculo ficou parcialmente danificado.<\/p>\n<p style=\"text-align: justify;\">Fonte: Cidades na Net<\/p>\n","protected":false},"excerpt":{"rendered":"<p>O profissional da sa\u00fade, coordenador do departamento de sa\u00fade hospitalar da cidade de Francisco Macedo, Cleverl\u00e2ndio Ramos, sofreu acidente na tarde desta quarta-feira, 15 de julho. De acordo com informa\u00e7\u00f5es preliminares, Cleverl\u00e2ndio que tamb\u00e9m \u00e9 e membro do Conselho Municipal de Sa\u00fade francisco-macedense capotou o ve\u00edculo chegando no munic\u00edpio de Jaramataia no Estado de Alagoas. &hellip;<\/p>\n","protected":false},"author":2,"featured_media":22718,"comment_status":"open","ping_status":"open","sticky":false,"template":"","format":"standard","meta":{"content-type":"","rop_custom_images_group":[],"rop_custom_messages_group":[],"rop_publish_now":"initial","rop_publish_now_accounts":{"facebook_2648258775420054_1618374048415101":""},"rop_publish_now_history":[],"rop_publish_now_status":"pending","footnotes":"","_jetpack_memberships_contains_paid_content":false},"categories":[502,109],"tags":[154,5130,1006,4453,417,2522],"yoast_head":"<!-- This site is optimized with the Yoast SEO plugin v22.3 - https:\/\/yoast.com\/wordpress\/plugins\/seo\/ -->\n<title>Profissional de sa\u00fade de Francisco Macedo sofre acidente em Alagoas<\/title>\n<meta name=\"robots\" content=\"index, follow, max-snippet:-1, max-image-preview:large, max-video-preview:-1\" \/>\n<link rel=\"canonical\" href=\"https:\/\/portalnpm.com\/index.php\/2020\/07\/15\/profissional-de-saude-de-francisco-macedo-sofre-acidente-em-alagoas\/\" \/>\n<meta property=\"og:locale\" content=\"pt_BR\" \/>\n<meta property=\"og:type\" content=\"article\" \/>\n<meta property=\"og:title\" content=\"Profissional de sa\u00fade de Francisco Macedo sofre acidente em Alagoas\" \/>\n<meta property=\"og:description\" content=\"O profissional da sa\u00fade, coordenador do departamento de sa\u00fade hospitalar da cidade de Francisco Macedo, Cleverl\u00e2ndio Ramos, sofreu acidente na tarde desta quarta-feira, 15 de julho. De acordo com informa\u00e7\u00f5es preliminares, Cleverl\u00e2ndio que tamb\u00e9m \u00e9 e membro do Conselho Municipal de Sa\u00fade francisco-macedense capotou o ve\u00edculo chegando no munic\u00edpio de Jaramataia no Estado de Alagoas. &hellip;\" \/>\n<meta property=\"og:url\" content=\"https:\/\/portalnpm.com\/index.php\/2020\/07\/15\/profissional-de-saude-de-francisco-macedo-sofre-acidente-em-alagoas\/\" \/>\n<meta property=\"og:site_name\" content=\"Portal NPM\" \/>\n<meta property=\"article:published_time\" content=\"2020-07-15T21:51:01+00:00\" \/>\n<meta name=\"author\" content=\"Genival Barbosa\" \/>\n<meta name=\"twitter:card\" content=\"summary_large_image\" \/>\n<meta name=\"twitter:label1\" content=\"Escrito por\" \/>\n\t<meta name=\"twitter:data1\" content=\"Genival Barbosa\" \/>\n<script type=\"application\/ld+json\" class=\"yoast-schema-graph\">{\"@context\":\"https:\/\/schema.org\",\"@graph\":[{\"@type\":\"WebPage\",\"@id\":\"https:\/\/portalnpm.com\/index.php\/2020\/07\/15\/profissional-de-saude-de-francisco-macedo-sofre-acidente-em-alagoas\/\",\"url\":\"https:\/\/portalnpm.com\/index.php\/2020\/07\/15\/profissional-de-saude-de-francisco-macedo-sofre-acidente-em-alagoas\/\",\"name\":\"Profissional de sa\u00fade de Francisco Macedo sofre acidente em Alagoas\",\"isPartOf\":{\"@id\":\"https:\/\/portalnpm.com\/#website\"},\"primaryImageOfPage\":{\"@id\":\"https:\/\/portalnpm.com\/index.php\/2020\/07\/15\/profissional-de-saude-de-francisco-macedo-sofre-acidente-em-alagoas\/#primaryimage\"},\"image\":{\"@id\":\"https:\/\/portalnpm.com\/index.php\/2020\/07\/15\/profissional-de-saude-de-francisco-macedo-sofre-acidente-em-alagoas\/#primaryimage\"},\"thumbnailUrl\":\"\",\"datePublished\":\"2020-07-15T21:51:01+00:00\",\"dateModified\":\"2020-07-15T21:51:01+00:00\",\"author\":{\"@id\":\"https:\/\/portalnpm.com\/#\/schema\/person\/49313e563cfdefcc167f1ee4c017c294\"},\"breadcrumb\":{\"@id\":\"https:\/\/portalnpm.com\/index.php\/2020\/07\/15\/profissional-de-saude-de-francisco-macedo-sofre-acidente-em-alagoas\/#breadcrumb\"},\"inLanguage\":\"pt-BR\",\"potentialAction\":[{\"@type\":\"ReadAction\",\"target\":[\"https:\/\/portalnpm.com\/index.php\/2020\/07\/15\/profissional-de-saude-de-francisco-macedo-sofre-acidente-em-alagoas\/\"]}]},{\"@type\":\"ImageObject\",\"inLanguage\":\"pt-BR\",\"@id\":\"https:\/\/portalnpm.com\/index.php\/2020\/07\/15\/profissional-de-saude-de-francisco-macedo-sofre-acidente-em-alagoas\/#primaryimage\",\"url\":\"\",\"contentUrl\":\"\"},{\"@type\":\"BreadcrumbList\",\"@id\":\"https:\/\/portalnpm.com\/index.php\/2020\/07\/15\/profissional-de-saude-de-francisco-macedo-sofre-acidente-em-alagoas\/#breadcrumb\",\"itemListElement\":[{\"@type\":\"ListItem\",\"position\":1,\"name\":\"In\u00edcio\",\"item\":\"https:\/\/portalnpm.com\/\"},{\"@type\":\"ListItem\",\"position\":2,\"name\":\"Profissional de sa\u00fade de Francisco Macedo sofre acidente em Alagoas\"}]},{\"@type\":\"WebSite\",\"@id\":\"https:\/\/portalnpm.com\/#website\",\"url\":\"https:\/\/portalnpm.com\/\",\"name\":\"Portal NPM\",\"description\":\"Not\u00edcias em Primeira M\u00e3o\",\"potentialAction\":[{\"@type\":\"SearchAction\",\"target\":{\"@type\":\"EntryPoint\",\"urlTemplate\":\"https:\/\/portalnpm.com\/?s={search_term_string}\"},\"query-input\":\"required name=search_term_string\"}],\"inLanguage\":\"pt-BR\"},{\"@type\":\"Person\",\"@id\":\"https:\/\/portalnpm.com\/#\/schema\/person\/49313e563cfdefcc167f1ee4c017c294\",\"name\":\"Genival Barbosa\",\"image\":{\"@type\":\"ImageObject\",\"inLanguage\":\"pt-BR\",\"@id\":\"https:\/\/portalnpm.com\/#\/schema\/person\/image\/\",\"url\":\"https:\/\/portalnpm.com\/wp-content\/uploads\/2024\/02\/avatar_user_2_1707743258-96x96.jpeg\",\"contentUrl\":\"https:\/\/portalnpm.com\/wp-content\/uploads\/2024\/02\/avatar_user_2_1707743258-96x96.jpeg\",\"caption\":\"Genival Barbosa\"},\"url\":\"https:\/\/portalnpm.com\/index.php\/author\/genival\/\"}]}<\/script>\n<!-- \/ Yoast SEO plugin. -->","yoast_head_json":{"title":"Profissional de sa\u00fade de Francisco Macedo sofre acidente em Alagoas","robots":{"index":"index","follow":"follow","max-snippet":"max-snippet:-1","max-image-preview":"max-image-preview:large","max-video-preview":"max-video-preview:-1"},"canonical":"https:\/\/portalnpm.com\/index.php\/2020\/07\/15\/profissional-de-saude-de-francisco-macedo-sofre-acidente-em-alagoas\/","og_locale":"pt_BR","og_type":"article","og_title":"Profissional de sa\u00fade de Francisco Macedo sofre acidente em Alagoas","og_description":"O profissional da sa\u00fade, coordenador do departamento de sa\u00fade hospitalar da cidade de Francisco Macedo, Cleverl\u00e2ndio Ramos, sofreu acidente na tarde desta quarta-feira, 15 de julho. De acordo com informa\u00e7\u00f5es preliminares, Cleverl\u00e2ndio que tamb\u00e9m \u00e9 e membro do Conselho Municipal de Sa\u00fade francisco-macedense capotou o ve\u00edculo chegando no munic\u00edpio de Jaramataia no Estado de Alagoas. &hellip;","og_url":"https:\/\/portalnpm.com\/index.php\/2020\/07\/15\/profissional-de-saude-de-francisco-macedo-sofre-acidente-em-alagoas\/","og_site_name":"Portal NPM","article_published_time":"2020-07-15T21:51:01+00:00","author":"Genival Barbosa","twitter_card":"summary_large_image","twitter_misc":{"Escrito por":"Genival Barbosa"},"schema":{"@context":"https:\/\/schema.org","@graph":[{"@type":"WebPage","@id":"https:\/\/portalnpm.com\/index.php\/2020\/07\/15\/profissional-de-saude-de-francisco-macedo-sofre-acidente-em-alagoas\/","url":"https:\/\/portalnpm.com\/index.php\/2020\/07\/15\/profissional-de-saude-de-francisco-macedo-sofre-acidente-em-alagoas\/","name":"Profissional de sa\u00fade de Francisco Macedo sofre acidente em Alagoas","isPartOf":{"@id":"https:\/\/portalnpm.com\/#website"},"primaryImageOfPage":{"@id":"https:\/\/portalnpm.com\/index.php\/2020\/07\/15\/profissional-de-saude-de-francisco-macedo-sofre-acidente-em-alagoas\/#primaryimage"},"image":{"@id":"https:\/\/portalnpm.com\/index.php\/2020\/07\/15\/profissional-de-saude-de-francisco-macedo-sofre-acidente-em-alagoas\/#primaryimage"},"thumbnailUrl":"","datePublished":"2020-07-15T21:51:01+00:00","dateModified":"2020-07-15T21:51:01+00:00","author":{"@id":"https:\/\/portalnpm.com\/#\/schema\/person\/49313e563cfdefcc167f1ee4c017c294"},"breadcrumb":{"@id":"https:\/\/portalnpm.com\/index.php\/2020\/07\/15\/profissional-de-saude-de-francisco-macedo-sofre-acidente-em-alagoas\/#breadcrumb"},"inLanguage":"pt-BR","potentialAction":[{"@type":"ReadAction","target":["https:\/\/portalnpm.com\/index.php\/2020\/07\/15\/profissional-de-saude-de-francisco-macedo-sofre-acidente-em-alagoas\/"]}]},{"@type":"ImageObject","inLanguage":"pt-BR","@id":"https:\/\/portalnpm.com\/index.php\/2020\/07\/15\/profissional-de-saude-de-francisco-macedo-sofre-acidente-em-alagoas\/#primaryimage","url":"","contentUrl":""},{"@type":"BreadcrumbList","@id":"https:\/\/portalnpm.com\/index.php\/2020\/07\/15\/profissional-de-saude-de-francisco-macedo-sofre-acidente-em-alagoas\/#breadcrumb","itemListElement":[{"@type":"ListItem","position":1,"name":"In\u00edcio","item":"https:\/\/portalnpm.com\/"},{"@type":"ListItem","position":2,"name":"Profissional de sa\u00fade de Francisco Macedo sofre acidente em Alagoas"}]},{"@type":"WebSite","@id":"https:\/\/portalnpm.com\/#website","url":"https:\/\/portalnpm.com\/","name":"Portal NPM","description":"Not\u00edcias em Primeira M\u00e3o","potentialAction":[{"@type":"SearchAction","target":{"@type":"EntryPoint","urlTemplate":"https:\/\/portalnpm.com\/?s={search_term_string}"},"query-input":"required name=search_term_string"}],"inLanguage":"pt-BR"},{"@type":"Person","@id":"https:\/\/portalnpm.com\/#\/schema\/person\/49313e563cfdefcc167f1ee4c017c294","name":"Genival Barbosa","image":{"@type":"ImageObject","inLanguage":"pt-BR","@id":"https:\/\/portalnpm.com\/#\/schema\/person\/image\/","url":"https:\/\/portalnpm.com\/wp-content\/uploads\/2024\/02\/avatar_user_2_1707743258-96x96.jpeg","contentUrl":"https:\/\/portalnpm.com\/wp-content\/uploads\/2024\/02\/avatar_user_2_1707743258-96x96.jpeg","caption":"Genival Barbosa"},"url":"https:\/\/portalnpm.com\/index.php\/author\/genival\/"}]}},"jetpack_sharing_enabled":true,"jetpack_featured_media_url":"","_links":{"self":[{"href":"https:\/\/portalnpm.com\/index.php\/wp-json\/wp\/v2\/posts\/54917"}],"collection":[{"href":"https:\/\/portalnpm.com\/index.php\/wp-json\/wp\/v2\/posts"}],"about":[{"href":"https:\/\/portalnpm.com\/index.php\/wp-json\/wp\/v2\/types\/post"}],"author":[{"embeddable":true,"href":"https:\/\/portalnpm.com\/index.php\/wp-json\/wp\/v2\/users\/2"}],"replies":[{"embeddable":true,"href":"https:\/\/portalnpm.com\/index.php\/wp-json\/wp\/v2\/comments?post=54917"}],"version-history":[{"count":0,"href":"https:\/\/portalnpm.com\/index.php\/wp-json\/wp\/v2\/posts\/54917\/revisions"}],"wp:featuredmedia":[{"embeddable":true,"href":"https:\/\/portalnpm.com\/index.php\/wp-json\/"}],"wp:attachment":[{"href":"https:\/\/portalnpm.com\/index.php\/wp-json\/wp\/v2\/media?parent=54917"}],"wp:term":[{"taxonomy":"category","embeddable":true,"href":"https:\/\/portalnpm.com\/index.php\/wp-json\/wp\/v2\/categories?post=54917"},{"taxonomy":"post_tag","embeddable":true,"href":"https:\/\/portalnpm.com\/index.php\/wp-json\/wp\/v2\/tags?post=54917"}],"curies":[{"name":"wp","href":"https:\/\/api.w.org\/{rel}","templated":true}]}}