{"id":54932,"date":"2020-07-16T18:14:32","date_gmt":"2020-07-16T21:14:32","guid":{"rendered":"https:\/\/portalnpm.com\/index.php\/2020\/07\/16\/belem-saude-registra-mais-um-caso-de-covid-19-e-informa-que-8-pacientes-ja-se-recuperaram\/"},"modified":"2024-01-15T19:01:25","modified_gmt":"2024-01-15T22:01:25","slug":"belem-saude-registra-mais-um-caso-de-covid-19-e-informa-que-8-pacientes-ja-se-recuperaram","status":"publish","type":"post","link":"https:\/\/portalnpm.com\/index.php\/2020\/07\/16\/belem-saude-registra-mais-um-caso-de-covid-19-e-informa-que-8-pacientes-ja-se-recuperaram\/","title":{"rendered":"BEL\u00c9M | Sa\u00fade registra mais um caso de Covid-19 e informa que 8 pacientes j\u00e1 se recuperaram"},"content":{"rendered":"<p><p style=\"text-align: justify;\">A Prefeitura Municipal de Bel&eacute;m do Piau&iacute;, atrav&eacute;s da Secretaria Municipal de Sa&uacute;de, atualizou no in&iacute;cio da noite desta quarta-feira, 15 de julho de 2020, o boletim epidemiol&oacute;gico da COVID-19.<\/p>\n<p style=\"text-align: justify;\">\n<p style=\"text-align: justify;\">De acordo com a nota divulgada pela sa&uacute;de municipal, foram realizados 20 testes r&aacute;pidos do &lsquo;Programa Busca Ativa&rsquo; , sendo que 18 pessoas testaram negativo e 02 testaram positivo para o coronav&iacute;rus.<\/p>\n<p style=\"text-align: justify;\">Ainda segundo a nota, os casos positivos trata-se de um homem de 34 anos que reside na zona urbana, sendo que o mesmo encontra-se assintom&aacute;tico e segue em isolamento social. O outro caso &eacute; referente a um homem do sexo masculino de 30 anos que reside na zona rural, que j&aacute; se encontra curado e n&atilde;o h&aacute; a necessidade de isolamento.<\/p>\n<p style=\"text-align: justify;\">Agora, o munic&iacute;pio tem 14 confirmados, 03 casos classificados como suspeitos, 70 descartados, 87 notificados, 08 recuperados e 01 &oacute;bito.<\/p>\n<p style=\"text-align: justify;\"><strong>Boletim<\/strong><\/p>\n<p style=\"text-align: justify;\"><img fetchpriority=\"high\" decoding=\"async\" class=\"alignnone size-full wp-image-22743\" src=\"https:\/\/portalnpm.com\/wp-content\/uploads\/2024\/01\/IMG_1199.jpeg\" alt=\"\" width=\"750\" height=\"1015\"><\/p>\n<p style=\"text-align: justify;\">O Secretario Municipal de Sa&uacute;de do Munic&iacute;pio, Jucenildo Boeiro, refor&ccedil;ou ainda o pedido de isolamento social e todas as medidas de preven&ccedil;&atilde;o. &ldquo;Refor&ccedil;amos o pedido &agrave; popula&ccedil;&atilde;o belenense que cumpra todas as medidas preventivas relativas ao enfrentamento da Covid-19 no nosso munic&iacute;pio. Ressaltamos que tais medidas dependem da popula&ccedil;&atilde;o belenenses e que a atua&ccedil;&atilde;o dos &oacute;rg&atilde;os de sa&uacute;de, embora incans&aacute;vel, n&atilde;o ter&aacute; efic&aacute;cia sem a participa&ccedil;&atilde;o de cada cidad&atilde;o&rdquo;.<\/p>\n<p style=\"text-align: justify;\"><strong>Nota informativa<\/strong><\/p>\n<p style=\"text-align: justify;\"><img decoding=\"async\" class=\"alignnone size-full wp-image-22744\" src=\"https:\/\/portalnpm.com\/wp-content\/uploads\/2024\/01\/IMG_1327-1.jpg\" alt=\"\" width=\"750\" height=\"908\"><\/p>\n<p style=\"text-align: justify;\"><strong>Fonte: Portal Info Newss<\/strong><\/p><\/p>\n","protected":false},"excerpt":{"rendered":"<p>A Prefeitura Municipal de Bel&eacute;m do Piau&iacute;, atrav&eacute;s da Secretaria Municipal de Sa&uacute;de, atualizou no in&iacute;cio da noite desta quarta-feira, 15 de julho de 2020, o boletim epidemiol&oacute;gico da COVID-19. De acordo com a nota divulgada pela sa&uacute;de municipal, foram realizados 20 testes r&aacute;pidos do &lsquo;Programa Busca Ativa&rsquo; , sendo que 18 pessoas testaram negativo &hellip;<\/p>\n","protected":false},"author":2,"featured_media":22742,"comment_status":"open","ping_status":"open","sticky":false,"template":"","format":"standard","meta":{"content-type":"","rop_custom_images_group":[],"rop_custom_messages_group":[],"rop_publish_now":"initial","rop_publish_now_accounts":{"facebook_2648258775420054_1618374048415101":""},"rop_publish_now_history":[],"rop_publish_now_status":"pending","footnotes":"","_jetpack_memberships_contains_paid_content":false},"categories":[106,109],"tags":[105,857,417],"yoast_head":"<!-- This site is optimized with the Yoast SEO plugin v22.3 - https:\/\/yoast.com\/wordpress\/plugins\/seo\/ -->\n<title>BEL\u00c9M | Sa\u00fade registra mais um caso de Covid-19 e informa que 8 pacientes j\u00e1 se recuperaram<\/title>\n<meta name=\"robots\" content=\"index, follow, max-snippet:-1, max-image-preview:large, max-video-preview:-1\" \/>\n<link rel=\"canonical\" href=\"https:\/\/portalnpm.com\/index.php\/2020\/07\/16\/belem-saude-registra-mais-um-caso-de-covid-19-e-informa-que-8-pacientes-ja-se-recuperaram\/\" \/>\n<meta property=\"og:locale\" content=\"pt_BR\" \/>\n<meta property=\"og:type\" content=\"article\" \/>\n<meta property=\"og:title\" content=\"BEL\u00c9M | Sa\u00fade registra mais um caso de Covid-19 e informa que 8 pacientes j\u00e1 se recuperaram\" \/>\n<meta property=\"og:description\" content=\"A Prefeitura Municipal de Bel&eacute;m do Piau&iacute;, atrav&eacute;s da Secretaria Municipal de Sa&uacute;de, atualizou no in&iacute;cio da noite desta quarta-feira, 15 de julho de 2020, o boletim epidemiol&oacute;gico da COVID-19. De acordo com a nota divulgada pela sa&uacute;de municipal, foram realizados 20 testes r&aacute;pidos do &lsquo;Programa Busca Ativa&rsquo; , sendo que 18 pessoas testaram negativo &hellip;\" \/>\n<meta property=\"og:url\" content=\"https:\/\/portalnpm.com\/index.php\/2020\/07\/16\/belem-saude-registra-mais-um-caso-de-covid-19-e-informa-que-8-pacientes-ja-se-recuperaram\/\" \/>\n<meta property=\"og:site_name\" content=\"Portal NPM\" \/>\n<meta property=\"article:published_time\" content=\"2020-07-16T21:14:32+00:00\" \/>\n<meta property=\"article:modified_time\" content=\"2024-01-15T22:01:25+00:00\" \/>\n<meta name=\"author\" content=\"Genival Barbosa\" \/>\n<meta name=\"twitter:card\" content=\"summary_large_image\" \/>\n<meta name=\"twitter:label1\" content=\"Escrito por\" \/>\n\t<meta name=\"twitter:data1\" content=\"Genival Barbosa\" \/>\n\t<meta name=\"twitter:label2\" content=\"Est. tempo de leitura\" \/>\n\t<meta name=\"twitter:data2\" content=\"1 minuto\" \/>\n<script type=\"application\/ld+json\" class=\"yoast-schema-graph\">{\"@context\":\"https:\/\/schema.org\",\"@graph\":[{\"@type\":\"WebPage\",\"@id\":\"https:\/\/portalnpm.com\/index.php\/2020\/07\/16\/belem-saude-registra-mais-um-caso-de-covid-19-e-informa-que-8-pacientes-ja-se-recuperaram\/\",\"url\":\"https:\/\/portalnpm.com\/index.php\/2020\/07\/16\/belem-saude-registra-mais-um-caso-de-covid-19-e-informa-que-8-pacientes-ja-se-recuperaram\/\",\"name\":\"BEL\u00c9M | Sa\u00fade registra mais um caso de Covid-19 e informa que 8 pacientes j\u00e1 se recuperaram\",\"isPartOf\":{\"@id\":\"https:\/\/portalnpm.com\/#website\"},\"primaryImageOfPage\":{\"@id\":\"https:\/\/portalnpm.com\/index.php\/2020\/07\/16\/belem-saude-registra-mais-um-caso-de-covid-19-e-informa-que-8-pacientes-ja-se-recuperaram\/#primaryimage\"},\"image\":{\"@id\":\"https:\/\/portalnpm.com\/index.php\/2020\/07\/16\/belem-saude-registra-mais-um-caso-de-covid-19-e-informa-que-8-pacientes-ja-se-recuperaram\/#primaryimage\"},\"thumbnailUrl\":\"\",\"datePublished\":\"2020-07-16T21:14:32+00:00\",\"dateModified\":\"2024-01-15T22:01:25+00:00\",\"author\":{\"@id\":\"https:\/\/portalnpm.com\/#\/schema\/person\/49313e563cfdefcc167f1ee4c017c294\"},\"breadcrumb\":{\"@id\":\"https:\/\/portalnpm.com\/index.php\/2020\/07\/16\/belem-saude-registra-mais-um-caso-de-covid-19-e-informa-que-8-pacientes-ja-se-recuperaram\/#breadcrumb\"},\"inLanguage\":\"pt-BR\",\"potentialAction\":[{\"@type\":\"ReadAction\",\"target\":[\"https:\/\/portalnpm.com\/index.php\/2020\/07\/16\/belem-saude-registra-mais-um-caso-de-covid-19-e-informa-que-8-pacientes-ja-se-recuperaram\/\"]}]},{\"@type\":\"ImageObject\",\"inLanguage\":\"pt-BR\",\"@id\":\"https:\/\/portalnpm.com\/index.php\/2020\/07\/16\/belem-saude-registra-mais-um-caso-de-covid-19-e-informa-que-8-pacientes-ja-se-recuperaram\/#primaryimage\",\"url\":\"\",\"contentUrl\":\"\"},{\"@type\":\"BreadcrumbList\",\"@id\":\"https:\/\/portalnpm.com\/index.php\/2020\/07\/16\/belem-saude-registra-mais-um-caso-de-covid-19-e-informa-que-8-pacientes-ja-se-recuperaram\/#breadcrumb\",\"itemListElement\":[{\"@type\":\"ListItem\",\"position\":1,\"name\":\"In\u00edcio\",\"item\":\"https:\/\/portalnpm.com\/\"},{\"@type\":\"ListItem\",\"position\":2,\"name\":\"BEL\u00c9M | Sa\u00fade registra mais um caso de Covid-19 e informa que 8 pacientes j\u00e1 se recuperaram\"}]},{\"@type\":\"WebSite\",\"@id\":\"https:\/\/portalnpm.com\/#website\",\"url\":\"https:\/\/portalnpm.com\/\",\"name\":\"Portal NPM\",\"description\":\"Not\u00edcias em Primeira M\u00e3o\",\"potentialAction\":[{\"@type\":\"SearchAction\",\"target\":{\"@type\":\"EntryPoint\",\"urlTemplate\":\"https:\/\/portalnpm.com\/?s={search_term_string}\"},\"query-input\":\"required name=search_term_string\"}],\"inLanguage\":\"pt-BR\"},{\"@type\":\"Person\",\"@id\":\"https:\/\/portalnpm.com\/#\/schema\/person\/49313e563cfdefcc167f1ee4c017c294\",\"name\":\"Genival Barbosa\",\"image\":{\"@type\":\"ImageObject\",\"inLanguage\":\"pt-BR\",\"@id\":\"https:\/\/portalnpm.com\/#\/schema\/person\/image\/\",\"url\":\"https:\/\/portalnpm.com\/wp-content\/uploads\/2024\/02\/avatar_user_2_1707743258-96x96.jpeg\",\"contentUrl\":\"https:\/\/portalnpm.com\/wp-content\/uploads\/2024\/02\/avatar_user_2_1707743258-96x96.jpeg\",\"caption\":\"Genival Barbosa\"},\"url\":\"https:\/\/portalnpm.com\/index.php\/author\/genival\/\"}]}<\/script>\n<!-- \/ Yoast SEO plugin. -->","yoast_head_json":{"title":"BEL\u00c9M | Sa\u00fade registra mais um caso de Covid-19 e informa que 8 pacientes j\u00e1 se recuperaram","robots":{"index":"index","follow":"follow","max-snippet":"max-snippet:-1","max-image-preview":"max-image-preview:large","max-video-preview":"max-video-preview:-1"},"canonical":"https:\/\/portalnpm.com\/index.php\/2020\/07\/16\/belem-saude-registra-mais-um-caso-de-covid-19-e-informa-que-8-pacientes-ja-se-recuperaram\/","og_locale":"pt_BR","og_type":"article","og_title":"BEL\u00c9M | Sa\u00fade registra mais um caso de Covid-19 e informa que 8 pacientes j\u00e1 se recuperaram","og_description":"A Prefeitura Municipal de Bel&eacute;m do Piau&iacute;, atrav&eacute;s da Secretaria Municipal de Sa&uacute;de, atualizou no in&iacute;cio da noite desta quarta-feira, 15 de julho de 2020, o boletim epidemiol&oacute;gico da COVID-19. De acordo com a nota divulgada pela sa&uacute;de municipal, foram realizados 20 testes r&aacute;pidos do &lsquo;Programa Busca Ativa&rsquo; , sendo que 18 pessoas testaram negativo &hellip;","og_url":"https:\/\/portalnpm.com\/index.php\/2020\/07\/16\/belem-saude-registra-mais-um-caso-de-covid-19-e-informa-que-8-pacientes-ja-se-recuperaram\/","og_site_name":"Portal NPM","article_published_time":"2020-07-16T21:14:32+00:00","article_modified_time":"2024-01-15T22:01:25+00:00","author":"Genival Barbosa","twitter_card":"summary_large_image","twitter_misc":{"Escrito por":"Genival Barbosa","Est. tempo de leitura":"1 minuto"},"schema":{"@context":"https:\/\/schema.org","@graph":[{"@type":"WebPage","@id":"https:\/\/portalnpm.com\/index.php\/2020\/07\/16\/belem-saude-registra-mais-um-caso-de-covid-19-e-informa-que-8-pacientes-ja-se-recuperaram\/","url":"https:\/\/portalnpm.com\/index.php\/2020\/07\/16\/belem-saude-registra-mais-um-caso-de-covid-19-e-informa-que-8-pacientes-ja-se-recuperaram\/","name":"BEL\u00c9M | Sa\u00fade registra mais um caso de Covid-19 e informa que 8 pacientes j\u00e1 se recuperaram","isPartOf":{"@id":"https:\/\/portalnpm.com\/#website"},"primaryImageOfPage":{"@id":"https:\/\/portalnpm.com\/index.php\/2020\/07\/16\/belem-saude-registra-mais-um-caso-de-covid-19-e-informa-que-8-pacientes-ja-se-recuperaram\/#primaryimage"},"image":{"@id":"https:\/\/portalnpm.com\/index.php\/2020\/07\/16\/belem-saude-registra-mais-um-caso-de-covid-19-e-informa-que-8-pacientes-ja-se-recuperaram\/#primaryimage"},"thumbnailUrl":"","datePublished":"2020-07-16T21:14:32+00:00","dateModified":"2024-01-15T22:01:25+00:00","author":{"@id":"https:\/\/portalnpm.com\/#\/schema\/person\/49313e563cfdefcc167f1ee4c017c294"},"breadcrumb":{"@id":"https:\/\/portalnpm.com\/index.php\/2020\/07\/16\/belem-saude-registra-mais-um-caso-de-covid-19-e-informa-que-8-pacientes-ja-se-recuperaram\/#breadcrumb"},"inLanguage":"pt-BR","potentialAction":[{"@type":"ReadAction","target":["https:\/\/portalnpm.com\/index.php\/2020\/07\/16\/belem-saude-registra-mais-um-caso-de-covid-19-e-informa-que-8-pacientes-ja-se-recuperaram\/"]}]},{"@type":"ImageObject","inLanguage":"pt-BR","@id":"https:\/\/portalnpm.com\/index.php\/2020\/07\/16\/belem-saude-registra-mais-um-caso-de-covid-19-e-informa-que-8-pacientes-ja-se-recuperaram\/#primaryimage","url":"","contentUrl":""},{"@type":"BreadcrumbList","@id":"https:\/\/portalnpm.com\/index.php\/2020\/07\/16\/belem-saude-registra-mais-um-caso-de-covid-19-e-informa-que-8-pacientes-ja-se-recuperaram\/#breadcrumb","itemListElement":[{"@type":"ListItem","position":1,"name":"In\u00edcio","item":"https:\/\/portalnpm.com\/"},{"@type":"ListItem","position":2,"name":"BEL\u00c9M | Sa\u00fade registra mais um caso de Covid-19 e informa que 8 pacientes j\u00e1 se recuperaram"}]},{"@type":"WebSite","@id":"https:\/\/portalnpm.com\/#website","url":"https:\/\/portalnpm.com\/","name":"Portal NPM","description":"Not\u00edcias em Primeira M\u00e3o","potentialAction":[{"@type":"SearchAction","target":{"@type":"EntryPoint","urlTemplate":"https:\/\/portalnpm.com\/?s={search_term_string}"},"query-input":"required name=search_term_string"}],"inLanguage":"pt-BR"},{"@type":"Person","@id":"https:\/\/portalnpm.com\/#\/schema\/person\/49313e563cfdefcc167f1ee4c017c294","name":"Genival Barbosa","image":{"@type":"ImageObject","inLanguage":"pt-BR","@id":"https:\/\/portalnpm.com\/#\/schema\/person\/image\/","url":"https:\/\/portalnpm.com\/wp-content\/uploads\/2024\/02\/avatar_user_2_1707743258-96x96.jpeg","contentUrl":"https:\/\/portalnpm.com\/wp-content\/uploads\/2024\/02\/avatar_user_2_1707743258-96x96.jpeg","caption":"Genival Barbosa"},"url":"https:\/\/portalnpm.com\/index.php\/author\/genival\/"}]}},"jetpack_sharing_enabled":true,"jetpack_featured_media_url":"","_links":{"self":[{"href":"https:\/\/portalnpm.com\/index.php\/wp-json\/wp\/v2\/posts\/54932"}],"collection":[{"href":"https:\/\/portalnpm.com\/index.php\/wp-json\/wp\/v2\/posts"}],"about":[{"href":"https:\/\/portalnpm.com\/index.php\/wp-json\/wp\/v2\/types\/post"}],"author":[{"embeddable":true,"href":"https:\/\/portalnpm.com\/index.php\/wp-json\/wp\/v2\/users\/2"}],"replies":[{"embeddable":true,"href":"https:\/\/portalnpm.com\/index.php\/wp-json\/wp\/v2\/comments?post=54932"}],"version-history":[{"count":1,"href":"https:\/\/portalnpm.com\/index.php\/wp-json\/wp\/v2\/posts\/54932\/revisions"}],"predecessor-version":[{"id":54935,"href":"https:\/\/portalnpm.com\/index.php\/wp-json\/wp\/v2\/posts\/54932\/revisions\/54935"}],"wp:featuredmedia":[{"embeddable":true,"href":"https:\/\/portalnpm.com\/index.php\/wp-json\/"}],"wp:attachment":[{"href":"https:\/\/portalnpm.com\/index.php\/wp-json\/wp\/v2\/media?parent=54932"}],"wp:term":[{"taxonomy":"category","embeddable":true,"href":"https:\/\/portalnpm.com\/index.php\/wp-json\/wp\/v2\/categories?post=54932"},{"taxonomy":"post_tag","embeddable":true,"href":"https:\/\/portalnpm.com\/index.php\/wp-json\/wp\/v2\/tags?post=54932"}],"curies":[{"name":"wp","href":"https:\/\/api.w.org\/{rel}","templated":true}]}}