{"id":55399,"date":"2020-07-19T11:27:23","date_gmt":"2020-07-19T14:27:23","guid":{"rendered":"https:\/\/portalnpm.com\/index.php\/2020\/07\/19\/apos-discussao-jovem-e-assassinado-pelo-padrasto-em-araripina\/"},"modified":"2020-07-19T11:27:23","modified_gmt":"2020-07-19T14:27:23","slug":"apos-discussao-jovem-e-assassinado-pelo-padrasto-em-araripina","status":"publish","type":"post","link":"https:\/\/portalnpm.com\/index.php\/2020\/07\/19\/apos-discussao-jovem-e-assassinado-pelo-padrasto-em-araripina\/","title":{"rendered":"Ap\u00f3s discuss\u00e3o, jovem \u00e9 assassinado pelo padrasto em Araripina"},"content":{"rendered":"<p style=\"text-align: justify;\">O jovem Le\u00f4nidas Jaques da Silva foi assassinado com um golpe de arma branca (faca) na madrugada deste domingo (19), na Serra do Moraes, zona rural de Araripina, no Sert\u00e3o de Pernambuco. De acordo com a 9\u00aa Companhia independente de Pol\u00edcia Militar (CIPM), parentes relataram que no momento do crime, a v\u00edtima estava consumindo bebida alco\u00f3lica na companhia de sua m\u00e3e, esposa e padrasto.<\/p>\n<p style=\"text-align: justify;\">\n<p style=\"text-align: justify;\">Ainda segundo a PM, ap\u00f3s uma discuss\u00e3o, o padrasto desferiu um golpe de faca na regi\u00e3o do abd\u00f4men do enteado e fugiu. Duas guarni\u00e7\u00f5es realizaram dilig\u00eancias no intuito de prender o acusado, sem lograr \u00eaxito. As buscas pelo destino do acusado continuam pelas equipes da 9\u00aa CIPM.<\/p>\n<p style=\"text-align: justify;\">Esse foi o s\u00e9timo homic\u00eddio do ano em Araripina. No mesmo per\u00edodo, vinte e cinco pessoas foram assassinadas no Sert\u00e3o do Araripe que \u00e9 formado por dez munic\u00edpios e tem uma popula\u00e7\u00e3o estimada em 380 mil habitantes.<\/p>\n<p style=\"text-align: justify;\"><strong>Fonte: Blog do Roberto Araripina<\/strong><\/p>\n","protected":false},"excerpt":{"rendered":"<p>O jovem Le\u00f4nidas Jaques da Silva foi assassinado com um golpe de arma branca (faca) na madrugada deste domingo (19), na Serra do Moraes, zona rural de Araripina, no Sert\u00e3o de Pernambuco. De acordo com a 9\u00aa Companhia independente de Pol\u00edcia Militar (CIPM), parentes relataram que no momento do crime, a v\u00edtima estava consumindo bebida &hellip;<\/p>\n","protected":false},"author":2,"featured_media":55400,"comment_status":"open","ping_status":"open","sticky":false,"template":"","format":"standard","meta":{"content-type":"","rop_custom_images_group":[],"rop_custom_messages_group":[],"rop_publish_now":"initial","rop_publish_now_accounts":{"facebook_2648258775420054_1618374048415101":""},"rop_publish_now_history":[],"rop_publish_now_status":"pending","footnotes":"","_jetpack_memberships_contains_paid_content":false},"categories":[145],"tags":[871,667,2267,5186,172],"yoast_head":"<!-- This site is optimized with the Yoast SEO plugin v22.3 - https:\/\/yoast.com\/wordpress\/plugins\/seo\/ -->\n<title>Ap\u00f3s discuss\u00e3o, jovem \u00e9 assassinado pelo padrasto em Araripina<\/title>\n<meta name=\"robots\" content=\"index, follow, max-snippet:-1, max-image-preview:large, max-video-preview:-1\" \/>\n<link rel=\"canonical\" href=\"https:\/\/portalnpm.com\/index.php\/2020\/07\/19\/apos-discussao-jovem-e-assassinado-pelo-padrasto-em-araripina\/\" \/>\n<meta property=\"og:locale\" content=\"pt_BR\" \/>\n<meta property=\"og:type\" content=\"article\" \/>\n<meta property=\"og:title\" content=\"Ap\u00f3s discuss\u00e3o, jovem \u00e9 assassinado pelo padrasto em Araripina\" \/>\n<meta property=\"og:description\" content=\"O jovem Le\u00f4nidas Jaques da Silva foi assassinado com um golpe de arma branca (faca) na madrugada deste domingo (19), na Serra do Moraes, zona rural de Araripina, no Sert\u00e3o de Pernambuco. De acordo com a 9\u00aa Companhia independente de Pol\u00edcia Militar (CIPM), parentes relataram que no momento do crime, a v\u00edtima estava consumindo bebida &hellip;\" \/>\n<meta property=\"og:url\" content=\"https:\/\/portalnpm.com\/index.php\/2020\/07\/19\/apos-discussao-jovem-e-assassinado-pelo-padrasto-em-araripina\/\" \/>\n<meta property=\"og:site_name\" content=\"Portal NPM\" \/>\n<meta property=\"article:published_time\" content=\"2020-07-19T14:27:23+00:00\" \/>\n<meta property=\"og:image\" content=\"https:\/\/portalnpm.com\/wp-content\/uploads\/2024\/01\/Viatura-Pol\u00edcia-Noite-1.jpg\" \/>\n\t<meta property=\"og:image:width\" content=\"638\" \/>\n\t<meta property=\"og:image:height\" content=\"376\" \/>\n\t<meta property=\"og:image:type\" content=\"image\/jpeg\" \/>\n<meta name=\"author\" content=\"Genival Barbosa\" \/>\n<meta name=\"twitter:card\" content=\"summary_large_image\" \/>\n<meta name=\"twitter:label1\" content=\"Escrito por\" \/>\n\t<meta name=\"twitter:data1\" content=\"Genival Barbosa\" \/>\n\t<meta name=\"twitter:label2\" content=\"Est. tempo de leitura\" \/>\n\t<meta name=\"twitter:data2\" content=\"1 minuto\" \/>\n<script type=\"application\/ld+json\" class=\"yoast-schema-graph\">{\"@context\":\"https:\/\/schema.org\",\"@graph\":[{\"@type\":\"WebPage\",\"@id\":\"https:\/\/portalnpm.com\/index.php\/2020\/07\/19\/apos-discussao-jovem-e-assassinado-pelo-padrasto-em-araripina\/\",\"url\":\"https:\/\/portalnpm.com\/index.php\/2020\/07\/19\/apos-discussao-jovem-e-assassinado-pelo-padrasto-em-araripina\/\",\"name\":\"Ap\u00f3s discuss\u00e3o, jovem \u00e9 assassinado pelo padrasto em Araripina\",\"isPartOf\":{\"@id\":\"https:\/\/portalnpm.com\/#website\"},\"primaryImageOfPage\":{\"@id\":\"https:\/\/portalnpm.com\/index.php\/2020\/07\/19\/apos-discussao-jovem-e-assassinado-pelo-padrasto-em-araripina\/#primaryimage\"},\"image\":{\"@id\":\"https:\/\/portalnpm.com\/index.php\/2020\/07\/19\/apos-discussao-jovem-e-assassinado-pelo-padrasto-em-araripina\/#primaryimage\"},\"thumbnailUrl\":\"https:\/\/portalnpm.com\/wp-content\/uploads\/2024\/01\/Viatura-Pol\u00edcia-Noite-1.jpg\",\"datePublished\":\"2020-07-19T14:27:23+00:00\",\"dateModified\":\"2020-07-19T14:27:23+00:00\",\"author\":{\"@id\":\"https:\/\/portalnpm.com\/#\/schema\/person\/49313e563cfdefcc167f1ee4c017c294\"},\"breadcrumb\":{\"@id\":\"https:\/\/portalnpm.com\/index.php\/2020\/07\/19\/apos-discussao-jovem-e-assassinado-pelo-padrasto-em-araripina\/#breadcrumb\"},\"inLanguage\":\"pt-BR\",\"potentialAction\":[{\"@type\":\"ReadAction\",\"target\":[\"https:\/\/portalnpm.com\/index.php\/2020\/07\/19\/apos-discussao-jovem-e-assassinado-pelo-padrasto-em-araripina\/\"]}]},{\"@type\":\"ImageObject\",\"inLanguage\":\"pt-BR\",\"@id\":\"https:\/\/portalnpm.com\/index.php\/2020\/07\/19\/apos-discussao-jovem-e-assassinado-pelo-padrasto-em-araripina\/#primaryimage\",\"url\":\"https:\/\/portalnpm.com\/wp-content\/uploads\/2024\/01\/Viatura-Pol\u00edcia-Noite-1.jpg\",\"contentUrl\":\"https:\/\/portalnpm.com\/wp-content\/uploads\/2024\/01\/Viatura-Pol\u00edcia-Noite-1.jpg\",\"width\":638,\"height\":376},{\"@type\":\"BreadcrumbList\",\"@id\":\"https:\/\/portalnpm.com\/index.php\/2020\/07\/19\/apos-discussao-jovem-e-assassinado-pelo-padrasto-em-araripina\/#breadcrumb\",\"itemListElement\":[{\"@type\":\"ListItem\",\"position\":1,\"name\":\"In\u00edcio\",\"item\":\"https:\/\/portalnpm.com\/\"},{\"@type\":\"ListItem\",\"position\":2,\"name\":\"Ap\u00f3s discuss\u00e3o, jovem \u00e9 assassinado pelo padrasto em Araripina\"}]},{\"@type\":\"WebSite\",\"@id\":\"https:\/\/portalnpm.com\/#website\",\"url\":\"https:\/\/portalnpm.com\/\",\"name\":\"Portal NPM\",\"description\":\"Not\u00edcias em Primeira M\u00e3o\",\"potentialAction\":[{\"@type\":\"SearchAction\",\"target\":{\"@type\":\"EntryPoint\",\"urlTemplate\":\"https:\/\/portalnpm.com\/?s={search_term_string}\"},\"query-input\":\"required name=search_term_string\"}],\"inLanguage\":\"pt-BR\"},{\"@type\":\"Person\",\"@id\":\"https:\/\/portalnpm.com\/#\/schema\/person\/49313e563cfdefcc167f1ee4c017c294\",\"name\":\"Genival Barbosa\",\"image\":{\"@type\":\"ImageObject\",\"inLanguage\":\"pt-BR\",\"@id\":\"https:\/\/portalnpm.com\/#\/schema\/person\/image\/\",\"url\":\"https:\/\/portalnpm.com\/wp-content\/uploads\/2024\/02\/avatar_user_2_1707743258-96x96.jpeg\",\"contentUrl\":\"https:\/\/portalnpm.com\/wp-content\/uploads\/2024\/02\/avatar_user_2_1707743258-96x96.jpeg\",\"caption\":\"Genival Barbosa\"},\"url\":\"https:\/\/portalnpm.com\/index.php\/author\/genival\/\"}]}<\/script>\n<!-- \/ Yoast SEO plugin. -->","yoast_head_json":{"title":"Ap\u00f3s discuss\u00e3o, jovem \u00e9 assassinado pelo padrasto em Araripina","robots":{"index":"index","follow":"follow","max-snippet":"max-snippet:-1","max-image-preview":"max-image-preview:large","max-video-preview":"max-video-preview:-1"},"canonical":"https:\/\/portalnpm.com\/index.php\/2020\/07\/19\/apos-discussao-jovem-e-assassinado-pelo-padrasto-em-araripina\/","og_locale":"pt_BR","og_type":"article","og_title":"Ap\u00f3s discuss\u00e3o, jovem \u00e9 assassinado pelo padrasto em Araripina","og_description":"O jovem Le\u00f4nidas Jaques da Silva foi assassinado com um golpe de arma branca (faca) na madrugada deste domingo (19), na Serra do Moraes, zona rural de Araripina, no Sert\u00e3o de Pernambuco. De acordo com a 9\u00aa Companhia independente de Pol\u00edcia Militar (CIPM), parentes relataram que no momento do crime, a v\u00edtima estava consumindo bebida &hellip;","og_url":"https:\/\/portalnpm.com\/index.php\/2020\/07\/19\/apos-discussao-jovem-e-assassinado-pelo-padrasto-em-araripina\/","og_site_name":"Portal NPM","article_published_time":"2020-07-19T14:27:23+00:00","og_image":[{"width":638,"height":376,"url":"https:\/\/portalnpm.com\/wp-content\/uploads\/2024\/01\/Viatura-Pol\u00edcia-Noite-1.jpg","type":"image\/jpeg"}],"author":"Genival Barbosa","twitter_card":"summary_large_image","twitter_misc":{"Escrito por":"Genival Barbosa","Est. tempo de leitura":"1 minuto"},"schema":{"@context":"https:\/\/schema.org","@graph":[{"@type":"WebPage","@id":"https:\/\/portalnpm.com\/index.php\/2020\/07\/19\/apos-discussao-jovem-e-assassinado-pelo-padrasto-em-araripina\/","url":"https:\/\/portalnpm.com\/index.php\/2020\/07\/19\/apos-discussao-jovem-e-assassinado-pelo-padrasto-em-araripina\/","name":"Ap\u00f3s discuss\u00e3o, jovem \u00e9 assassinado pelo padrasto em Araripina","isPartOf":{"@id":"https:\/\/portalnpm.com\/#website"},"primaryImageOfPage":{"@id":"https:\/\/portalnpm.com\/index.php\/2020\/07\/19\/apos-discussao-jovem-e-assassinado-pelo-padrasto-em-araripina\/#primaryimage"},"image":{"@id":"https:\/\/portalnpm.com\/index.php\/2020\/07\/19\/apos-discussao-jovem-e-assassinado-pelo-padrasto-em-araripina\/#primaryimage"},"thumbnailUrl":"https:\/\/portalnpm.com\/wp-content\/uploads\/2024\/01\/Viatura-Pol\u00edcia-Noite-1.jpg","datePublished":"2020-07-19T14:27:23+00:00","dateModified":"2020-07-19T14:27:23+00:00","author":{"@id":"https:\/\/portalnpm.com\/#\/schema\/person\/49313e563cfdefcc167f1ee4c017c294"},"breadcrumb":{"@id":"https:\/\/portalnpm.com\/index.php\/2020\/07\/19\/apos-discussao-jovem-e-assassinado-pelo-padrasto-em-araripina\/#breadcrumb"},"inLanguage":"pt-BR","potentialAction":[{"@type":"ReadAction","target":["https:\/\/portalnpm.com\/index.php\/2020\/07\/19\/apos-discussao-jovem-e-assassinado-pelo-padrasto-em-araripina\/"]}]},{"@type":"ImageObject","inLanguage":"pt-BR","@id":"https:\/\/portalnpm.com\/index.php\/2020\/07\/19\/apos-discussao-jovem-e-assassinado-pelo-padrasto-em-araripina\/#primaryimage","url":"https:\/\/portalnpm.com\/wp-content\/uploads\/2024\/01\/Viatura-Pol\u00edcia-Noite-1.jpg","contentUrl":"https:\/\/portalnpm.com\/wp-content\/uploads\/2024\/01\/Viatura-Pol\u00edcia-Noite-1.jpg","width":638,"height":376},{"@type":"BreadcrumbList","@id":"https:\/\/portalnpm.com\/index.php\/2020\/07\/19\/apos-discussao-jovem-e-assassinado-pelo-padrasto-em-araripina\/#breadcrumb","itemListElement":[{"@type":"ListItem","position":1,"name":"In\u00edcio","item":"https:\/\/portalnpm.com\/"},{"@type":"ListItem","position":2,"name":"Ap\u00f3s discuss\u00e3o, jovem \u00e9 assassinado pelo padrasto em Araripina"}]},{"@type":"WebSite","@id":"https:\/\/portalnpm.com\/#website","url":"https:\/\/portalnpm.com\/","name":"Portal NPM","description":"Not\u00edcias em Primeira M\u00e3o","potentialAction":[{"@type":"SearchAction","target":{"@type":"EntryPoint","urlTemplate":"https:\/\/portalnpm.com\/?s={search_term_string}"},"query-input":"required name=search_term_string"}],"inLanguage":"pt-BR"},{"@type":"Person","@id":"https:\/\/portalnpm.com\/#\/schema\/person\/49313e563cfdefcc167f1ee4c017c294","name":"Genival Barbosa","image":{"@type":"ImageObject","inLanguage":"pt-BR","@id":"https:\/\/portalnpm.com\/#\/schema\/person\/image\/","url":"https:\/\/portalnpm.com\/wp-content\/uploads\/2024\/02\/avatar_user_2_1707743258-96x96.jpeg","contentUrl":"https:\/\/portalnpm.com\/wp-content\/uploads\/2024\/02\/avatar_user_2_1707743258-96x96.jpeg","caption":"Genival Barbosa"},"url":"https:\/\/portalnpm.com\/index.php\/author\/genival\/"}]}},"jetpack_sharing_enabled":true,"jetpack_featured_media_url":"https:\/\/portalnpm.com\/wp-content\/uploads\/2024\/01\/Viatura-Pol\u00edcia-Noite-1.jpg","_links":{"self":[{"href":"https:\/\/portalnpm.com\/index.php\/wp-json\/wp\/v2\/posts\/55399"}],"collection":[{"href":"https:\/\/portalnpm.com\/index.php\/wp-json\/wp\/v2\/posts"}],"about":[{"href":"https:\/\/portalnpm.com\/index.php\/wp-json\/wp\/v2\/types\/post"}],"author":[{"embeddable":true,"href":"https:\/\/portalnpm.com\/index.php\/wp-json\/wp\/v2\/users\/2"}],"replies":[{"embeddable":true,"href":"https:\/\/portalnpm.com\/index.php\/wp-json\/wp\/v2\/comments?post=55399"}],"version-history":[{"count":0,"href":"https:\/\/portalnpm.com\/index.php\/wp-json\/wp\/v2\/posts\/55399\/revisions"}],"wp:featuredmedia":[{"embeddable":true,"href":"https:\/\/portalnpm.com\/index.php\/wp-json\/wp\/v2\/media\/55400"}],"wp:attachment":[{"href":"https:\/\/portalnpm.com\/index.php\/wp-json\/wp\/v2\/media?parent=55399"}],"wp:term":[{"taxonomy":"category","embeddable":true,"href":"https:\/\/portalnpm.com\/index.php\/wp-json\/wp\/v2\/categories?post=55399"},{"taxonomy":"post_tag","embeddable":true,"href":"https:\/\/portalnpm.com\/index.php\/wp-json\/wp\/v2\/tags?post=55399"}],"curies":[{"name":"wp","href":"https:\/\/api.w.org\/{rel}","templated":true}]}}