{"id":55425,"date":"2020-07-20T15:58:01","date_gmt":"2020-07-20T18:58:01","guid":{"rendered":"https:\/\/portalnpm.com\/index.php\/2020\/07\/20\/bailarina-do-faustao-e-presa-por-desacato-apos-festa-em-sc\/"},"modified":"2020-07-20T15:58:01","modified_gmt":"2020-07-20T18:58:01","slug":"bailarina-do-faustao-e-presa-por-desacato-apos-festa-em-sc","status":"publish","type":"post","link":"https:\/\/portalnpm.com\/index.php\/2020\/07\/20\/bailarina-do-faustao-e-presa-por-desacato-apos-festa-em-sc\/","title":{"rendered":"Bailarina do Faust\u00e3o \u00e9 presa por desacato ap\u00f3s festa em SC"},"content":{"rendered":"<p style=\"text-align: justify;\">A bailarina do Doming\u00e3o do Faust\u00e3o Natacha Horana, de 28 anos, foi presa na madrugada desta segunda-feira (20\/7) por desacato a guardas municipais de Balne\u00e1rio Cambori\u00fa, em Santa Catarina. Natacha estava hospedada em um apartamento de luxo alugado por turistas do Rio. A Pol\u00edcia Militar recebeu uma den\u00fancia de uma festa com som alto no local e enviou fiscais da Prefeitura acompanhados de guardas municipais.<\/p>\n<p style=\"text-align: justify;\">\n<p style=\"text-align: justify;\">A tal festa reunia cerca de 20 pessoas de diferentes localidades do Brasil e Natacha, ao perceber a presen\u00e7a das autoridades, se trancou em um dos c\u00f4modos da casa. Ao conseguirem revist\u00e1-la, segundo relato dos guardas, ela os desacatou. Ainda segundo eles, a bailarina do Faust\u00e3o estava com sinais de embriaguez e altera\u00e7\u00e3o de comportamento.<\/p>\n<p style=\"text-align: justify;\">A bailarina foi levada para a Central da Pol\u00edcia e foi feito um boletim de ocorr\u00eancia. Segundo o documento, ela foi detida por desacato a autoridades e agress\u00e3o.<\/p>\n<p style=\"text-align: justify;\">Fonte: Metr\u00f3poles<\/p>\n","protected":false},"excerpt":{"rendered":"<p>A bailarina do Doming\u00e3o do Faust\u00e3o Natacha Horana, de 28 anos, foi presa na madrugada desta segunda-feira (20\/7) por desacato a guardas municipais de Balne\u00e1rio Cambori\u00fa, em Santa Catarina. Natacha estava hospedada em um apartamento de luxo alugado por turistas do Rio. A Pol\u00edcia Militar recebeu uma den\u00fancia de uma festa com som alto no &hellip;<\/p>\n","protected":false},"author":2,"featured_media":22952,"comment_status":"open","ping_status":"open","sticky":false,"template":"","format":"standard","meta":{"content-type":"","rop_custom_images_group":[],"rop_custom_messages_group":[],"rop_publish_now":"initial","rop_publish_now_accounts":{"facebook_2648258775420054_1618374048415101":""},"rop_publish_now_history":[],"rop_publish_now_status":"pending","footnotes":"","_jetpack_memberships_contains_paid_content":false},"categories":[147],"tags":[5194,5195,5196,651,2073],"yoast_head":"<!-- This site is optimized with the Yoast SEO plugin v22.3 - https:\/\/yoast.com\/wordpress\/plugins\/seo\/ -->\n<title>Bailarina do Faust\u00e3o \u00e9 presa por desacato ap\u00f3s festa em SC<\/title>\n<meta name=\"robots\" content=\"index, follow, max-snippet:-1, max-image-preview:large, max-video-preview:-1\" \/>\n<link rel=\"canonical\" href=\"https:\/\/portalnpm.com\/index.php\/2020\/07\/20\/bailarina-do-faustao-e-presa-por-desacato-apos-festa-em-sc\/\" \/>\n<meta property=\"og:locale\" content=\"pt_BR\" \/>\n<meta property=\"og:type\" content=\"article\" \/>\n<meta property=\"og:title\" content=\"Bailarina do Faust\u00e3o \u00e9 presa por desacato ap\u00f3s festa em SC\" \/>\n<meta property=\"og:description\" content=\"A bailarina do Doming\u00e3o do Faust\u00e3o Natacha Horana, de 28 anos, foi presa na madrugada desta segunda-feira (20\/7) por desacato a guardas municipais de Balne\u00e1rio Cambori\u00fa, em Santa Catarina. Natacha estava hospedada em um apartamento de luxo alugado por turistas do Rio. A Pol\u00edcia Militar recebeu uma den\u00fancia de uma festa com som alto no &hellip;\" \/>\n<meta property=\"og:url\" content=\"https:\/\/portalnpm.com\/index.php\/2020\/07\/20\/bailarina-do-faustao-e-presa-por-desacato-apos-festa-em-sc\/\" \/>\n<meta property=\"og:site_name\" content=\"Portal NPM\" \/>\n<meta property=\"article:published_time\" content=\"2020-07-20T18:58:01+00:00\" \/>\n<meta name=\"author\" content=\"Genival Barbosa\" \/>\n<meta name=\"twitter:card\" content=\"summary_large_image\" \/>\n<meta name=\"twitter:label1\" content=\"Escrito por\" \/>\n\t<meta name=\"twitter:data1\" content=\"Genival Barbosa\" \/>\n\t<meta name=\"twitter:label2\" content=\"Est. tempo de leitura\" \/>\n\t<meta name=\"twitter:data2\" content=\"1 minuto\" \/>\n<script type=\"application\/ld+json\" class=\"yoast-schema-graph\">{\"@context\":\"https:\/\/schema.org\",\"@graph\":[{\"@type\":\"WebPage\",\"@id\":\"https:\/\/portalnpm.com\/index.php\/2020\/07\/20\/bailarina-do-faustao-e-presa-por-desacato-apos-festa-em-sc\/\",\"url\":\"https:\/\/portalnpm.com\/index.php\/2020\/07\/20\/bailarina-do-faustao-e-presa-por-desacato-apos-festa-em-sc\/\",\"name\":\"Bailarina do Faust\u00e3o \u00e9 presa por desacato ap\u00f3s festa em SC\",\"isPartOf\":{\"@id\":\"https:\/\/portalnpm.com\/#website\"},\"primaryImageOfPage\":{\"@id\":\"https:\/\/portalnpm.com\/index.php\/2020\/07\/20\/bailarina-do-faustao-e-presa-por-desacato-apos-festa-em-sc\/#primaryimage\"},\"image\":{\"@id\":\"https:\/\/portalnpm.com\/index.php\/2020\/07\/20\/bailarina-do-faustao-e-presa-por-desacato-apos-festa-em-sc\/#primaryimage\"},\"thumbnailUrl\":\"\",\"datePublished\":\"2020-07-20T18:58:01+00:00\",\"dateModified\":\"2020-07-20T18:58:01+00:00\",\"author\":{\"@id\":\"https:\/\/portalnpm.com\/#\/schema\/person\/49313e563cfdefcc167f1ee4c017c294\"},\"breadcrumb\":{\"@id\":\"https:\/\/portalnpm.com\/index.php\/2020\/07\/20\/bailarina-do-faustao-e-presa-por-desacato-apos-festa-em-sc\/#breadcrumb\"},\"inLanguage\":\"pt-BR\",\"potentialAction\":[{\"@type\":\"ReadAction\",\"target\":[\"https:\/\/portalnpm.com\/index.php\/2020\/07\/20\/bailarina-do-faustao-e-presa-por-desacato-apos-festa-em-sc\/\"]}]},{\"@type\":\"ImageObject\",\"inLanguage\":\"pt-BR\",\"@id\":\"https:\/\/portalnpm.com\/index.php\/2020\/07\/20\/bailarina-do-faustao-e-presa-por-desacato-apos-festa-em-sc\/#primaryimage\",\"url\":\"\",\"contentUrl\":\"\"},{\"@type\":\"BreadcrumbList\",\"@id\":\"https:\/\/portalnpm.com\/index.php\/2020\/07\/20\/bailarina-do-faustao-e-presa-por-desacato-apos-festa-em-sc\/#breadcrumb\",\"itemListElement\":[{\"@type\":\"ListItem\",\"position\":1,\"name\":\"In\u00edcio\",\"item\":\"https:\/\/portalnpm.com\/\"},{\"@type\":\"ListItem\",\"position\":2,\"name\":\"Bailarina do Faust\u00e3o \u00e9 presa por desacato ap\u00f3s festa em SC\"}]},{\"@type\":\"WebSite\",\"@id\":\"https:\/\/portalnpm.com\/#website\",\"url\":\"https:\/\/portalnpm.com\/\",\"name\":\"Portal NPM\",\"description\":\"Not\u00edcias em Primeira M\u00e3o\",\"potentialAction\":[{\"@type\":\"SearchAction\",\"target\":{\"@type\":\"EntryPoint\",\"urlTemplate\":\"https:\/\/portalnpm.com\/?s={search_term_string}\"},\"query-input\":\"required name=search_term_string\"}],\"inLanguage\":\"pt-BR\"},{\"@type\":\"Person\",\"@id\":\"https:\/\/portalnpm.com\/#\/schema\/person\/49313e563cfdefcc167f1ee4c017c294\",\"name\":\"Genival Barbosa\",\"image\":{\"@type\":\"ImageObject\",\"inLanguage\":\"pt-BR\",\"@id\":\"https:\/\/portalnpm.com\/#\/schema\/person\/image\/\",\"url\":\"https:\/\/portalnpm.com\/wp-content\/uploads\/2024\/02\/avatar_user_2_1707743258-96x96.jpeg\",\"contentUrl\":\"https:\/\/portalnpm.com\/wp-content\/uploads\/2024\/02\/avatar_user_2_1707743258-96x96.jpeg\",\"caption\":\"Genival Barbosa\"},\"url\":\"https:\/\/portalnpm.com\/index.php\/author\/genival\/\"}]}<\/script>\n<!-- \/ Yoast SEO plugin. -->","yoast_head_json":{"title":"Bailarina do Faust\u00e3o \u00e9 presa por desacato ap\u00f3s festa em SC","robots":{"index":"index","follow":"follow","max-snippet":"max-snippet:-1","max-image-preview":"max-image-preview:large","max-video-preview":"max-video-preview:-1"},"canonical":"https:\/\/portalnpm.com\/index.php\/2020\/07\/20\/bailarina-do-faustao-e-presa-por-desacato-apos-festa-em-sc\/","og_locale":"pt_BR","og_type":"article","og_title":"Bailarina do Faust\u00e3o \u00e9 presa por desacato ap\u00f3s festa em SC","og_description":"A bailarina do Doming\u00e3o do Faust\u00e3o Natacha Horana, de 28 anos, foi presa na madrugada desta segunda-feira (20\/7) por desacato a guardas municipais de Balne\u00e1rio Cambori\u00fa, em Santa Catarina. Natacha estava hospedada em um apartamento de luxo alugado por turistas do Rio. A Pol\u00edcia Militar recebeu uma den\u00fancia de uma festa com som alto no &hellip;","og_url":"https:\/\/portalnpm.com\/index.php\/2020\/07\/20\/bailarina-do-faustao-e-presa-por-desacato-apos-festa-em-sc\/","og_site_name":"Portal NPM","article_published_time":"2020-07-20T18:58:01+00:00","author":"Genival Barbosa","twitter_card":"summary_large_image","twitter_misc":{"Escrito por":"Genival Barbosa","Est. tempo de leitura":"1 minuto"},"schema":{"@context":"https:\/\/schema.org","@graph":[{"@type":"WebPage","@id":"https:\/\/portalnpm.com\/index.php\/2020\/07\/20\/bailarina-do-faustao-e-presa-por-desacato-apos-festa-em-sc\/","url":"https:\/\/portalnpm.com\/index.php\/2020\/07\/20\/bailarina-do-faustao-e-presa-por-desacato-apos-festa-em-sc\/","name":"Bailarina do Faust\u00e3o \u00e9 presa por desacato ap\u00f3s festa em SC","isPartOf":{"@id":"https:\/\/portalnpm.com\/#website"},"primaryImageOfPage":{"@id":"https:\/\/portalnpm.com\/index.php\/2020\/07\/20\/bailarina-do-faustao-e-presa-por-desacato-apos-festa-em-sc\/#primaryimage"},"image":{"@id":"https:\/\/portalnpm.com\/index.php\/2020\/07\/20\/bailarina-do-faustao-e-presa-por-desacato-apos-festa-em-sc\/#primaryimage"},"thumbnailUrl":"","datePublished":"2020-07-20T18:58:01+00:00","dateModified":"2020-07-20T18:58:01+00:00","author":{"@id":"https:\/\/portalnpm.com\/#\/schema\/person\/49313e563cfdefcc167f1ee4c017c294"},"breadcrumb":{"@id":"https:\/\/portalnpm.com\/index.php\/2020\/07\/20\/bailarina-do-faustao-e-presa-por-desacato-apos-festa-em-sc\/#breadcrumb"},"inLanguage":"pt-BR","potentialAction":[{"@type":"ReadAction","target":["https:\/\/portalnpm.com\/index.php\/2020\/07\/20\/bailarina-do-faustao-e-presa-por-desacato-apos-festa-em-sc\/"]}]},{"@type":"ImageObject","inLanguage":"pt-BR","@id":"https:\/\/portalnpm.com\/index.php\/2020\/07\/20\/bailarina-do-faustao-e-presa-por-desacato-apos-festa-em-sc\/#primaryimage","url":"","contentUrl":""},{"@type":"BreadcrumbList","@id":"https:\/\/portalnpm.com\/index.php\/2020\/07\/20\/bailarina-do-faustao-e-presa-por-desacato-apos-festa-em-sc\/#breadcrumb","itemListElement":[{"@type":"ListItem","position":1,"name":"In\u00edcio","item":"https:\/\/portalnpm.com\/"},{"@type":"ListItem","position":2,"name":"Bailarina do Faust\u00e3o \u00e9 presa por desacato ap\u00f3s festa em SC"}]},{"@type":"WebSite","@id":"https:\/\/portalnpm.com\/#website","url":"https:\/\/portalnpm.com\/","name":"Portal NPM","description":"Not\u00edcias em Primeira M\u00e3o","potentialAction":[{"@type":"SearchAction","target":{"@type":"EntryPoint","urlTemplate":"https:\/\/portalnpm.com\/?s={search_term_string}"},"query-input":"required name=search_term_string"}],"inLanguage":"pt-BR"},{"@type":"Person","@id":"https:\/\/portalnpm.com\/#\/schema\/person\/49313e563cfdefcc167f1ee4c017c294","name":"Genival Barbosa","image":{"@type":"ImageObject","inLanguage":"pt-BR","@id":"https:\/\/portalnpm.com\/#\/schema\/person\/image\/","url":"https:\/\/portalnpm.com\/wp-content\/uploads\/2024\/02\/avatar_user_2_1707743258-96x96.jpeg","contentUrl":"https:\/\/portalnpm.com\/wp-content\/uploads\/2024\/02\/avatar_user_2_1707743258-96x96.jpeg","caption":"Genival Barbosa"},"url":"https:\/\/portalnpm.com\/index.php\/author\/genival\/"}]}},"jetpack_sharing_enabled":true,"jetpack_featured_media_url":"","_links":{"self":[{"href":"https:\/\/portalnpm.com\/index.php\/wp-json\/wp\/v2\/posts\/55425"}],"collection":[{"href":"https:\/\/portalnpm.com\/index.php\/wp-json\/wp\/v2\/posts"}],"about":[{"href":"https:\/\/portalnpm.com\/index.php\/wp-json\/wp\/v2\/types\/post"}],"author":[{"embeddable":true,"href":"https:\/\/portalnpm.com\/index.php\/wp-json\/wp\/v2\/users\/2"}],"replies":[{"embeddable":true,"href":"https:\/\/portalnpm.com\/index.php\/wp-json\/wp\/v2\/comments?post=55425"}],"version-history":[{"count":0,"href":"https:\/\/portalnpm.com\/index.php\/wp-json\/wp\/v2\/posts\/55425\/revisions"}],"wp:featuredmedia":[{"embeddable":true,"href":"https:\/\/portalnpm.com\/index.php\/wp-json\/"}],"wp:attachment":[{"href":"https:\/\/portalnpm.com\/index.php\/wp-json\/wp\/v2\/media?parent=55425"}],"wp:term":[{"taxonomy":"category","embeddable":true,"href":"https:\/\/portalnpm.com\/index.php\/wp-json\/wp\/v2\/categories?post=55425"},{"taxonomy":"post_tag","embeddable":true,"href":"https:\/\/portalnpm.com\/index.php\/wp-json\/wp\/v2\/tags?post=55425"}],"curies":[{"name":"wp","href":"https:\/\/api.w.org\/{rel}","templated":true}]}}