{"id":5552,"date":"2019-02-08T23:57:46","date_gmt":"2019-02-09T01:57:46","guid":{"rendered":"http:\/\/srv.portalnpm.com.br\/?p=5552"},"modified":"2019-02-08T23:57:46","modified_gmt":"2019-02-09T01:57:46","slug":"filme-picoense-eita-piula-2-continua-em-cartaz-ate-dia-13-de-fevereiro","status":"publish","type":"post","link":"https:\/\/portalnpm.com\/index.php\/2019\/02\/08\/filme-picoense-eita-piula-2-continua-em-cartaz-ate-dia-13-de-fevereiro\/","title":{"rendered":"Filme picoense \u201cEita P\u00edula 2\u201d continua em cartaz at\u00e9 dia 13 de fevereiro"},"content":{"rendered":"<p style=\"text-align: justify;\"><span style=\"color: #666699;\">Apesar de pouco tempo para divulga\u00e7\u00e3o, a estreia do filme picoense Eita P\u00edula II: o caso da botija de ouro, foi satisfat\u00f3ria para a produ\u00e7\u00e3o.<\/span><\/p>\n<p style=\"text-align: justify;\">Samuel Nascimento, escritor e ator, que atua no filme de Flavio Guedes, considera a estreia positiva, \u201cpodemos dizer que a estreia foi envolvente, elenco reunido em clima festivo, e claro, o mais importante, a presen\u00e7a do p\u00fablico, que foi tamb\u00e9m bastante festiva,\u201d afirma o ator.<\/p>\n<p style=\"text-align: justify;\">Sobre a recep\u00e7\u00e3o do p\u00fablico, o ator natural de Alagoinha do Piau\u00ed, que participa pela segunda vez de uma produ\u00e7\u00e3o audiovisual, considera tamb\u00e9m satisfat\u00f3ria, ele acredita que durante os seis dias que a com\u00e9dia vai ficar em cartaz, o p\u00fablico vai comparecer, pois considera um bom filme. \u201cTodos receberam bem a com\u00e9dia, as rea\u00e7\u00f5es foram as melhores, mediante as gargalhadas durante toda a exibi\u00e7\u00e3o e a euforia no final. O p\u00fablico se sentindo participante do filme, vendo retratados seus costumes e folclore, na tela. Quem vier n\u00e3o vai se arrepender\u201d, garante Samuel Nascimento.<\/p>\n<p style=\"text-align: justify;\">Quem conta que n\u00e3o se arrependeu de ter visto, foi o Francisco Edimarsom, riu bastante e vai indicar para os amigos. \u201cGostei muito, a produ\u00e7\u00e3o e os atores est\u00e3o de parab\u00e9ns, quase moro de tanto rir com as atrapalhadas do filme\u201d, confessa o comerciante.<\/p>\n<p style=\"text-align: justify;\">Ivonete Maria, administradora de empresa, tamb\u00e9m aprovou a com\u00e9dia, segundo a jovem, o figurino foi um atrativo \u00e0 parte. \u201cEu gostei do filme todo, principalmente das roupas, coloridas e exuberantes. Tudo muito alegre\u201d, disse Ivonete.<\/p>\n<p style=\"text-align: justify;\">Al\u00e9m da atra\u00e7\u00e3o principal que era a pel\u00edcula, ap\u00f3s a sess\u00e3o de estreia, os atores premiaram o p\u00fablico com m\u00fasica, a cantora Nikelly Carvalho apresentou can\u00e7\u00f5es que foram desde MPB tradicional at\u00e9 o pop e rock e ainda, apresentou composi\u00e7\u00f5es pr\u00f3prias.<\/p>\n<p style=\"text-align: justify;\">A rede multicine que possui salas nos dois shoppings center da cidade, abriu tr\u00eas sess\u00f5es, para a exibi\u00e7\u00e3o da produ\u00e7\u00e3o picoense. A primeira, \u00e0s 19:10 no Picos Plaza, a segunda \u00e0s 20:30 no Piau\u00ed Shopping e a terceira e \u00faltima da noite, \u00e0s 21:05, no Picos Plaza Shopping. O filme vai ficar em cartaz at\u00e9 quarta-feira, dia 13 de fevereiro.<\/p>\n<p style=\"text-align: justify;\"><img fetchpriority=\"high\" decoding=\"async\" class=\"alignnone size-medium wp-image-5554\" src=\"http:\/\/portalnpm.com.br\/wp-content\/uploads\/2019\/02\/IMG-20190208-WA0363-300x225.jpg\" alt=\"\" width=\"300\" height=\"225\" \/><img decoding=\"async\" class=\"alignnone size-medium wp-image-5555\" src=\"http:\/\/portalnpm.com.br\/wp-content\/uploads\/2019\/02\/IMG-20190208-WA0364-300x300.jpg\" alt=\"\" width=\"300\" height=\"300\" \/><img decoding=\"async\" class=\"alignnone size-medium wp-image-5556\" src=\"http:\/\/portalnpm.com.br\/wp-content\/uploads\/2019\/02\/IMG-20190208-WA0365-300x169.jpg\" alt=\"\" width=\"300\" height=\"169\" \/><img loading=\"lazy\" decoding=\"async\" class=\"alignnone size-medium wp-image-5557\" src=\"http:\/\/portalnpm.com.br\/wp-content\/uploads\/2019\/02\/IMG-20190208-WA0366-300x169.jpg\" alt=\"\" width=\"300\" height=\"169\" \/><img loading=\"lazy\" decoding=\"async\" class=\"alignnone size-medium wp-image-5559\" src=\"http:\/\/portalnpm.com.br\/wp-content\/uploads\/2019\/02\/IMG-20190208-WA0367-300x169.jpg\" alt=\"\" width=\"300\" height=\"169\" \/><img loading=\"lazy\" decoding=\"async\" class=\"alignnone size-medium wp-image-5560\" src=\"http:\/\/portalnpm.com.br\/wp-content\/uploads\/2019\/02\/IMG-20190208-WA0368-300x169.jpg\" alt=\"\" width=\"300\" height=\"169\" \/><img loading=\"lazy\" decoding=\"async\" class=\"alignnone size-medium wp-image-5561\" src=\"http:\/\/portalnpm.com.br\/wp-content\/uploads\/2019\/02\/IMG-20190208-WA0370-300x225.jpg\" alt=\"\" width=\"300\" height=\"225\" \/><img loading=\"lazy\" decoding=\"async\" class=\"alignnone size-medium wp-image-5562\" src=\"http:\/\/portalnpm.com.br\/wp-content\/uploads\/2019\/02\/IMG-20190208-WA0371-300x169.jpg\" alt=\"\" width=\"300\" height=\"169\" \/><img loading=\"lazy\" decoding=\"async\" class=\"alignnone size-medium wp-image-5563\" src=\"http:\/\/portalnpm.com.br\/wp-content\/uploads\/2019\/02\/IMG-20190208-WA0372-300x169.jpg\" alt=\"\" width=\"300\" height=\"169\" \/><img loading=\"lazy\" decoding=\"async\" class=\"alignnone size-medium wp-image-5558\" src=\"http:\/\/portalnpm.com.br\/wp-content\/uploads\/2019\/02\/IMG-20190208-WA0369-169x300.jpg\" alt=\"\" width=\"169\" height=\"300\" \/><\/p>\n<p><strong>Com informa\u00e7\u00f5es de Samuel Nascimento<\/strong><\/p>\n","protected":false},"excerpt":{"rendered":"<p>Apesar de pouco tempo para divulga\u00e7\u00e3o, a estreia do filme picoense Eita P\u00edula II: o caso da botija de ouro, foi satisfat\u00f3ria para a produ\u00e7\u00e3o. Samuel Nascimento, escritor e ator, que atua no filme de Flavio Guedes, considera a estreia positiva, \u201cpodemos dizer que a estreia foi envolvente, elenco reunido em clima festivo, e claro, &hellip;<\/p>\n","protected":false},"author":3,"featured_media":5553,"comment_status":"open","ping_status":"open","sticky":false,"template":"","format":"standard","meta":{"content-type":"","rop_custom_images_group":[],"rop_custom_messages_group":[],"rop_publish_now":"initial","rop_publish_now_accounts":{"facebook_2648258775420054_1618374048415101":""},"rop_publish_now_history":[],"rop_publish_now_status":"pending","footnotes":"","_jetpack_memberships_contains_paid_content":false},"categories":[147],"tags":[2173,128],"yoast_head":"<!-- This site is optimized with the Yoast SEO plugin v22.3 - https:\/\/yoast.com\/wordpress\/plugins\/seo\/ -->\n<title>Filme picoense \u201cEita P\u00edula 2\u201d continua em cartaz at\u00e9 dia 13 de fevereiro - Portal NPM<\/title>\n<meta name=\"robots\" content=\"index, follow, max-snippet:-1, max-image-preview:large, max-video-preview:-1\" \/>\n<link rel=\"canonical\" href=\"https:\/\/portalnpm.com\/index.php\/2019\/02\/08\/filme-picoense-eita-piula-2-continua-em-cartaz-ate-dia-13-de-fevereiro\/\" \/>\n<meta property=\"og:locale\" content=\"pt_BR\" \/>\n<meta property=\"og:type\" content=\"article\" \/>\n<meta property=\"og:title\" content=\"Filme picoense \u201cEita P\u00edula 2\u201d continua em cartaz at\u00e9 dia 13 de fevereiro - Portal NPM\" \/>\n<meta property=\"og:description\" content=\"Apesar de pouco tempo para divulga\u00e7\u00e3o, a estreia do filme picoense Eita P\u00edula II: o caso da botija de ouro, foi satisfat\u00f3ria para a produ\u00e7\u00e3o. Samuel Nascimento, escritor e ator, que atua no filme de Flavio Guedes, considera a estreia positiva, \u201cpodemos dizer que a estreia foi envolvente, elenco reunido em clima festivo, e claro, &hellip;\" \/>\n<meta property=\"og:url\" content=\"https:\/\/portalnpm.com\/index.php\/2019\/02\/08\/filme-picoense-eita-piula-2-continua-em-cartaz-ate-dia-13-de-fevereiro\/\" \/>\n<meta property=\"og:site_name\" content=\"Portal NPM\" \/>\n<meta property=\"article:published_time\" content=\"2019-02-09T01:57:46+00:00\" \/>\n<meta name=\"author\" content=\"Luis Alberto\" \/>\n<meta name=\"twitter:card\" content=\"summary_large_image\" \/>\n<meta name=\"twitter:label1\" content=\"Escrito por\" \/>\n\t<meta name=\"twitter:data1\" content=\"Luis Alberto\" \/>\n\t<meta name=\"twitter:label2\" content=\"Est. tempo de leitura\" \/>\n\t<meta name=\"twitter:data2\" content=\"2 minutos\" \/>\n<script type=\"application\/ld+json\" class=\"yoast-schema-graph\">{\"@context\":\"https:\/\/schema.org\",\"@graph\":[{\"@type\":\"WebPage\",\"@id\":\"https:\/\/portalnpm.com\/index.php\/2019\/02\/08\/filme-picoense-eita-piula-2-continua-em-cartaz-ate-dia-13-de-fevereiro\/\",\"url\":\"https:\/\/portalnpm.com\/index.php\/2019\/02\/08\/filme-picoense-eita-piula-2-continua-em-cartaz-ate-dia-13-de-fevereiro\/\",\"name\":\"Filme picoense \u201cEita P\u00edula 2\u201d continua em cartaz at\u00e9 dia 13 de fevereiro - Portal NPM\",\"isPartOf\":{\"@id\":\"https:\/\/portalnpm.com\/#website\"},\"primaryImageOfPage\":{\"@id\":\"https:\/\/portalnpm.com\/index.php\/2019\/02\/08\/filme-picoense-eita-piula-2-continua-em-cartaz-ate-dia-13-de-fevereiro\/#primaryimage\"},\"image\":{\"@id\":\"https:\/\/portalnpm.com\/index.php\/2019\/02\/08\/filme-picoense-eita-piula-2-continua-em-cartaz-ate-dia-13-de-fevereiro\/#primaryimage\"},\"thumbnailUrl\":\"\",\"datePublished\":\"2019-02-09T01:57:46+00:00\",\"dateModified\":\"2019-02-09T01:57:46+00:00\",\"author\":{\"@id\":\"https:\/\/portalnpm.com\/#\/schema\/person\/5c8006acdf71774cd4e7a5ab98482152\"},\"breadcrumb\":{\"@id\":\"https:\/\/portalnpm.com\/index.php\/2019\/02\/08\/filme-picoense-eita-piula-2-continua-em-cartaz-ate-dia-13-de-fevereiro\/#breadcrumb\"},\"inLanguage\":\"pt-BR\",\"potentialAction\":[{\"@type\":\"ReadAction\",\"target\":[\"https:\/\/portalnpm.com\/index.php\/2019\/02\/08\/filme-picoense-eita-piula-2-continua-em-cartaz-ate-dia-13-de-fevereiro\/\"]}]},{\"@type\":\"ImageObject\",\"inLanguage\":\"pt-BR\",\"@id\":\"https:\/\/portalnpm.com\/index.php\/2019\/02\/08\/filme-picoense-eita-piula-2-continua-em-cartaz-ate-dia-13-de-fevereiro\/#primaryimage\",\"url\":\"\",\"contentUrl\":\"\"},{\"@type\":\"BreadcrumbList\",\"@id\":\"https:\/\/portalnpm.com\/index.php\/2019\/02\/08\/filme-picoense-eita-piula-2-continua-em-cartaz-ate-dia-13-de-fevereiro\/#breadcrumb\",\"itemListElement\":[{\"@type\":\"ListItem\",\"position\":1,\"name\":\"In\u00edcio\",\"item\":\"https:\/\/portalnpm.com\/\"},{\"@type\":\"ListItem\",\"position\":2,\"name\":\"Filme picoense \u201cEita P\u00edula 2\u201d continua em cartaz at\u00e9 dia 13 de fevereiro\"}]},{\"@type\":\"WebSite\",\"@id\":\"https:\/\/portalnpm.com\/#website\",\"url\":\"https:\/\/portalnpm.com\/\",\"name\":\"Portal NPM\",\"description\":\"Not\u00edcias em Primeira M\u00e3o\",\"potentialAction\":[{\"@type\":\"SearchAction\",\"target\":{\"@type\":\"EntryPoint\",\"urlTemplate\":\"https:\/\/portalnpm.com\/?s={search_term_string}\"},\"query-input\":\"required name=search_term_string\"}],\"inLanguage\":\"pt-BR\"},{\"@type\":\"Person\",\"@id\":\"https:\/\/portalnpm.com\/#\/schema\/person\/5c8006acdf71774cd4e7a5ab98482152\",\"name\":\"Luis Alberto\",\"image\":{\"@type\":\"ImageObject\",\"inLanguage\":\"pt-BR\",\"@id\":\"https:\/\/portalnpm.com\/#\/schema\/person\/image\/\",\"url\":\"https:\/\/portalnpm.com\/wp-content\/uploads\/2024\/12\/avatar_user_3_1734699769-96x96.jpeg\",\"contentUrl\":\"https:\/\/portalnpm.com\/wp-content\/uploads\/2024\/12\/avatar_user_3_1734699769-96x96.jpeg\",\"caption\":\"Luis Alberto\"},\"description\":\"Editor-geral do Portal NPM, \u00e9 formado como T\u00e9cnico em Seguran\u00e7a do Trabalho pela Escola Metropolitana de Cursos T\u00e9cnicos. Det\u00e9m ainda licenciatura em Educa\u00e7\u00e3o F\u00edsica e bacharelado em Ci\u00eancias Pol\u00edticas, ambos obtidos pela institui\u00e7\u00e3o Anhanguera\/UNOPAR.\",\"url\":\"https:\/\/portalnpm.com\/index.php\/author\/pereira\/\"}]}<\/script>\n<!-- \/ Yoast SEO plugin. -->","yoast_head_json":{"title":"Filme picoense \u201cEita P\u00edula 2\u201d continua em cartaz at\u00e9 dia 13 de fevereiro - Portal NPM","robots":{"index":"index","follow":"follow","max-snippet":"max-snippet:-1","max-image-preview":"max-image-preview:large","max-video-preview":"max-video-preview:-1"},"canonical":"https:\/\/portalnpm.com\/index.php\/2019\/02\/08\/filme-picoense-eita-piula-2-continua-em-cartaz-ate-dia-13-de-fevereiro\/","og_locale":"pt_BR","og_type":"article","og_title":"Filme picoense \u201cEita P\u00edula 2\u201d continua em cartaz at\u00e9 dia 13 de fevereiro - Portal NPM","og_description":"Apesar de pouco tempo para divulga\u00e7\u00e3o, a estreia do filme picoense Eita P\u00edula II: o caso da botija de ouro, foi satisfat\u00f3ria para a produ\u00e7\u00e3o. Samuel Nascimento, escritor e ator, que atua no filme de Flavio Guedes, considera a estreia positiva, \u201cpodemos dizer que a estreia foi envolvente, elenco reunido em clima festivo, e claro, &hellip;","og_url":"https:\/\/portalnpm.com\/index.php\/2019\/02\/08\/filme-picoense-eita-piula-2-continua-em-cartaz-ate-dia-13-de-fevereiro\/","og_site_name":"Portal NPM","article_published_time":"2019-02-09T01:57:46+00:00","author":"Luis Alberto","twitter_card":"summary_large_image","twitter_misc":{"Escrito por":"Luis Alberto","Est. tempo de leitura":"2 minutos"},"schema":{"@context":"https:\/\/schema.org","@graph":[{"@type":"WebPage","@id":"https:\/\/portalnpm.com\/index.php\/2019\/02\/08\/filme-picoense-eita-piula-2-continua-em-cartaz-ate-dia-13-de-fevereiro\/","url":"https:\/\/portalnpm.com\/index.php\/2019\/02\/08\/filme-picoense-eita-piula-2-continua-em-cartaz-ate-dia-13-de-fevereiro\/","name":"Filme picoense \u201cEita P\u00edula 2\u201d continua em cartaz at\u00e9 dia 13 de fevereiro - Portal NPM","isPartOf":{"@id":"https:\/\/portalnpm.com\/#website"},"primaryImageOfPage":{"@id":"https:\/\/portalnpm.com\/index.php\/2019\/02\/08\/filme-picoense-eita-piula-2-continua-em-cartaz-ate-dia-13-de-fevereiro\/#primaryimage"},"image":{"@id":"https:\/\/portalnpm.com\/index.php\/2019\/02\/08\/filme-picoense-eita-piula-2-continua-em-cartaz-ate-dia-13-de-fevereiro\/#primaryimage"},"thumbnailUrl":"","datePublished":"2019-02-09T01:57:46+00:00","dateModified":"2019-02-09T01:57:46+00:00","author":{"@id":"https:\/\/portalnpm.com\/#\/schema\/person\/5c8006acdf71774cd4e7a5ab98482152"},"breadcrumb":{"@id":"https:\/\/portalnpm.com\/index.php\/2019\/02\/08\/filme-picoense-eita-piula-2-continua-em-cartaz-ate-dia-13-de-fevereiro\/#breadcrumb"},"inLanguage":"pt-BR","potentialAction":[{"@type":"ReadAction","target":["https:\/\/portalnpm.com\/index.php\/2019\/02\/08\/filme-picoense-eita-piula-2-continua-em-cartaz-ate-dia-13-de-fevereiro\/"]}]},{"@type":"ImageObject","inLanguage":"pt-BR","@id":"https:\/\/portalnpm.com\/index.php\/2019\/02\/08\/filme-picoense-eita-piula-2-continua-em-cartaz-ate-dia-13-de-fevereiro\/#primaryimage","url":"","contentUrl":""},{"@type":"BreadcrumbList","@id":"https:\/\/portalnpm.com\/index.php\/2019\/02\/08\/filme-picoense-eita-piula-2-continua-em-cartaz-ate-dia-13-de-fevereiro\/#breadcrumb","itemListElement":[{"@type":"ListItem","position":1,"name":"In\u00edcio","item":"https:\/\/portalnpm.com\/"},{"@type":"ListItem","position":2,"name":"Filme picoense \u201cEita P\u00edula 2\u201d continua em cartaz at\u00e9 dia 13 de fevereiro"}]},{"@type":"WebSite","@id":"https:\/\/portalnpm.com\/#website","url":"https:\/\/portalnpm.com\/","name":"Portal NPM","description":"Not\u00edcias em Primeira M\u00e3o","potentialAction":[{"@type":"SearchAction","target":{"@type":"EntryPoint","urlTemplate":"https:\/\/portalnpm.com\/?s={search_term_string}"},"query-input":"required name=search_term_string"}],"inLanguage":"pt-BR"},{"@type":"Person","@id":"https:\/\/portalnpm.com\/#\/schema\/person\/5c8006acdf71774cd4e7a5ab98482152","name":"Luis Alberto","image":{"@type":"ImageObject","inLanguage":"pt-BR","@id":"https:\/\/portalnpm.com\/#\/schema\/person\/image\/","url":"https:\/\/portalnpm.com\/wp-content\/uploads\/2024\/12\/avatar_user_3_1734699769-96x96.jpeg","contentUrl":"https:\/\/portalnpm.com\/wp-content\/uploads\/2024\/12\/avatar_user_3_1734699769-96x96.jpeg","caption":"Luis Alberto"},"description":"Editor-geral do Portal NPM, \u00e9 formado como T\u00e9cnico em Seguran\u00e7a do Trabalho pela Escola Metropolitana de Cursos T\u00e9cnicos. Det\u00e9m ainda licenciatura em Educa\u00e7\u00e3o F\u00edsica e bacharelado em Ci\u00eancias Pol\u00edticas, ambos obtidos pela institui\u00e7\u00e3o Anhanguera\/UNOPAR.","url":"https:\/\/portalnpm.com\/index.php\/author\/pereira\/"}]}},"jetpack_sharing_enabled":true,"jetpack_featured_media_url":"","_links":{"self":[{"href":"https:\/\/portalnpm.com\/index.php\/wp-json\/wp\/v2\/posts\/5552"}],"collection":[{"href":"https:\/\/portalnpm.com\/index.php\/wp-json\/wp\/v2\/posts"}],"about":[{"href":"https:\/\/portalnpm.com\/index.php\/wp-json\/wp\/v2\/types\/post"}],"author":[{"embeddable":true,"href":"https:\/\/portalnpm.com\/index.php\/wp-json\/wp\/v2\/users\/3"}],"replies":[{"embeddable":true,"href":"https:\/\/portalnpm.com\/index.php\/wp-json\/wp\/v2\/comments?post=5552"}],"version-history":[{"count":0,"href":"https:\/\/portalnpm.com\/index.php\/wp-json\/wp\/v2\/posts\/5552\/revisions"}],"wp:featuredmedia":[{"embeddable":true,"href":"https:\/\/portalnpm.com\/index.php\/wp-json\/"}],"wp:attachment":[{"href":"https:\/\/portalnpm.com\/index.php\/wp-json\/wp\/v2\/media?parent=5552"}],"wp:term":[{"taxonomy":"category","embeddable":true,"href":"https:\/\/portalnpm.com\/index.php\/wp-json\/wp\/v2\/categories?post=5552"},{"taxonomy":"post_tag","embeddable":true,"href":"https:\/\/portalnpm.com\/index.php\/wp-json\/wp\/v2\/tags?post=5552"}],"curies":[{"name":"wp","href":"https:\/\/api.w.org\/{rel}","templated":true}]}}