{"id":55542,"date":"2020-07-23T15:15:43","date_gmt":"2020-07-23T18:15:43","guid":{"rendered":"https:\/\/portalnpm.com\/index.php\/2020\/07\/23\/pre-candidato-a-prefeito-de-picos-edwaldo-viana-usa-redes-sociais-para-dialogar-com-a-populacao-e-discute-solucoes-para-picos\/"},"modified":"2020-07-23T15:15:43","modified_gmt":"2020-07-23T18:15:43","slug":"pre-candidato-a-prefeito-de-picos-edwaldo-viana-usa-redes-sociais-para-dialogar-com-a-populacao-e-discute-solucoes-para-picos","status":"publish","type":"post","link":"https:\/\/portalnpm.com\/index.php\/2020\/07\/23\/pre-candidato-a-prefeito-de-picos-edwaldo-viana-usa-redes-sociais-para-dialogar-com-a-populacao-e-discute-solucoes-para-picos\/","title":{"rendered":"Pr\u00e9-candidato a prefeito de Picos, Edwaldo Viana, usa redes sociais para dialogar com a popula\u00e7\u00e3o e discute solu\u00e7\u00f5es para Picos"},"content":{"rendered":"<p style=\"text-align: justify;\">Hoje, Picos se destaca como a cidade com mais obras inacabadas no Piau\u00ed. Fato que fomenta a gravidade da not\u00edcia, tornando-a em dimens\u00f5es catastr\u00f3ficas ao munic\u00edpio.<\/p>\n<p style=\"text-align: justify;\">\n<p style=\"text-align: justify;\">Trata-se de uma realidade comum e extens\u00edvel \u00e0 maior parte do Estado, onde a m\u00e1xima de que obras p\u00fablicas n\u00e3o costumam terminar \u2013 e quando terminam, atrasam e custam mais caro que o previsto.<\/p>\n<p style=\"text-align: justify;\">Pensando nisso, o pr\u00e9-candidato a prefeito de Picos, Coronel Viana reuniu representantes da sociedade civil para discutir a realidade do munic\u00edpio e ali\u00e1-las a novas ideias, na perspectiva de um futuro melhor. O bate papo foi virtual e aconteceu na noite desta quarta-feira (22), abordando o tema: \u201cM\u00e1 administra\u00e7\u00e3o e solu\u00e7\u00f5es para uma Picos melhor\u201d.<\/p>\n<p style=\"text-align: justify;\">H\u00e1 que ressaltar, tamb\u00e9m, o pioneirismo na utiliza\u00e7\u00e3o de uma int\u00e9rprete de libras, em uma Live, na cidade de Picos. Tudo, para levar o debate e atingir o maior n\u00famero de pessoas poss\u00edveis, sempre visando, um projeto participativo e inclusivo.<\/p>\n<p style=\"text-align: justify;\">Coronel Viana criticou o governo municipal e estadual pelo improviso na realiza\u00e7\u00e3o de obras de infraestrutura e mobilidade e afirmou que o atual grupo pol\u00edtico, envolvido na atual gest\u00e3o, ir\u00e1 inaugurar obras inacabadas na tentativa de enganar a popula\u00e7\u00e3o.<\/p>\n<p style=\"text-align: justify;\">\u201c\u00c9 um cemit\u00e9rio de obras abandonadas por toda parte. Vejo a afoba\u00e7\u00e3o do governo querendo inaugurar obras pelo meio do caminho como se pudesse enganar a realidade dos Picoenses. Sabemos que essas obras de infraestrutura, de mobilidade, as obras na sa\u00fade e tantas outras ficar\u00e3o pelo meio do caminho e s\u00e3o eleitoreiras\u201d, disse.<\/p>\n<p style=\"text-align: justify;\">\u201cO impacto de obras p\u00fablicas inacabadas se estende al\u00e9m do gasto realizado e da indisponibilidade do ativo p\u00fablico para a sociedade, \u00e9 uma verdadeira priva\u00e7\u00e3o de usufruto de direitos e benef\u00edcios. T\u00e3o grave quanto, obras p\u00fablicas inacabadas ou atrasadas que meramente imp\u00f5em vultosos custos econ\u00f4micos \u00e0 sociedade\u201d, acrescentou.<\/p>\n<p style=\"text-align: justify;\">Seguindo todas as recomenda\u00e7\u00f5es do Minist\u00e9rio da Sa\u00fade, a Live contou com a presen\u00e7a do Professor, Advogado e Mestre em Direito Constitucional, Presidente da Comiss\u00e3o de Liberdade Religiosa da OAB\/PI, C\u00e2ndido Alexandrino; do Advogado Previdenci\u00e1rista e Trabalhista, Professor e Assessor Jur\u00eddico do STTRS na Macrorregi\u00e3o de Picos e Valen\u00e7a, Filippy Jordan e; tamb\u00e9m, do ex-cabo do Ex\u00e9rcito Brasileiro do Centro de Comunica\u00e7\u00f5es e Guerras Eletr\u00f4nicas e Ativista aos Direitos das Pessoas com Defici\u00eancia, Derivaldo Junior.<\/p>\n<p style=\"text-align: justify;\">Na oportunidade os convidados destacaram as obras p\u00fablicas inacabadas, que atrapalham os moradores, impactando negativamente na desvaloriza\u00e7\u00e3o de im\u00f3veis privados, na inseguran\u00e7a, na redu\u00e7\u00e3o da autoestima geral da popula\u00e7\u00e3o, na descren\u00e7a com a pol\u00edtica e com os pol\u00edticos, na indisposi\u00e7\u00e3o para a pr\u00e1tica da cidadania. Onerando, ainda mais, o er\u00e1rio. \u00c9 como um c\u00edrculo vicioso atrasando, ainda mais, o esperado retorno e conclus\u00e3o das obras prometidas.<\/p>\n<p style=\"text-align: justify;\">A falta de planejamento adequado e inefici\u00eancia da gest\u00e3o, tamb\u00e9m foram pilares mencionados com frequ\u00eancia durante o bate-papo.<\/p>\n<p style=\"text-align: justify;\">Com muita intera\u00e7\u00e3o, audi\u00eancia e inova\u00e7\u00e3o, a Live foi transmitida nas plataformas do Youtube e na sua p\u00e1gina no Facebook. A transmiss\u00e3o contou ainda com a participa\u00e7\u00e3o ativa da comunidade mostrando e comprovando o descaso em Picos.<\/p>\n","protected":false},"excerpt":{"rendered":"<p>Hoje, Picos se destaca como a cidade com mais obras inacabadas no Piau\u00ed. Fato que fomenta a gravidade da not\u00edcia, tornando-a em dimens\u00f5es catastr\u00f3ficas ao munic\u00edpio. Trata-se de uma realidade comum e extens\u00edvel \u00e0 maior parte do Estado, onde a m\u00e1xima de que obras p\u00fablicas n\u00e3o costumam terminar \u2013 e quando terminam, atrasam e custam &hellip;<\/p>\n","protected":false},"author":2,"featured_media":55543,"comment_status":"open","ping_status":"open","sticky":false,"template":"","format":"standard","meta":{"content-type":"","rop_custom_images_group":[],"rop_custom_messages_group":[],"rop_publish_now":"initial","rop_publish_now_accounts":{"facebook_2648258775420054_1618374048415101":""},"rop_publish_now_history":[],"rop_publish_now_status":"pending","footnotes":"","_jetpack_memberships_contains_paid_content":false},"categories":[113,109,127,130],"tags":[5241,5242,5243,128,2080,3029,135,4966,4292],"yoast_head":"<!-- This site is optimized with the Yoast SEO plugin v22.3 - https:\/\/yoast.com\/wordpress\/plugins\/seo\/ -->\n<title>Pr\u00e9-candidato a prefeito de Picos, Edwaldo Viana, usa redes sociais para dialogar com a popula\u00e7\u00e3o e discute solu\u00e7\u00f5es para Picos<\/title>\n<meta name=\"robots\" content=\"index, follow, max-snippet:-1, max-image-preview:large, max-video-preview:-1\" \/>\n<link rel=\"canonical\" href=\"https:\/\/portalnpm.com\/index.php\/2020\/07\/23\/pre-candidato-a-prefeito-de-picos-edwaldo-viana-usa-redes-sociais-para-dialogar-com-a-populacao-e-discute-solucoes-para-picos\/\" \/>\n<meta property=\"og:locale\" content=\"pt_BR\" \/>\n<meta property=\"og:type\" content=\"article\" \/>\n<meta property=\"og:title\" content=\"Pr\u00e9-candidato a prefeito de Picos, Edwaldo Viana, usa redes sociais para dialogar com a popula\u00e7\u00e3o e discute solu\u00e7\u00f5es para Picos\" \/>\n<meta property=\"og:description\" content=\"Hoje, Picos se destaca como a cidade com mais obras inacabadas no Piau\u00ed. Fato que fomenta a gravidade da not\u00edcia, tornando-a em dimens\u00f5es catastr\u00f3ficas ao munic\u00edpio. Trata-se de uma realidade comum e extens\u00edvel \u00e0 maior parte do Estado, onde a m\u00e1xima de que obras p\u00fablicas n\u00e3o costumam terminar \u2013 e quando terminam, atrasam e custam &hellip;\" \/>\n<meta property=\"og:url\" content=\"https:\/\/portalnpm.com\/index.php\/2020\/07\/23\/pre-candidato-a-prefeito-de-picos-edwaldo-viana-usa-redes-sociais-para-dialogar-com-a-populacao-e-discute-solucoes-para-picos\/\" \/>\n<meta property=\"og:site_name\" content=\"Portal NPM\" \/>\n<meta property=\"article:published_time\" content=\"2020-07-23T18:15:43+00:00\" \/>\n<meta property=\"og:image\" content=\"https:\/\/portalnpm.com\/wp-content\/uploads\/2024\/01\/IMG-20200723-WA0406.jpg\" \/>\n\t<meta property=\"og:image:width\" content=\"1280\" \/>\n\t<meta property=\"og:image:height\" content=\"914\" \/>\n\t<meta property=\"og:image:type\" content=\"image\/jpeg\" \/>\n<meta name=\"author\" content=\"Genival Barbosa\" \/>\n<meta name=\"twitter:card\" content=\"summary_large_image\" \/>\n<meta name=\"twitter:label1\" content=\"Escrito por\" \/>\n\t<meta name=\"twitter:data1\" content=\"Genival Barbosa\" \/>\n\t<meta name=\"twitter:label2\" content=\"Est. tempo de leitura\" \/>\n\t<meta name=\"twitter:data2\" content=\"3 minutos\" \/>\n<script type=\"application\/ld+json\" class=\"yoast-schema-graph\">{\"@context\":\"https:\/\/schema.org\",\"@graph\":[{\"@type\":\"WebPage\",\"@id\":\"https:\/\/portalnpm.com\/index.php\/2020\/07\/23\/pre-candidato-a-prefeito-de-picos-edwaldo-viana-usa-redes-sociais-para-dialogar-com-a-populacao-e-discute-solucoes-para-picos\/\",\"url\":\"https:\/\/portalnpm.com\/index.php\/2020\/07\/23\/pre-candidato-a-prefeito-de-picos-edwaldo-viana-usa-redes-sociais-para-dialogar-com-a-populacao-e-discute-solucoes-para-picos\/\",\"name\":\"Pr\u00e9-candidato a prefeito de Picos, Edwaldo Viana, usa redes sociais para dialogar com a popula\u00e7\u00e3o e discute solu\u00e7\u00f5es para Picos\",\"isPartOf\":{\"@id\":\"https:\/\/portalnpm.com\/#website\"},\"primaryImageOfPage\":{\"@id\":\"https:\/\/portalnpm.com\/index.php\/2020\/07\/23\/pre-candidato-a-prefeito-de-picos-edwaldo-viana-usa-redes-sociais-para-dialogar-com-a-populacao-e-discute-solucoes-para-picos\/#primaryimage\"},\"image\":{\"@id\":\"https:\/\/portalnpm.com\/index.php\/2020\/07\/23\/pre-candidato-a-prefeito-de-picos-edwaldo-viana-usa-redes-sociais-para-dialogar-com-a-populacao-e-discute-solucoes-para-picos\/#primaryimage\"},\"thumbnailUrl\":\"https:\/\/portalnpm.com\/wp-content\/uploads\/2024\/01\/IMG-20200723-WA0406.jpg\",\"datePublished\":\"2020-07-23T18:15:43+00:00\",\"dateModified\":\"2020-07-23T18:15:43+00:00\",\"author\":{\"@id\":\"https:\/\/portalnpm.com\/#\/schema\/person\/49313e563cfdefcc167f1ee4c017c294\"},\"breadcrumb\":{\"@id\":\"https:\/\/portalnpm.com\/index.php\/2020\/07\/23\/pre-candidato-a-prefeito-de-picos-edwaldo-viana-usa-redes-sociais-para-dialogar-com-a-populacao-e-discute-solucoes-para-picos\/#breadcrumb\"},\"inLanguage\":\"pt-BR\",\"potentialAction\":[{\"@type\":\"ReadAction\",\"target\":[\"https:\/\/portalnpm.com\/index.php\/2020\/07\/23\/pre-candidato-a-prefeito-de-picos-edwaldo-viana-usa-redes-sociais-para-dialogar-com-a-populacao-e-discute-solucoes-para-picos\/\"]}]},{\"@type\":\"ImageObject\",\"inLanguage\":\"pt-BR\",\"@id\":\"https:\/\/portalnpm.com\/index.php\/2020\/07\/23\/pre-candidato-a-prefeito-de-picos-edwaldo-viana-usa-redes-sociais-para-dialogar-com-a-populacao-e-discute-solucoes-para-picos\/#primaryimage\",\"url\":\"https:\/\/portalnpm.com\/wp-content\/uploads\/2024\/01\/IMG-20200723-WA0406.jpg\",\"contentUrl\":\"https:\/\/portalnpm.com\/wp-content\/uploads\/2024\/01\/IMG-20200723-WA0406.jpg\",\"width\":1280,\"height\":914},{\"@type\":\"BreadcrumbList\",\"@id\":\"https:\/\/portalnpm.com\/index.php\/2020\/07\/23\/pre-candidato-a-prefeito-de-picos-edwaldo-viana-usa-redes-sociais-para-dialogar-com-a-populacao-e-discute-solucoes-para-picos\/#breadcrumb\",\"itemListElement\":[{\"@type\":\"ListItem\",\"position\":1,\"name\":\"In\u00edcio\",\"item\":\"https:\/\/portalnpm.com\/\"},{\"@type\":\"ListItem\",\"position\":2,\"name\":\"Pr\u00e9-candidato a prefeito de Picos, Edwaldo Viana, usa redes sociais para dialogar com a popula\u00e7\u00e3o e discute solu\u00e7\u00f5es para Picos\"}]},{\"@type\":\"WebSite\",\"@id\":\"https:\/\/portalnpm.com\/#website\",\"url\":\"https:\/\/portalnpm.com\/\",\"name\":\"Portal NPM\",\"description\":\"Not\u00edcias em Primeira M\u00e3o\",\"potentialAction\":[{\"@type\":\"SearchAction\",\"target\":{\"@type\":\"EntryPoint\",\"urlTemplate\":\"https:\/\/portalnpm.com\/?s={search_term_string}\"},\"query-input\":\"required name=search_term_string\"}],\"inLanguage\":\"pt-BR\"},{\"@type\":\"Person\",\"@id\":\"https:\/\/portalnpm.com\/#\/schema\/person\/49313e563cfdefcc167f1ee4c017c294\",\"name\":\"Genival Barbosa\",\"image\":{\"@type\":\"ImageObject\",\"inLanguage\":\"pt-BR\",\"@id\":\"https:\/\/portalnpm.com\/#\/schema\/person\/image\/\",\"url\":\"https:\/\/portalnpm.com\/wp-content\/uploads\/2024\/02\/avatar_user_2_1707743258-96x96.jpeg\",\"contentUrl\":\"https:\/\/portalnpm.com\/wp-content\/uploads\/2024\/02\/avatar_user_2_1707743258-96x96.jpeg\",\"caption\":\"Genival Barbosa\"},\"url\":\"https:\/\/portalnpm.com\/index.php\/author\/genival\/\"}]}<\/script>\n<!-- \/ Yoast SEO plugin. -->","yoast_head_json":{"title":"Pr\u00e9-candidato a prefeito de Picos, Edwaldo Viana, usa redes sociais para dialogar com a popula\u00e7\u00e3o e discute solu\u00e7\u00f5es para Picos","robots":{"index":"index","follow":"follow","max-snippet":"max-snippet:-1","max-image-preview":"max-image-preview:large","max-video-preview":"max-video-preview:-1"},"canonical":"https:\/\/portalnpm.com\/index.php\/2020\/07\/23\/pre-candidato-a-prefeito-de-picos-edwaldo-viana-usa-redes-sociais-para-dialogar-com-a-populacao-e-discute-solucoes-para-picos\/","og_locale":"pt_BR","og_type":"article","og_title":"Pr\u00e9-candidato a prefeito de Picos, Edwaldo Viana, usa redes sociais para dialogar com a popula\u00e7\u00e3o e discute solu\u00e7\u00f5es para Picos","og_description":"Hoje, Picos se destaca como a cidade com mais obras inacabadas no Piau\u00ed. Fato que fomenta a gravidade da not\u00edcia, tornando-a em dimens\u00f5es catastr\u00f3ficas ao munic\u00edpio. Trata-se de uma realidade comum e extens\u00edvel \u00e0 maior parte do Estado, onde a m\u00e1xima de que obras p\u00fablicas n\u00e3o costumam terminar \u2013 e quando terminam, atrasam e custam &hellip;","og_url":"https:\/\/portalnpm.com\/index.php\/2020\/07\/23\/pre-candidato-a-prefeito-de-picos-edwaldo-viana-usa-redes-sociais-para-dialogar-com-a-populacao-e-discute-solucoes-para-picos\/","og_site_name":"Portal NPM","article_published_time":"2020-07-23T18:15:43+00:00","og_image":[{"width":1280,"height":914,"url":"https:\/\/portalnpm.com\/wp-content\/uploads\/2024\/01\/IMG-20200723-WA0406.jpg","type":"image\/jpeg"}],"author":"Genival Barbosa","twitter_card":"summary_large_image","twitter_misc":{"Escrito por":"Genival Barbosa","Est. tempo de leitura":"3 minutos"},"schema":{"@context":"https:\/\/schema.org","@graph":[{"@type":"WebPage","@id":"https:\/\/portalnpm.com\/index.php\/2020\/07\/23\/pre-candidato-a-prefeito-de-picos-edwaldo-viana-usa-redes-sociais-para-dialogar-com-a-populacao-e-discute-solucoes-para-picos\/","url":"https:\/\/portalnpm.com\/index.php\/2020\/07\/23\/pre-candidato-a-prefeito-de-picos-edwaldo-viana-usa-redes-sociais-para-dialogar-com-a-populacao-e-discute-solucoes-para-picos\/","name":"Pr\u00e9-candidato a prefeito de Picos, Edwaldo Viana, usa redes sociais para dialogar com a popula\u00e7\u00e3o e discute solu\u00e7\u00f5es para Picos","isPartOf":{"@id":"https:\/\/portalnpm.com\/#website"},"primaryImageOfPage":{"@id":"https:\/\/portalnpm.com\/index.php\/2020\/07\/23\/pre-candidato-a-prefeito-de-picos-edwaldo-viana-usa-redes-sociais-para-dialogar-com-a-populacao-e-discute-solucoes-para-picos\/#primaryimage"},"image":{"@id":"https:\/\/portalnpm.com\/index.php\/2020\/07\/23\/pre-candidato-a-prefeito-de-picos-edwaldo-viana-usa-redes-sociais-para-dialogar-com-a-populacao-e-discute-solucoes-para-picos\/#primaryimage"},"thumbnailUrl":"https:\/\/portalnpm.com\/wp-content\/uploads\/2024\/01\/IMG-20200723-WA0406.jpg","datePublished":"2020-07-23T18:15:43+00:00","dateModified":"2020-07-23T18:15:43+00:00","author":{"@id":"https:\/\/portalnpm.com\/#\/schema\/person\/49313e563cfdefcc167f1ee4c017c294"},"breadcrumb":{"@id":"https:\/\/portalnpm.com\/index.php\/2020\/07\/23\/pre-candidato-a-prefeito-de-picos-edwaldo-viana-usa-redes-sociais-para-dialogar-com-a-populacao-e-discute-solucoes-para-picos\/#breadcrumb"},"inLanguage":"pt-BR","potentialAction":[{"@type":"ReadAction","target":["https:\/\/portalnpm.com\/index.php\/2020\/07\/23\/pre-candidato-a-prefeito-de-picos-edwaldo-viana-usa-redes-sociais-para-dialogar-com-a-populacao-e-discute-solucoes-para-picos\/"]}]},{"@type":"ImageObject","inLanguage":"pt-BR","@id":"https:\/\/portalnpm.com\/index.php\/2020\/07\/23\/pre-candidato-a-prefeito-de-picos-edwaldo-viana-usa-redes-sociais-para-dialogar-com-a-populacao-e-discute-solucoes-para-picos\/#primaryimage","url":"https:\/\/portalnpm.com\/wp-content\/uploads\/2024\/01\/IMG-20200723-WA0406.jpg","contentUrl":"https:\/\/portalnpm.com\/wp-content\/uploads\/2024\/01\/IMG-20200723-WA0406.jpg","width":1280,"height":914},{"@type":"BreadcrumbList","@id":"https:\/\/portalnpm.com\/index.php\/2020\/07\/23\/pre-candidato-a-prefeito-de-picos-edwaldo-viana-usa-redes-sociais-para-dialogar-com-a-populacao-e-discute-solucoes-para-picos\/#breadcrumb","itemListElement":[{"@type":"ListItem","position":1,"name":"In\u00edcio","item":"https:\/\/portalnpm.com\/"},{"@type":"ListItem","position":2,"name":"Pr\u00e9-candidato a prefeito de Picos, Edwaldo Viana, usa redes sociais para dialogar com a popula\u00e7\u00e3o e discute solu\u00e7\u00f5es para Picos"}]},{"@type":"WebSite","@id":"https:\/\/portalnpm.com\/#website","url":"https:\/\/portalnpm.com\/","name":"Portal NPM","description":"Not\u00edcias em Primeira M\u00e3o","potentialAction":[{"@type":"SearchAction","target":{"@type":"EntryPoint","urlTemplate":"https:\/\/portalnpm.com\/?s={search_term_string}"},"query-input":"required name=search_term_string"}],"inLanguage":"pt-BR"},{"@type":"Person","@id":"https:\/\/portalnpm.com\/#\/schema\/person\/49313e563cfdefcc167f1ee4c017c294","name":"Genival Barbosa","image":{"@type":"ImageObject","inLanguage":"pt-BR","@id":"https:\/\/portalnpm.com\/#\/schema\/person\/image\/","url":"https:\/\/portalnpm.com\/wp-content\/uploads\/2024\/02\/avatar_user_2_1707743258-96x96.jpeg","contentUrl":"https:\/\/portalnpm.com\/wp-content\/uploads\/2024\/02\/avatar_user_2_1707743258-96x96.jpeg","caption":"Genival Barbosa"},"url":"https:\/\/portalnpm.com\/index.php\/author\/genival\/"}]}},"jetpack_sharing_enabled":true,"jetpack_featured_media_url":"https:\/\/portalnpm.com\/wp-content\/uploads\/2024\/01\/IMG-20200723-WA0406.jpg","_links":{"self":[{"href":"https:\/\/portalnpm.com\/index.php\/wp-json\/wp\/v2\/posts\/55542"}],"collection":[{"href":"https:\/\/portalnpm.com\/index.php\/wp-json\/wp\/v2\/posts"}],"about":[{"href":"https:\/\/portalnpm.com\/index.php\/wp-json\/wp\/v2\/types\/post"}],"author":[{"embeddable":true,"href":"https:\/\/portalnpm.com\/index.php\/wp-json\/wp\/v2\/users\/2"}],"replies":[{"embeddable":true,"href":"https:\/\/portalnpm.com\/index.php\/wp-json\/wp\/v2\/comments?post=55542"}],"version-history":[{"count":0,"href":"https:\/\/portalnpm.com\/index.php\/wp-json\/wp\/v2\/posts\/55542\/revisions"}],"wp:featuredmedia":[{"embeddable":true,"href":"https:\/\/portalnpm.com\/index.php\/wp-json\/wp\/v2\/media\/55543"}],"wp:attachment":[{"href":"https:\/\/portalnpm.com\/index.php\/wp-json\/wp\/v2\/media?parent=55542"}],"wp:term":[{"taxonomy":"category","embeddable":true,"href":"https:\/\/portalnpm.com\/index.php\/wp-json\/wp\/v2\/categories?post=55542"},{"taxonomy":"post_tag","embeddable":true,"href":"https:\/\/portalnpm.com\/index.php\/wp-json\/wp\/v2\/tags?post=55542"}],"curies":[{"name":"wp","href":"https:\/\/api.w.org\/{rel}","templated":true}]}}