{"id":55552,"date":"2020-07-23T18:14:58","date_gmt":"2020-07-23T21:14:58","guid":{"rendered":"https:\/\/portalnpm.com\/index.php\/2020\/07\/23\/sao-juliao-escola-estadual-aprigio-pereira-bezerra-obtem-ordem-de-servico-para-construcao-de-quadra-poliesportiva-veja\/"},"modified":"2024-01-15T19:06:34","modified_gmt":"2024-01-15T22:06:34","slug":"sao-juliao-escola-estadual-aprigio-pereira-bezerra-obtem-ordem-de-servico-para-construcao-de-quadra-poliesportiva-veja","status":"publish","type":"post","link":"https:\/\/portalnpm.com\/index.php\/2020\/07\/23\/sao-juliao-escola-estadual-aprigio-pereira-bezerra-obtem-ordem-de-servico-para-construcao-de-quadra-poliesportiva-veja\/","title":{"rendered":"S\u00c3O JULI\u00c3O | Escola Estadual Apr\u00edgio Pereira Bezerra obt\u00e9m ordem de servi\u00e7o para constru\u00e7\u00e3o de Quadra Poliesportiva; veja!"},"content":{"rendered":"<p><p style=\"text-align: justify;\">O Secret&aacute;rio Estadual de Educa&ccedil;&atilde;o do Piau&iacute;, Ellen Gera, assinou a ordem de servi&ccedil;o para a constru&ccedil;&atilde;o da Quadra Poliesportiva com vestu&aacute;rio &#8211; padr&atilde;o Seduc, da Unidade Escolar Apr&iacute;gio Pereira Bezerra, escola da rede estadual de ensino de S&atilde;o Juli&atilde;o, no valor or&ccedil;ament&aacute;rio de 445.559,75 reais.<\/p>\n<p><img fetchpriority=\"high\" decoding=\"async\" class=\"alignnone size-full wp-image-23076\" src=\"https:\/\/portalnpm.com\/wp-content\/uploads\/2024\/01\/IMG-20200723-WA0358.jpg\" alt=\"\" width=\"960\" height=\"1280\"><\/p>\n<p style=\"text-align: justify;\">A obra foi solicitada ainda em 2016, pela ent&atilde;o Secret&aacute;ria Municipal de Educa&ccedil;&atilde;o, Lucinete Pereira, hoje, Supervisora de Ensino das escolas Estaduais do munic&iacute;pio, e contou com o apoio do deputado estadual Nerinho, para execu&ccedil;&atilde;o da obra.<\/p>\n<figure id=\"attachment_23077\" aria-describedby=\"caption-attachment-23077\" style=\"width: 640px\" class=\"wp-caption alignnone\"><img decoding=\"async\" class=\"size-full wp-image-23077\" src=\"https:\/\/portalnpm.com\/wp-content\/uploads\/2024\/01\/Lucinete-Pereira-20200723_171212.jpg\" alt=\"\" width=\"640\" height=\"640\"><figcaption id=\"caption-attachment-23077\" class=\"wp-caption-text\">Lucinete Pereira, Supervisora de ensino das escolas estaduais de S&atilde;o Juli&atilde;o &#8211; PI.<\/figcaption><\/figure>\n<p style=\"text-align: justify;\">De acordo com a Supervisora, essa ser&aacute; uma obra de grande import&acirc;ncia.<\/p>\n<p style=\"text-align: justify;\"><em>&#8220;Essa quadra &eacute; um investimento muito importante, pois possibilita mais do que uma melhor educa&ccedil;&atilde;o para os nossos adolescentes; ela significa aumento de lazer, de sa&uacute;de, de seguran&ccedil;a. Eles s&atilde;o o nosso futuro e, por isso, cada investimento para melhorar esse futuro tem que ser feito com muito empenho. Agrade&ccedil;o ao nosso deputado Nerinho por ter se empenhado para a libera&ccedil;&atilde;o dessa grande obra para o nosso munic&iacute;pio, levando a nossa solicita&ccedil;&atilde;o at&eacute; a SEDUC. Essa ser&aacute; uma das primeiras grandes&nbsp; reivindica&ccedil;&otilde;es diante de v&aacute;rias outras que tenho protocolado junto a SEDUC, de melhorias para a escola e para o bem estar de toda a comunidade escolar do corpo docente e discente&#8221;,<\/em> afirmou a supervisora de ensino Lucinete Pereira.<\/p><\/p>\n","protected":false},"excerpt":{"rendered":"<p>O Secret&aacute;rio Estadual de Educa&ccedil;&atilde;o do Piau&iacute;, Ellen Gera, assinou a ordem de servi&ccedil;o para a constru&ccedil;&atilde;o da Quadra Poliesportiva com vestu&aacute;rio &#8211; padr&atilde;o Seduc, da Unidade Escolar Apr&iacute;gio Pereira Bezerra, escola da rede estadual de ensino de S&atilde;o Juli&atilde;o, no valor or&ccedil;ament&aacute;rio de 445.559,75 reais. A obra foi solicitada ainda em 2016, pela ent&atilde;o &hellip;<\/p>\n","protected":false},"author":3,"featured_media":55553,"comment_status":"open","ping_status":"open","sticky":false,"template":"","format":"standard","meta":{"content-type":"","rop_custom_images_group":[],"rop_custom_messages_group":[],"rop_publish_now":"initial","rop_publish_now_accounts":{"facebook_2648258775420054_1618374048415101":""},"rop_publish_now_history":[],"rop_publish_now_status":"pending","footnotes":"","_jetpack_memberships_contains_paid_content":false},"categories":[113,109,136],"tags":[5250,137,2778],"yoast_head":"<!-- This site is optimized with the Yoast SEO plugin v22.3 - https:\/\/yoast.com\/wordpress\/plugins\/seo\/ -->\n<title>S\u00c3O JULI\u00c3O | Escola Estadual Apr\u00edgio Pereira Bezerra obt\u00e9m ordem de servi\u00e7o para constru\u00e7\u00e3o de Quadra Poliesportiva; veja!<\/title>\n<meta name=\"robots\" content=\"index, follow, max-snippet:-1, max-image-preview:large, max-video-preview:-1\" \/>\n<link rel=\"canonical\" href=\"https:\/\/portalnpm.com\/index.php\/2020\/07\/23\/sao-juliao-escola-estadual-aprigio-pereira-bezerra-obtem-ordem-de-servico-para-construcao-de-quadra-poliesportiva-veja\/\" \/>\n<meta property=\"og:locale\" content=\"pt_BR\" \/>\n<meta property=\"og:type\" content=\"article\" \/>\n<meta property=\"og:title\" content=\"S\u00c3O JULI\u00c3O | Escola Estadual Apr\u00edgio Pereira Bezerra obt\u00e9m ordem de servi\u00e7o para constru\u00e7\u00e3o de Quadra Poliesportiva; veja!\" \/>\n<meta property=\"og:description\" content=\"O Secret&aacute;rio Estadual de Educa&ccedil;&atilde;o do Piau&iacute;, Ellen Gera, assinou a ordem de servi&ccedil;o para a constru&ccedil;&atilde;o da Quadra Poliesportiva com vestu&aacute;rio &#8211; padr&atilde;o Seduc, da Unidade Escolar Apr&iacute;gio Pereira Bezerra, escola da rede estadual de ensino de S&atilde;o Juli&atilde;o, no valor or&ccedil;ament&aacute;rio de 445.559,75 reais. A obra foi solicitada ainda em 2016, pela ent&atilde;o &hellip;\" \/>\n<meta property=\"og:url\" content=\"https:\/\/portalnpm.com\/index.php\/2020\/07\/23\/sao-juliao-escola-estadual-aprigio-pereira-bezerra-obtem-ordem-de-servico-para-construcao-de-quadra-poliesportiva-veja\/\" \/>\n<meta property=\"og:site_name\" content=\"Portal NPM\" \/>\n<meta property=\"article:published_time\" content=\"2020-07-23T21:14:58+00:00\" \/>\n<meta property=\"article:modified_time\" content=\"2024-01-15T22:06:34+00:00\" \/>\n<meta property=\"og:image\" content=\"https:\/\/portalnpm.com\/wp-content\/uploads\/2024\/01\/IMG-20200723-WA0420.jpg\" \/>\n\t<meta property=\"og:image:width\" content=\"720\" \/>\n\t<meta property=\"og:image:height\" content=\"1096\" \/>\n\t<meta property=\"og:image:type\" content=\"image\/jpeg\" \/>\n<meta name=\"author\" content=\"Luis Alberto\" \/>\n<meta name=\"twitter:card\" content=\"summary_large_image\" \/>\n<meta name=\"twitter:label1\" content=\"Escrito por\" \/>\n\t<meta name=\"twitter:data1\" content=\"Luis Alberto\" \/>\n\t<meta name=\"twitter:label2\" content=\"Est. tempo de leitura\" \/>\n\t<meta name=\"twitter:data2\" content=\"2 minutos\" \/>\n<script type=\"application\/ld+json\" class=\"yoast-schema-graph\">{\"@context\":\"https:\/\/schema.org\",\"@graph\":[{\"@type\":\"WebPage\",\"@id\":\"https:\/\/portalnpm.com\/index.php\/2020\/07\/23\/sao-juliao-escola-estadual-aprigio-pereira-bezerra-obtem-ordem-de-servico-para-construcao-de-quadra-poliesportiva-veja\/\",\"url\":\"https:\/\/portalnpm.com\/index.php\/2020\/07\/23\/sao-juliao-escola-estadual-aprigio-pereira-bezerra-obtem-ordem-de-servico-para-construcao-de-quadra-poliesportiva-veja\/\",\"name\":\"S\u00c3O JULI\u00c3O | Escola Estadual Apr\u00edgio Pereira Bezerra obt\u00e9m ordem de servi\u00e7o para constru\u00e7\u00e3o de Quadra Poliesportiva; veja!\",\"isPartOf\":{\"@id\":\"https:\/\/portalnpm.com\/#website\"},\"primaryImageOfPage\":{\"@id\":\"https:\/\/portalnpm.com\/index.php\/2020\/07\/23\/sao-juliao-escola-estadual-aprigio-pereira-bezerra-obtem-ordem-de-servico-para-construcao-de-quadra-poliesportiva-veja\/#primaryimage\"},\"image\":{\"@id\":\"https:\/\/portalnpm.com\/index.php\/2020\/07\/23\/sao-juliao-escola-estadual-aprigio-pereira-bezerra-obtem-ordem-de-servico-para-construcao-de-quadra-poliesportiva-veja\/#primaryimage\"},\"thumbnailUrl\":\"https:\/\/portalnpm.com\/wp-content\/uploads\/2024\/01\/IMG-20200723-WA0420.jpg\",\"datePublished\":\"2020-07-23T21:14:58+00:00\",\"dateModified\":\"2024-01-15T22:06:34+00:00\",\"author\":{\"@id\":\"https:\/\/portalnpm.com\/#\/schema\/person\/5c8006acdf71774cd4e7a5ab98482152\"},\"breadcrumb\":{\"@id\":\"https:\/\/portalnpm.com\/index.php\/2020\/07\/23\/sao-juliao-escola-estadual-aprigio-pereira-bezerra-obtem-ordem-de-servico-para-construcao-de-quadra-poliesportiva-veja\/#breadcrumb\"},\"inLanguage\":\"pt-BR\",\"potentialAction\":[{\"@type\":\"ReadAction\",\"target\":[\"https:\/\/portalnpm.com\/index.php\/2020\/07\/23\/sao-juliao-escola-estadual-aprigio-pereira-bezerra-obtem-ordem-de-servico-para-construcao-de-quadra-poliesportiva-veja\/\"]}]},{\"@type\":\"ImageObject\",\"inLanguage\":\"pt-BR\",\"@id\":\"https:\/\/portalnpm.com\/index.php\/2020\/07\/23\/sao-juliao-escola-estadual-aprigio-pereira-bezerra-obtem-ordem-de-servico-para-construcao-de-quadra-poliesportiva-veja\/#primaryimage\",\"url\":\"https:\/\/portalnpm.com\/wp-content\/uploads\/2024\/01\/IMG-20200723-WA0420.jpg\",\"contentUrl\":\"https:\/\/portalnpm.com\/wp-content\/uploads\/2024\/01\/IMG-20200723-WA0420.jpg\",\"width\":720,\"height\":1096},{\"@type\":\"BreadcrumbList\",\"@id\":\"https:\/\/portalnpm.com\/index.php\/2020\/07\/23\/sao-juliao-escola-estadual-aprigio-pereira-bezerra-obtem-ordem-de-servico-para-construcao-de-quadra-poliesportiva-veja\/#breadcrumb\",\"itemListElement\":[{\"@type\":\"ListItem\",\"position\":1,\"name\":\"In\u00edcio\",\"item\":\"https:\/\/portalnpm.com\/\"},{\"@type\":\"ListItem\",\"position\":2,\"name\":\"S\u00c3O JULI\u00c3O | Escola Estadual Apr\u00edgio Pereira Bezerra obt\u00e9m ordem de servi\u00e7o para constru\u00e7\u00e3o de Quadra Poliesportiva; veja!\"}]},{\"@type\":\"WebSite\",\"@id\":\"https:\/\/portalnpm.com\/#website\",\"url\":\"https:\/\/portalnpm.com\/\",\"name\":\"Portal NPM\",\"description\":\"Not\u00edcias em Primeira M\u00e3o\",\"potentialAction\":[{\"@type\":\"SearchAction\",\"target\":{\"@type\":\"EntryPoint\",\"urlTemplate\":\"https:\/\/portalnpm.com\/?s={search_term_string}\"},\"query-input\":\"required name=search_term_string\"}],\"inLanguage\":\"pt-BR\"},{\"@type\":\"Person\",\"@id\":\"https:\/\/portalnpm.com\/#\/schema\/person\/5c8006acdf71774cd4e7a5ab98482152\",\"name\":\"Luis Alberto\",\"image\":{\"@type\":\"ImageObject\",\"inLanguage\":\"pt-BR\",\"@id\":\"https:\/\/portalnpm.com\/#\/schema\/person\/image\/\",\"url\":\"https:\/\/portalnpm.com\/wp-content\/uploads\/2024\/12\/avatar_user_3_1734699769-96x96.jpeg\",\"contentUrl\":\"https:\/\/portalnpm.com\/wp-content\/uploads\/2024\/12\/avatar_user_3_1734699769-96x96.jpeg\",\"caption\":\"Luis Alberto\"},\"description\":\"Editor-geral do Portal NPM, \u00e9 formado como T\u00e9cnico em Seguran\u00e7a do Trabalho pela Escola Metropolitana de Cursos T\u00e9cnicos. Det\u00e9m ainda licenciatura em Educa\u00e7\u00e3o F\u00edsica e bacharelado em Ci\u00eancias Pol\u00edticas, ambos obtidos pela institui\u00e7\u00e3o Anhanguera\/UNOPAR.\",\"url\":\"https:\/\/portalnpm.com\/index.php\/author\/pereira\/\"}]}<\/script>\n<!-- \/ Yoast SEO plugin. -->","yoast_head_json":{"title":"S\u00c3O JULI\u00c3O | Escola Estadual Apr\u00edgio Pereira Bezerra obt\u00e9m ordem de servi\u00e7o para constru\u00e7\u00e3o de Quadra Poliesportiva; veja!","robots":{"index":"index","follow":"follow","max-snippet":"max-snippet:-1","max-image-preview":"max-image-preview:large","max-video-preview":"max-video-preview:-1"},"canonical":"https:\/\/portalnpm.com\/index.php\/2020\/07\/23\/sao-juliao-escola-estadual-aprigio-pereira-bezerra-obtem-ordem-de-servico-para-construcao-de-quadra-poliesportiva-veja\/","og_locale":"pt_BR","og_type":"article","og_title":"S\u00c3O JULI\u00c3O | Escola Estadual Apr\u00edgio Pereira Bezerra obt\u00e9m ordem de servi\u00e7o para constru\u00e7\u00e3o de Quadra Poliesportiva; veja!","og_description":"O Secret&aacute;rio Estadual de Educa&ccedil;&atilde;o do Piau&iacute;, Ellen Gera, assinou a ordem de servi&ccedil;o para a constru&ccedil;&atilde;o da Quadra Poliesportiva com vestu&aacute;rio &#8211; padr&atilde;o Seduc, da Unidade Escolar Apr&iacute;gio Pereira Bezerra, escola da rede estadual de ensino de S&atilde;o Juli&atilde;o, no valor or&ccedil;ament&aacute;rio de 445.559,75 reais. A obra foi solicitada ainda em 2016, pela ent&atilde;o &hellip;","og_url":"https:\/\/portalnpm.com\/index.php\/2020\/07\/23\/sao-juliao-escola-estadual-aprigio-pereira-bezerra-obtem-ordem-de-servico-para-construcao-de-quadra-poliesportiva-veja\/","og_site_name":"Portal NPM","article_published_time":"2020-07-23T21:14:58+00:00","article_modified_time":"2024-01-15T22:06:34+00:00","og_image":[{"width":720,"height":1096,"url":"https:\/\/portalnpm.com\/wp-content\/uploads\/2024\/01\/IMG-20200723-WA0420.jpg","type":"image\/jpeg"}],"author":"Luis Alberto","twitter_card":"summary_large_image","twitter_misc":{"Escrito por":"Luis Alberto","Est. tempo de leitura":"2 minutos"},"schema":{"@context":"https:\/\/schema.org","@graph":[{"@type":"WebPage","@id":"https:\/\/portalnpm.com\/index.php\/2020\/07\/23\/sao-juliao-escola-estadual-aprigio-pereira-bezerra-obtem-ordem-de-servico-para-construcao-de-quadra-poliesportiva-veja\/","url":"https:\/\/portalnpm.com\/index.php\/2020\/07\/23\/sao-juliao-escola-estadual-aprigio-pereira-bezerra-obtem-ordem-de-servico-para-construcao-de-quadra-poliesportiva-veja\/","name":"S\u00c3O JULI\u00c3O | Escola Estadual Apr\u00edgio Pereira Bezerra obt\u00e9m ordem de servi\u00e7o para constru\u00e7\u00e3o de Quadra Poliesportiva; veja!","isPartOf":{"@id":"https:\/\/portalnpm.com\/#website"},"primaryImageOfPage":{"@id":"https:\/\/portalnpm.com\/index.php\/2020\/07\/23\/sao-juliao-escola-estadual-aprigio-pereira-bezerra-obtem-ordem-de-servico-para-construcao-de-quadra-poliesportiva-veja\/#primaryimage"},"image":{"@id":"https:\/\/portalnpm.com\/index.php\/2020\/07\/23\/sao-juliao-escola-estadual-aprigio-pereira-bezerra-obtem-ordem-de-servico-para-construcao-de-quadra-poliesportiva-veja\/#primaryimage"},"thumbnailUrl":"https:\/\/portalnpm.com\/wp-content\/uploads\/2024\/01\/IMG-20200723-WA0420.jpg","datePublished":"2020-07-23T21:14:58+00:00","dateModified":"2024-01-15T22:06:34+00:00","author":{"@id":"https:\/\/portalnpm.com\/#\/schema\/person\/5c8006acdf71774cd4e7a5ab98482152"},"breadcrumb":{"@id":"https:\/\/portalnpm.com\/index.php\/2020\/07\/23\/sao-juliao-escola-estadual-aprigio-pereira-bezerra-obtem-ordem-de-servico-para-construcao-de-quadra-poliesportiva-veja\/#breadcrumb"},"inLanguage":"pt-BR","potentialAction":[{"@type":"ReadAction","target":["https:\/\/portalnpm.com\/index.php\/2020\/07\/23\/sao-juliao-escola-estadual-aprigio-pereira-bezerra-obtem-ordem-de-servico-para-construcao-de-quadra-poliesportiva-veja\/"]}]},{"@type":"ImageObject","inLanguage":"pt-BR","@id":"https:\/\/portalnpm.com\/index.php\/2020\/07\/23\/sao-juliao-escola-estadual-aprigio-pereira-bezerra-obtem-ordem-de-servico-para-construcao-de-quadra-poliesportiva-veja\/#primaryimage","url":"https:\/\/portalnpm.com\/wp-content\/uploads\/2024\/01\/IMG-20200723-WA0420.jpg","contentUrl":"https:\/\/portalnpm.com\/wp-content\/uploads\/2024\/01\/IMG-20200723-WA0420.jpg","width":720,"height":1096},{"@type":"BreadcrumbList","@id":"https:\/\/portalnpm.com\/index.php\/2020\/07\/23\/sao-juliao-escola-estadual-aprigio-pereira-bezerra-obtem-ordem-de-servico-para-construcao-de-quadra-poliesportiva-veja\/#breadcrumb","itemListElement":[{"@type":"ListItem","position":1,"name":"In\u00edcio","item":"https:\/\/portalnpm.com\/"},{"@type":"ListItem","position":2,"name":"S\u00c3O JULI\u00c3O | Escola Estadual Apr\u00edgio Pereira Bezerra obt\u00e9m ordem de servi\u00e7o para constru\u00e7\u00e3o de Quadra Poliesportiva; veja!"}]},{"@type":"WebSite","@id":"https:\/\/portalnpm.com\/#website","url":"https:\/\/portalnpm.com\/","name":"Portal NPM","description":"Not\u00edcias em Primeira M\u00e3o","potentialAction":[{"@type":"SearchAction","target":{"@type":"EntryPoint","urlTemplate":"https:\/\/portalnpm.com\/?s={search_term_string}"},"query-input":"required name=search_term_string"}],"inLanguage":"pt-BR"},{"@type":"Person","@id":"https:\/\/portalnpm.com\/#\/schema\/person\/5c8006acdf71774cd4e7a5ab98482152","name":"Luis Alberto","image":{"@type":"ImageObject","inLanguage":"pt-BR","@id":"https:\/\/portalnpm.com\/#\/schema\/person\/image\/","url":"https:\/\/portalnpm.com\/wp-content\/uploads\/2024\/12\/avatar_user_3_1734699769-96x96.jpeg","contentUrl":"https:\/\/portalnpm.com\/wp-content\/uploads\/2024\/12\/avatar_user_3_1734699769-96x96.jpeg","caption":"Luis Alberto"},"description":"Editor-geral do Portal NPM, \u00e9 formado como T\u00e9cnico em Seguran\u00e7a do Trabalho pela Escola Metropolitana de Cursos T\u00e9cnicos. Det\u00e9m ainda licenciatura em Educa\u00e7\u00e3o F\u00edsica e bacharelado em Ci\u00eancias Pol\u00edticas, ambos obtidos pela institui\u00e7\u00e3o Anhanguera\/UNOPAR.","url":"https:\/\/portalnpm.com\/index.php\/author\/pereira\/"}]}},"jetpack_sharing_enabled":true,"jetpack_featured_media_url":"https:\/\/portalnpm.com\/wp-content\/uploads\/2024\/01\/IMG-20200723-WA0420.jpg","_links":{"self":[{"href":"https:\/\/portalnpm.com\/index.php\/wp-json\/wp\/v2\/posts\/55552"}],"collection":[{"href":"https:\/\/portalnpm.com\/index.php\/wp-json\/wp\/v2\/posts"}],"about":[{"href":"https:\/\/portalnpm.com\/index.php\/wp-json\/wp\/v2\/types\/post"}],"author":[{"embeddable":true,"href":"https:\/\/portalnpm.com\/index.php\/wp-json\/wp\/v2\/users\/3"}],"replies":[{"embeddable":true,"href":"https:\/\/portalnpm.com\/index.php\/wp-json\/wp\/v2\/comments?post=55552"}],"version-history":[{"count":1,"href":"https:\/\/portalnpm.com\/index.php\/wp-json\/wp\/v2\/posts\/55552\/revisions"}],"predecessor-version":[{"id":55559,"href":"https:\/\/portalnpm.com\/index.php\/wp-json\/wp\/v2\/posts\/55552\/revisions\/55559"}],"wp:featuredmedia":[{"embeddable":true,"href":"https:\/\/portalnpm.com\/index.php\/wp-json\/wp\/v2\/media\/55553"}],"wp:attachment":[{"href":"https:\/\/portalnpm.com\/index.php\/wp-json\/wp\/v2\/media?parent=55552"}],"wp:term":[{"taxonomy":"category","embeddable":true,"href":"https:\/\/portalnpm.com\/index.php\/wp-json\/wp\/v2\/categories?post=55552"},{"taxonomy":"post_tag","embeddable":true,"href":"https:\/\/portalnpm.com\/index.php\/wp-json\/wp\/v2\/tags?post=55552"}],"curies":[{"name":"wp","href":"https:\/\/api.w.org\/{rel}","templated":true}]}}