{"id":55566,"date":"2020-07-24T15:47:00","date_gmt":"2020-07-24T18:47:00","guid":{"rendered":"https:\/\/portalnpm.com\/index.php\/2020\/07\/24\/colisao-entre-veiculos-deixa-seis-pessoas-feridas-na-br-135\/"},"modified":"2020-07-24T15:47:00","modified_gmt":"2020-07-24T18:47:00","slug":"colisao-entre-veiculos-deixa-seis-pessoas-feridas-na-br-135","status":"publish","type":"post","link":"https:\/\/portalnpm.com\/index.php\/2020\/07\/24\/colisao-entre-veiculos-deixa-seis-pessoas-feridas-na-br-135\/","title":{"rendered":"Colis\u00e3o entre ve\u00edculos deixa seis pessoas feridas na BR-135"},"content":{"rendered":"<p style=\"text-align: justify;\">Nessa quinta-feira (23), um ve\u00edculo de uma empresa prestadora de servi\u00e7o no Parque Solar S\u00e3o Gon\u00e7alo colidiu contra outro carro deixando um total de seis pessoas feridas na rodovia BR-135, no munic\u00edpio de Corrente.<\/p>\n<p style=\"text-align: justify;\">\n<p style=\"text-align: justify;\">Segundo a Pol\u00edcia Militar, um ve\u00edculo de passeio, que tinha como destino o estado de Tocantins, teria invadido a pista contr\u00e1ria e colidido frontalmente contra o ve\u00edculo da empresa que subia a serra, em dire\u00e7\u00e3o ao Parque Solar.<\/p>\n<p style=\"text-align: justify;\">Com a colis\u00e3o, o ve\u00edculo que subia capotou na rodovia. Os dois carros estavam ocupados por tr\u00eas pessoas em cada um deles. As v\u00edtimas foram atendidas pelas ambul\u00e2ncias que prestam servi\u00e7os ao Parque Solar. Apesar da gravidade do acidente, n\u00e3o foi registrada nenhuma v\u00edtima fatal.<\/p>\n<p style=\"text-align: justify;\">Os feridos foram encaminhados para o Hospital Dr. Jo\u00e3o Pacheco Cavalcante, em Corrente. Tr\u00eas v\u00edtimas do acidente j\u00e1 tiveram alta, dois deles est\u00e3o em observa\u00e7\u00e3o e um deles foi internado e aguarda a realiza\u00e7\u00e3o de exames, pois h\u00e1 suspeita de fratura.<\/p>\n<p style=\"text-align: justify;\">A pol\u00edcia informou que o local, nomeado de Serra da Santa Marta, \u00e9 conhecido pela grande quantidade de acidentes, tanto na subida, no munic\u00edpio de Corrente, quanto a descida, no sentido norte, localizada j\u00e1 no munic\u00edpio de S\u00e3o Gon\u00e7alo do Gurgueia.<\/p>\n<p style=\"text-align: justify;\">Fonte: Portal R10 com informa\u00e7\u00f5es do Portal Corrente<\/p>\n","protected":false},"excerpt":{"rendered":"<p>Nessa quinta-feira (23), um ve\u00edculo de uma empresa prestadora de servi\u00e7o no Parque Solar S\u00e3o Gon\u00e7alo colidiu contra outro carro deixando um total de seis pessoas feridas na rodovia BR-135, no munic\u00edpio de Corrente. Segundo a Pol\u00edcia Militar, um ve\u00edculo de passeio, que tinha como destino o estado de Tocantins, teria invadido a pista contr\u00e1ria &hellip;<\/p>\n","protected":false},"author":2,"featured_media":23111,"comment_status":"open","ping_status":"open","sticky":false,"template":"","format":"standard","meta":{"content-type":"","rop_custom_images_group":[],"rop_custom_messages_group":[],"rop_publish_now":"initial","rop_publish_now_accounts":{"facebook_2648258775420054_1618374048415101":""},"rop_publish_now_history":[],"rop_publish_now_status":"pending","footnotes":"","_jetpack_memberships_contains_paid_content":false},"categories":[118,145],"tags":[1038,1370,3799,5268,1686],"yoast_head":"<!-- This site is optimized with the Yoast SEO plugin v22.3 - https:\/\/yoast.com\/wordpress\/plugins\/seo\/ -->\n<title>Colis\u00e3o entre ve\u00edculos deixa seis pessoas feridas na BR-135<\/title>\n<meta name=\"robots\" content=\"index, follow, max-snippet:-1, max-image-preview:large, max-video-preview:-1\" \/>\n<link rel=\"canonical\" href=\"https:\/\/portalnpm.com\/index.php\/2020\/07\/24\/colisao-entre-veiculos-deixa-seis-pessoas-feridas-na-br-135\/\" \/>\n<meta property=\"og:locale\" content=\"pt_BR\" \/>\n<meta property=\"og:type\" content=\"article\" \/>\n<meta property=\"og:title\" content=\"Colis\u00e3o entre ve\u00edculos deixa seis pessoas feridas na BR-135\" \/>\n<meta property=\"og:description\" content=\"Nessa quinta-feira (23), um ve\u00edculo de uma empresa prestadora de servi\u00e7o no Parque Solar S\u00e3o Gon\u00e7alo colidiu contra outro carro deixando um total de seis pessoas feridas na rodovia BR-135, no munic\u00edpio de Corrente. Segundo a Pol\u00edcia Militar, um ve\u00edculo de passeio, que tinha como destino o estado de Tocantins, teria invadido a pista contr\u00e1ria &hellip;\" \/>\n<meta property=\"og:url\" content=\"https:\/\/portalnpm.com\/index.php\/2020\/07\/24\/colisao-entre-veiculos-deixa-seis-pessoas-feridas-na-br-135\/\" \/>\n<meta property=\"og:site_name\" content=\"Portal NPM\" \/>\n<meta property=\"article:published_time\" content=\"2020-07-24T18:47:00+00:00\" \/>\n<meta name=\"author\" content=\"Genival Barbosa\" \/>\n<meta name=\"twitter:card\" content=\"summary_large_image\" \/>\n<meta name=\"twitter:label1\" content=\"Escrito por\" \/>\n\t<meta name=\"twitter:data1\" content=\"Genival Barbosa\" \/>\n\t<meta name=\"twitter:label2\" content=\"Est. tempo de leitura\" \/>\n\t<meta name=\"twitter:data2\" content=\"1 minuto\" \/>\n<script type=\"application\/ld+json\" class=\"yoast-schema-graph\">{\"@context\":\"https:\/\/schema.org\",\"@graph\":[{\"@type\":\"WebPage\",\"@id\":\"https:\/\/portalnpm.com\/index.php\/2020\/07\/24\/colisao-entre-veiculos-deixa-seis-pessoas-feridas-na-br-135\/\",\"url\":\"https:\/\/portalnpm.com\/index.php\/2020\/07\/24\/colisao-entre-veiculos-deixa-seis-pessoas-feridas-na-br-135\/\",\"name\":\"Colis\u00e3o entre ve\u00edculos deixa seis pessoas feridas na BR-135\",\"isPartOf\":{\"@id\":\"https:\/\/portalnpm.com\/#website\"},\"primaryImageOfPage\":{\"@id\":\"https:\/\/portalnpm.com\/index.php\/2020\/07\/24\/colisao-entre-veiculos-deixa-seis-pessoas-feridas-na-br-135\/#primaryimage\"},\"image\":{\"@id\":\"https:\/\/portalnpm.com\/index.php\/2020\/07\/24\/colisao-entre-veiculos-deixa-seis-pessoas-feridas-na-br-135\/#primaryimage\"},\"thumbnailUrl\":\"\",\"datePublished\":\"2020-07-24T18:47:00+00:00\",\"dateModified\":\"2020-07-24T18:47:00+00:00\",\"author\":{\"@id\":\"https:\/\/portalnpm.com\/#\/schema\/person\/49313e563cfdefcc167f1ee4c017c294\"},\"breadcrumb\":{\"@id\":\"https:\/\/portalnpm.com\/index.php\/2020\/07\/24\/colisao-entre-veiculos-deixa-seis-pessoas-feridas-na-br-135\/#breadcrumb\"},\"inLanguage\":\"pt-BR\",\"potentialAction\":[{\"@type\":\"ReadAction\",\"target\":[\"https:\/\/portalnpm.com\/index.php\/2020\/07\/24\/colisao-entre-veiculos-deixa-seis-pessoas-feridas-na-br-135\/\"]}]},{\"@type\":\"ImageObject\",\"inLanguage\":\"pt-BR\",\"@id\":\"https:\/\/portalnpm.com\/index.php\/2020\/07\/24\/colisao-entre-veiculos-deixa-seis-pessoas-feridas-na-br-135\/#primaryimage\",\"url\":\"\",\"contentUrl\":\"\"},{\"@type\":\"BreadcrumbList\",\"@id\":\"https:\/\/portalnpm.com\/index.php\/2020\/07\/24\/colisao-entre-veiculos-deixa-seis-pessoas-feridas-na-br-135\/#breadcrumb\",\"itemListElement\":[{\"@type\":\"ListItem\",\"position\":1,\"name\":\"In\u00edcio\",\"item\":\"https:\/\/portalnpm.com\/\"},{\"@type\":\"ListItem\",\"position\":2,\"name\":\"Colis\u00e3o entre ve\u00edculos deixa seis pessoas feridas na BR-135\"}]},{\"@type\":\"WebSite\",\"@id\":\"https:\/\/portalnpm.com\/#website\",\"url\":\"https:\/\/portalnpm.com\/\",\"name\":\"Portal NPM\",\"description\":\"Not\u00edcias em Primeira M\u00e3o\",\"potentialAction\":[{\"@type\":\"SearchAction\",\"target\":{\"@type\":\"EntryPoint\",\"urlTemplate\":\"https:\/\/portalnpm.com\/?s={search_term_string}\"},\"query-input\":\"required name=search_term_string\"}],\"inLanguage\":\"pt-BR\"},{\"@type\":\"Person\",\"@id\":\"https:\/\/portalnpm.com\/#\/schema\/person\/49313e563cfdefcc167f1ee4c017c294\",\"name\":\"Genival Barbosa\",\"image\":{\"@type\":\"ImageObject\",\"inLanguage\":\"pt-BR\",\"@id\":\"https:\/\/portalnpm.com\/#\/schema\/person\/image\/\",\"url\":\"https:\/\/portalnpm.com\/wp-content\/uploads\/2024\/02\/avatar_user_2_1707743258-96x96.jpeg\",\"contentUrl\":\"https:\/\/portalnpm.com\/wp-content\/uploads\/2024\/02\/avatar_user_2_1707743258-96x96.jpeg\",\"caption\":\"Genival Barbosa\"},\"url\":\"https:\/\/portalnpm.com\/index.php\/author\/genival\/\"}]}<\/script>\n<!-- \/ Yoast SEO plugin. -->","yoast_head_json":{"title":"Colis\u00e3o entre ve\u00edculos deixa seis pessoas feridas na BR-135","robots":{"index":"index","follow":"follow","max-snippet":"max-snippet:-1","max-image-preview":"max-image-preview:large","max-video-preview":"max-video-preview:-1"},"canonical":"https:\/\/portalnpm.com\/index.php\/2020\/07\/24\/colisao-entre-veiculos-deixa-seis-pessoas-feridas-na-br-135\/","og_locale":"pt_BR","og_type":"article","og_title":"Colis\u00e3o entre ve\u00edculos deixa seis pessoas feridas na BR-135","og_description":"Nessa quinta-feira (23), um ve\u00edculo de uma empresa prestadora de servi\u00e7o no Parque Solar S\u00e3o Gon\u00e7alo colidiu contra outro carro deixando um total de seis pessoas feridas na rodovia BR-135, no munic\u00edpio de Corrente. Segundo a Pol\u00edcia Militar, um ve\u00edculo de passeio, que tinha como destino o estado de Tocantins, teria invadido a pista contr\u00e1ria &hellip;","og_url":"https:\/\/portalnpm.com\/index.php\/2020\/07\/24\/colisao-entre-veiculos-deixa-seis-pessoas-feridas-na-br-135\/","og_site_name":"Portal NPM","article_published_time":"2020-07-24T18:47:00+00:00","author":"Genival Barbosa","twitter_card":"summary_large_image","twitter_misc":{"Escrito por":"Genival Barbosa","Est. tempo de leitura":"1 minuto"},"schema":{"@context":"https:\/\/schema.org","@graph":[{"@type":"WebPage","@id":"https:\/\/portalnpm.com\/index.php\/2020\/07\/24\/colisao-entre-veiculos-deixa-seis-pessoas-feridas-na-br-135\/","url":"https:\/\/portalnpm.com\/index.php\/2020\/07\/24\/colisao-entre-veiculos-deixa-seis-pessoas-feridas-na-br-135\/","name":"Colis\u00e3o entre ve\u00edculos deixa seis pessoas feridas na BR-135","isPartOf":{"@id":"https:\/\/portalnpm.com\/#website"},"primaryImageOfPage":{"@id":"https:\/\/portalnpm.com\/index.php\/2020\/07\/24\/colisao-entre-veiculos-deixa-seis-pessoas-feridas-na-br-135\/#primaryimage"},"image":{"@id":"https:\/\/portalnpm.com\/index.php\/2020\/07\/24\/colisao-entre-veiculos-deixa-seis-pessoas-feridas-na-br-135\/#primaryimage"},"thumbnailUrl":"","datePublished":"2020-07-24T18:47:00+00:00","dateModified":"2020-07-24T18:47:00+00:00","author":{"@id":"https:\/\/portalnpm.com\/#\/schema\/person\/49313e563cfdefcc167f1ee4c017c294"},"breadcrumb":{"@id":"https:\/\/portalnpm.com\/index.php\/2020\/07\/24\/colisao-entre-veiculos-deixa-seis-pessoas-feridas-na-br-135\/#breadcrumb"},"inLanguage":"pt-BR","potentialAction":[{"@type":"ReadAction","target":["https:\/\/portalnpm.com\/index.php\/2020\/07\/24\/colisao-entre-veiculos-deixa-seis-pessoas-feridas-na-br-135\/"]}]},{"@type":"ImageObject","inLanguage":"pt-BR","@id":"https:\/\/portalnpm.com\/index.php\/2020\/07\/24\/colisao-entre-veiculos-deixa-seis-pessoas-feridas-na-br-135\/#primaryimage","url":"","contentUrl":""},{"@type":"BreadcrumbList","@id":"https:\/\/portalnpm.com\/index.php\/2020\/07\/24\/colisao-entre-veiculos-deixa-seis-pessoas-feridas-na-br-135\/#breadcrumb","itemListElement":[{"@type":"ListItem","position":1,"name":"In\u00edcio","item":"https:\/\/portalnpm.com\/"},{"@type":"ListItem","position":2,"name":"Colis\u00e3o entre ve\u00edculos deixa seis pessoas feridas na BR-135"}]},{"@type":"WebSite","@id":"https:\/\/portalnpm.com\/#website","url":"https:\/\/portalnpm.com\/","name":"Portal NPM","description":"Not\u00edcias em Primeira M\u00e3o","potentialAction":[{"@type":"SearchAction","target":{"@type":"EntryPoint","urlTemplate":"https:\/\/portalnpm.com\/?s={search_term_string}"},"query-input":"required name=search_term_string"}],"inLanguage":"pt-BR"},{"@type":"Person","@id":"https:\/\/portalnpm.com\/#\/schema\/person\/49313e563cfdefcc167f1ee4c017c294","name":"Genival Barbosa","image":{"@type":"ImageObject","inLanguage":"pt-BR","@id":"https:\/\/portalnpm.com\/#\/schema\/person\/image\/","url":"https:\/\/portalnpm.com\/wp-content\/uploads\/2024\/02\/avatar_user_2_1707743258-96x96.jpeg","contentUrl":"https:\/\/portalnpm.com\/wp-content\/uploads\/2024\/02\/avatar_user_2_1707743258-96x96.jpeg","caption":"Genival Barbosa"},"url":"https:\/\/portalnpm.com\/index.php\/author\/genival\/"}]}},"jetpack_sharing_enabled":true,"jetpack_featured_media_url":"","_links":{"self":[{"href":"https:\/\/portalnpm.com\/index.php\/wp-json\/wp\/v2\/posts\/55566"}],"collection":[{"href":"https:\/\/portalnpm.com\/index.php\/wp-json\/wp\/v2\/posts"}],"about":[{"href":"https:\/\/portalnpm.com\/index.php\/wp-json\/wp\/v2\/types\/post"}],"author":[{"embeddable":true,"href":"https:\/\/portalnpm.com\/index.php\/wp-json\/wp\/v2\/users\/2"}],"replies":[{"embeddable":true,"href":"https:\/\/portalnpm.com\/index.php\/wp-json\/wp\/v2\/comments?post=55566"}],"version-history":[{"count":0,"href":"https:\/\/portalnpm.com\/index.php\/wp-json\/wp\/v2\/posts\/55566\/revisions"}],"wp:featuredmedia":[{"embeddable":true,"href":"https:\/\/portalnpm.com\/index.php\/wp-json\/"}],"wp:attachment":[{"href":"https:\/\/portalnpm.com\/index.php\/wp-json\/wp\/v2\/media?parent=55566"}],"wp:term":[{"taxonomy":"category","embeddable":true,"href":"https:\/\/portalnpm.com\/index.php\/wp-json\/wp\/v2\/categories?post=55566"},{"taxonomy":"post_tag","embeddable":true,"href":"https:\/\/portalnpm.com\/index.php\/wp-json\/wp\/v2\/tags?post=55566"}],"curies":[{"name":"wp","href":"https:\/\/api.w.org\/{rel}","templated":true}]}}