{"id":55571,"date":"2020-07-24T15:58:16","date_gmt":"2020-07-24T18:58:16","guid":{"rendered":"https:\/\/portalnpm.com\/index.php\/2020\/07\/24\/com-covid-19-bolsonaro-passeia-de-moto-e-conversa-sem-mascara-com-garis-no-alvorada\/"},"modified":"2020-07-24T15:58:16","modified_gmt":"2020-07-24T18:58:16","slug":"com-covid-19-bolsonaro-passeia-de-moto-e-conversa-sem-mascara-com-garis-no-alvorada","status":"publish","type":"post","link":"https:\/\/portalnpm.com\/index.php\/2020\/07\/24\/com-covid-19-bolsonaro-passeia-de-moto-e-conversa-sem-mascara-com-garis-no-alvorada\/","title":{"rendered":"Com Covid-19, Bolsonaro passeia de moto e conversa sem m\u00e1scara com garis no Alvorada"},"content":{"rendered":"<p style=\"text-align: justify;\">Infectado pelo coronav\u00edrus e cumprindo isolamento no Pal\u00e1cio da Alvorada, o presidente Jair Bolsonaro (sem partido) passeou de moto dentro da propriedade nesta quinta-feira (23) e, sem m\u00e1scara, conversou com profissionais que fazem a limpeza na \u00e1rea externa da resid\u00eancia oficial.<\/p>\n<p style=\"text-align: justify;\">\n<p style=\"text-align: justify;\">O passeio do presidente, que est\u00e1 no Alvorada desde 6 de julho e j\u00e1 fez tr\u00eas exames para a Covid-19, foi registrado pela ag\u00eancia Reuters.<\/p>\n<p style=\"text-align: justify;\">Nas imagens, Bolsonaro est\u00e1 sem m\u00e1scara e faz uma parada para conversar com um grupo de funcion\u00e1rios da limpeza. Em determinado momento, ele tira o capacete para falar com os garis.<\/p>\n<p style=\"text-align: justify;\">O uso de m\u00e1scaras \u00e9 indicado por especialistas como importante para evitar a contamina\u00e7\u00e3o pelo v\u00edrus.<\/p>\n<p style=\"text-align: justify;\">Procurado, o Pal\u00e1cio do Planalto ainda n\u00e3o se manifestou.<\/p>\n<p style=\"text-align: justify;\">Os tr\u00eas testes feitos por Bolsonaro para detectar o coronav\u00edrus deram positivo. O \u00faltimo deles foi divulgado na quarta-feira (22).<\/p>\n<p style=\"text-align: justify;\">O presidente s\u00f3 deve deixar o Pal\u00e1cio da Alvorada quando an\u00e1lises cl\u00ednicas n\u00e3o identificarem mais a presen\u00e7a do v\u00edrus.<\/p>\n<p style=\"text-align: justify;\">Embora diga que est\u00e1 em isolamento e que s\u00f3 tem contato f\u00edsico com auxiliares que j\u00e1 se curaram da Covid-19, o presidente passou nos \u00faltimos dias a acompanhar a arriamento da bandeira nacional em frente ao jardim do Pal\u00e1cio da Alvorada.<\/p>\n<p style=\"text-align: justify;\">Nessas ocasi\u00f5es, ele interage com apoiadores que costumam esper\u00e1-lo em frente ao Alvorada, causando aglomera\u00e7\u00f5es no local.<\/p>\n<p style=\"text-align: justify;\">Fonte: Folhapress<\/p>\n","protected":false},"excerpt":{"rendered":"<p>Infectado pelo coronav\u00edrus e cumprindo isolamento no Pal\u00e1cio da Alvorada, o presidente Jair Bolsonaro (sem partido) passeou de moto dentro da propriedade nesta quinta-feira (23) e, sem m\u00e1scara, conversou com profissionais que fazem a limpeza na \u00e1rea externa da resid\u00eancia oficial. O passeio do presidente, que est\u00e1 no Alvorada desde 6 de julho e j\u00e1 &hellip;<\/p>\n","protected":false},"author":2,"featured_media":23121,"comment_status":"open","ping_status":"open","sticky":false,"template":"","format":"standard","meta":{"content-type":"","rop_custom_images_group":[],"rop_custom_messages_group":[],"rop_publish_now":"initial","rop_publish_now_accounts":{"facebook_2648258775420054_1618374048415101":""},"rop_publish_now_history":[],"rop_publish_now_status":"pending","footnotes":"","_jetpack_memberships_contains_paid_content":false},"categories":[125],"tags":[1756,680,5272,1071,1113,5273,5274],"yoast_head":"<!-- This site is optimized with the Yoast SEO plugin v22.3 - https:\/\/yoast.com\/wordpress\/plugins\/seo\/ -->\n<title>Com Covid-19, Bolsonaro passeia de moto e conversa sem m\u00e1scara com garis no Alvorada<\/title>\n<meta name=\"robots\" content=\"index, follow, max-snippet:-1, max-image-preview:large, max-video-preview:-1\" \/>\n<link rel=\"canonical\" href=\"https:\/\/portalnpm.com\/index.php\/2020\/07\/24\/com-covid-19-bolsonaro-passeia-de-moto-e-conversa-sem-mascara-com-garis-no-alvorada\/\" \/>\n<meta property=\"og:locale\" content=\"pt_BR\" \/>\n<meta property=\"og:type\" content=\"article\" \/>\n<meta property=\"og:title\" content=\"Com Covid-19, Bolsonaro passeia de moto e conversa sem m\u00e1scara com garis no Alvorada\" \/>\n<meta property=\"og:description\" content=\"Infectado pelo coronav\u00edrus e cumprindo isolamento no Pal\u00e1cio da Alvorada, o presidente Jair Bolsonaro (sem partido) passeou de moto dentro da propriedade nesta quinta-feira (23) e, sem m\u00e1scara, conversou com profissionais que fazem a limpeza na \u00e1rea externa da resid\u00eancia oficial. O passeio do presidente, que est\u00e1 no Alvorada desde 6 de julho e j\u00e1 &hellip;\" \/>\n<meta property=\"og:url\" content=\"https:\/\/portalnpm.com\/index.php\/2020\/07\/24\/com-covid-19-bolsonaro-passeia-de-moto-e-conversa-sem-mascara-com-garis-no-alvorada\/\" \/>\n<meta property=\"og:site_name\" content=\"Portal NPM\" \/>\n<meta property=\"article:published_time\" content=\"2020-07-24T18:58:16+00:00\" \/>\n<meta name=\"author\" content=\"Genival Barbosa\" \/>\n<meta name=\"twitter:card\" content=\"summary_large_image\" \/>\n<meta name=\"twitter:label1\" content=\"Escrito por\" \/>\n\t<meta name=\"twitter:data1\" content=\"Genival Barbosa\" \/>\n\t<meta name=\"twitter:label2\" content=\"Est. tempo de leitura\" \/>\n\t<meta name=\"twitter:data2\" content=\"1 minuto\" \/>\n<script type=\"application\/ld+json\" class=\"yoast-schema-graph\">{\"@context\":\"https:\/\/schema.org\",\"@graph\":[{\"@type\":\"WebPage\",\"@id\":\"https:\/\/portalnpm.com\/index.php\/2020\/07\/24\/com-covid-19-bolsonaro-passeia-de-moto-e-conversa-sem-mascara-com-garis-no-alvorada\/\",\"url\":\"https:\/\/portalnpm.com\/index.php\/2020\/07\/24\/com-covid-19-bolsonaro-passeia-de-moto-e-conversa-sem-mascara-com-garis-no-alvorada\/\",\"name\":\"Com Covid-19, Bolsonaro passeia de moto e conversa sem m\u00e1scara com garis no Alvorada\",\"isPartOf\":{\"@id\":\"https:\/\/portalnpm.com\/#website\"},\"primaryImageOfPage\":{\"@id\":\"https:\/\/portalnpm.com\/index.php\/2020\/07\/24\/com-covid-19-bolsonaro-passeia-de-moto-e-conversa-sem-mascara-com-garis-no-alvorada\/#primaryimage\"},\"image\":{\"@id\":\"https:\/\/portalnpm.com\/index.php\/2020\/07\/24\/com-covid-19-bolsonaro-passeia-de-moto-e-conversa-sem-mascara-com-garis-no-alvorada\/#primaryimage\"},\"thumbnailUrl\":\"\",\"datePublished\":\"2020-07-24T18:58:16+00:00\",\"dateModified\":\"2020-07-24T18:58:16+00:00\",\"author\":{\"@id\":\"https:\/\/portalnpm.com\/#\/schema\/person\/49313e563cfdefcc167f1ee4c017c294\"},\"breadcrumb\":{\"@id\":\"https:\/\/portalnpm.com\/index.php\/2020\/07\/24\/com-covid-19-bolsonaro-passeia-de-moto-e-conversa-sem-mascara-com-garis-no-alvorada\/#breadcrumb\"},\"inLanguage\":\"pt-BR\",\"potentialAction\":[{\"@type\":\"ReadAction\",\"target\":[\"https:\/\/portalnpm.com\/index.php\/2020\/07\/24\/com-covid-19-bolsonaro-passeia-de-moto-e-conversa-sem-mascara-com-garis-no-alvorada\/\"]}]},{\"@type\":\"ImageObject\",\"inLanguage\":\"pt-BR\",\"@id\":\"https:\/\/portalnpm.com\/index.php\/2020\/07\/24\/com-covid-19-bolsonaro-passeia-de-moto-e-conversa-sem-mascara-com-garis-no-alvorada\/#primaryimage\",\"url\":\"\",\"contentUrl\":\"\"},{\"@type\":\"BreadcrumbList\",\"@id\":\"https:\/\/portalnpm.com\/index.php\/2020\/07\/24\/com-covid-19-bolsonaro-passeia-de-moto-e-conversa-sem-mascara-com-garis-no-alvorada\/#breadcrumb\",\"itemListElement\":[{\"@type\":\"ListItem\",\"position\":1,\"name\":\"In\u00edcio\",\"item\":\"https:\/\/portalnpm.com\/\"},{\"@type\":\"ListItem\",\"position\":2,\"name\":\"Com Covid-19, Bolsonaro passeia de moto e conversa sem m\u00e1scara com garis no Alvorada\"}]},{\"@type\":\"WebSite\",\"@id\":\"https:\/\/portalnpm.com\/#website\",\"url\":\"https:\/\/portalnpm.com\/\",\"name\":\"Portal NPM\",\"description\":\"Not\u00edcias em Primeira M\u00e3o\",\"potentialAction\":[{\"@type\":\"SearchAction\",\"target\":{\"@type\":\"EntryPoint\",\"urlTemplate\":\"https:\/\/portalnpm.com\/?s={search_term_string}\"},\"query-input\":\"required name=search_term_string\"}],\"inLanguage\":\"pt-BR\"},{\"@type\":\"Person\",\"@id\":\"https:\/\/portalnpm.com\/#\/schema\/person\/49313e563cfdefcc167f1ee4c017c294\",\"name\":\"Genival Barbosa\",\"image\":{\"@type\":\"ImageObject\",\"inLanguage\":\"pt-BR\",\"@id\":\"https:\/\/portalnpm.com\/#\/schema\/person\/image\/\",\"url\":\"https:\/\/portalnpm.com\/wp-content\/uploads\/2024\/02\/avatar_user_2_1707743258-96x96.jpeg\",\"contentUrl\":\"https:\/\/portalnpm.com\/wp-content\/uploads\/2024\/02\/avatar_user_2_1707743258-96x96.jpeg\",\"caption\":\"Genival Barbosa\"},\"url\":\"https:\/\/portalnpm.com\/index.php\/author\/genival\/\"}]}<\/script>\n<!-- \/ Yoast SEO plugin. -->","yoast_head_json":{"title":"Com Covid-19, Bolsonaro passeia de moto e conversa sem m\u00e1scara com garis no Alvorada","robots":{"index":"index","follow":"follow","max-snippet":"max-snippet:-1","max-image-preview":"max-image-preview:large","max-video-preview":"max-video-preview:-1"},"canonical":"https:\/\/portalnpm.com\/index.php\/2020\/07\/24\/com-covid-19-bolsonaro-passeia-de-moto-e-conversa-sem-mascara-com-garis-no-alvorada\/","og_locale":"pt_BR","og_type":"article","og_title":"Com Covid-19, Bolsonaro passeia de moto e conversa sem m\u00e1scara com garis no Alvorada","og_description":"Infectado pelo coronav\u00edrus e cumprindo isolamento no Pal\u00e1cio da Alvorada, o presidente Jair Bolsonaro (sem partido) passeou de moto dentro da propriedade nesta quinta-feira (23) e, sem m\u00e1scara, conversou com profissionais que fazem a limpeza na \u00e1rea externa da resid\u00eancia oficial. O passeio do presidente, que est\u00e1 no Alvorada desde 6 de julho e j\u00e1 &hellip;","og_url":"https:\/\/portalnpm.com\/index.php\/2020\/07\/24\/com-covid-19-bolsonaro-passeia-de-moto-e-conversa-sem-mascara-com-garis-no-alvorada\/","og_site_name":"Portal NPM","article_published_time":"2020-07-24T18:58:16+00:00","author":"Genival Barbosa","twitter_card":"summary_large_image","twitter_misc":{"Escrito por":"Genival Barbosa","Est. tempo de leitura":"1 minuto"},"schema":{"@context":"https:\/\/schema.org","@graph":[{"@type":"WebPage","@id":"https:\/\/portalnpm.com\/index.php\/2020\/07\/24\/com-covid-19-bolsonaro-passeia-de-moto-e-conversa-sem-mascara-com-garis-no-alvorada\/","url":"https:\/\/portalnpm.com\/index.php\/2020\/07\/24\/com-covid-19-bolsonaro-passeia-de-moto-e-conversa-sem-mascara-com-garis-no-alvorada\/","name":"Com Covid-19, Bolsonaro passeia de moto e conversa sem m\u00e1scara com garis no Alvorada","isPartOf":{"@id":"https:\/\/portalnpm.com\/#website"},"primaryImageOfPage":{"@id":"https:\/\/portalnpm.com\/index.php\/2020\/07\/24\/com-covid-19-bolsonaro-passeia-de-moto-e-conversa-sem-mascara-com-garis-no-alvorada\/#primaryimage"},"image":{"@id":"https:\/\/portalnpm.com\/index.php\/2020\/07\/24\/com-covid-19-bolsonaro-passeia-de-moto-e-conversa-sem-mascara-com-garis-no-alvorada\/#primaryimage"},"thumbnailUrl":"","datePublished":"2020-07-24T18:58:16+00:00","dateModified":"2020-07-24T18:58:16+00:00","author":{"@id":"https:\/\/portalnpm.com\/#\/schema\/person\/49313e563cfdefcc167f1ee4c017c294"},"breadcrumb":{"@id":"https:\/\/portalnpm.com\/index.php\/2020\/07\/24\/com-covid-19-bolsonaro-passeia-de-moto-e-conversa-sem-mascara-com-garis-no-alvorada\/#breadcrumb"},"inLanguage":"pt-BR","potentialAction":[{"@type":"ReadAction","target":["https:\/\/portalnpm.com\/index.php\/2020\/07\/24\/com-covid-19-bolsonaro-passeia-de-moto-e-conversa-sem-mascara-com-garis-no-alvorada\/"]}]},{"@type":"ImageObject","inLanguage":"pt-BR","@id":"https:\/\/portalnpm.com\/index.php\/2020\/07\/24\/com-covid-19-bolsonaro-passeia-de-moto-e-conversa-sem-mascara-com-garis-no-alvorada\/#primaryimage","url":"","contentUrl":""},{"@type":"BreadcrumbList","@id":"https:\/\/portalnpm.com\/index.php\/2020\/07\/24\/com-covid-19-bolsonaro-passeia-de-moto-e-conversa-sem-mascara-com-garis-no-alvorada\/#breadcrumb","itemListElement":[{"@type":"ListItem","position":1,"name":"In\u00edcio","item":"https:\/\/portalnpm.com\/"},{"@type":"ListItem","position":2,"name":"Com Covid-19, Bolsonaro passeia de moto e conversa sem m\u00e1scara com garis no Alvorada"}]},{"@type":"WebSite","@id":"https:\/\/portalnpm.com\/#website","url":"https:\/\/portalnpm.com\/","name":"Portal NPM","description":"Not\u00edcias em Primeira M\u00e3o","potentialAction":[{"@type":"SearchAction","target":{"@type":"EntryPoint","urlTemplate":"https:\/\/portalnpm.com\/?s={search_term_string}"},"query-input":"required name=search_term_string"}],"inLanguage":"pt-BR"},{"@type":"Person","@id":"https:\/\/portalnpm.com\/#\/schema\/person\/49313e563cfdefcc167f1ee4c017c294","name":"Genival Barbosa","image":{"@type":"ImageObject","inLanguage":"pt-BR","@id":"https:\/\/portalnpm.com\/#\/schema\/person\/image\/","url":"https:\/\/portalnpm.com\/wp-content\/uploads\/2024\/02\/avatar_user_2_1707743258-96x96.jpeg","contentUrl":"https:\/\/portalnpm.com\/wp-content\/uploads\/2024\/02\/avatar_user_2_1707743258-96x96.jpeg","caption":"Genival Barbosa"},"url":"https:\/\/portalnpm.com\/index.php\/author\/genival\/"}]}},"jetpack_sharing_enabled":true,"jetpack_featured_media_url":"","_links":{"self":[{"href":"https:\/\/portalnpm.com\/index.php\/wp-json\/wp\/v2\/posts\/55571"}],"collection":[{"href":"https:\/\/portalnpm.com\/index.php\/wp-json\/wp\/v2\/posts"}],"about":[{"href":"https:\/\/portalnpm.com\/index.php\/wp-json\/wp\/v2\/types\/post"}],"author":[{"embeddable":true,"href":"https:\/\/portalnpm.com\/index.php\/wp-json\/wp\/v2\/users\/2"}],"replies":[{"embeddable":true,"href":"https:\/\/portalnpm.com\/index.php\/wp-json\/wp\/v2\/comments?post=55571"}],"version-history":[{"count":0,"href":"https:\/\/portalnpm.com\/index.php\/wp-json\/wp\/v2\/posts\/55571\/revisions"}],"wp:featuredmedia":[{"embeddable":true,"href":"https:\/\/portalnpm.com\/index.php\/wp-json\/"}],"wp:attachment":[{"href":"https:\/\/portalnpm.com\/index.php\/wp-json\/wp\/v2\/media?parent=55571"}],"wp:term":[{"taxonomy":"category","embeddable":true,"href":"https:\/\/portalnpm.com\/index.php\/wp-json\/wp\/v2\/categories?post=55571"},{"taxonomy":"post_tag","embeddable":true,"href":"https:\/\/portalnpm.com\/index.php\/wp-json\/wp\/v2\/tags?post=55571"}],"curies":[{"name":"wp","href":"https:\/\/api.w.org\/{rel}","templated":true}]}}