{"id":55584,"date":"2020-07-25T08:21:29","date_gmt":"2020-07-25T11:21:29","guid":{"rendered":"https:\/\/portalnpm.com\/index.php\/2020\/07\/25\/vacina-para-covid-deve-chegar-a-brasileiros-so-no-segundo-semestre-de-2021\/"},"modified":"2020-07-25T08:21:29","modified_gmt":"2020-07-25T11:21:29","slug":"vacina-para-covid-deve-chegar-a-brasileiros-so-no-segundo-semestre-de-2021","status":"publish","type":"post","link":"https:\/\/portalnpm.com\/index.php\/2020\/07\/25\/vacina-para-covid-deve-chegar-a-brasileiros-so-no-segundo-semestre-de-2021\/","title":{"rendered":"Vacina para Covid deve chegar a brasileiros s\u00f3 no segundo semestre de 2021"},"content":{"rendered":"<p style=\"text-align: justify;\">A vacina contra o novo coronav\u00edrus pode estar dispon\u00edvel para toda a popula\u00e7\u00e3o brasileira no segundo semestre de 2021, estimam especialistas ouvidos pela reportagem. Nesta semana, a Organiza\u00e7\u00e3o Mundial da Sa\u00fade (OMS) cravou que a imuniza\u00e7\u00e3o n\u00e3o estar\u00e1 dispon\u00edvel antes do ano que vem. O acesso dos brasileiros ao imunizante, no entanto, depende de uma s\u00e9rie de fatores.<\/p>\n<p style=\"text-align: justify;\">\n<p style=\"text-align: justify;\">Mais de 160 vacinas contra a Covid-19 est\u00e3o em desenvolvimento no mundo. Pelo menos 24 j\u00e1 foram registradas para a fase de testes cl\u00ednicos, em seres humanos. O Brasil tem parcerias no desenvolvimento de tr\u00eas: a de Oxford, considerada a mais avan\u00e7ada; a chinesa Coronavac; e a da Pfizer e BioNtech.<\/p>\n<p style=\"text-align: justify;\">O imunizante do AstraZeneca em parceria com a Universidade de Oxford (Reino Unido) est\u00e1 na fase 3 de estudos, a \u00faltima, que consiste em um ensaio de larga escala com milhares de pessoas. O Brasil firmou acordo em duas etapas: na primeira, o pa\u00eds paga pela tecnologia antes dos resultados finais, para ter direito a 30,4 milh\u00f5es de doses, no valor total de U$ 127 milh\u00f5es, inclu\u00eddos os custos de transfer\u00eancia da tecnologia para a Funda\u00e7\u00e3o Oswaldo Cruz (Fiocruz). Os dois lotes \u2013 15,2 milh\u00f5es de doses cada \u2013 devem ser entregues em dezembro de 2020 e janeiro de 2021. Se a vacina for segura e eficaz, a previs\u00e3o \u00e9 de mais 70 milh\u00f5es de doses \u2013 a US$ 2,30 cada.<\/p>\n<p style=\"text-align: justify;\">Al\u00e9m disso, o Instituto Butantan, em parceria com a farmac\u00eautica chinesa Sinovac Biotech, iniciou a fase 3 dos ensaios cl\u00ednicos para testar a efic\u00e1cia e a seguran\u00e7a da Coronavac. Os testes ser\u00e3o realizados em 9.000 volunt\u00e1rios, inclusive na Universidade Federal de Minas Gerais (UFMG). Se o resultado for positivo, o Butantan deve receber, at\u00e9 o fim do ano, 60 milh\u00f5es de doses.<\/p>\n<p style=\"text-align: justify;\">Para o virologista Fl\u00e1vio da Fonseca, da UFMG, esse tipo de acordo, apesar de envolver certo risco, garante uma posi\u00e7\u00e3o melhor para o Brasil na fila mundial. &#8220;Eu estava muito preocupado com a posi\u00e7\u00e3o que o Brasil poderia ficar nessa fila que vai se formar quando uma vacina estrangeira eficaz for comprovada, porque n\u00e3o havia acordos. Quando um laborat\u00f3rio estrangeiro produz uma vacina, primeiro, ele atende a demanda interna, depois, os parceiros comerciais e culturais e, depois, \u00e9 que vai tentar atender outros pa\u00edses interessados. Ent\u00e3o, poder\u00edamos esperar muito tempo at\u00e9 que tiv\u00e9ssemos acesso&#8221;, diz.<\/p>\n<p style=\"text-align: justify;\">&#8220;Com esses acordos, a gente se coloca em uma posi\u00e7\u00e3o um pouco melhor. Ainda assim, \u00e9 bom esclarecer que as vacinas est\u00e3o em testes, n\u00e3o h\u00e1 certeza se elas v\u00e3o funcionar. A taxa de sucesso de uma vacina que entra na fase de testes cl\u00ednicos \u00e9 de 10%, ou seja, uma a cada dez testadas em seres humanos funciona&#8221;, pontua.<\/p>\n<p style=\"text-align: justify;\">Ele lembra que, no caso da vacina da AstraZeneca, caso ela tenha a efic\u00e1cia e a seguran\u00e7a comprovadas, a previs\u00e3o \u00e9 que as 30 milh\u00f5es de doses iniciais sejam destinadas a grupos espec\u00edficos (idosos, pessoas com comorbidades e profissionais da linha de frente).<\/p>\n<p style=\"text-align: justify;\">\u201c\u00c0 medida que a transfer\u00eancia de tecnologia for acontecendo ou doses suplementares forem sendo providas pelos laborat\u00f3rios estrangeiros, outros grupos populacionais, at\u00e9 chegar \u00e0 popula\u00e7\u00e3o inteira, seriam atingidos. A gente imagina que a popula\u00e7\u00e3o de uma forma geral n\u00e3o deve ser completamente atendida antes de metade de 2021\u201d, diz.<\/p>\n<p style=\"text-align: justify;\">\u201cCom seguran\u00e7a, vacina para a popula\u00e7\u00e3o brasileira inteira eu n\u00e3o acho que tenhamos antes do segundo semestre do ano que vem. Pode ser que tenha uma quantidade, tudo depende de os testes na fase 3 funcionarem\u201d, avalia Ricardo Tostes Gazzinelli, professor do Instituto de Ci\u00eancias Biol\u00f3gicas (ICB) da UFMG, coordenador do Instituto Nacional de Ci\u00eancia e Tecnologia (INCT) em Vacinas e pesquisador da Funda\u00e7\u00e3o Oswaldo Cruz (Fiocruz) Minas.<\/p>\n<p style=\"text-align: justify;\">Para a diretora da Sociedade Brasileira de Imuniza\u00e7\u00f5es (SBIm) e mestre em tecnologia de imunobiol\u00f3gicos pela Fiocruz, Mayra Moura, em uma vis\u00e3o muito otimista, a vacina contra a Covid-19 pode chegar \u00e0 popula\u00e7\u00e3o ainda no primeiro trimestre de 2021.<\/p>\n<p style=\"text-align: justify;\">Segundo ela, no desenvolvimento normal de uma vacina, as pessoas que se disp\u00f5em a participar das pesquisas s\u00e3o acompanhados por cerca de um ano. Depois disso, ainda h\u00e1 alguns meses para avalia\u00e7\u00e3o dos dados e submiss\u00e3o da vacina para a Ag\u00eancia Nacional de Vigil\u00e2ncia Sanit\u00e1ria (Anvisa). No entanto, diante da pandemia, os protocolos mudaram, e os prazos ficaram mais curtos. &#8220;Quando 100% das doses estar\u00e3o dispon\u00edveis a gente n\u00e3o sabe, mas boa parte estar\u00e1 dispon\u00edvel t\u00e3o logo os resultados saiam e sejam eficazes&#8221;, afirma.<\/p>\n<p style=\"text-align: justify;\"><span style=\"font-size: 16px;\"><strong>Distribui\u00e7\u00e3o<\/strong><\/span><\/p>\n<p style=\"text-align: justify;\">Em um ponto, todos os especialistas concordam: o Brasil j\u00e1 tem uma estrutura de log\u00edstica bem consolidada para a distribui\u00e7\u00e3o das doses para todas as regi\u00f5es t\u00e3o logo elas estejam dispon\u00edveis.<\/p>\n<p style=\"text-align: justify;\">\u201cA malha para distribuir a vacina pela rede p\u00fablica j\u00e1 existe h\u00e1 muitos anos no Brasil, porque vai seguir o fluxo que toda vacina hoje no Brasil segue. Isso funciona diariamente. Eu, particularmente, n\u00e3o me preocupo com como a vacina vai ser distribu\u00edda, a quest\u00e3o mesmo \u00e9 a execu\u00e7\u00e3o do estudo e a avalia\u00e7\u00e3o dos resultados\u201d, afirma Mayra Moura, diretora da Sociedade Brasileira de Imuniza\u00e7\u00f5es (SBIm).<\/p>\n<p style=\"text-align: justify;\">\u201cO Brasil tem um programas de imuniza\u00e7\u00e3o estatal j\u00e1 bem estabelecido. O Programa Nacional de Imuniza\u00e7\u00f5es (PNI) consegue levar vacina para um pa\u00eds deste tamanho, com muitos locais dif\u00edceis de serem alcan\u00e7ados, ent\u00e3o j\u00e1 existe essa expertise no Brasil. Se n\u00f3s tivermos acesso a essas vacinas, eu acho que existe a estrutura e a expertise para que isso seja disponibilizado\u201d, pontua o virologista Fl\u00e1vio da Fonseca, da UFMG.<\/p>\n<p style=\"text-align: justify;\">Um exemplo de a\u00e7\u00e3o bem-sucedida do pa\u00eds em rela\u00e7\u00e3o \u00e0 imuniza\u00e7\u00e3o foi a Campanha Nacional de Vacina\u00e7\u00e3o para Elimina\u00e7\u00e3o da Rub\u00e9ola. Em 20 semanas, de 9 de agosto a 30 de dezembro de 2008, 67,1 milh\u00f5es de brasileiros receberam a vacina contra a doen\u00e7a, o que representa uma cobertura de 95,79% da popula\u00e7\u00e3o-alvo, segundo relat\u00f3rio do Minist\u00e9rio da Sa\u00fade. Em 2015, o Brasil ganhou o documento da elimina\u00e7\u00e3o da rub\u00e9ola e da s\u00edndrome da rub\u00e9ola cong\u00eanita.<\/p>\n<p style=\"text-align: justify;\"><span style=\"font-size: 16px;\"><strong>Em busca da vacina<\/strong><\/span><\/p>\n<p style=\"text-align: justify;\">O Brasil e outras dezenas de pa\u00edses manifestaram interesse em entrar para o grupo internacional que negociar\u00e1 com os produtores da vacina contra a Covid-19, o COVAX. O objetivo \u00e9, at\u00e9 o final de 2021, fornecer dois bilh\u00f5es de doses de vacinas seguras e eficazes que tenham passado na aprova\u00e7\u00e3o regulat\u00f3ria e\/ou na pr\u00e9-qualifica\u00e7\u00e3o da Organiza\u00e7\u00e3o Mundial da Sa\u00fade (OMS). Essas vacinas ser\u00e3o entregues igualmente a todos os pa\u00edses participantes, proporcionalmente \u00e0s suas popula\u00e7\u00f5es, priorizando inicialmente os profissionais de sa\u00fade.<\/p>\n<p style=\"text-align: justify;\"><span style=\"font-size: 16px;\"><strong>Disputa<\/strong><\/span><\/p>\n<p style=\"text-align: justify;\">Segundo especialistas, a compra dos Estados Unidos de 100 milh\u00f5es de doses de vacina contra o coronav\u00edrus da Pfizer e da BioNTech prejudica n\u00e3o s\u00f3 o pa\u00eds, mas o mundo todo. &#8220;Vamos supor que a vacina funcione, j\u00e1 \u00e9 uma vacina a menos para ter acesso, porque os americanos compraram tudo&#8221;, pontua o virologista da UFMG, Fl\u00e1vio da Fonseca.<\/p>\n<p style=\"text-align: justify;\"><span style=\"font-size: 16px;\"><strong>Dura\u00e7\u00e3o da vacina<\/strong><\/span><\/p>\n<p style=\"text-align: justify;\">Segundo a diretora da SBIm, Mayra Moura, a dura\u00e7\u00e3o do efeito da vacina contra a Covid-19 ainda \u00e9 desconhecida. &#8220;A gente ainda nem sabe se a doen\u00e7a confere imunidade prolongada, e a vacina sempre simula a doen\u00e7a, ela costuma ser muito pr\u00f3xima de como a doen\u00e7a se comporta nessa quest\u00e3o de prote\u00e7\u00e3o. Se normalmente a doen\u00e7a protege permanentemente, geralmente a vacina tem essa caracter\u00edstica tamb\u00e9m&#8221;, explica.<\/p>\n<p style=\"text-align: justify;\"><span style=\"font-size: 16px;\"><strong>Respostas<\/strong><\/span><\/p>\n<p style=\"text-align: justify;\">O Minist\u00e9rio da Sa\u00fade informou que &#8220;possui interesse em adquirir qualquer vacina com comprovada efic\u00e1cia e imunogenicidade para garantir \u00e0 popula\u00e7\u00e3o brasileira&#8221; e que o pa\u00eds est\u00e1 &#8220;em tratativas com laborat\u00f3rios que possuem pesquisas de vacinas mais promissoras do mundo&#8221;.<\/p>\n<p style=\"text-align: justify;\">A Secretaria de Estado de Sa\u00fade disse que &#8220;a log\u00edstica de entrega das vacinas j\u00e1 existe e \u00e9 um trabalho integrado entre o N\u00edvel Central da Secretaria de Estado da Sa\u00fade de Minas Gerais e as Unidades Regionais de Sa\u00fade para que a vacina possa estar dispon\u00edvel em um menor per\u00edodo poss\u00edvel para os munic\u00edpios&#8221;.<\/p>\n<p style=\"text-align: justify;\">A Secretaria Municipal de Sa\u00fade (SMSA) de Belo Horizonte n\u00e3o se manifestou informou que as vacinas que integram o calend\u00e1rio de vacina\u00e7\u00e3o do SUS s\u00e3o fornecidas pelo Minist\u00e9rio da Sa\u00fade, que encaminha as doses aos Estados que, por sua vez, repassam aos munic\u00edpios, considerando a popula\u00e7\u00e3o a ser vacinada. Belo Horizonte conta com 152 centros de sa\u00fade, e em todos h\u00e1 salas de vacina, que funcionam de segunda \u00e0 sexta-feira.<\/p>\n<p style=\"text-align: justify;\">O munic\u00edpio adota estrat\u00e9gias diferenciadas durante campanhas de vacina\u00e7\u00e3o, como abertura de postos extras, contrata\u00e7\u00e3o de profissionais, abertura dos centros de ca\u00fade para vacina\u00e7\u00e3o aos finais de semana e parcerias para ampliar o acesso da popula\u00e7\u00e3o \u00e0s vacinas.<\/p>\n<p style=\"text-align: justify;\">Fonte: O Tempo<\/p>\n","protected":false},"excerpt":{"rendered":"<p>A vacina contra o novo coronav\u00edrus pode estar dispon\u00edvel para toda a popula\u00e7\u00e3o brasileira no segundo semestre de 2021, estimam especialistas ouvidos pela reportagem. Nesta semana, a Organiza\u00e7\u00e3o Mundial da Sa\u00fade (OMS) cravou que a imuniza\u00e7\u00e3o n\u00e3o estar\u00e1 dispon\u00edvel antes do ano que vem. O acesso dos brasileiros ao imunizante, no entanto, depende de uma &hellip;<\/p>\n","protected":false},"author":2,"featured_media":55585,"comment_status":"open","ping_status":"open","sticky":false,"template":"","format":"standard","meta":{"content-type":"","rop_custom_images_group":[],"rop_custom_messages_group":[],"rop_publish_now":"initial","rop_publish_now_accounts":{"facebook_2648258775420054_1618374048415101":""},"rop_publish_now_history":[],"rop_publish_now_status":"pending","footnotes":"","_jetpack_memberships_contains_paid_content":false},"categories":[113,125],"tags":[5278,1706,1205,35,1158,5280,2807],"yoast_head":"<!-- This site is optimized with the Yoast SEO plugin v22.3 - https:\/\/yoast.com\/wordpress\/plugins\/seo\/ -->\n<title>Vacina para Covid deve chegar a brasileiros s\u00f3 no segundo semestre de 2021<\/title>\n<meta name=\"robots\" content=\"index, follow, max-snippet:-1, max-image-preview:large, max-video-preview:-1\" \/>\n<link rel=\"canonical\" href=\"https:\/\/portalnpm.com\/index.php\/2020\/07\/25\/vacina-para-covid-deve-chegar-a-brasileiros-so-no-segundo-semestre-de-2021\/\" \/>\n<meta property=\"og:locale\" content=\"pt_BR\" \/>\n<meta property=\"og:type\" content=\"article\" \/>\n<meta property=\"og:title\" content=\"Vacina para Covid deve chegar a brasileiros s\u00f3 no segundo semestre de 2021\" \/>\n<meta property=\"og:description\" content=\"A vacina contra o novo coronav\u00edrus pode estar dispon\u00edvel para toda a popula\u00e7\u00e3o brasileira no segundo semestre de 2021, estimam especialistas ouvidos pela reportagem. Nesta semana, a Organiza\u00e7\u00e3o Mundial da Sa\u00fade (OMS) cravou que a imuniza\u00e7\u00e3o n\u00e3o estar\u00e1 dispon\u00edvel antes do ano que vem. O acesso dos brasileiros ao imunizante, no entanto, depende de uma &hellip;\" \/>\n<meta property=\"og:url\" content=\"https:\/\/portalnpm.com\/index.php\/2020\/07\/25\/vacina-para-covid-deve-chegar-a-brasileiros-so-no-segundo-semestre-de-2021\/\" \/>\n<meta property=\"og:site_name\" content=\"Portal NPM\" \/>\n<meta property=\"article:published_time\" content=\"2020-07-25T11:21:29+00:00\" \/>\n<meta property=\"og:image\" content=\"https:\/\/portalnpm.com\/wp-content\/uploads\/2024\/01\/WhatsApp-Image-2020-07-23-at-21.14.26.jpeg\" \/>\n\t<meta property=\"og:image:width\" content=\"620\" \/>\n\t<meta property=\"og:image:height\" content=\"413\" \/>\n\t<meta property=\"og:image:type\" content=\"image\/jpeg\" \/>\n<meta name=\"author\" content=\"Genival Barbosa\" \/>\n<meta name=\"twitter:card\" content=\"summary_large_image\" \/>\n<meta name=\"twitter:label1\" content=\"Escrito por\" \/>\n\t<meta name=\"twitter:data1\" content=\"Genival Barbosa\" \/>\n\t<meta name=\"twitter:label2\" content=\"Est. tempo de leitura\" \/>\n\t<meta name=\"twitter:data2\" content=\"8 minutos\" \/>\n<script type=\"application\/ld+json\" class=\"yoast-schema-graph\">{\"@context\":\"https:\/\/schema.org\",\"@graph\":[{\"@type\":\"WebPage\",\"@id\":\"https:\/\/portalnpm.com\/index.php\/2020\/07\/25\/vacina-para-covid-deve-chegar-a-brasileiros-so-no-segundo-semestre-de-2021\/\",\"url\":\"https:\/\/portalnpm.com\/index.php\/2020\/07\/25\/vacina-para-covid-deve-chegar-a-brasileiros-so-no-segundo-semestre-de-2021\/\",\"name\":\"Vacina para Covid deve chegar a brasileiros s\u00f3 no segundo semestre de 2021\",\"isPartOf\":{\"@id\":\"https:\/\/portalnpm.com\/#website\"},\"primaryImageOfPage\":{\"@id\":\"https:\/\/portalnpm.com\/index.php\/2020\/07\/25\/vacina-para-covid-deve-chegar-a-brasileiros-so-no-segundo-semestre-de-2021\/#primaryimage\"},\"image\":{\"@id\":\"https:\/\/portalnpm.com\/index.php\/2020\/07\/25\/vacina-para-covid-deve-chegar-a-brasileiros-so-no-segundo-semestre-de-2021\/#primaryimage\"},\"thumbnailUrl\":\"https:\/\/portalnpm.com\/wp-content\/uploads\/2024\/01\/WhatsApp-Image-2020-07-23-at-21.14.26.jpeg\",\"datePublished\":\"2020-07-25T11:21:29+00:00\",\"dateModified\":\"2020-07-25T11:21:29+00:00\",\"author\":{\"@id\":\"https:\/\/portalnpm.com\/#\/schema\/person\/49313e563cfdefcc167f1ee4c017c294\"},\"breadcrumb\":{\"@id\":\"https:\/\/portalnpm.com\/index.php\/2020\/07\/25\/vacina-para-covid-deve-chegar-a-brasileiros-so-no-segundo-semestre-de-2021\/#breadcrumb\"},\"inLanguage\":\"pt-BR\",\"potentialAction\":[{\"@type\":\"ReadAction\",\"target\":[\"https:\/\/portalnpm.com\/index.php\/2020\/07\/25\/vacina-para-covid-deve-chegar-a-brasileiros-so-no-segundo-semestre-de-2021\/\"]}]},{\"@type\":\"ImageObject\",\"inLanguage\":\"pt-BR\",\"@id\":\"https:\/\/portalnpm.com\/index.php\/2020\/07\/25\/vacina-para-covid-deve-chegar-a-brasileiros-so-no-segundo-semestre-de-2021\/#primaryimage\",\"url\":\"https:\/\/portalnpm.com\/wp-content\/uploads\/2024\/01\/WhatsApp-Image-2020-07-23-at-21.14.26.jpeg\",\"contentUrl\":\"https:\/\/portalnpm.com\/wp-content\/uploads\/2024\/01\/WhatsApp-Image-2020-07-23-at-21.14.26.jpeg\",\"width\":620,\"height\":413},{\"@type\":\"BreadcrumbList\",\"@id\":\"https:\/\/portalnpm.com\/index.php\/2020\/07\/25\/vacina-para-covid-deve-chegar-a-brasileiros-so-no-segundo-semestre-de-2021\/#breadcrumb\",\"itemListElement\":[{\"@type\":\"ListItem\",\"position\":1,\"name\":\"In\u00edcio\",\"item\":\"https:\/\/portalnpm.com\/\"},{\"@type\":\"ListItem\",\"position\":2,\"name\":\"Vacina para Covid deve chegar a brasileiros s\u00f3 no segundo semestre de 2021\"}]},{\"@type\":\"WebSite\",\"@id\":\"https:\/\/portalnpm.com\/#website\",\"url\":\"https:\/\/portalnpm.com\/\",\"name\":\"Portal NPM\",\"description\":\"Not\u00edcias em Primeira M\u00e3o\",\"potentialAction\":[{\"@type\":\"SearchAction\",\"target\":{\"@type\":\"EntryPoint\",\"urlTemplate\":\"https:\/\/portalnpm.com\/?s={search_term_string}\"},\"query-input\":\"required name=search_term_string\"}],\"inLanguage\":\"pt-BR\"},{\"@type\":\"Person\",\"@id\":\"https:\/\/portalnpm.com\/#\/schema\/person\/49313e563cfdefcc167f1ee4c017c294\",\"name\":\"Genival Barbosa\",\"image\":{\"@type\":\"ImageObject\",\"inLanguage\":\"pt-BR\",\"@id\":\"https:\/\/portalnpm.com\/#\/schema\/person\/image\/\",\"url\":\"https:\/\/portalnpm.com\/wp-content\/uploads\/2024\/02\/avatar_user_2_1707743258-96x96.jpeg\",\"contentUrl\":\"https:\/\/portalnpm.com\/wp-content\/uploads\/2024\/02\/avatar_user_2_1707743258-96x96.jpeg\",\"caption\":\"Genival Barbosa\"},\"url\":\"https:\/\/portalnpm.com\/index.php\/author\/genival\/\"}]}<\/script>\n<!-- \/ Yoast SEO plugin. -->","yoast_head_json":{"title":"Vacina para Covid deve chegar a brasileiros s\u00f3 no segundo semestre de 2021","robots":{"index":"index","follow":"follow","max-snippet":"max-snippet:-1","max-image-preview":"max-image-preview:large","max-video-preview":"max-video-preview:-1"},"canonical":"https:\/\/portalnpm.com\/index.php\/2020\/07\/25\/vacina-para-covid-deve-chegar-a-brasileiros-so-no-segundo-semestre-de-2021\/","og_locale":"pt_BR","og_type":"article","og_title":"Vacina para Covid deve chegar a brasileiros s\u00f3 no segundo semestre de 2021","og_description":"A vacina contra o novo coronav\u00edrus pode estar dispon\u00edvel para toda a popula\u00e7\u00e3o brasileira no segundo semestre de 2021, estimam especialistas ouvidos pela reportagem. Nesta semana, a Organiza\u00e7\u00e3o Mundial da Sa\u00fade (OMS) cravou que a imuniza\u00e7\u00e3o n\u00e3o estar\u00e1 dispon\u00edvel antes do ano que vem. O acesso dos brasileiros ao imunizante, no entanto, depende de uma &hellip;","og_url":"https:\/\/portalnpm.com\/index.php\/2020\/07\/25\/vacina-para-covid-deve-chegar-a-brasileiros-so-no-segundo-semestre-de-2021\/","og_site_name":"Portal NPM","article_published_time":"2020-07-25T11:21:29+00:00","og_image":[{"width":620,"height":413,"url":"https:\/\/portalnpm.com\/wp-content\/uploads\/2024\/01\/WhatsApp-Image-2020-07-23-at-21.14.26.jpeg","type":"image\/jpeg"}],"author":"Genival Barbosa","twitter_card":"summary_large_image","twitter_misc":{"Escrito por":"Genival Barbosa","Est. tempo de leitura":"8 minutos"},"schema":{"@context":"https:\/\/schema.org","@graph":[{"@type":"WebPage","@id":"https:\/\/portalnpm.com\/index.php\/2020\/07\/25\/vacina-para-covid-deve-chegar-a-brasileiros-so-no-segundo-semestre-de-2021\/","url":"https:\/\/portalnpm.com\/index.php\/2020\/07\/25\/vacina-para-covid-deve-chegar-a-brasileiros-so-no-segundo-semestre-de-2021\/","name":"Vacina para Covid deve chegar a brasileiros s\u00f3 no segundo semestre de 2021","isPartOf":{"@id":"https:\/\/portalnpm.com\/#website"},"primaryImageOfPage":{"@id":"https:\/\/portalnpm.com\/index.php\/2020\/07\/25\/vacina-para-covid-deve-chegar-a-brasileiros-so-no-segundo-semestre-de-2021\/#primaryimage"},"image":{"@id":"https:\/\/portalnpm.com\/index.php\/2020\/07\/25\/vacina-para-covid-deve-chegar-a-brasileiros-so-no-segundo-semestre-de-2021\/#primaryimage"},"thumbnailUrl":"https:\/\/portalnpm.com\/wp-content\/uploads\/2024\/01\/WhatsApp-Image-2020-07-23-at-21.14.26.jpeg","datePublished":"2020-07-25T11:21:29+00:00","dateModified":"2020-07-25T11:21:29+00:00","author":{"@id":"https:\/\/portalnpm.com\/#\/schema\/person\/49313e563cfdefcc167f1ee4c017c294"},"breadcrumb":{"@id":"https:\/\/portalnpm.com\/index.php\/2020\/07\/25\/vacina-para-covid-deve-chegar-a-brasileiros-so-no-segundo-semestre-de-2021\/#breadcrumb"},"inLanguage":"pt-BR","potentialAction":[{"@type":"ReadAction","target":["https:\/\/portalnpm.com\/index.php\/2020\/07\/25\/vacina-para-covid-deve-chegar-a-brasileiros-so-no-segundo-semestre-de-2021\/"]}]},{"@type":"ImageObject","inLanguage":"pt-BR","@id":"https:\/\/portalnpm.com\/index.php\/2020\/07\/25\/vacina-para-covid-deve-chegar-a-brasileiros-so-no-segundo-semestre-de-2021\/#primaryimage","url":"https:\/\/portalnpm.com\/wp-content\/uploads\/2024\/01\/WhatsApp-Image-2020-07-23-at-21.14.26.jpeg","contentUrl":"https:\/\/portalnpm.com\/wp-content\/uploads\/2024\/01\/WhatsApp-Image-2020-07-23-at-21.14.26.jpeg","width":620,"height":413},{"@type":"BreadcrumbList","@id":"https:\/\/portalnpm.com\/index.php\/2020\/07\/25\/vacina-para-covid-deve-chegar-a-brasileiros-so-no-segundo-semestre-de-2021\/#breadcrumb","itemListElement":[{"@type":"ListItem","position":1,"name":"In\u00edcio","item":"https:\/\/portalnpm.com\/"},{"@type":"ListItem","position":2,"name":"Vacina para Covid deve chegar a brasileiros s\u00f3 no segundo semestre de 2021"}]},{"@type":"WebSite","@id":"https:\/\/portalnpm.com\/#website","url":"https:\/\/portalnpm.com\/","name":"Portal NPM","description":"Not\u00edcias em Primeira M\u00e3o","potentialAction":[{"@type":"SearchAction","target":{"@type":"EntryPoint","urlTemplate":"https:\/\/portalnpm.com\/?s={search_term_string}"},"query-input":"required name=search_term_string"}],"inLanguage":"pt-BR"},{"@type":"Person","@id":"https:\/\/portalnpm.com\/#\/schema\/person\/49313e563cfdefcc167f1ee4c017c294","name":"Genival Barbosa","image":{"@type":"ImageObject","inLanguage":"pt-BR","@id":"https:\/\/portalnpm.com\/#\/schema\/person\/image\/","url":"https:\/\/portalnpm.com\/wp-content\/uploads\/2024\/02\/avatar_user_2_1707743258-96x96.jpeg","contentUrl":"https:\/\/portalnpm.com\/wp-content\/uploads\/2024\/02\/avatar_user_2_1707743258-96x96.jpeg","caption":"Genival Barbosa"},"url":"https:\/\/portalnpm.com\/index.php\/author\/genival\/"}]}},"jetpack_sharing_enabled":true,"jetpack_featured_media_url":"https:\/\/portalnpm.com\/wp-content\/uploads\/2024\/01\/WhatsApp-Image-2020-07-23-at-21.14.26.jpeg","_links":{"self":[{"href":"https:\/\/portalnpm.com\/index.php\/wp-json\/wp\/v2\/posts\/55584"}],"collection":[{"href":"https:\/\/portalnpm.com\/index.php\/wp-json\/wp\/v2\/posts"}],"about":[{"href":"https:\/\/portalnpm.com\/index.php\/wp-json\/wp\/v2\/types\/post"}],"author":[{"embeddable":true,"href":"https:\/\/portalnpm.com\/index.php\/wp-json\/wp\/v2\/users\/2"}],"replies":[{"embeddable":true,"href":"https:\/\/portalnpm.com\/index.php\/wp-json\/wp\/v2\/comments?post=55584"}],"version-history":[{"count":0,"href":"https:\/\/portalnpm.com\/index.php\/wp-json\/wp\/v2\/posts\/55584\/revisions"}],"wp:featuredmedia":[{"embeddable":true,"href":"https:\/\/portalnpm.com\/index.php\/wp-json\/wp\/v2\/media\/55585"}],"wp:attachment":[{"href":"https:\/\/portalnpm.com\/index.php\/wp-json\/wp\/v2\/media?parent=55584"}],"wp:term":[{"taxonomy":"category","embeddable":true,"href":"https:\/\/portalnpm.com\/index.php\/wp-json\/wp\/v2\/categories?post=55584"},{"taxonomy":"post_tag","embeddable":true,"href":"https:\/\/portalnpm.com\/index.php\/wp-json\/wp\/v2\/tags?post=55584"}],"curies":[{"name":"wp","href":"https:\/\/api.w.org\/{rel}","templated":true}]}}