{"id":55586,"date":"2020-07-25T08:25:00","date_gmt":"2020-07-25T11:25:00","guid":{"rendered":"https:\/\/portalnpm.com\/index.php\/2020\/07\/25\/vespas-matam-menino-de-5-anos-e-deixam-avo-gravemente-ferida\/"},"modified":"2020-07-25T08:25:00","modified_gmt":"2020-07-25T11:25:00","slug":"vespas-matam-menino-de-5-anos-e-deixam-avo-gravemente-ferida","status":"publish","type":"post","link":"https:\/\/portalnpm.com\/index.php\/2020\/07\/25\/vespas-matam-menino-de-5-anos-e-deixam-avo-gravemente-ferida\/","title":{"rendered":"Vespas matam menino de 5 anos e deixam av\u00f3 gravemente ferida"},"content":{"rendered":"<p style=\"text-align: justify;\">Um menino de cinco anos morreu ao ser atacado no Camboja por um enxame de vespas, enquanto sua av\u00f3 de 62 anos teve que ser hospitalizada pelas picadas. A idosa acidentalmente mexeu com um ninho enquanto cortava folhas de palmeira perto de sua casa para construir um galinheiro e permanece no hospital depois de sofrer ferimentos graves. O vice-chefe da pol\u00edcia do distrito de Koh Andet, tenente-coronel Chuon Samang, identificou as v\u00edtimas como Morn Kakakda, cinco e Chen Oeurn, 62.<\/p>\n<p style=\"text-align: justify;\">\n<p style=\"text-align: justify;\">Segundo o vizinho das v\u00edtimas, Oeurn trouxe o neto para cortar folhas de palmeira. &#8220;Ao cortar as folhas, Oeurn acidentalmente atingiu um grande ninho de vespas penduradas na \u00e1rvore&#8221;, disse o tenente-coronel Samang. &#8220;Cerca de 30 vespas raivosas atacaram imediatamente as duas, causando v\u00e1rias picadas no rosto, pesco\u00e7o e peito&#8221;, disse ele. Durante o ataque, Oeurn tentou resgatar seu neto e o levou em dire\u00e7\u00e3o \u00e0 casa deles. Ele morreu na casa deles logo depois.<\/p>\n<p style=\"text-align: justify;\">Enquanto isso, Oeurn foi levado \u00e0s pressas para o hospital de refer\u00eancia da prov\u00edncia depois de ser encontrado pelos vizinhos. Ap\u00f3s o incidente, o tenente-coronel Samang lembrou a todos que foram picados por vespas para procurar atendimento m\u00e9dico imediato, pois essas mordidas \u00e0s vezes podem ser fatais.<\/p>\n<p style=\"text-align: justify;\">Fonte: O Dia IG<\/p>\n","protected":false},"excerpt":{"rendered":"<p>Um menino de cinco anos morreu ao ser atacado no Camboja por um enxame de vespas, enquanto sua av\u00f3 de 62 anos teve que ser hospitalizada pelas picadas. A idosa acidentalmente mexeu com um ninho enquanto cortava folhas de palmeira perto de sua casa para construir um galinheiro e permanece no hospital depois de sofrer &hellip;<\/p>\n","protected":false},"author":2,"featured_media":55587,"comment_status":"open","ping_status":"open","sticky":false,"template":"","format":"standard","meta":{"content-type":"","rop_custom_images_group":[],"rop_custom_messages_group":[],"rop_publish_now":"initial","rop_publish_now_accounts":{"facebook_2648258775420054_1618374048415101":""},"rop_publish_now_history":[],"rop_publish_now_status":"pending","footnotes":"","_jetpack_memberships_contains_paid_content":false},"categories":[125],"tags":[5281,189,5282],"yoast_head":"<!-- This site is optimized with the Yoast SEO plugin v22.3 - https:\/\/yoast.com\/wordpress\/plugins\/seo\/ -->\n<title>Vespas matam menino de 5 anos e deixam av\u00f3 gravemente ferida<\/title>\n<meta name=\"robots\" content=\"index, follow, max-snippet:-1, max-image-preview:large, max-video-preview:-1\" \/>\n<link rel=\"canonical\" href=\"https:\/\/portalnpm.com\/index.php\/2020\/07\/25\/vespas-matam-menino-de-5-anos-e-deixam-avo-gravemente-ferida\/\" \/>\n<meta property=\"og:locale\" content=\"pt_BR\" \/>\n<meta property=\"og:type\" content=\"article\" \/>\n<meta property=\"og:title\" content=\"Vespas matam menino de 5 anos e deixam av\u00f3 gravemente ferida\" \/>\n<meta property=\"og:description\" content=\"Um menino de cinco anos morreu ao ser atacado no Camboja por um enxame de vespas, enquanto sua av\u00f3 de 62 anos teve que ser hospitalizada pelas picadas. A idosa acidentalmente mexeu com um ninho enquanto cortava folhas de palmeira perto de sua casa para construir um galinheiro e permanece no hospital depois de sofrer &hellip;\" \/>\n<meta property=\"og:url\" content=\"https:\/\/portalnpm.com\/index.php\/2020\/07\/25\/vespas-matam-menino-de-5-anos-e-deixam-avo-gravemente-ferida\/\" \/>\n<meta property=\"og:site_name\" content=\"Portal NPM\" \/>\n<meta property=\"article:published_time\" content=\"2020-07-25T11:25:00+00:00\" \/>\n<meta property=\"og:image\" content=\"https:\/\/portalnpm.com\/wp-content\/uploads\/2024\/01\/1626195184.jpg\" \/>\n\t<meta property=\"og:image:width\" content=\"700\" \/>\n\t<meta property=\"og:image:height\" content=\"470\" \/>\n\t<meta property=\"og:image:type\" content=\"image\/jpeg\" \/>\n<meta name=\"author\" content=\"Genival Barbosa\" \/>\n<meta name=\"twitter:card\" content=\"summary_large_image\" \/>\n<meta name=\"twitter:label1\" content=\"Escrito por\" \/>\n\t<meta name=\"twitter:data1\" content=\"Genival Barbosa\" \/>\n\t<meta name=\"twitter:label2\" content=\"Est. tempo de leitura\" \/>\n\t<meta name=\"twitter:data2\" content=\"1 minuto\" \/>\n<script type=\"application\/ld+json\" class=\"yoast-schema-graph\">{\"@context\":\"https:\/\/schema.org\",\"@graph\":[{\"@type\":\"WebPage\",\"@id\":\"https:\/\/portalnpm.com\/index.php\/2020\/07\/25\/vespas-matam-menino-de-5-anos-e-deixam-avo-gravemente-ferida\/\",\"url\":\"https:\/\/portalnpm.com\/index.php\/2020\/07\/25\/vespas-matam-menino-de-5-anos-e-deixam-avo-gravemente-ferida\/\",\"name\":\"Vespas matam menino de 5 anos e deixam av\u00f3 gravemente ferida\",\"isPartOf\":{\"@id\":\"https:\/\/portalnpm.com\/#website\"},\"primaryImageOfPage\":{\"@id\":\"https:\/\/portalnpm.com\/index.php\/2020\/07\/25\/vespas-matam-menino-de-5-anos-e-deixam-avo-gravemente-ferida\/#primaryimage\"},\"image\":{\"@id\":\"https:\/\/portalnpm.com\/index.php\/2020\/07\/25\/vespas-matam-menino-de-5-anos-e-deixam-avo-gravemente-ferida\/#primaryimage\"},\"thumbnailUrl\":\"https:\/\/portalnpm.com\/wp-content\/uploads\/2024\/01\/1626195184.jpg\",\"datePublished\":\"2020-07-25T11:25:00+00:00\",\"dateModified\":\"2020-07-25T11:25:00+00:00\",\"author\":{\"@id\":\"https:\/\/portalnpm.com\/#\/schema\/person\/49313e563cfdefcc167f1ee4c017c294\"},\"breadcrumb\":{\"@id\":\"https:\/\/portalnpm.com\/index.php\/2020\/07\/25\/vespas-matam-menino-de-5-anos-e-deixam-avo-gravemente-ferida\/#breadcrumb\"},\"inLanguage\":\"pt-BR\",\"potentialAction\":[{\"@type\":\"ReadAction\",\"target\":[\"https:\/\/portalnpm.com\/index.php\/2020\/07\/25\/vespas-matam-menino-de-5-anos-e-deixam-avo-gravemente-ferida\/\"]}]},{\"@type\":\"ImageObject\",\"inLanguage\":\"pt-BR\",\"@id\":\"https:\/\/portalnpm.com\/index.php\/2020\/07\/25\/vespas-matam-menino-de-5-anos-e-deixam-avo-gravemente-ferida\/#primaryimage\",\"url\":\"https:\/\/portalnpm.com\/wp-content\/uploads\/2024\/01\/1626195184.jpg\",\"contentUrl\":\"https:\/\/portalnpm.com\/wp-content\/uploads\/2024\/01\/1626195184.jpg\",\"width\":700,\"height\":470},{\"@type\":\"BreadcrumbList\",\"@id\":\"https:\/\/portalnpm.com\/index.php\/2020\/07\/25\/vespas-matam-menino-de-5-anos-e-deixam-avo-gravemente-ferida\/#breadcrumb\",\"itemListElement\":[{\"@type\":\"ListItem\",\"position\":1,\"name\":\"In\u00edcio\",\"item\":\"https:\/\/portalnpm.com\/\"},{\"@type\":\"ListItem\",\"position\":2,\"name\":\"Vespas matam menino de 5 anos e deixam av\u00f3 gravemente ferida\"}]},{\"@type\":\"WebSite\",\"@id\":\"https:\/\/portalnpm.com\/#website\",\"url\":\"https:\/\/portalnpm.com\/\",\"name\":\"Portal NPM\",\"description\":\"Not\u00edcias em Primeira M\u00e3o\",\"potentialAction\":[{\"@type\":\"SearchAction\",\"target\":{\"@type\":\"EntryPoint\",\"urlTemplate\":\"https:\/\/portalnpm.com\/?s={search_term_string}\"},\"query-input\":\"required name=search_term_string\"}],\"inLanguage\":\"pt-BR\"},{\"@type\":\"Person\",\"@id\":\"https:\/\/portalnpm.com\/#\/schema\/person\/49313e563cfdefcc167f1ee4c017c294\",\"name\":\"Genival Barbosa\",\"image\":{\"@type\":\"ImageObject\",\"inLanguage\":\"pt-BR\",\"@id\":\"https:\/\/portalnpm.com\/#\/schema\/person\/image\/\",\"url\":\"https:\/\/portalnpm.com\/wp-content\/uploads\/2024\/02\/avatar_user_2_1707743258-96x96.jpeg\",\"contentUrl\":\"https:\/\/portalnpm.com\/wp-content\/uploads\/2024\/02\/avatar_user_2_1707743258-96x96.jpeg\",\"caption\":\"Genival Barbosa\"},\"url\":\"https:\/\/portalnpm.com\/index.php\/author\/genival\/\"}]}<\/script>\n<!-- \/ Yoast SEO plugin. -->","yoast_head_json":{"title":"Vespas matam menino de 5 anos e deixam av\u00f3 gravemente ferida","robots":{"index":"index","follow":"follow","max-snippet":"max-snippet:-1","max-image-preview":"max-image-preview:large","max-video-preview":"max-video-preview:-1"},"canonical":"https:\/\/portalnpm.com\/index.php\/2020\/07\/25\/vespas-matam-menino-de-5-anos-e-deixam-avo-gravemente-ferida\/","og_locale":"pt_BR","og_type":"article","og_title":"Vespas matam menino de 5 anos e deixam av\u00f3 gravemente ferida","og_description":"Um menino de cinco anos morreu ao ser atacado no Camboja por um enxame de vespas, enquanto sua av\u00f3 de 62 anos teve que ser hospitalizada pelas picadas. A idosa acidentalmente mexeu com um ninho enquanto cortava folhas de palmeira perto de sua casa para construir um galinheiro e permanece no hospital depois de sofrer &hellip;","og_url":"https:\/\/portalnpm.com\/index.php\/2020\/07\/25\/vespas-matam-menino-de-5-anos-e-deixam-avo-gravemente-ferida\/","og_site_name":"Portal NPM","article_published_time":"2020-07-25T11:25:00+00:00","og_image":[{"width":700,"height":470,"url":"https:\/\/portalnpm.com\/wp-content\/uploads\/2024\/01\/1626195184.jpg","type":"image\/jpeg"}],"author":"Genival Barbosa","twitter_card":"summary_large_image","twitter_misc":{"Escrito por":"Genival Barbosa","Est. tempo de leitura":"1 minuto"},"schema":{"@context":"https:\/\/schema.org","@graph":[{"@type":"WebPage","@id":"https:\/\/portalnpm.com\/index.php\/2020\/07\/25\/vespas-matam-menino-de-5-anos-e-deixam-avo-gravemente-ferida\/","url":"https:\/\/portalnpm.com\/index.php\/2020\/07\/25\/vespas-matam-menino-de-5-anos-e-deixam-avo-gravemente-ferida\/","name":"Vespas matam menino de 5 anos e deixam av\u00f3 gravemente ferida","isPartOf":{"@id":"https:\/\/portalnpm.com\/#website"},"primaryImageOfPage":{"@id":"https:\/\/portalnpm.com\/index.php\/2020\/07\/25\/vespas-matam-menino-de-5-anos-e-deixam-avo-gravemente-ferida\/#primaryimage"},"image":{"@id":"https:\/\/portalnpm.com\/index.php\/2020\/07\/25\/vespas-matam-menino-de-5-anos-e-deixam-avo-gravemente-ferida\/#primaryimage"},"thumbnailUrl":"https:\/\/portalnpm.com\/wp-content\/uploads\/2024\/01\/1626195184.jpg","datePublished":"2020-07-25T11:25:00+00:00","dateModified":"2020-07-25T11:25:00+00:00","author":{"@id":"https:\/\/portalnpm.com\/#\/schema\/person\/49313e563cfdefcc167f1ee4c017c294"},"breadcrumb":{"@id":"https:\/\/portalnpm.com\/index.php\/2020\/07\/25\/vespas-matam-menino-de-5-anos-e-deixam-avo-gravemente-ferida\/#breadcrumb"},"inLanguage":"pt-BR","potentialAction":[{"@type":"ReadAction","target":["https:\/\/portalnpm.com\/index.php\/2020\/07\/25\/vespas-matam-menino-de-5-anos-e-deixam-avo-gravemente-ferida\/"]}]},{"@type":"ImageObject","inLanguage":"pt-BR","@id":"https:\/\/portalnpm.com\/index.php\/2020\/07\/25\/vespas-matam-menino-de-5-anos-e-deixam-avo-gravemente-ferida\/#primaryimage","url":"https:\/\/portalnpm.com\/wp-content\/uploads\/2024\/01\/1626195184.jpg","contentUrl":"https:\/\/portalnpm.com\/wp-content\/uploads\/2024\/01\/1626195184.jpg","width":700,"height":470},{"@type":"BreadcrumbList","@id":"https:\/\/portalnpm.com\/index.php\/2020\/07\/25\/vespas-matam-menino-de-5-anos-e-deixam-avo-gravemente-ferida\/#breadcrumb","itemListElement":[{"@type":"ListItem","position":1,"name":"In\u00edcio","item":"https:\/\/portalnpm.com\/"},{"@type":"ListItem","position":2,"name":"Vespas matam menino de 5 anos e deixam av\u00f3 gravemente ferida"}]},{"@type":"WebSite","@id":"https:\/\/portalnpm.com\/#website","url":"https:\/\/portalnpm.com\/","name":"Portal NPM","description":"Not\u00edcias em Primeira M\u00e3o","potentialAction":[{"@type":"SearchAction","target":{"@type":"EntryPoint","urlTemplate":"https:\/\/portalnpm.com\/?s={search_term_string}"},"query-input":"required name=search_term_string"}],"inLanguage":"pt-BR"},{"@type":"Person","@id":"https:\/\/portalnpm.com\/#\/schema\/person\/49313e563cfdefcc167f1ee4c017c294","name":"Genival Barbosa","image":{"@type":"ImageObject","inLanguage":"pt-BR","@id":"https:\/\/portalnpm.com\/#\/schema\/person\/image\/","url":"https:\/\/portalnpm.com\/wp-content\/uploads\/2024\/02\/avatar_user_2_1707743258-96x96.jpeg","contentUrl":"https:\/\/portalnpm.com\/wp-content\/uploads\/2024\/02\/avatar_user_2_1707743258-96x96.jpeg","caption":"Genival Barbosa"},"url":"https:\/\/portalnpm.com\/index.php\/author\/genival\/"}]}},"jetpack_sharing_enabled":true,"jetpack_featured_media_url":"https:\/\/portalnpm.com\/wp-content\/uploads\/2024\/01\/1626195184.jpg","_links":{"self":[{"href":"https:\/\/portalnpm.com\/index.php\/wp-json\/wp\/v2\/posts\/55586"}],"collection":[{"href":"https:\/\/portalnpm.com\/index.php\/wp-json\/wp\/v2\/posts"}],"about":[{"href":"https:\/\/portalnpm.com\/index.php\/wp-json\/wp\/v2\/types\/post"}],"author":[{"embeddable":true,"href":"https:\/\/portalnpm.com\/index.php\/wp-json\/wp\/v2\/users\/2"}],"replies":[{"embeddable":true,"href":"https:\/\/portalnpm.com\/index.php\/wp-json\/wp\/v2\/comments?post=55586"}],"version-history":[{"count":0,"href":"https:\/\/portalnpm.com\/index.php\/wp-json\/wp\/v2\/posts\/55586\/revisions"}],"wp:featuredmedia":[{"embeddable":true,"href":"https:\/\/portalnpm.com\/index.php\/wp-json\/wp\/v2\/media\/55587"}],"wp:attachment":[{"href":"https:\/\/portalnpm.com\/index.php\/wp-json\/wp\/v2\/media?parent=55586"}],"wp:term":[{"taxonomy":"category","embeddable":true,"href":"https:\/\/portalnpm.com\/index.php\/wp-json\/wp\/v2\/categories?post=55586"},{"taxonomy":"post_tag","embeddable":true,"href":"https:\/\/portalnpm.com\/index.php\/wp-json\/wp\/v2\/tags?post=55586"}],"curies":[{"name":"wp","href":"https:\/\/api.w.org\/{rel}","templated":true}]}}