{"id":55607,"date":"2020-07-25T15:51:28","date_gmt":"2020-07-25T18:51:28","guid":{"rendered":"https:\/\/portalnpm.com\/index.php\/2020\/07\/25\/sogro-de-wellington-dias-de-83-anos-vence-a-covid-19-e-familia-comemora\/"},"modified":"2020-07-25T15:51:28","modified_gmt":"2020-07-25T18:51:28","slug":"sogro-de-wellington-dias-de-83-anos-vence-a-covid-19-e-familia-comemora","status":"publish","type":"post","link":"https:\/\/portalnpm.com\/index.php\/2020\/07\/25\/sogro-de-wellington-dias-de-83-anos-vence-a-covid-19-e-familia-comemora\/","title":{"rendered":"Sogro de Wellington Dias de 83 anos vence a Covid-19 e fam\u00edlia comemora"},"content":{"rendered":"<p style=\"text-align: justify;\">O sogro do governador Wellington Dias venceu o novo coronav\u00edrus nesse s\u00e1bado (25\/\/07) e n\u00e3o transmite mais a doen\u00e7a, ap\u00f3s um acompanhamento detalhado do programa Busca Ativa, comandado pela equipe da m\u00e9dica D\u00edlia.<\/p>\n<p style=\"text-align: justify;\">\n<p style=\"text-align: justify;\">Miguel de Sousa Moura, conhecido como Miguel da Rural, de S\u00e3o Jo\u00e3o do Piau\u00ed, 83 anos, \u00e9 pai da deputada federal Rejane Dias, esposa do governador.<\/p>\n<p style=\"text-align: justify;\">&#8220;Agradecimentos \u00e0 equipe m\u00e9dica, a come\u00e7ar pelo dr Vinicius Dias, meu filho, que primeiro o atendeu, e todos os profissionais, especialmente a enfermeira Ana Paula, o Robson, e o dr Ingracio, pela assist\u00eancia constante. Muito grato a Deus! Com esperan\u00e7a, rezamos por dias melhores.&#8221;, publicou Dias em suas rede sociais.<\/p>\n<p style=\"text-align: justify;\">&#8220;Hoje, meu pai venceu a COVID-19. Feliz, agradecida a Deus, pela sua sa\u00fade e por estar de volta entre n\u00f3s. Deus \u00e9 grandioso! Obrigada Senhor!&#8221;, comentou Rejane Dias.<\/p>\n<p>https:\/\/www.instagram.com\/p\/CDEObxRDg-H\/?igshid=m3pasailh8pv<\/p>\n<p style=\"text-align: justify;\">Fonte: 180 Graus<\/p>\n","protected":false},"excerpt":{"rendered":"<p>O sogro do governador Wellington Dias venceu o novo coronav\u00edrus nesse s\u00e1bado (25\/\/07) e n\u00e3o transmite mais a doen\u00e7a, ap\u00f3s um acompanhamento detalhado do programa Busca Ativa, comandado pela equipe da m\u00e9dica D\u00edlia. Miguel de Sousa Moura, conhecido como Miguel da Rural, de S\u00e3o Jo\u00e3o do Piau\u00ed, 83 anos, \u00e9 pai da deputada federal Rejane &hellip;<\/p>\n","protected":false},"author":2,"featured_media":55608,"comment_status":"open","ping_status":"open","sticky":false,"template":"","format":"standard","meta":{"content-type":"","rop_custom_images_group":[],"rop_custom_messages_group":[],"rop_publish_now":"initial","rop_publish_now_accounts":{"facebook_2648258775420054_1618374048415101":""},"rop_publish_now_history":[],"rop_publish_now_status":"pending","footnotes":"","_jetpack_memberships_contains_paid_content":false},"categories":[130],"tags":[5292,1113,5293,5294,407],"yoast_head":"<!-- This site is optimized with the Yoast SEO plugin v22.3 - https:\/\/yoast.com\/wordpress\/plugins\/seo\/ -->\n<title>Sogro de Wellington Dias de 83 anos vence a Covid-19 e fam\u00edlia comemora<\/title>\n<meta name=\"robots\" content=\"index, follow, max-snippet:-1, max-image-preview:large, max-video-preview:-1\" \/>\n<link rel=\"canonical\" href=\"https:\/\/portalnpm.com\/index.php\/2020\/07\/25\/sogro-de-wellington-dias-de-83-anos-vence-a-covid-19-e-familia-comemora\/\" \/>\n<meta property=\"og:locale\" content=\"pt_BR\" \/>\n<meta property=\"og:type\" content=\"article\" \/>\n<meta property=\"og:title\" content=\"Sogro de Wellington Dias de 83 anos vence a Covid-19 e fam\u00edlia comemora\" \/>\n<meta property=\"og:description\" content=\"O sogro do governador Wellington Dias venceu o novo coronav\u00edrus nesse s\u00e1bado (25\/\/07) e n\u00e3o transmite mais a doen\u00e7a, ap\u00f3s um acompanhamento detalhado do programa Busca Ativa, comandado pela equipe da m\u00e9dica D\u00edlia. Miguel de Sousa Moura, conhecido como Miguel da Rural, de S\u00e3o Jo\u00e3o do Piau\u00ed, 83 anos, \u00e9 pai da deputada federal Rejane &hellip;\" \/>\n<meta property=\"og:url\" content=\"https:\/\/portalnpm.com\/index.php\/2020\/07\/25\/sogro-de-wellington-dias-de-83-anos-vence-a-covid-19-e-familia-comemora\/\" \/>\n<meta property=\"og:site_name\" content=\"Portal NPM\" \/>\n<meta property=\"article:published_time\" content=\"2020-07-25T18:51:28+00:00\" \/>\n<meta property=\"og:image\" content=\"https:\/\/portalnpm.com\/wp-content\/uploads\/2024\/01\/e12ef5ce-b1a9-4236-b31c-422941f8d985.jpg\" \/>\n\t<meta property=\"og:image:width\" content=\"960\" \/>\n\t<meta property=\"og:image:height\" content=\"720\" \/>\n\t<meta property=\"og:image:type\" content=\"image\/jpeg\" \/>\n<meta name=\"author\" content=\"Genival Barbosa\" \/>\n<meta name=\"twitter:card\" content=\"summary_large_image\" \/>\n<meta name=\"twitter:label1\" content=\"Escrito por\" \/>\n\t<meta name=\"twitter:data1\" content=\"Genival Barbosa\" \/>\n\t<meta name=\"twitter:label2\" content=\"Est. tempo de leitura\" \/>\n\t<meta name=\"twitter:data2\" content=\"1 minuto\" \/>\n<script type=\"application\/ld+json\" class=\"yoast-schema-graph\">{\"@context\":\"https:\/\/schema.org\",\"@graph\":[{\"@type\":\"WebPage\",\"@id\":\"https:\/\/portalnpm.com\/index.php\/2020\/07\/25\/sogro-de-wellington-dias-de-83-anos-vence-a-covid-19-e-familia-comemora\/\",\"url\":\"https:\/\/portalnpm.com\/index.php\/2020\/07\/25\/sogro-de-wellington-dias-de-83-anos-vence-a-covid-19-e-familia-comemora\/\",\"name\":\"Sogro de Wellington Dias de 83 anos vence a Covid-19 e fam\u00edlia comemora\",\"isPartOf\":{\"@id\":\"https:\/\/portalnpm.com\/#website\"},\"primaryImageOfPage\":{\"@id\":\"https:\/\/portalnpm.com\/index.php\/2020\/07\/25\/sogro-de-wellington-dias-de-83-anos-vence-a-covid-19-e-familia-comemora\/#primaryimage\"},\"image\":{\"@id\":\"https:\/\/portalnpm.com\/index.php\/2020\/07\/25\/sogro-de-wellington-dias-de-83-anos-vence-a-covid-19-e-familia-comemora\/#primaryimage\"},\"thumbnailUrl\":\"https:\/\/portalnpm.com\/wp-content\/uploads\/2024\/01\/e12ef5ce-b1a9-4236-b31c-422941f8d985.jpg\",\"datePublished\":\"2020-07-25T18:51:28+00:00\",\"dateModified\":\"2020-07-25T18:51:28+00:00\",\"author\":{\"@id\":\"https:\/\/portalnpm.com\/#\/schema\/person\/49313e563cfdefcc167f1ee4c017c294\"},\"breadcrumb\":{\"@id\":\"https:\/\/portalnpm.com\/index.php\/2020\/07\/25\/sogro-de-wellington-dias-de-83-anos-vence-a-covid-19-e-familia-comemora\/#breadcrumb\"},\"inLanguage\":\"pt-BR\",\"potentialAction\":[{\"@type\":\"ReadAction\",\"target\":[\"https:\/\/portalnpm.com\/index.php\/2020\/07\/25\/sogro-de-wellington-dias-de-83-anos-vence-a-covid-19-e-familia-comemora\/\"]}]},{\"@type\":\"ImageObject\",\"inLanguage\":\"pt-BR\",\"@id\":\"https:\/\/portalnpm.com\/index.php\/2020\/07\/25\/sogro-de-wellington-dias-de-83-anos-vence-a-covid-19-e-familia-comemora\/#primaryimage\",\"url\":\"https:\/\/portalnpm.com\/wp-content\/uploads\/2024\/01\/e12ef5ce-b1a9-4236-b31c-422941f8d985.jpg\",\"contentUrl\":\"https:\/\/portalnpm.com\/wp-content\/uploads\/2024\/01\/e12ef5ce-b1a9-4236-b31c-422941f8d985.jpg\",\"width\":960,\"height\":720},{\"@type\":\"BreadcrumbList\",\"@id\":\"https:\/\/portalnpm.com\/index.php\/2020\/07\/25\/sogro-de-wellington-dias-de-83-anos-vence-a-covid-19-e-familia-comemora\/#breadcrumb\",\"itemListElement\":[{\"@type\":\"ListItem\",\"position\":1,\"name\":\"In\u00edcio\",\"item\":\"https:\/\/portalnpm.com\/\"},{\"@type\":\"ListItem\",\"position\":2,\"name\":\"Sogro de Wellington Dias de 83 anos vence a Covid-19 e fam\u00edlia comemora\"}]},{\"@type\":\"WebSite\",\"@id\":\"https:\/\/portalnpm.com\/#website\",\"url\":\"https:\/\/portalnpm.com\/\",\"name\":\"Portal NPM\",\"description\":\"Not\u00edcias em Primeira M\u00e3o\",\"potentialAction\":[{\"@type\":\"SearchAction\",\"target\":{\"@type\":\"EntryPoint\",\"urlTemplate\":\"https:\/\/portalnpm.com\/?s={search_term_string}\"},\"query-input\":\"required name=search_term_string\"}],\"inLanguage\":\"pt-BR\"},{\"@type\":\"Person\",\"@id\":\"https:\/\/portalnpm.com\/#\/schema\/person\/49313e563cfdefcc167f1ee4c017c294\",\"name\":\"Genival Barbosa\",\"image\":{\"@type\":\"ImageObject\",\"inLanguage\":\"pt-BR\",\"@id\":\"https:\/\/portalnpm.com\/#\/schema\/person\/image\/\",\"url\":\"https:\/\/portalnpm.com\/wp-content\/uploads\/2024\/02\/avatar_user_2_1707743258-96x96.jpeg\",\"contentUrl\":\"https:\/\/portalnpm.com\/wp-content\/uploads\/2024\/02\/avatar_user_2_1707743258-96x96.jpeg\",\"caption\":\"Genival Barbosa\"},\"url\":\"https:\/\/portalnpm.com\/index.php\/author\/genival\/\"}]}<\/script>\n<!-- \/ Yoast SEO plugin. -->","yoast_head_json":{"title":"Sogro de Wellington Dias de 83 anos vence a Covid-19 e fam\u00edlia comemora","robots":{"index":"index","follow":"follow","max-snippet":"max-snippet:-1","max-image-preview":"max-image-preview:large","max-video-preview":"max-video-preview:-1"},"canonical":"https:\/\/portalnpm.com\/index.php\/2020\/07\/25\/sogro-de-wellington-dias-de-83-anos-vence-a-covid-19-e-familia-comemora\/","og_locale":"pt_BR","og_type":"article","og_title":"Sogro de Wellington Dias de 83 anos vence a Covid-19 e fam\u00edlia comemora","og_description":"O sogro do governador Wellington Dias venceu o novo coronav\u00edrus nesse s\u00e1bado (25\/\/07) e n\u00e3o transmite mais a doen\u00e7a, ap\u00f3s um acompanhamento detalhado do programa Busca Ativa, comandado pela equipe da m\u00e9dica D\u00edlia. Miguel de Sousa Moura, conhecido como Miguel da Rural, de S\u00e3o Jo\u00e3o do Piau\u00ed, 83 anos, \u00e9 pai da deputada federal Rejane &hellip;","og_url":"https:\/\/portalnpm.com\/index.php\/2020\/07\/25\/sogro-de-wellington-dias-de-83-anos-vence-a-covid-19-e-familia-comemora\/","og_site_name":"Portal NPM","article_published_time":"2020-07-25T18:51:28+00:00","og_image":[{"width":960,"height":720,"url":"https:\/\/portalnpm.com\/wp-content\/uploads\/2024\/01\/e12ef5ce-b1a9-4236-b31c-422941f8d985.jpg","type":"image\/jpeg"}],"author":"Genival Barbosa","twitter_card":"summary_large_image","twitter_misc":{"Escrito por":"Genival Barbosa","Est. tempo de leitura":"1 minuto"},"schema":{"@context":"https:\/\/schema.org","@graph":[{"@type":"WebPage","@id":"https:\/\/portalnpm.com\/index.php\/2020\/07\/25\/sogro-de-wellington-dias-de-83-anos-vence-a-covid-19-e-familia-comemora\/","url":"https:\/\/portalnpm.com\/index.php\/2020\/07\/25\/sogro-de-wellington-dias-de-83-anos-vence-a-covid-19-e-familia-comemora\/","name":"Sogro de Wellington Dias de 83 anos vence a Covid-19 e fam\u00edlia comemora","isPartOf":{"@id":"https:\/\/portalnpm.com\/#website"},"primaryImageOfPage":{"@id":"https:\/\/portalnpm.com\/index.php\/2020\/07\/25\/sogro-de-wellington-dias-de-83-anos-vence-a-covid-19-e-familia-comemora\/#primaryimage"},"image":{"@id":"https:\/\/portalnpm.com\/index.php\/2020\/07\/25\/sogro-de-wellington-dias-de-83-anos-vence-a-covid-19-e-familia-comemora\/#primaryimage"},"thumbnailUrl":"https:\/\/portalnpm.com\/wp-content\/uploads\/2024\/01\/e12ef5ce-b1a9-4236-b31c-422941f8d985.jpg","datePublished":"2020-07-25T18:51:28+00:00","dateModified":"2020-07-25T18:51:28+00:00","author":{"@id":"https:\/\/portalnpm.com\/#\/schema\/person\/49313e563cfdefcc167f1ee4c017c294"},"breadcrumb":{"@id":"https:\/\/portalnpm.com\/index.php\/2020\/07\/25\/sogro-de-wellington-dias-de-83-anos-vence-a-covid-19-e-familia-comemora\/#breadcrumb"},"inLanguage":"pt-BR","potentialAction":[{"@type":"ReadAction","target":["https:\/\/portalnpm.com\/index.php\/2020\/07\/25\/sogro-de-wellington-dias-de-83-anos-vence-a-covid-19-e-familia-comemora\/"]}]},{"@type":"ImageObject","inLanguage":"pt-BR","@id":"https:\/\/portalnpm.com\/index.php\/2020\/07\/25\/sogro-de-wellington-dias-de-83-anos-vence-a-covid-19-e-familia-comemora\/#primaryimage","url":"https:\/\/portalnpm.com\/wp-content\/uploads\/2024\/01\/e12ef5ce-b1a9-4236-b31c-422941f8d985.jpg","contentUrl":"https:\/\/portalnpm.com\/wp-content\/uploads\/2024\/01\/e12ef5ce-b1a9-4236-b31c-422941f8d985.jpg","width":960,"height":720},{"@type":"BreadcrumbList","@id":"https:\/\/portalnpm.com\/index.php\/2020\/07\/25\/sogro-de-wellington-dias-de-83-anos-vence-a-covid-19-e-familia-comemora\/#breadcrumb","itemListElement":[{"@type":"ListItem","position":1,"name":"In\u00edcio","item":"https:\/\/portalnpm.com\/"},{"@type":"ListItem","position":2,"name":"Sogro de Wellington Dias de 83 anos vence a Covid-19 e fam\u00edlia comemora"}]},{"@type":"WebSite","@id":"https:\/\/portalnpm.com\/#website","url":"https:\/\/portalnpm.com\/","name":"Portal NPM","description":"Not\u00edcias em Primeira M\u00e3o","potentialAction":[{"@type":"SearchAction","target":{"@type":"EntryPoint","urlTemplate":"https:\/\/portalnpm.com\/?s={search_term_string}"},"query-input":"required name=search_term_string"}],"inLanguage":"pt-BR"},{"@type":"Person","@id":"https:\/\/portalnpm.com\/#\/schema\/person\/49313e563cfdefcc167f1ee4c017c294","name":"Genival Barbosa","image":{"@type":"ImageObject","inLanguage":"pt-BR","@id":"https:\/\/portalnpm.com\/#\/schema\/person\/image\/","url":"https:\/\/portalnpm.com\/wp-content\/uploads\/2024\/02\/avatar_user_2_1707743258-96x96.jpeg","contentUrl":"https:\/\/portalnpm.com\/wp-content\/uploads\/2024\/02\/avatar_user_2_1707743258-96x96.jpeg","caption":"Genival Barbosa"},"url":"https:\/\/portalnpm.com\/index.php\/author\/genival\/"}]}},"jetpack_sharing_enabled":true,"jetpack_featured_media_url":"https:\/\/portalnpm.com\/wp-content\/uploads\/2024\/01\/e12ef5ce-b1a9-4236-b31c-422941f8d985.jpg","_links":{"self":[{"href":"https:\/\/portalnpm.com\/index.php\/wp-json\/wp\/v2\/posts\/55607"}],"collection":[{"href":"https:\/\/portalnpm.com\/index.php\/wp-json\/wp\/v2\/posts"}],"about":[{"href":"https:\/\/portalnpm.com\/index.php\/wp-json\/wp\/v2\/types\/post"}],"author":[{"embeddable":true,"href":"https:\/\/portalnpm.com\/index.php\/wp-json\/wp\/v2\/users\/2"}],"replies":[{"embeddable":true,"href":"https:\/\/portalnpm.com\/index.php\/wp-json\/wp\/v2\/comments?post=55607"}],"version-history":[{"count":0,"href":"https:\/\/portalnpm.com\/index.php\/wp-json\/wp\/v2\/posts\/55607\/revisions"}],"wp:featuredmedia":[{"embeddable":true,"href":"https:\/\/portalnpm.com\/index.php\/wp-json\/wp\/v2\/media\/55608"}],"wp:attachment":[{"href":"https:\/\/portalnpm.com\/index.php\/wp-json\/wp\/v2\/media?parent=55607"}],"wp:term":[{"taxonomy":"category","embeddable":true,"href":"https:\/\/portalnpm.com\/index.php\/wp-json\/wp\/v2\/categories?post=55607"},{"taxonomy":"post_tag","embeddable":true,"href":"https:\/\/portalnpm.com\/index.php\/wp-json\/wp\/v2\/tags?post=55607"}],"curies":[{"name":"wp","href":"https:\/\/api.w.org\/{rel}","templated":true}]}}