{"id":55712,"date":"2020-07-27T15:57:27","date_gmt":"2020-07-27T18:57:27","guid":{"rendered":"https:\/\/portalnpm.com\/index.php\/2020\/07\/27\/mercia-carolina-dias-anuncia-pre-candidatura-a-vereadora-em-belem-do-piaui\/"},"modified":"2020-07-27T15:57:27","modified_gmt":"2020-07-27T18:57:27","slug":"mercia-carolina-dias-anuncia-pre-candidatura-a-vereadora-em-belem-do-piaui","status":"publish","type":"post","link":"https:\/\/portalnpm.com\/index.php\/2020\/07\/27\/mercia-carolina-dias-anuncia-pre-candidatura-a-vereadora-em-belem-do-piaui\/","title":{"rendered":"M\u00e9rcia Carolina Dias anuncia pr\u00e9-candidatura a vereadora em Bel\u00e9m do Piau\u00ed"},"content":{"rendered":"<p style=\"text-align: justify;\">M\u00e9rcia Carolina Dias, que \u00e9 casada e m\u00e3e da Maria \u00cdsis, \u00e9 pr\u00e9-candidata a vereadora pelo munic\u00edpio de Bel\u00e9m do Piau\u00ed, pelo MDB, na elei\u00e7\u00e3o de 15 de novembro de 2020. Ela \u00e9 filha do Jurdan Gomes que foi prefeito de Bel\u00e9m do Piau\u00ed, por conseguinte, parente do deputado Georgiano Neto.<\/p>\n<p style=\"text-align: justify;\">\n<p style=\"text-align: justify;\">M\u00e9rcia \u00e9 membra da Assembleia de Deus de Bel\u00e9m do Piau\u00ed. Seu esposo \u00e9 uma figura muito conhecida. Trata-se do JAILSON que trabalha no Armaz\u00e9m Para\u00edba de Padre Marcos, cidade onde residem. A pr\u00e9-candidata disputar\u00e1 uma vaga no Legislativo Municipal pelo grupo da situa\u00e7\u00e3o, liderado pelo atual prefeito Ademar.<\/p>\n<p style=\"text-align: justify;\"><strong>Fonte: Adauto Ferreira \u2013 Portal Novos Tempos<\/strong><\/p>\n","protected":false},"excerpt":{"rendered":"<p>M\u00e9rcia Carolina Dias, que \u00e9 casada e m\u00e3e da Maria \u00cdsis, \u00e9 pr\u00e9-candidata a vereadora pelo munic\u00edpio de Bel\u00e9m do Piau\u00ed, pelo MDB, na elei\u00e7\u00e3o de 15 de novembro de 2020. Ela \u00e9 filha do Jurdan Gomes que foi prefeito de Bel\u00e9m do Piau\u00ed, por conseguinte, parente do deputado Georgiano Neto. M\u00e9rcia \u00e9 membra da &hellip;<\/p>\n","protected":false},"author":2,"featured_media":55713,"comment_status":"open","ping_status":"open","sticky":false,"template":"","format":"standard","meta":{"content-type":"","rop_custom_images_group":[],"rop_custom_messages_group":[],"rop_publish_now":"initial","rop_publish_now_accounts":{"facebook_2648258775420054_1618374048415101":""},"rop_publish_now_history":[],"rop_publish_now_status":"pending","footnotes":"","_jetpack_memberships_contains_paid_content":false},"categories":[106,113,109,130],"tags":[223,2910,5336,153,4023],"yoast_head":"<!-- This site is optimized with the Yoast SEO plugin v22.3 - https:\/\/yoast.com\/wordpress\/plugins\/seo\/ -->\n<title>M\u00e9rcia Carolina Dias anuncia pr\u00e9-candidatura a vereadora em Bel\u00e9m do Piau\u00ed<\/title>\n<meta name=\"robots\" content=\"index, follow, max-snippet:-1, max-image-preview:large, max-video-preview:-1\" \/>\n<link rel=\"canonical\" href=\"https:\/\/portalnpm.com\/index.php\/2020\/07\/27\/mercia-carolina-dias-anuncia-pre-candidatura-a-vereadora-em-belem-do-piaui\/\" \/>\n<meta property=\"og:locale\" content=\"pt_BR\" \/>\n<meta property=\"og:type\" content=\"article\" \/>\n<meta property=\"og:title\" content=\"M\u00e9rcia Carolina Dias anuncia pr\u00e9-candidatura a vereadora em Bel\u00e9m do Piau\u00ed\" \/>\n<meta property=\"og:description\" content=\"M\u00e9rcia Carolina Dias, que \u00e9 casada e m\u00e3e da Maria \u00cdsis, \u00e9 pr\u00e9-candidata a vereadora pelo munic\u00edpio de Bel\u00e9m do Piau\u00ed, pelo MDB, na elei\u00e7\u00e3o de 15 de novembro de 2020. Ela \u00e9 filha do Jurdan Gomes que foi prefeito de Bel\u00e9m do Piau\u00ed, por conseguinte, parente do deputado Georgiano Neto. M\u00e9rcia \u00e9 membra da &hellip;\" \/>\n<meta property=\"og:url\" content=\"https:\/\/portalnpm.com\/index.php\/2020\/07\/27\/mercia-carolina-dias-anuncia-pre-candidatura-a-vereadora-em-belem-do-piaui\/\" \/>\n<meta property=\"og:site_name\" content=\"Portal NPM\" \/>\n<meta property=\"article:published_time\" content=\"2020-07-27T18:57:27+00:00\" \/>\n<meta property=\"og:image\" content=\"https:\/\/portalnpm.com\/wp-content\/uploads\/2024\/01\/FB_IMG_1595869078381-1.jpg\" \/>\n\t<meta property=\"og:image:width\" content=\"550\" \/>\n\t<meta property=\"og:image:height\" content=\"602\" \/>\n\t<meta property=\"og:image:type\" content=\"image\/jpeg\" \/>\n<meta name=\"author\" content=\"Genival Barbosa\" \/>\n<meta name=\"twitter:card\" content=\"summary_large_image\" \/>\n<meta name=\"twitter:label1\" content=\"Escrito por\" \/>\n\t<meta name=\"twitter:data1\" content=\"Genival Barbosa\" \/>\n\t<meta name=\"twitter:label2\" content=\"Est. tempo de leitura\" \/>\n\t<meta name=\"twitter:data2\" content=\"1 minuto\" \/>\n<script type=\"application\/ld+json\" class=\"yoast-schema-graph\">{\"@context\":\"https:\/\/schema.org\",\"@graph\":[{\"@type\":\"WebPage\",\"@id\":\"https:\/\/portalnpm.com\/index.php\/2020\/07\/27\/mercia-carolina-dias-anuncia-pre-candidatura-a-vereadora-em-belem-do-piaui\/\",\"url\":\"https:\/\/portalnpm.com\/index.php\/2020\/07\/27\/mercia-carolina-dias-anuncia-pre-candidatura-a-vereadora-em-belem-do-piaui\/\",\"name\":\"M\u00e9rcia Carolina Dias anuncia pr\u00e9-candidatura a vereadora em Bel\u00e9m do Piau\u00ed\",\"isPartOf\":{\"@id\":\"https:\/\/portalnpm.com\/#website\"},\"primaryImageOfPage\":{\"@id\":\"https:\/\/portalnpm.com\/index.php\/2020\/07\/27\/mercia-carolina-dias-anuncia-pre-candidatura-a-vereadora-em-belem-do-piaui\/#primaryimage\"},\"image\":{\"@id\":\"https:\/\/portalnpm.com\/index.php\/2020\/07\/27\/mercia-carolina-dias-anuncia-pre-candidatura-a-vereadora-em-belem-do-piaui\/#primaryimage\"},\"thumbnailUrl\":\"https:\/\/portalnpm.com\/wp-content\/uploads\/2024\/01\/FB_IMG_1595869078381-1.jpg\",\"datePublished\":\"2020-07-27T18:57:27+00:00\",\"dateModified\":\"2020-07-27T18:57:27+00:00\",\"author\":{\"@id\":\"https:\/\/portalnpm.com\/#\/schema\/person\/49313e563cfdefcc167f1ee4c017c294\"},\"breadcrumb\":{\"@id\":\"https:\/\/portalnpm.com\/index.php\/2020\/07\/27\/mercia-carolina-dias-anuncia-pre-candidatura-a-vereadora-em-belem-do-piaui\/#breadcrumb\"},\"inLanguage\":\"pt-BR\",\"potentialAction\":[{\"@type\":\"ReadAction\",\"target\":[\"https:\/\/portalnpm.com\/index.php\/2020\/07\/27\/mercia-carolina-dias-anuncia-pre-candidatura-a-vereadora-em-belem-do-piaui\/\"]}]},{\"@type\":\"ImageObject\",\"inLanguage\":\"pt-BR\",\"@id\":\"https:\/\/portalnpm.com\/index.php\/2020\/07\/27\/mercia-carolina-dias-anuncia-pre-candidatura-a-vereadora-em-belem-do-piaui\/#primaryimage\",\"url\":\"https:\/\/portalnpm.com\/wp-content\/uploads\/2024\/01\/FB_IMG_1595869078381-1.jpg\",\"contentUrl\":\"https:\/\/portalnpm.com\/wp-content\/uploads\/2024\/01\/FB_IMG_1595869078381-1.jpg\",\"width\":550,\"height\":602},{\"@type\":\"BreadcrumbList\",\"@id\":\"https:\/\/portalnpm.com\/index.php\/2020\/07\/27\/mercia-carolina-dias-anuncia-pre-candidatura-a-vereadora-em-belem-do-piaui\/#breadcrumb\",\"itemListElement\":[{\"@type\":\"ListItem\",\"position\":1,\"name\":\"In\u00edcio\",\"item\":\"https:\/\/portalnpm.com\/\"},{\"@type\":\"ListItem\",\"position\":2,\"name\":\"M\u00e9rcia Carolina Dias anuncia pr\u00e9-candidatura a vereadora em Bel\u00e9m do Piau\u00ed\"}]},{\"@type\":\"WebSite\",\"@id\":\"https:\/\/portalnpm.com\/#website\",\"url\":\"https:\/\/portalnpm.com\/\",\"name\":\"Portal NPM\",\"description\":\"Not\u00edcias em Primeira M\u00e3o\",\"potentialAction\":[{\"@type\":\"SearchAction\",\"target\":{\"@type\":\"EntryPoint\",\"urlTemplate\":\"https:\/\/portalnpm.com\/?s={search_term_string}\"},\"query-input\":\"required name=search_term_string\"}],\"inLanguage\":\"pt-BR\"},{\"@type\":\"Person\",\"@id\":\"https:\/\/portalnpm.com\/#\/schema\/person\/49313e563cfdefcc167f1ee4c017c294\",\"name\":\"Genival Barbosa\",\"image\":{\"@type\":\"ImageObject\",\"inLanguage\":\"pt-BR\",\"@id\":\"https:\/\/portalnpm.com\/#\/schema\/person\/image\/\",\"url\":\"https:\/\/portalnpm.com\/wp-content\/uploads\/2024\/02\/avatar_user_2_1707743258-96x96.jpeg\",\"contentUrl\":\"https:\/\/portalnpm.com\/wp-content\/uploads\/2024\/02\/avatar_user_2_1707743258-96x96.jpeg\",\"caption\":\"Genival Barbosa\"},\"url\":\"https:\/\/portalnpm.com\/index.php\/author\/genival\/\"}]}<\/script>\n<!-- \/ Yoast SEO plugin. -->","yoast_head_json":{"title":"M\u00e9rcia Carolina Dias anuncia pr\u00e9-candidatura a vereadora em Bel\u00e9m do Piau\u00ed","robots":{"index":"index","follow":"follow","max-snippet":"max-snippet:-1","max-image-preview":"max-image-preview:large","max-video-preview":"max-video-preview:-1"},"canonical":"https:\/\/portalnpm.com\/index.php\/2020\/07\/27\/mercia-carolina-dias-anuncia-pre-candidatura-a-vereadora-em-belem-do-piaui\/","og_locale":"pt_BR","og_type":"article","og_title":"M\u00e9rcia Carolina Dias anuncia pr\u00e9-candidatura a vereadora em Bel\u00e9m do Piau\u00ed","og_description":"M\u00e9rcia Carolina Dias, que \u00e9 casada e m\u00e3e da Maria \u00cdsis, \u00e9 pr\u00e9-candidata a vereadora pelo munic\u00edpio de Bel\u00e9m do Piau\u00ed, pelo MDB, na elei\u00e7\u00e3o de 15 de novembro de 2020. Ela \u00e9 filha do Jurdan Gomes que foi prefeito de Bel\u00e9m do Piau\u00ed, por conseguinte, parente do deputado Georgiano Neto. M\u00e9rcia \u00e9 membra da &hellip;","og_url":"https:\/\/portalnpm.com\/index.php\/2020\/07\/27\/mercia-carolina-dias-anuncia-pre-candidatura-a-vereadora-em-belem-do-piaui\/","og_site_name":"Portal NPM","article_published_time":"2020-07-27T18:57:27+00:00","og_image":[{"width":550,"height":602,"url":"https:\/\/portalnpm.com\/wp-content\/uploads\/2024\/01\/FB_IMG_1595869078381-1.jpg","type":"image\/jpeg"}],"author":"Genival Barbosa","twitter_card":"summary_large_image","twitter_misc":{"Escrito por":"Genival Barbosa","Est. tempo de leitura":"1 minuto"},"schema":{"@context":"https:\/\/schema.org","@graph":[{"@type":"WebPage","@id":"https:\/\/portalnpm.com\/index.php\/2020\/07\/27\/mercia-carolina-dias-anuncia-pre-candidatura-a-vereadora-em-belem-do-piaui\/","url":"https:\/\/portalnpm.com\/index.php\/2020\/07\/27\/mercia-carolina-dias-anuncia-pre-candidatura-a-vereadora-em-belem-do-piaui\/","name":"M\u00e9rcia Carolina Dias anuncia pr\u00e9-candidatura a vereadora em Bel\u00e9m do Piau\u00ed","isPartOf":{"@id":"https:\/\/portalnpm.com\/#website"},"primaryImageOfPage":{"@id":"https:\/\/portalnpm.com\/index.php\/2020\/07\/27\/mercia-carolina-dias-anuncia-pre-candidatura-a-vereadora-em-belem-do-piaui\/#primaryimage"},"image":{"@id":"https:\/\/portalnpm.com\/index.php\/2020\/07\/27\/mercia-carolina-dias-anuncia-pre-candidatura-a-vereadora-em-belem-do-piaui\/#primaryimage"},"thumbnailUrl":"https:\/\/portalnpm.com\/wp-content\/uploads\/2024\/01\/FB_IMG_1595869078381-1.jpg","datePublished":"2020-07-27T18:57:27+00:00","dateModified":"2020-07-27T18:57:27+00:00","author":{"@id":"https:\/\/portalnpm.com\/#\/schema\/person\/49313e563cfdefcc167f1ee4c017c294"},"breadcrumb":{"@id":"https:\/\/portalnpm.com\/index.php\/2020\/07\/27\/mercia-carolina-dias-anuncia-pre-candidatura-a-vereadora-em-belem-do-piaui\/#breadcrumb"},"inLanguage":"pt-BR","potentialAction":[{"@type":"ReadAction","target":["https:\/\/portalnpm.com\/index.php\/2020\/07\/27\/mercia-carolina-dias-anuncia-pre-candidatura-a-vereadora-em-belem-do-piaui\/"]}]},{"@type":"ImageObject","inLanguage":"pt-BR","@id":"https:\/\/portalnpm.com\/index.php\/2020\/07\/27\/mercia-carolina-dias-anuncia-pre-candidatura-a-vereadora-em-belem-do-piaui\/#primaryimage","url":"https:\/\/portalnpm.com\/wp-content\/uploads\/2024\/01\/FB_IMG_1595869078381-1.jpg","contentUrl":"https:\/\/portalnpm.com\/wp-content\/uploads\/2024\/01\/FB_IMG_1595869078381-1.jpg","width":550,"height":602},{"@type":"BreadcrumbList","@id":"https:\/\/portalnpm.com\/index.php\/2020\/07\/27\/mercia-carolina-dias-anuncia-pre-candidatura-a-vereadora-em-belem-do-piaui\/#breadcrumb","itemListElement":[{"@type":"ListItem","position":1,"name":"In\u00edcio","item":"https:\/\/portalnpm.com\/"},{"@type":"ListItem","position":2,"name":"M\u00e9rcia Carolina Dias anuncia pr\u00e9-candidatura a vereadora em Bel\u00e9m do Piau\u00ed"}]},{"@type":"WebSite","@id":"https:\/\/portalnpm.com\/#website","url":"https:\/\/portalnpm.com\/","name":"Portal NPM","description":"Not\u00edcias em Primeira M\u00e3o","potentialAction":[{"@type":"SearchAction","target":{"@type":"EntryPoint","urlTemplate":"https:\/\/portalnpm.com\/?s={search_term_string}"},"query-input":"required name=search_term_string"}],"inLanguage":"pt-BR"},{"@type":"Person","@id":"https:\/\/portalnpm.com\/#\/schema\/person\/49313e563cfdefcc167f1ee4c017c294","name":"Genival Barbosa","image":{"@type":"ImageObject","inLanguage":"pt-BR","@id":"https:\/\/portalnpm.com\/#\/schema\/person\/image\/","url":"https:\/\/portalnpm.com\/wp-content\/uploads\/2024\/02\/avatar_user_2_1707743258-96x96.jpeg","contentUrl":"https:\/\/portalnpm.com\/wp-content\/uploads\/2024\/02\/avatar_user_2_1707743258-96x96.jpeg","caption":"Genival Barbosa"},"url":"https:\/\/portalnpm.com\/index.php\/author\/genival\/"}]}},"jetpack_sharing_enabled":true,"jetpack_featured_media_url":"https:\/\/portalnpm.com\/wp-content\/uploads\/2024\/01\/FB_IMG_1595869078381-1.jpg","_links":{"self":[{"href":"https:\/\/portalnpm.com\/index.php\/wp-json\/wp\/v2\/posts\/55712"}],"collection":[{"href":"https:\/\/portalnpm.com\/index.php\/wp-json\/wp\/v2\/posts"}],"about":[{"href":"https:\/\/portalnpm.com\/index.php\/wp-json\/wp\/v2\/types\/post"}],"author":[{"embeddable":true,"href":"https:\/\/portalnpm.com\/index.php\/wp-json\/wp\/v2\/users\/2"}],"replies":[{"embeddable":true,"href":"https:\/\/portalnpm.com\/index.php\/wp-json\/wp\/v2\/comments?post=55712"}],"version-history":[{"count":0,"href":"https:\/\/portalnpm.com\/index.php\/wp-json\/wp\/v2\/posts\/55712\/revisions"}],"wp:featuredmedia":[{"embeddable":true,"href":"https:\/\/portalnpm.com\/index.php\/wp-json\/wp\/v2\/media\/55713"}],"wp:attachment":[{"href":"https:\/\/portalnpm.com\/index.php\/wp-json\/wp\/v2\/media?parent=55712"}],"wp:term":[{"taxonomy":"category","embeddable":true,"href":"https:\/\/portalnpm.com\/index.php\/wp-json\/wp\/v2\/categories?post=55712"},{"taxonomy":"post_tag","embeddable":true,"href":"https:\/\/portalnpm.com\/index.php\/wp-json\/wp\/v2\/tags?post=55712"}],"curies":[{"name":"wp","href":"https:\/\/api.w.org\/{rel}","templated":true}]}}