{"id":55716,"date":"2020-07-27T20:47:05","date_gmt":"2020-07-27T23:47:05","guid":{"rendered":"https:\/\/portalnpm.com\/index.php\/2020\/07\/27\/pagamentos-do-auxilio-emergencial-continuam-nesta-semana-veja-o-calendario-completo\/"},"modified":"2020-07-27T20:47:05","modified_gmt":"2020-07-27T23:47:05","slug":"pagamentos-do-auxilio-emergencial-continuam-nesta-semana-veja-o-calendario-completo","status":"publish","type":"post","link":"https:\/\/portalnpm.com\/index.php\/2020\/07\/27\/pagamentos-do-auxilio-emergencial-continuam-nesta-semana-veja-o-calendario-completo\/","title":{"rendered":"Pagamentos do aux\u00edlio emergencial continuam nesta semana. Veja o calend\u00e1rio completo!"},"content":{"rendered":"<p style=\"text-align: justify;\">Come\u00e7aram na \u00faltima quarta-feira (22), os novos pagamentos do aux\u00edlio emergencial no valor de R$600. O cronograma vale para 10,5 milh\u00f5es inscritos no Cadastro \u00danico de Programas Sociais do Governo Federal (Cad\u00danico) e 35,5 milh\u00f5es de trabalhadores informais que se cadastraram no site e no aplicativo da Caixa.<\/p>\n<p style=\"text-align: justify;\">\n<p style=\"text-align: justify;\">Os 19,2 milh\u00f5es de inscritos no Bolsa Fam\u00edlia, por sua vez, come\u00e7aram a receber a quarta parcela em dinheiro na \u00faltima segunda-feira (20), e continuam recebendo at\u00e9 o dia 31, conforme o \u00faltimo d\u00edgito do N\u00famero de Inscri\u00e7\u00e3o Social (NIS). J\u00e1 a quinta e \u00faltima parcela ser\u00e1 paga a esse contingente entre 18 e 31 de agosto.<br \/>\nComo sera o pagamento do aux\u00edlio emergencial?<br \/>\nA forma de pagamento permanece a mesma com datas determinadas para o cr\u00e9dito em contas poupan\u00e7a digitais, e outras datas para saques em esp\u00e9cie e transfer\u00eancias para outras contas banc\u00e1rias.<\/p>\n<p style=\"text-align: justify;\">Sendo assim, \u00e9 preciso baixar o aplicativo Caixa Tem para movimentar os valores recebidos que podem ser usados para pagamentos de contas, boletos e tamb\u00e9m para fazer compras. O aplicativo est\u00e1 dispon\u00edvel para Android e iOS.<\/p>\n<p style=\"text-align: justify;\"><strong>Calend\u00e1rio aux\u00edlio emergencial<\/strong><\/p>\n<p style=\"text-align: justify;\"><strong>Ciclo 1:<\/strong><\/p>\n<p style=\"text-align: justify;\">Quem recebeu o cr\u00e9dito da primeira parcela em abril de 2020 \u2013 receber\u00e1 a quarta parcela; Quem recebeu o cr\u00e9dito da primeira parcela em maio de 2020 \u2013 receber\u00e1 a terceira parcela; Quem recebeu o cr\u00e9dito da primeira parcela em junho ou at\u00e9 4 de julho de 2020 \u2013 receber\u00e1 a segunda parcel. Cadastros feitos entre 17 de junho e 2 de julho de 2020 \u2013 receber\u00e1 a primeira parcela.<\/p>\n<p style=\"text-align: justify;\"><strong>Dep\u00f3sito do dinheiro<\/strong><\/p>\n<p style=\"text-align: justify;\">22 de julho \u2013 nascidos em janeiro<\/p>\n<p style=\"text-align: justify;\">24 de julho \u2013 nascidos em fevereiro<\/p>\n<p style=\"text-align: justify;\">29 de julho \u2013 nascidos em mar\u00e7o<\/p>\n<p style=\"text-align: justify;\">31 de julho \u2013 nascidos em abril<\/p>\n<p style=\"text-align: justify;\">5 de agosto \u2013 nascidos em maio<\/p>\n<p style=\"text-align: justify;\">7 de agosto \u2013 nascidos em junho<\/p>\n<p style=\"text-align: justify;\">12 de agosto \u2013 nascidos em julho<\/p>\n<p style=\"text-align: justify;\">14 de agosto \u2013 nascidos em agosto<\/p>\n<p style=\"text-align: justify;\">17 de agosto \u2013 nascidos em setembro<\/p>\n<p style=\"text-align: justify;\">19 de agosto \u2013 nascidos em outubro<\/p>\n<p style=\"text-align: justify;\">21 de agosto \u2013 nascidos em novembro<\/p>\n<p style=\"text-align: justify;\">26 de agosto \u2013 nascidos em dezembro<\/p>\n<p style=\"text-align: justify;\">Libera\u00e7\u00e3o de saque e retirada<\/p>\n<p style=\"text-align: justify;\">25 de julho \u2013 nascidos em janeiro<\/p>\n<p style=\"text-align: justify;\">1\u00ba de agosto \u2013 nascidos em fevereiro e mar\u00e7o<\/p>\n<p style=\"text-align: justify;\">8 de agosto \u2013 nascidos em abril<\/p>\n<p style=\"text-align: justify;\">13 de agosto \u2013 nascidos em maio<\/p>\n<p style=\"text-align: justify;\">22 de agosto \u2013 nascidos em junho<\/p>\n<p style=\"text-align: justify;\">27 de agosto \u2013 nascidos em julho<\/p>\n<p style=\"text-align: justify;\">1\u00ba de setembro \u2013 nascidos em agosto<\/p>\n<p style=\"text-align: justify;\">5 de setembro \u2013 nascidos em setembro<\/p>\n<p style=\"text-align: justify;\">12 de setembro \u2013 nascidos em outubro e novembro<\/p>\n<p style=\"text-align: justify;\">17 de setembro \u2013 nascidos em dezembro<\/p>\n<p style=\"text-align: justify;\"><strong>Ciclo 2<\/strong><\/p>\n<p style=\"text-align: justify;\">Quem recebeu o cr\u00e9dito da primeira parcela em abril de 2020 \u2013 receber\u00e1 a quinta parcela; Quem recebeu o cr\u00e9dito da primeira parcela em maio de 2020 \u2013 receber\u00e1 a quarta parcela; Quem recebeu o cr\u00e9dito da primeira parcela em junho de 2020 \u2013 receber\u00e1 a terceira parcela; Quem recebeu o cr\u00e9dito da primeira parcela em julho de 2020 \u2013 receber\u00e1 a segunda parcela.<\/p>\n<p style=\"text-align: justify;\"><strong>Dep\u00f3sito do dinheiro<\/strong><\/p>\n<p style=\"text-align: justify;\">28 de agosto \u2013 nascidos em janeiro<\/p>\n<p style=\"text-align: justify;\">2 de setembro \u2013 nascidos em fevereiro<\/p>\n<p style=\"text-align: justify;\">4 de setembro \u2013 nascidos em mar\u00e7o<\/p>\n<p style=\"text-align: justify;\">9 de setembro \u2013 nascidos em abril<\/p>\n<p style=\"text-align: justify;\">11 de setembro \u2013 nascidos em maio<\/p>\n<p style=\"text-align: justify;\">16 de setembro \u2013 nascidos em junho<\/p>\n<p style=\"text-align: justify;\">18 de setembro \u2013 nascidos em julho<\/p>\n<p style=\"text-align: justify;\">23 de setembro \u2013 nascidos em agosto<\/p>\n<p style=\"text-align: justify;\">25 de setembro \u2013 nascidos em setembro<\/p>\n<p style=\"text-align: justify;\">28 de setembro \u2013 nascidos em outubro e novembro<\/p>\n<p style=\"text-align: justify;\">30 de setembro \u2013 nascidos em dezembro<\/p>\n<p style=\"text-align: justify;\">Libera\u00e7\u00e3o de saque e transfer\u00eancia<\/p>\n<p style=\"text-align: justify;\">19 de setembro \u2013 nascidos em janeiro<\/p>\n<p style=\"text-align: justify;\">22 de setembro \u2013 nascidos em fevereiro<\/p>\n<p style=\"text-align: justify;\">29 de setembro \u2013 nascidos em mar\u00e7o<\/p>\n<p style=\"text-align: justify;\">1\u00ba de outubro \u2013 nascidos em abril<\/p>\n<p style=\"text-align: justify;\">3 de outubro \u2013 nascidos em maio<\/p>\n<p style=\"text-align: justify;\">6 de outubro \u2013 nascidos em junho<\/p>\n<p style=\"text-align: justify;\">8 de outubro \u2013 nascidos em julho<\/p>\n<p style=\"text-align: justify;\">13 de outubro \u2013 nascidos em agosto<\/p>\n<p style=\"text-align: justify;\">15 de outubro \u2013 nascidos em setembro<\/p>\n<p style=\"text-align: justify;\">20 de outubro \u2013 nascidos em outubro<\/p>\n<p style=\"text-align: justify;\">22 de outubro \u2013 nascidos em novembro<\/p>\n<p style=\"text-align: justify;\">27 de outubro \u2013 nascidos em dezembro<\/p>\n<p style=\"text-align: justify;\"><strong>Ciclo 3<\/strong><\/p>\n<p style=\"text-align: justify;\">Quem recebeu o cr\u00e9dito da primeira parcela em maio de 2020 \u2013 receber\u00e1 a quinta parcela; Quem recebeu o cr\u00e9dito da primeira parcela em junho de 2020 \u2013 receber\u00e1 a quarta parcela; Quem recebeu o cr\u00e9dito da primeira parcela em julho de 2020 \u2013 receber\u00e1 a terceira parcela.<\/p>\n<p style=\"text-align: justify;\"><strong>Dep\u00f3sito do dinheiro<\/strong><\/p>\n<p style=\"text-align: justify;\">9 de outubro \u2013 nascidos em janeiro e fevereiro<\/p>\n<p style=\"text-align: justify;\">16 de outubro \u2013 nascidos em mar\u00e7o e abril<\/p>\n<p style=\"text-align: justify;\">23 de outubro \u2013 nascidos em maio e junho<\/p>\n<p style=\"text-align: justify;\">30 de outubro \u2013 nascidos em julho e agosto<\/p>\n<p style=\"text-align: justify;\">6 de novembro \u2013 nascidos em setembro e outubro<\/p>\n<p style=\"text-align: justify;\">13 de novembro \u2013 nascidos em novembro e dezembro<\/p>\n<p style=\"text-align: justify;\"><strong>Libera\u00e7\u00e3o de saque e retirada<\/strong><\/p>\n<p style=\"text-align: justify;\">29 de outubro \u2013 nascidos em janeiro e fevereiro<\/p>\n<p style=\"text-align: justify;\">3 de novembro \u2013 nascidos em mar\u00e7o e abril<\/p>\n<p style=\"text-align: justify;\">10 de novembro \u2013 nascidos em maio e junho<\/p>\n<p style=\"text-align: justify;\">12 de novembro \u2013 nascidos em julho e agosto<\/p>\n<p style=\"text-align: justify;\">17 de novembro \u2013 nascidos em setembro e outubro<\/p>\n<p style=\"text-align: justify;\">19 de novembro \u2013 nascidos em novembro e dezembro<\/p>\n<p style=\"text-align: justify;\"><strong>Ciclo 4<\/strong><\/p>\n<p style=\"text-align: justify;\">Quem recebeu o cr\u00e9dito da primeira parcela em junho de 2020 \u2013 receber\u00e1 a quinta parcela; Quem recebeu o cr\u00e9dito da primeira parcela em julho de 2020 \u2013 receber\u00e1 a quarta e a quinta parcela.<\/p>\n<p style=\"text-align: justify;\"><strong>Dep\u00f3sito do dinheiro<\/strong><\/p>\n<p style=\"text-align: justify;\">16 de novembro \u2013 nascidos em janeiro e fevereiro<\/p>\n<p style=\"text-align: justify;\">18 de novembro \u2013 nascidos em mar\u00e7o e abril<\/p>\n<p style=\"text-align: justify;\">20 de novembro \u2013 nascidos em maio e junho<\/p>\n<p style=\"text-align: justify;\">23 de novembro \u2013 nascidos em julho e agosto<\/p>\n<p style=\"text-align: justify;\">27 de novembro \u2013 nascidos em setembro e outubro<\/p>\n<p style=\"text-align: justify;\">30 de novembro \u2013 nascidos em novembro e dezembro<\/p>\n<p style=\"text-align: justify;\"><strong>Libera\u00e7\u00e3o de saque e retirada<\/strong><\/p>\n<p style=\"text-align: justify;\">26 de novembro \u2013 nascidos em janeiro e fevereiro<\/p>\n<p style=\"text-align: justify;\">1\u00ba de dezembro \u2013 nascidos em mar\u00e7o e abril<\/p>\n<p style=\"text-align: justify;\">3 de dezembro \u2013 nascidos em maio e junho<\/p>\n<p style=\"text-align: justify;\">8 de dezembro \u2013 nascidos em julho e agosto<\/p>\n<p style=\"text-align: justify;\">10 de dezembro \u2013 nascidos em setembro e outubro<\/p>\n<p style=\"text-align: justify;\">15 de dezembro \u2013 nascidos em novembro e dezembro<\/p>\n<p style=\"text-align: justify;\">Fonte:\u00a0 Folha Vit\u00f3ria<\/p>\n","protected":false},"excerpt":{"rendered":"<p>Come\u00e7aram na \u00faltima quarta-feira (22), os novos pagamentos do aux\u00edlio emergencial no valor de R$600. O cronograma vale para 10,5 milh\u00f5es inscritos no Cadastro \u00danico de Programas Sociais do Governo Federal (Cad\u00danico) e 35,5 milh\u00f5es de trabalhadores informais que se cadastraram no site e no aplicativo da Caixa. Os 19,2 milh\u00f5es de inscritos no Bolsa &hellip;<\/p>\n","protected":false},"author":2,"featured_media":55717,"comment_status":"open","ping_status":"open","sticky":false,"template":"","format":"standard","meta":{"content-type":"","rop_custom_images_group":[],"rop_custom_messages_group":[],"rop_publish_now":"initial","rop_publish_now_accounts":{"facebook_2648258775420054_1618374048415101":""},"rop_publish_now_history":[],"rop_publish_now_status":"pending","footnotes":"","_jetpack_memberships_contains_paid_content":false},"categories":[113,125],"tags":[2966,386,5338,3933,4344,842],"yoast_head":"<!-- This site is optimized with the Yoast SEO plugin v22.3 - https:\/\/yoast.com\/wordpress\/plugins\/seo\/ -->\n<title>Pagamentos do aux\u00edlio emergencial continuam nesta semana. Veja o calend\u00e1rio completo!<\/title>\n<meta name=\"robots\" content=\"index, follow, max-snippet:-1, max-image-preview:large, max-video-preview:-1\" \/>\n<link rel=\"canonical\" href=\"https:\/\/portalnpm.com\/index.php\/2020\/07\/27\/pagamentos-do-auxilio-emergencial-continuam-nesta-semana-veja-o-calendario-completo\/\" \/>\n<meta property=\"og:locale\" content=\"pt_BR\" \/>\n<meta property=\"og:type\" content=\"article\" \/>\n<meta property=\"og:title\" content=\"Pagamentos do aux\u00edlio emergencial continuam nesta semana. Veja o calend\u00e1rio completo!\" \/>\n<meta property=\"og:description\" content=\"Come\u00e7aram na \u00faltima quarta-feira (22), os novos pagamentos do aux\u00edlio emergencial no valor de R$600. O cronograma vale para 10,5 milh\u00f5es inscritos no Cadastro \u00danico de Programas Sociais do Governo Federal (Cad\u00danico) e 35,5 milh\u00f5es de trabalhadores informais que se cadastraram no site e no aplicativo da Caixa. Os 19,2 milh\u00f5es de inscritos no Bolsa &hellip;\" \/>\n<meta property=\"og:url\" content=\"https:\/\/portalnpm.com\/index.php\/2020\/07\/27\/pagamentos-do-auxilio-emergencial-continuam-nesta-semana-veja-o-calendario-completo\/\" \/>\n<meta property=\"og:site_name\" content=\"Portal NPM\" \/>\n<meta property=\"article:published_time\" content=\"2020-07-27T23:47:05+00:00\" \/>\n<meta property=\"og:image\" content=\"https:\/\/portalnpm.com\/wp-content\/uploads\/2024\/01\/2e8c6630-9835-0138-3803-0a58a9feac2a-minified.jpg\" \/>\n\t<meta property=\"og:image:width\" content=\"787\" \/>\n\t<meta property=\"og:image:height\" content=\"525\" \/>\n\t<meta property=\"og:image:type\" content=\"image\/jpeg\" \/>\n<meta name=\"author\" content=\"Genival Barbosa\" \/>\n<meta name=\"twitter:card\" content=\"summary_large_image\" \/>\n<meta name=\"twitter:label1\" content=\"Escrito por\" \/>\n\t<meta name=\"twitter:data1\" content=\"Genival Barbosa\" \/>\n\t<meta name=\"twitter:label2\" content=\"Est. tempo de leitura\" \/>\n\t<meta name=\"twitter:data2\" content=\"4 minutos\" \/>\n<script type=\"application\/ld+json\" class=\"yoast-schema-graph\">{\"@context\":\"https:\/\/schema.org\",\"@graph\":[{\"@type\":\"WebPage\",\"@id\":\"https:\/\/portalnpm.com\/index.php\/2020\/07\/27\/pagamentos-do-auxilio-emergencial-continuam-nesta-semana-veja-o-calendario-completo\/\",\"url\":\"https:\/\/portalnpm.com\/index.php\/2020\/07\/27\/pagamentos-do-auxilio-emergencial-continuam-nesta-semana-veja-o-calendario-completo\/\",\"name\":\"Pagamentos do aux\u00edlio emergencial continuam nesta semana. Veja o calend\u00e1rio completo!\",\"isPartOf\":{\"@id\":\"https:\/\/portalnpm.com\/#website\"},\"primaryImageOfPage\":{\"@id\":\"https:\/\/portalnpm.com\/index.php\/2020\/07\/27\/pagamentos-do-auxilio-emergencial-continuam-nesta-semana-veja-o-calendario-completo\/#primaryimage\"},\"image\":{\"@id\":\"https:\/\/portalnpm.com\/index.php\/2020\/07\/27\/pagamentos-do-auxilio-emergencial-continuam-nesta-semana-veja-o-calendario-completo\/#primaryimage\"},\"thumbnailUrl\":\"https:\/\/portalnpm.com\/wp-content\/uploads\/2024\/01\/2e8c6630-9835-0138-3803-0a58a9feac2a-minified.jpg\",\"datePublished\":\"2020-07-27T23:47:05+00:00\",\"dateModified\":\"2020-07-27T23:47:05+00:00\",\"author\":{\"@id\":\"https:\/\/portalnpm.com\/#\/schema\/person\/49313e563cfdefcc167f1ee4c017c294\"},\"breadcrumb\":{\"@id\":\"https:\/\/portalnpm.com\/index.php\/2020\/07\/27\/pagamentos-do-auxilio-emergencial-continuam-nesta-semana-veja-o-calendario-completo\/#breadcrumb\"},\"inLanguage\":\"pt-BR\",\"potentialAction\":[{\"@type\":\"ReadAction\",\"target\":[\"https:\/\/portalnpm.com\/index.php\/2020\/07\/27\/pagamentos-do-auxilio-emergencial-continuam-nesta-semana-veja-o-calendario-completo\/\"]}]},{\"@type\":\"ImageObject\",\"inLanguage\":\"pt-BR\",\"@id\":\"https:\/\/portalnpm.com\/index.php\/2020\/07\/27\/pagamentos-do-auxilio-emergencial-continuam-nesta-semana-veja-o-calendario-completo\/#primaryimage\",\"url\":\"https:\/\/portalnpm.com\/wp-content\/uploads\/2024\/01\/2e8c6630-9835-0138-3803-0a58a9feac2a-minified.jpg\",\"contentUrl\":\"https:\/\/portalnpm.com\/wp-content\/uploads\/2024\/01\/2e8c6630-9835-0138-3803-0a58a9feac2a-minified.jpg\",\"width\":787,\"height\":525},{\"@type\":\"BreadcrumbList\",\"@id\":\"https:\/\/portalnpm.com\/index.php\/2020\/07\/27\/pagamentos-do-auxilio-emergencial-continuam-nesta-semana-veja-o-calendario-completo\/#breadcrumb\",\"itemListElement\":[{\"@type\":\"ListItem\",\"position\":1,\"name\":\"In\u00edcio\",\"item\":\"https:\/\/portalnpm.com\/\"},{\"@type\":\"ListItem\",\"position\":2,\"name\":\"Pagamentos do aux\u00edlio emergencial continuam nesta semana. Veja o calend\u00e1rio completo!\"}]},{\"@type\":\"WebSite\",\"@id\":\"https:\/\/portalnpm.com\/#website\",\"url\":\"https:\/\/portalnpm.com\/\",\"name\":\"Portal NPM\",\"description\":\"Not\u00edcias em Primeira M\u00e3o\",\"potentialAction\":[{\"@type\":\"SearchAction\",\"target\":{\"@type\":\"EntryPoint\",\"urlTemplate\":\"https:\/\/portalnpm.com\/?s={search_term_string}\"},\"query-input\":\"required name=search_term_string\"}],\"inLanguage\":\"pt-BR\"},{\"@type\":\"Person\",\"@id\":\"https:\/\/portalnpm.com\/#\/schema\/person\/49313e563cfdefcc167f1ee4c017c294\",\"name\":\"Genival Barbosa\",\"image\":{\"@type\":\"ImageObject\",\"inLanguage\":\"pt-BR\",\"@id\":\"https:\/\/portalnpm.com\/#\/schema\/person\/image\/\",\"url\":\"https:\/\/portalnpm.com\/wp-content\/uploads\/2024\/02\/avatar_user_2_1707743258-96x96.jpeg\",\"contentUrl\":\"https:\/\/portalnpm.com\/wp-content\/uploads\/2024\/02\/avatar_user_2_1707743258-96x96.jpeg\",\"caption\":\"Genival Barbosa\"},\"url\":\"https:\/\/portalnpm.com\/index.php\/author\/genival\/\"}]}<\/script>\n<!-- \/ Yoast SEO plugin. -->","yoast_head_json":{"title":"Pagamentos do aux\u00edlio emergencial continuam nesta semana. Veja o calend\u00e1rio completo!","robots":{"index":"index","follow":"follow","max-snippet":"max-snippet:-1","max-image-preview":"max-image-preview:large","max-video-preview":"max-video-preview:-1"},"canonical":"https:\/\/portalnpm.com\/index.php\/2020\/07\/27\/pagamentos-do-auxilio-emergencial-continuam-nesta-semana-veja-o-calendario-completo\/","og_locale":"pt_BR","og_type":"article","og_title":"Pagamentos do aux\u00edlio emergencial continuam nesta semana. Veja o calend\u00e1rio completo!","og_description":"Come\u00e7aram na \u00faltima quarta-feira (22), os novos pagamentos do aux\u00edlio emergencial no valor de R$600. O cronograma vale para 10,5 milh\u00f5es inscritos no Cadastro \u00danico de Programas Sociais do Governo Federal (Cad\u00danico) e 35,5 milh\u00f5es de trabalhadores informais que se cadastraram no site e no aplicativo da Caixa. Os 19,2 milh\u00f5es de inscritos no Bolsa &hellip;","og_url":"https:\/\/portalnpm.com\/index.php\/2020\/07\/27\/pagamentos-do-auxilio-emergencial-continuam-nesta-semana-veja-o-calendario-completo\/","og_site_name":"Portal NPM","article_published_time":"2020-07-27T23:47:05+00:00","og_image":[{"width":787,"height":525,"url":"https:\/\/portalnpm.com\/wp-content\/uploads\/2024\/01\/2e8c6630-9835-0138-3803-0a58a9feac2a-minified.jpg","type":"image\/jpeg"}],"author":"Genival Barbosa","twitter_card":"summary_large_image","twitter_misc":{"Escrito por":"Genival Barbosa","Est. tempo de leitura":"4 minutos"},"schema":{"@context":"https:\/\/schema.org","@graph":[{"@type":"WebPage","@id":"https:\/\/portalnpm.com\/index.php\/2020\/07\/27\/pagamentos-do-auxilio-emergencial-continuam-nesta-semana-veja-o-calendario-completo\/","url":"https:\/\/portalnpm.com\/index.php\/2020\/07\/27\/pagamentos-do-auxilio-emergencial-continuam-nesta-semana-veja-o-calendario-completo\/","name":"Pagamentos do aux\u00edlio emergencial continuam nesta semana. Veja o calend\u00e1rio completo!","isPartOf":{"@id":"https:\/\/portalnpm.com\/#website"},"primaryImageOfPage":{"@id":"https:\/\/portalnpm.com\/index.php\/2020\/07\/27\/pagamentos-do-auxilio-emergencial-continuam-nesta-semana-veja-o-calendario-completo\/#primaryimage"},"image":{"@id":"https:\/\/portalnpm.com\/index.php\/2020\/07\/27\/pagamentos-do-auxilio-emergencial-continuam-nesta-semana-veja-o-calendario-completo\/#primaryimage"},"thumbnailUrl":"https:\/\/portalnpm.com\/wp-content\/uploads\/2024\/01\/2e8c6630-9835-0138-3803-0a58a9feac2a-minified.jpg","datePublished":"2020-07-27T23:47:05+00:00","dateModified":"2020-07-27T23:47:05+00:00","author":{"@id":"https:\/\/portalnpm.com\/#\/schema\/person\/49313e563cfdefcc167f1ee4c017c294"},"breadcrumb":{"@id":"https:\/\/portalnpm.com\/index.php\/2020\/07\/27\/pagamentos-do-auxilio-emergencial-continuam-nesta-semana-veja-o-calendario-completo\/#breadcrumb"},"inLanguage":"pt-BR","potentialAction":[{"@type":"ReadAction","target":["https:\/\/portalnpm.com\/index.php\/2020\/07\/27\/pagamentos-do-auxilio-emergencial-continuam-nesta-semana-veja-o-calendario-completo\/"]}]},{"@type":"ImageObject","inLanguage":"pt-BR","@id":"https:\/\/portalnpm.com\/index.php\/2020\/07\/27\/pagamentos-do-auxilio-emergencial-continuam-nesta-semana-veja-o-calendario-completo\/#primaryimage","url":"https:\/\/portalnpm.com\/wp-content\/uploads\/2024\/01\/2e8c6630-9835-0138-3803-0a58a9feac2a-minified.jpg","contentUrl":"https:\/\/portalnpm.com\/wp-content\/uploads\/2024\/01\/2e8c6630-9835-0138-3803-0a58a9feac2a-minified.jpg","width":787,"height":525},{"@type":"BreadcrumbList","@id":"https:\/\/portalnpm.com\/index.php\/2020\/07\/27\/pagamentos-do-auxilio-emergencial-continuam-nesta-semana-veja-o-calendario-completo\/#breadcrumb","itemListElement":[{"@type":"ListItem","position":1,"name":"In\u00edcio","item":"https:\/\/portalnpm.com\/"},{"@type":"ListItem","position":2,"name":"Pagamentos do aux\u00edlio emergencial continuam nesta semana. Veja o calend\u00e1rio completo!"}]},{"@type":"WebSite","@id":"https:\/\/portalnpm.com\/#website","url":"https:\/\/portalnpm.com\/","name":"Portal NPM","description":"Not\u00edcias em Primeira M\u00e3o","potentialAction":[{"@type":"SearchAction","target":{"@type":"EntryPoint","urlTemplate":"https:\/\/portalnpm.com\/?s={search_term_string}"},"query-input":"required name=search_term_string"}],"inLanguage":"pt-BR"},{"@type":"Person","@id":"https:\/\/portalnpm.com\/#\/schema\/person\/49313e563cfdefcc167f1ee4c017c294","name":"Genival Barbosa","image":{"@type":"ImageObject","inLanguage":"pt-BR","@id":"https:\/\/portalnpm.com\/#\/schema\/person\/image\/","url":"https:\/\/portalnpm.com\/wp-content\/uploads\/2024\/02\/avatar_user_2_1707743258-96x96.jpeg","contentUrl":"https:\/\/portalnpm.com\/wp-content\/uploads\/2024\/02\/avatar_user_2_1707743258-96x96.jpeg","caption":"Genival Barbosa"},"url":"https:\/\/portalnpm.com\/index.php\/author\/genival\/"}]}},"jetpack_sharing_enabled":true,"jetpack_featured_media_url":"https:\/\/portalnpm.com\/wp-content\/uploads\/2024\/01\/2e8c6630-9835-0138-3803-0a58a9feac2a-minified.jpg","_links":{"self":[{"href":"https:\/\/portalnpm.com\/index.php\/wp-json\/wp\/v2\/posts\/55716"}],"collection":[{"href":"https:\/\/portalnpm.com\/index.php\/wp-json\/wp\/v2\/posts"}],"about":[{"href":"https:\/\/portalnpm.com\/index.php\/wp-json\/wp\/v2\/types\/post"}],"author":[{"embeddable":true,"href":"https:\/\/portalnpm.com\/index.php\/wp-json\/wp\/v2\/users\/2"}],"replies":[{"embeddable":true,"href":"https:\/\/portalnpm.com\/index.php\/wp-json\/wp\/v2\/comments?post=55716"}],"version-history":[{"count":0,"href":"https:\/\/portalnpm.com\/index.php\/wp-json\/wp\/v2\/posts\/55716\/revisions"}],"wp:featuredmedia":[{"embeddable":true,"href":"https:\/\/portalnpm.com\/index.php\/wp-json\/wp\/v2\/media\/55717"}],"wp:attachment":[{"href":"https:\/\/portalnpm.com\/index.php\/wp-json\/wp\/v2\/media?parent=55716"}],"wp:term":[{"taxonomy":"category","embeddable":true,"href":"https:\/\/portalnpm.com\/index.php\/wp-json\/wp\/v2\/categories?post=55716"},{"taxonomy":"post_tag","embeddable":true,"href":"https:\/\/portalnpm.com\/index.php\/wp-json\/wp\/v2\/tags?post=55716"}],"curies":[{"name":"wp","href":"https:\/\/api.w.org\/{rel}","templated":true}]}}