{"id":55736,"date":"2020-07-29T16:18:56","date_gmt":"2020-07-29T19:18:56","guid":{"rendered":"https:\/\/portalnpm.com\/index.php\/2020\/07\/29\/se-tudo-der-certo-teremos-a-vacina-em-dezembro-diz-secretario-de-vigilancia\/"},"modified":"2020-07-29T16:18:56","modified_gmt":"2020-07-29T19:18:56","slug":"se-tudo-der-certo-teremos-a-vacina-em-dezembro-diz-secretario-de-vigilancia","status":"publish","type":"post","link":"https:\/\/portalnpm.com\/index.php\/2020\/07\/29\/se-tudo-der-certo-teremos-a-vacina-em-dezembro-diz-secretario-de-vigilancia\/","title":{"rendered":"&#8216;Se tudo der certo, teremos a vacina em dezembro&#8217;, diz secret\u00e1rio de vigil\u00e2ncia"},"content":{"rendered":"<p style=\"text-align: justify;\">Em entrevista ao canal CNN, o secret\u00e1rio de vigil\u00e2ncia em sa\u00fade do Minist\u00e9rio da Sa\u00fade, Arnaldo Correia de Medeiros, afirmou que o governo j\u00e1 encomendou 100 milh\u00f5es de unidades da vacina experimental para a covid-19 da AstraZeneca, desenvolvida na Universidade de Oxford, no Reino Unido.<\/p>\n<p style=\"text-align: justify;\">\n<p style=\"text-align: justify;\">Segundo Medeiros, o Brasil deve receber um primeiro lote, de 15 milh\u00f5es de vacinas, em dezembro e, caso os testes e estudos sobre a efic\u00e1cia do medicamento sejam aprovados at\u00e9 l\u00e1, a aplica\u00e7\u00e3o da imuniza\u00e7\u00e3o dever\u00e1 ser iniciada. A vacina est\u00e1 na terceira e \u00faltima fase de testes.<\/p>\n<p style=\"text-align: justify;\">&#8220;Fechamos acordo para o envio de 100 milh\u00f5es de doses da vacina em tr\u00eas lotes. O primeiro lote deve chegar na primeira quinzena de dezembro, com 15,2 milh\u00f5es de doses, e o segundo chega entre dezembro em janeiro. Muito em breve, se tudo der certo, n\u00f3s teremos a vacina em dezembro com a ajuda de Deus e o esfor\u00e7o e trabalho de toda a comunidade cient\u00edfica&#8221;, explicou.<\/p>\n<p style=\"text-align: justify;\">O secret\u00e1rio lembrou do acordo feito entre o governo brasileiro e a Funda\u00e7\u00e3o Oswaldo Cruz (Fiocruz) com a Universidade de Oxford e a AstraZeneca, que garante ao Brasil a transfer\u00eancia da tecnologia do medicamento, que poder\u00e1 ser produzido no laborat\u00f3rio de Bio Manguinhos, da Fiocruz. &#8220;Nessa encomenda com a Oxford e a AstraZeneca, o governo brasileiro assumiu compromisso de transfer\u00eancia de tecnologia para termos autonomia de produ\u00e7\u00e3o da vacina, que ser\u00e1 produzida no (laborat\u00f3rio) Biomanguinhos.&#8221;<\/p>\n<p style=\"text-align: justify;\">De acordo com o secret\u00e1rio, os primeiros grupos a receberem a vacina ser\u00e3o os idosos, pessoas com comorbidades e profissionais da sa\u00fade da linha de frente no combate \u00e0 pandemia.<\/p>\n<p style=\"text-align: justify;\">Fonte: Folha Vit\u00f3ria<\/p>\n","protected":false},"excerpt":{"rendered":"<p>Em entrevista ao canal CNN, o secret\u00e1rio de vigil\u00e2ncia em sa\u00fade do Minist\u00e9rio da Sa\u00fade, Arnaldo Correia de Medeiros, afirmou que o governo j\u00e1 encomendou 100 milh\u00f5es de unidades da vacina experimental para a covid-19 da AstraZeneca, desenvolvida na Universidade de Oxford, no Reino Unido. Segundo Medeiros, o Brasil deve receber um primeiro lote, de &hellip;<\/p>\n","protected":false},"author":2,"featured_media":55737,"comment_status":"open","ping_status":"open","sticky":false,"template":"","format":"standard","meta":{"content-type":"","rop_custom_images_group":[],"rop_custom_messages_group":[],"rop_publish_now":"initial","rop_publish_now_accounts":{"facebook_2648258775420054_1618374048415101":""},"rop_publish_now_history":[],"rop_publish_now_status":"pending","footnotes":"","_jetpack_memberships_contains_paid_content":false},"categories":[125],"tags":[5356,1619,5357,5358,5359,5360],"yoast_head":"<!-- This site is optimized with the Yoast SEO plugin v22.3 - https:\/\/yoast.com\/wordpress\/plugins\/seo\/ -->\n<title>&#039;Se tudo der certo, teremos a vacina em dezembro&#039;, diz secret\u00e1rio de vigil\u00e2ncia<\/title>\n<meta name=\"robots\" content=\"index, follow, max-snippet:-1, max-image-preview:large, max-video-preview:-1\" \/>\n<link rel=\"canonical\" href=\"https:\/\/portalnpm.com\/index.php\/2020\/07\/29\/se-tudo-der-certo-teremos-a-vacina-em-dezembro-diz-secretario-de-vigilancia\/\" \/>\n<meta property=\"og:locale\" content=\"pt_BR\" \/>\n<meta property=\"og:type\" content=\"article\" \/>\n<meta property=\"og:title\" content=\"&#039;Se tudo der certo, teremos a vacina em dezembro&#039;, diz secret\u00e1rio de vigil\u00e2ncia\" \/>\n<meta property=\"og:description\" content=\"Em entrevista ao canal CNN, o secret\u00e1rio de vigil\u00e2ncia em sa\u00fade do Minist\u00e9rio da Sa\u00fade, Arnaldo Correia de Medeiros, afirmou que o governo j\u00e1 encomendou 100 milh\u00f5es de unidades da vacina experimental para a covid-19 da AstraZeneca, desenvolvida na Universidade de Oxford, no Reino Unido. Segundo Medeiros, o Brasil deve receber um primeiro lote, de &hellip;\" \/>\n<meta property=\"og:url\" content=\"https:\/\/portalnpm.com\/index.php\/2020\/07\/29\/se-tudo-der-certo-teremos-a-vacina-em-dezembro-diz-secretario-de-vigilancia\/\" \/>\n<meta property=\"og:site_name\" content=\"Portal NPM\" \/>\n<meta property=\"article:published_time\" content=\"2020-07-29T19:18:56+00:00\" \/>\n<meta property=\"og:image\" content=\"https:\/\/portalnpm.com\/wp-content\/uploads\/2024\/01\/Vacina-covid..jpg\" \/>\n\t<meta property=\"og:image:width\" content=\"768\" \/>\n\t<meta property=\"og:image:height\" content=\"512\" \/>\n\t<meta property=\"og:image:type\" content=\"image\/jpeg\" \/>\n<meta name=\"author\" content=\"Genival Barbosa\" \/>\n<meta name=\"twitter:card\" content=\"summary_large_image\" \/>\n<meta name=\"twitter:label1\" content=\"Escrito por\" \/>\n\t<meta name=\"twitter:data1\" content=\"Genival Barbosa\" \/>\n\t<meta name=\"twitter:label2\" content=\"Est. tempo de leitura\" \/>\n\t<meta name=\"twitter:data2\" content=\"1 minuto\" \/>\n<script type=\"application\/ld+json\" class=\"yoast-schema-graph\">{\"@context\":\"https:\/\/schema.org\",\"@graph\":[{\"@type\":\"WebPage\",\"@id\":\"https:\/\/portalnpm.com\/index.php\/2020\/07\/29\/se-tudo-der-certo-teremos-a-vacina-em-dezembro-diz-secretario-de-vigilancia\/\",\"url\":\"https:\/\/portalnpm.com\/index.php\/2020\/07\/29\/se-tudo-der-certo-teremos-a-vacina-em-dezembro-diz-secretario-de-vigilancia\/\",\"name\":\"'Se tudo der certo, teremos a vacina em dezembro', diz secret\u00e1rio de vigil\u00e2ncia\",\"isPartOf\":{\"@id\":\"https:\/\/portalnpm.com\/#website\"},\"primaryImageOfPage\":{\"@id\":\"https:\/\/portalnpm.com\/index.php\/2020\/07\/29\/se-tudo-der-certo-teremos-a-vacina-em-dezembro-diz-secretario-de-vigilancia\/#primaryimage\"},\"image\":{\"@id\":\"https:\/\/portalnpm.com\/index.php\/2020\/07\/29\/se-tudo-der-certo-teremos-a-vacina-em-dezembro-diz-secretario-de-vigilancia\/#primaryimage\"},\"thumbnailUrl\":\"https:\/\/portalnpm.com\/wp-content\/uploads\/2024\/01\/Vacina-covid..jpg\",\"datePublished\":\"2020-07-29T19:18:56+00:00\",\"dateModified\":\"2020-07-29T19:18:56+00:00\",\"author\":{\"@id\":\"https:\/\/portalnpm.com\/#\/schema\/person\/49313e563cfdefcc167f1ee4c017c294\"},\"breadcrumb\":{\"@id\":\"https:\/\/portalnpm.com\/index.php\/2020\/07\/29\/se-tudo-der-certo-teremos-a-vacina-em-dezembro-diz-secretario-de-vigilancia\/#breadcrumb\"},\"inLanguage\":\"pt-BR\",\"potentialAction\":[{\"@type\":\"ReadAction\",\"target\":[\"https:\/\/portalnpm.com\/index.php\/2020\/07\/29\/se-tudo-der-certo-teremos-a-vacina-em-dezembro-diz-secretario-de-vigilancia\/\"]}]},{\"@type\":\"ImageObject\",\"inLanguage\":\"pt-BR\",\"@id\":\"https:\/\/portalnpm.com\/index.php\/2020\/07\/29\/se-tudo-der-certo-teremos-a-vacina-em-dezembro-diz-secretario-de-vigilancia\/#primaryimage\",\"url\":\"https:\/\/portalnpm.com\/wp-content\/uploads\/2024\/01\/Vacina-covid..jpg\",\"contentUrl\":\"https:\/\/portalnpm.com\/wp-content\/uploads\/2024\/01\/Vacina-covid..jpg\",\"width\":768,\"height\":512},{\"@type\":\"BreadcrumbList\",\"@id\":\"https:\/\/portalnpm.com\/index.php\/2020\/07\/29\/se-tudo-der-certo-teremos-a-vacina-em-dezembro-diz-secretario-de-vigilancia\/#breadcrumb\",\"itemListElement\":[{\"@type\":\"ListItem\",\"position\":1,\"name\":\"In\u00edcio\",\"item\":\"https:\/\/portalnpm.com\/\"},{\"@type\":\"ListItem\",\"position\":2,\"name\":\"&#8216;Se tudo der certo, teremos a vacina em dezembro&#8217;, diz secret\u00e1rio de vigil\u00e2ncia\"}]},{\"@type\":\"WebSite\",\"@id\":\"https:\/\/portalnpm.com\/#website\",\"url\":\"https:\/\/portalnpm.com\/\",\"name\":\"Portal NPM\",\"description\":\"Not\u00edcias em Primeira M\u00e3o\",\"potentialAction\":[{\"@type\":\"SearchAction\",\"target\":{\"@type\":\"EntryPoint\",\"urlTemplate\":\"https:\/\/portalnpm.com\/?s={search_term_string}\"},\"query-input\":\"required name=search_term_string\"}],\"inLanguage\":\"pt-BR\"},{\"@type\":\"Person\",\"@id\":\"https:\/\/portalnpm.com\/#\/schema\/person\/49313e563cfdefcc167f1ee4c017c294\",\"name\":\"Genival Barbosa\",\"image\":{\"@type\":\"ImageObject\",\"inLanguage\":\"pt-BR\",\"@id\":\"https:\/\/portalnpm.com\/#\/schema\/person\/image\/\",\"url\":\"https:\/\/portalnpm.com\/wp-content\/uploads\/2024\/02\/avatar_user_2_1707743258-96x96.jpeg\",\"contentUrl\":\"https:\/\/portalnpm.com\/wp-content\/uploads\/2024\/02\/avatar_user_2_1707743258-96x96.jpeg\",\"caption\":\"Genival Barbosa\"},\"url\":\"https:\/\/portalnpm.com\/index.php\/author\/genival\/\"}]}<\/script>\n<!-- \/ Yoast SEO plugin. -->","yoast_head_json":{"title":"'Se tudo der certo, teremos a vacina em dezembro', diz secret\u00e1rio de vigil\u00e2ncia","robots":{"index":"index","follow":"follow","max-snippet":"max-snippet:-1","max-image-preview":"max-image-preview:large","max-video-preview":"max-video-preview:-1"},"canonical":"https:\/\/portalnpm.com\/index.php\/2020\/07\/29\/se-tudo-der-certo-teremos-a-vacina-em-dezembro-diz-secretario-de-vigilancia\/","og_locale":"pt_BR","og_type":"article","og_title":"'Se tudo der certo, teremos a vacina em dezembro', diz secret\u00e1rio de vigil\u00e2ncia","og_description":"Em entrevista ao canal CNN, o secret\u00e1rio de vigil\u00e2ncia em sa\u00fade do Minist\u00e9rio da Sa\u00fade, Arnaldo Correia de Medeiros, afirmou que o governo j\u00e1 encomendou 100 milh\u00f5es de unidades da vacina experimental para a covid-19 da AstraZeneca, desenvolvida na Universidade de Oxford, no Reino Unido. Segundo Medeiros, o Brasil deve receber um primeiro lote, de &hellip;","og_url":"https:\/\/portalnpm.com\/index.php\/2020\/07\/29\/se-tudo-der-certo-teremos-a-vacina-em-dezembro-diz-secretario-de-vigilancia\/","og_site_name":"Portal NPM","article_published_time":"2020-07-29T19:18:56+00:00","og_image":[{"width":768,"height":512,"url":"https:\/\/portalnpm.com\/wp-content\/uploads\/2024\/01\/Vacina-covid..jpg","type":"image\/jpeg"}],"author":"Genival Barbosa","twitter_card":"summary_large_image","twitter_misc":{"Escrito por":"Genival Barbosa","Est. tempo de leitura":"1 minuto"},"schema":{"@context":"https:\/\/schema.org","@graph":[{"@type":"WebPage","@id":"https:\/\/portalnpm.com\/index.php\/2020\/07\/29\/se-tudo-der-certo-teremos-a-vacina-em-dezembro-diz-secretario-de-vigilancia\/","url":"https:\/\/portalnpm.com\/index.php\/2020\/07\/29\/se-tudo-der-certo-teremos-a-vacina-em-dezembro-diz-secretario-de-vigilancia\/","name":"'Se tudo der certo, teremos a vacina em dezembro', diz secret\u00e1rio de vigil\u00e2ncia","isPartOf":{"@id":"https:\/\/portalnpm.com\/#website"},"primaryImageOfPage":{"@id":"https:\/\/portalnpm.com\/index.php\/2020\/07\/29\/se-tudo-der-certo-teremos-a-vacina-em-dezembro-diz-secretario-de-vigilancia\/#primaryimage"},"image":{"@id":"https:\/\/portalnpm.com\/index.php\/2020\/07\/29\/se-tudo-der-certo-teremos-a-vacina-em-dezembro-diz-secretario-de-vigilancia\/#primaryimage"},"thumbnailUrl":"https:\/\/portalnpm.com\/wp-content\/uploads\/2024\/01\/Vacina-covid..jpg","datePublished":"2020-07-29T19:18:56+00:00","dateModified":"2020-07-29T19:18:56+00:00","author":{"@id":"https:\/\/portalnpm.com\/#\/schema\/person\/49313e563cfdefcc167f1ee4c017c294"},"breadcrumb":{"@id":"https:\/\/portalnpm.com\/index.php\/2020\/07\/29\/se-tudo-der-certo-teremos-a-vacina-em-dezembro-diz-secretario-de-vigilancia\/#breadcrumb"},"inLanguage":"pt-BR","potentialAction":[{"@type":"ReadAction","target":["https:\/\/portalnpm.com\/index.php\/2020\/07\/29\/se-tudo-der-certo-teremos-a-vacina-em-dezembro-diz-secretario-de-vigilancia\/"]}]},{"@type":"ImageObject","inLanguage":"pt-BR","@id":"https:\/\/portalnpm.com\/index.php\/2020\/07\/29\/se-tudo-der-certo-teremos-a-vacina-em-dezembro-diz-secretario-de-vigilancia\/#primaryimage","url":"https:\/\/portalnpm.com\/wp-content\/uploads\/2024\/01\/Vacina-covid..jpg","contentUrl":"https:\/\/portalnpm.com\/wp-content\/uploads\/2024\/01\/Vacina-covid..jpg","width":768,"height":512},{"@type":"BreadcrumbList","@id":"https:\/\/portalnpm.com\/index.php\/2020\/07\/29\/se-tudo-der-certo-teremos-a-vacina-em-dezembro-diz-secretario-de-vigilancia\/#breadcrumb","itemListElement":[{"@type":"ListItem","position":1,"name":"In\u00edcio","item":"https:\/\/portalnpm.com\/"},{"@type":"ListItem","position":2,"name":"&#8216;Se tudo der certo, teremos a vacina em dezembro&#8217;, diz secret\u00e1rio de vigil\u00e2ncia"}]},{"@type":"WebSite","@id":"https:\/\/portalnpm.com\/#website","url":"https:\/\/portalnpm.com\/","name":"Portal NPM","description":"Not\u00edcias em Primeira M\u00e3o","potentialAction":[{"@type":"SearchAction","target":{"@type":"EntryPoint","urlTemplate":"https:\/\/portalnpm.com\/?s={search_term_string}"},"query-input":"required name=search_term_string"}],"inLanguage":"pt-BR"},{"@type":"Person","@id":"https:\/\/portalnpm.com\/#\/schema\/person\/49313e563cfdefcc167f1ee4c017c294","name":"Genival Barbosa","image":{"@type":"ImageObject","inLanguage":"pt-BR","@id":"https:\/\/portalnpm.com\/#\/schema\/person\/image\/","url":"https:\/\/portalnpm.com\/wp-content\/uploads\/2024\/02\/avatar_user_2_1707743258-96x96.jpeg","contentUrl":"https:\/\/portalnpm.com\/wp-content\/uploads\/2024\/02\/avatar_user_2_1707743258-96x96.jpeg","caption":"Genival Barbosa"},"url":"https:\/\/portalnpm.com\/index.php\/author\/genival\/"}]}},"jetpack_sharing_enabled":true,"jetpack_featured_media_url":"https:\/\/portalnpm.com\/wp-content\/uploads\/2024\/01\/Vacina-covid..jpg","_links":{"self":[{"href":"https:\/\/portalnpm.com\/index.php\/wp-json\/wp\/v2\/posts\/55736"}],"collection":[{"href":"https:\/\/portalnpm.com\/index.php\/wp-json\/wp\/v2\/posts"}],"about":[{"href":"https:\/\/portalnpm.com\/index.php\/wp-json\/wp\/v2\/types\/post"}],"author":[{"embeddable":true,"href":"https:\/\/portalnpm.com\/index.php\/wp-json\/wp\/v2\/users\/2"}],"replies":[{"embeddable":true,"href":"https:\/\/portalnpm.com\/index.php\/wp-json\/wp\/v2\/comments?post=55736"}],"version-history":[{"count":0,"href":"https:\/\/portalnpm.com\/index.php\/wp-json\/wp\/v2\/posts\/55736\/revisions"}],"wp:featuredmedia":[{"embeddable":true,"href":"https:\/\/portalnpm.com\/index.php\/wp-json\/wp\/v2\/media\/55737"}],"wp:attachment":[{"href":"https:\/\/portalnpm.com\/index.php\/wp-json\/wp\/v2\/media?parent=55736"}],"wp:term":[{"taxonomy":"category","embeddable":true,"href":"https:\/\/portalnpm.com\/index.php\/wp-json\/wp\/v2\/categories?post=55736"},{"taxonomy":"post_tag","embeddable":true,"href":"https:\/\/portalnpm.com\/index.php\/wp-json\/wp\/v2\/tags?post=55736"}],"curies":[{"name":"wp","href":"https:\/\/api.w.org\/{rel}","templated":true}]}}