{"id":55869,"date":"2020-07-31T19:02:49","date_gmt":"2020-07-31T22:02:49","guid":{"rendered":"https:\/\/portalnpm.com\/index.php\/2020\/07\/31\/em-vila-nova-do-piaui-ex-candidato-a-prefeito-pela-oposicao-agora-faz-parte-diretamente-da-administracao-municipal-veja\/"},"modified":"2024-01-15T19:11:27","modified_gmt":"2024-01-15T22:11:27","slug":"em-vila-nova-do-piaui-ex-candidato-a-prefeito-pela-oposicao-agora-faz-parte-diretamente-da-administracao-municipal-veja","status":"publish","type":"post","link":"https:\/\/portalnpm.com\/index.php\/2020\/07\/31\/em-vila-nova-do-piaui-ex-candidato-a-prefeito-pela-oposicao-agora-faz-parte-diretamente-da-administracao-municipal-veja\/","title":{"rendered":"Em Vila Nova do Piau\u00ed, ex-candidato a prefeito pela oposi\u00e7\u00e3o agora faz parte diretamente da Administra\u00e7\u00e3o Municipal; veja!"},"content":{"rendered":"<p><p style=\"text-align: justify;\">No munic&iacute;pio de Vila Nova do Piau&iacute;, &agrave;s margens da BR-316, h&aacute; 370 km de Teresina, um fato tem chamado aten&ccedil;&atilde;o no taboleiro pol&iacute;tico local: a antiga oposi&ccedil;&atilde;o &eacute; hoje situa&ccedil;&atilde;o, inclusive, com cargos na gest&atilde;o.<\/p>\n<figure id=\"attachment_23424\" aria-describedby=\"caption-attachment-23424\" style=\"width: 1000px\" class=\"wp-caption alignnone\"><img fetchpriority=\"high\" decoding=\"async\" class=\"size-full wp-image-23424\" src=\"https:\/\/portalnpm.com\/wp-content\/uploads\/2024\/01\/IMG-20200731-WA0426.jpg\" alt=\"\" width=\"1000\" height=\"925\"><figcaption id=\"caption-attachment-23424\" class=\"wp-caption-text\">Adjano Bento faz parte diretamente da gest&atilde;o municipal<\/figcaption><\/figure>\n<p style=\"text-align: justify;\">O ex-candidato a prefeito pelo campo oposicionista Adjano Bento, que disputou o cargo de prefeito por duas ocasi&otilde;es, 2012 e 2016, pelo Progressistas, hoje, faz parte diretamente da gest&atilde;o local, tendo sido indicado pelo atual prefeito Edilson Brito (PSD), ao cargo de Diretor da Unidade Mista de Sa&uacute;de Jo&atilde;o Sime&atilde;o de Fran&ccedil;a, no povoado S&atilde;o Jo&atilde;o Batista, indica&ccedil;&atilde;o essa ainda de abril deste ano, por&eacute;m, nossa reda&ccedil;&atilde;o teve acesso na tarde de hoje (31\/07).<img decoding=\"async\" class=\"alignnone size-full wp-image-23430\" src=\"https:\/\/portalnpm.com\/wp-content\/uploads\/2024\/01\/IMG-20200731-WA0433.jpg\" alt=\"\" width=\"640\" height=\"945\"><\/p>\n<p style=\"text-align: justify;\">Vale ressaltar que a vereadora Adenilda Bento, irm&atilde; do ex-candidato a prefeito, agora &eacute; atual pr&eacute;-candidata a reelei&ccedil;&atilde;o pelo PSD, partido do atual prefeito. A parlamentar exerce o segundo mandato consecutivo no legislativo local, sendo a &uacute;nica naquela casa a fazer oposi&ccedil;&atilde;o ao atual gestor at&eacute; o in&iacute;cio deste ano.<\/p>\n<p style=\"text-align: justify;\">Hoje, a oposi&ccedil;&atilde;o da Cidade Poesia, tem como pr&eacute;-candidatos Dr. Geronimo (Progressistas) e Dr. Hugo Leal (Republicanos), prefeito e vice, respectivamente.<\/p><\/p>\n","protected":false},"excerpt":{"rendered":"<p>No munic&iacute;pio de Vila Nova do Piau&iacute;, &agrave;s margens da BR-316, h&aacute; 370 km de Teresina, um fato tem chamado aten&ccedil;&atilde;o no taboleiro pol&iacute;tico local: a antiga oposi&ccedil;&atilde;o &eacute; hoje situa&ccedil;&atilde;o, inclusive, com cargos na gest&atilde;o. O ex-candidato a prefeito pelo campo oposicionista Adjano Bento, que disputou o cargo de prefeito por duas ocasi&otilde;es, 2012 &hellip;<\/p>\n","protected":false},"author":3,"featured_media":55870,"comment_status":"open","ping_status":"open","sticky":false,"template":"","format":"standard","meta":{"content-type":"","rop_custom_images_group":[],"rop_custom_messages_group":[],"rop_publish_now":"initial","rop_publish_now_accounts":{"facebook_2648258775420054_1618374048415101":""},"rop_publish_now_history":[],"rop_publish_now_status":"pending","footnotes":"","_jetpack_memberships_contains_paid_content":false},"categories":[113,109,574],"tags":[5404,3282,1277],"yoast_head":"<!-- This site is optimized with the Yoast SEO plugin v22.3 - https:\/\/yoast.com\/wordpress\/plugins\/seo\/ -->\n<title>Em Vila Nova do Piau\u00ed, ex-candidato a prefeito pela oposi\u00e7\u00e3o agora faz parte diretamente da Administra\u00e7\u00e3o Municipal; veja!<\/title>\n<meta name=\"robots\" content=\"index, follow, max-snippet:-1, max-image-preview:large, max-video-preview:-1\" \/>\n<link rel=\"canonical\" href=\"https:\/\/portalnpm.com\/index.php\/2020\/07\/31\/em-vila-nova-do-piaui-ex-candidato-a-prefeito-pela-oposicao-agora-faz-parte-diretamente-da-administracao-municipal-veja\/\" \/>\n<meta property=\"og:locale\" content=\"pt_BR\" \/>\n<meta property=\"og:type\" content=\"article\" \/>\n<meta property=\"og:title\" content=\"Em Vila Nova do Piau\u00ed, ex-candidato a prefeito pela oposi\u00e7\u00e3o agora faz parte diretamente da Administra\u00e7\u00e3o Municipal; veja!\" \/>\n<meta property=\"og:description\" content=\"No munic&iacute;pio de Vila Nova do Piau&iacute;, &agrave;s margens da BR-316, h&aacute; 370 km de Teresina, um fato tem chamado aten&ccedil;&atilde;o no taboleiro pol&iacute;tico local: a antiga oposi&ccedil;&atilde;o &eacute; hoje situa&ccedil;&atilde;o, inclusive, com cargos na gest&atilde;o. O ex-candidato a prefeito pelo campo oposicionista Adjano Bento, que disputou o cargo de prefeito por duas ocasi&otilde;es, 2012 &hellip;\" \/>\n<meta property=\"og:url\" content=\"https:\/\/portalnpm.com\/index.php\/2020\/07\/31\/em-vila-nova-do-piaui-ex-candidato-a-prefeito-pela-oposicao-agora-faz-parte-diretamente-da-administracao-municipal-veja\/\" \/>\n<meta property=\"og:site_name\" content=\"Portal NPM\" \/>\n<meta property=\"article:published_time\" content=\"2020-07-31T22:02:49+00:00\" \/>\n<meta property=\"article:modified_time\" content=\"2024-01-15T22:11:27+00:00\" \/>\n<meta property=\"og:image\" content=\"https:\/\/portalnpm.com\/wp-content\/uploads\/2024\/01\/IMG-20200731-WA0427.jpg\" \/>\n\t<meta property=\"og:image:width\" content=\"790\" \/>\n\t<meta property=\"og:image:height\" content=\"374\" \/>\n\t<meta property=\"og:image:type\" content=\"image\/jpeg\" \/>\n<meta name=\"author\" content=\"Luis Alberto\" \/>\n<meta name=\"twitter:card\" content=\"summary_large_image\" \/>\n<meta name=\"twitter:label1\" content=\"Escrito por\" \/>\n\t<meta name=\"twitter:data1\" content=\"Luis Alberto\" \/>\n\t<meta name=\"twitter:label2\" content=\"Est. tempo de leitura\" \/>\n\t<meta name=\"twitter:data2\" content=\"1 minuto\" \/>\n<script type=\"application\/ld+json\" class=\"yoast-schema-graph\">{\"@context\":\"https:\/\/schema.org\",\"@graph\":[{\"@type\":\"WebPage\",\"@id\":\"https:\/\/portalnpm.com\/index.php\/2020\/07\/31\/em-vila-nova-do-piaui-ex-candidato-a-prefeito-pela-oposicao-agora-faz-parte-diretamente-da-administracao-municipal-veja\/\",\"url\":\"https:\/\/portalnpm.com\/index.php\/2020\/07\/31\/em-vila-nova-do-piaui-ex-candidato-a-prefeito-pela-oposicao-agora-faz-parte-diretamente-da-administracao-municipal-veja\/\",\"name\":\"Em Vila Nova do Piau\u00ed, ex-candidato a prefeito pela oposi\u00e7\u00e3o agora faz parte diretamente da Administra\u00e7\u00e3o Municipal; veja!\",\"isPartOf\":{\"@id\":\"https:\/\/portalnpm.com\/#website\"},\"primaryImageOfPage\":{\"@id\":\"https:\/\/portalnpm.com\/index.php\/2020\/07\/31\/em-vila-nova-do-piaui-ex-candidato-a-prefeito-pela-oposicao-agora-faz-parte-diretamente-da-administracao-municipal-veja\/#primaryimage\"},\"image\":{\"@id\":\"https:\/\/portalnpm.com\/index.php\/2020\/07\/31\/em-vila-nova-do-piaui-ex-candidato-a-prefeito-pela-oposicao-agora-faz-parte-diretamente-da-administracao-municipal-veja\/#primaryimage\"},\"thumbnailUrl\":\"https:\/\/portalnpm.com\/wp-content\/uploads\/2024\/01\/IMG-20200731-WA0427.jpg\",\"datePublished\":\"2020-07-31T22:02:49+00:00\",\"dateModified\":\"2024-01-15T22:11:27+00:00\",\"author\":{\"@id\":\"https:\/\/portalnpm.com\/#\/schema\/person\/5c8006acdf71774cd4e7a5ab98482152\"},\"breadcrumb\":{\"@id\":\"https:\/\/portalnpm.com\/index.php\/2020\/07\/31\/em-vila-nova-do-piaui-ex-candidato-a-prefeito-pela-oposicao-agora-faz-parte-diretamente-da-administracao-municipal-veja\/#breadcrumb\"},\"inLanguage\":\"pt-BR\",\"potentialAction\":[{\"@type\":\"ReadAction\",\"target\":[\"https:\/\/portalnpm.com\/index.php\/2020\/07\/31\/em-vila-nova-do-piaui-ex-candidato-a-prefeito-pela-oposicao-agora-faz-parte-diretamente-da-administracao-municipal-veja\/\"]}]},{\"@type\":\"ImageObject\",\"inLanguage\":\"pt-BR\",\"@id\":\"https:\/\/portalnpm.com\/index.php\/2020\/07\/31\/em-vila-nova-do-piaui-ex-candidato-a-prefeito-pela-oposicao-agora-faz-parte-diretamente-da-administracao-municipal-veja\/#primaryimage\",\"url\":\"https:\/\/portalnpm.com\/wp-content\/uploads\/2024\/01\/IMG-20200731-WA0427.jpg\",\"contentUrl\":\"https:\/\/portalnpm.com\/wp-content\/uploads\/2024\/01\/IMG-20200731-WA0427.jpg\",\"width\":790,\"height\":374},{\"@type\":\"BreadcrumbList\",\"@id\":\"https:\/\/portalnpm.com\/index.php\/2020\/07\/31\/em-vila-nova-do-piaui-ex-candidato-a-prefeito-pela-oposicao-agora-faz-parte-diretamente-da-administracao-municipal-veja\/#breadcrumb\",\"itemListElement\":[{\"@type\":\"ListItem\",\"position\":1,\"name\":\"In\u00edcio\",\"item\":\"https:\/\/portalnpm.com\/\"},{\"@type\":\"ListItem\",\"position\":2,\"name\":\"Em Vila Nova do Piau\u00ed, ex-candidato a prefeito pela oposi\u00e7\u00e3o agora faz parte diretamente da Administra\u00e7\u00e3o Municipal; veja!\"}]},{\"@type\":\"WebSite\",\"@id\":\"https:\/\/portalnpm.com\/#website\",\"url\":\"https:\/\/portalnpm.com\/\",\"name\":\"Portal NPM\",\"description\":\"Not\u00edcias em Primeira M\u00e3o\",\"potentialAction\":[{\"@type\":\"SearchAction\",\"target\":{\"@type\":\"EntryPoint\",\"urlTemplate\":\"https:\/\/portalnpm.com\/?s={search_term_string}\"},\"query-input\":\"required name=search_term_string\"}],\"inLanguage\":\"pt-BR\"},{\"@type\":\"Person\",\"@id\":\"https:\/\/portalnpm.com\/#\/schema\/person\/5c8006acdf71774cd4e7a5ab98482152\",\"name\":\"Luis Alberto\",\"image\":{\"@type\":\"ImageObject\",\"inLanguage\":\"pt-BR\",\"@id\":\"https:\/\/portalnpm.com\/#\/schema\/person\/image\/\",\"url\":\"https:\/\/portalnpm.com\/wp-content\/uploads\/2024\/12\/avatar_user_3_1734699769-96x96.jpeg\",\"contentUrl\":\"https:\/\/portalnpm.com\/wp-content\/uploads\/2024\/12\/avatar_user_3_1734699769-96x96.jpeg\",\"caption\":\"Luis Alberto\"},\"description\":\"Editor-geral do Portal NPM, \u00e9 formado como T\u00e9cnico em Seguran\u00e7a do Trabalho pela Escola Metropolitana de Cursos T\u00e9cnicos. Det\u00e9m ainda licenciatura em Educa\u00e7\u00e3o F\u00edsica e bacharelado em Ci\u00eancias Pol\u00edticas, ambos obtidos pela institui\u00e7\u00e3o Anhanguera\/UNOPAR.\",\"url\":\"https:\/\/portalnpm.com\/index.php\/author\/pereira\/\"}]}<\/script>\n<!-- \/ Yoast SEO plugin. -->","yoast_head_json":{"title":"Em Vila Nova do Piau\u00ed, ex-candidato a prefeito pela oposi\u00e7\u00e3o agora faz parte diretamente da Administra\u00e7\u00e3o Municipal; veja!","robots":{"index":"index","follow":"follow","max-snippet":"max-snippet:-1","max-image-preview":"max-image-preview:large","max-video-preview":"max-video-preview:-1"},"canonical":"https:\/\/portalnpm.com\/index.php\/2020\/07\/31\/em-vila-nova-do-piaui-ex-candidato-a-prefeito-pela-oposicao-agora-faz-parte-diretamente-da-administracao-municipal-veja\/","og_locale":"pt_BR","og_type":"article","og_title":"Em Vila Nova do Piau\u00ed, ex-candidato a prefeito pela oposi\u00e7\u00e3o agora faz parte diretamente da Administra\u00e7\u00e3o Municipal; veja!","og_description":"No munic&iacute;pio de Vila Nova do Piau&iacute;, &agrave;s margens da BR-316, h&aacute; 370 km de Teresina, um fato tem chamado aten&ccedil;&atilde;o no taboleiro pol&iacute;tico local: a antiga oposi&ccedil;&atilde;o &eacute; hoje situa&ccedil;&atilde;o, inclusive, com cargos na gest&atilde;o. O ex-candidato a prefeito pelo campo oposicionista Adjano Bento, que disputou o cargo de prefeito por duas ocasi&otilde;es, 2012 &hellip;","og_url":"https:\/\/portalnpm.com\/index.php\/2020\/07\/31\/em-vila-nova-do-piaui-ex-candidato-a-prefeito-pela-oposicao-agora-faz-parte-diretamente-da-administracao-municipal-veja\/","og_site_name":"Portal NPM","article_published_time":"2020-07-31T22:02:49+00:00","article_modified_time":"2024-01-15T22:11:27+00:00","og_image":[{"width":790,"height":374,"url":"https:\/\/portalnpm.com\/wp-content\/uploads\/2024\/01\/IMG-20200731-WA0427.jpg","type":"image\/jpeg"}],"author":"Luis Alberto","twitter_card":"summary_large_image","twitter_misc":{"Escrito por":"Luis Alberto","Est. tempo de leitura":"1 minuto"},"schema":{"@context":"https:\/\/schema.org","@graph":[{"@type":"WebPage","@id":"https:\/\/portalnpm.com\/index.php\/2020\/07\/31\/em-vila-nova-do-piaui-ex-candidato-a-prefeito-pela-oposicao-agora-faz-parte-diretamente-da-administracao-municipal-veja\/","url":"https:\/\/portalnpm.com\/index.php\/2020\/07\/31\/em-vila-nova-do-piaui-ex-candidato-a-prefeito-pela-oposicao-agora-faz-parte-diretamente-da-administracao-municipal-veja\/","name":"Em Vila Nova do Piau\u00ed, ex-candidato a prefeito pela oposi\u00e7\u00e3o agora faz parte diretamente da Administra\u00e7\u00e3o Municipal; veja!","isPartOf":{"@id":"https:\/\/portalnpm.com\/#website"},"primaryImageOfPage":{"@id":"https:\/\/portalnpm.com\/index.php\/2020\/07\/31\/em-vila-nova-do-piaui-ex-candidato-a-prefeito-pela-oposicao-agora-faz-parte-diretamente-da-administracao-municipal-veja\/#primaryimage"},"image":{"@id":"https:\/\/portalnpm.com\/index.php\/2020\/07\/31\/em-vila-nova-do-piaui-ex-candidato-a-prefeito-pela-oposicao-agora-faz-parte-diretamente-da-administracao-municipal-veja\/#primaryimage"},"thumbnailUrl":"https:\/\/portalnpm.com\/wp-content\/uploads\/2024\/01\/IMG-20200731-WA0427.jpg","datePublished":"2020-07-31T22:02:49+00:00","dateModified":"2024-01-15T22:11:27+00:00","author":{"@id":"https:\/\/portalnpm.com\/#\/schema\/person\/5c8006acdf71774cd4e7a5ab98482152"},"breadcrumb":{"@id":"https:\/\/portalnpm.com\/index.php\/2020\/07\/31\/em-vila-nova-do-piaui-ex-candidato-a-prefeito-pela-oposicao-agora-faz-parte-diretamente-da-administracao-municipal-veja\/#breadcrumb"},"inLanguage":"pt-BR","potentialAction":[{"@type":"ReadAction","target":["https:\/\/portalnpm.com\/index.php\/2020\/07\/31\/em-vila-nova-do-piaui-ex-candidato-a-prefeito-pela-oposicao-agora-faz-parte-diretamente-da-administracao-municipal-veja\/"]}]},{"@type":"ImageObject","inLanguage":"pt-BR","@id":"https:\/\/portalnpm.com\/index.php\/2020\/07\/31\/em-vila-nova-do-piaui-ex-candidato-a-prefeito-pela-oposicao-agora-faz-parte-diretamente-da-administracao-municipal-veja\/#primaryimage","url":"https:\/\/portalnpm.com\/wp-content\/uploads\/2024\/01\/IMG-20200731-WA0427.jpg","contentUrl":"https:\/\/portalnpm.com\/wp-content\/uploads\/2024\/01\/IMG-20200731-WA0427.jpg","width":790,"height":374},{"@type":"BreadcrumbList","@id":"https:\/\/portalnpm.com\/index.php\/2020\/07\/31\/em-vila-nova-do-piaui-ex-candidato-a-prefeito-pela-oposicao-agora-faz-parte-diretamente-da-administracao-municipal-veja\/#breadcrumb","itemListElement":[{"@type":"ListItem","position":1,"name":"In\u00edcio","item":"https:\/\/portalnpm.com\/"},{"@type":"ListItem","position":2,"name":"Em Vila Nova do Piau\u00ed, ex-candidato a prefeito pela oposi\u00e7\u00e3o agora faz parte diretamente da Administra\u00e7\u00e3o Municipal; veja!"}]},{"@type":"WebSite","@id":"https:\/\/portalnpm.com\/#website","url":"https:\/\/portalnpm.com\/","name":"Portal NPM","description":"Not\u00edcias em Primeira M\u00e3o","potentialAction":[{"@type":"SearchAction","target":{"@type":"EntryPoint","urlTemplate":"https:\/\/portalnpm.com\/?s={search_term_string}"},"query-input":"required name=search_term_string"}],"inLanguage":"pt-BR"},{"@type":"Person","@id":"https:\/\/portalnpm.com\/#\/schema\/person\/5c8006acdf71774cd4e7a5ab98482152","name":"Luis Alberto","image":{"@type":"ImageObject","inLanguage":"pt-BR","@id":"https:\/\/portalnpm.com\/#\/schema\/person\/image\/","url":"https:\/\/portalnpm.com\/wp-content\/uploads\/2024\/12\/avatar_user_3_1734699769-96x96.jpeg","contentUrl":"https:\/\/portalnpm.com\/wp-content\/uploads\/2024\/12\/avatar_user_3_1734699769-96x96.jpeg","caption":"Luis Alberto"},"description":"Editor-geral do Portal NPM, \u00e9 formado como T\u00e9cnico em Seguran\u00e7a do Trabalho pela Escola Metropolitana de Cursos T\u00e9cnicos. Det\u00e9m ainda licenciatura em Educa\u00e7\u00e3o F\u00edsica e bacharelado em Ci\u00eancias Pol\u00edticas, ambos obtidos pela institui\u00e7\u00e3o Anhanguera\/UNOPAR.","url":"https:\/\/portalnpm.com\/index.php\/author\/pereira\/"}]}},"jetpack_sharing_enabled":true,"jetpack_featured_media_url":"https:\/\/portalnpm.com\/wp-content\/uploads\/2024\/01\/IMG-20200731-WA0427.jpg","_links":{"self":[{"href":"https:\/\/portalnpm.com\/index.php\/wp-json\/wp\/v2\/posts\/55869"}],"collection":[{"href":"https:\/\/portalnpm.com\/index.php\/wp-json\/wp\/v2\/posts"}],"about":[{"href":"https:\/\/portalnpm.com\/index.php\/wp-json\/wp\/v2\/types\/post"}],"author":[{"embeddable":true,"href":"https:\/\/portalnpm.com\/index.php\/wp-json\/wp\/v2\/users\/3"}],"replies":[{"embeddable":true,"href":"https:\/\/portalnpm.com\/index.php\/wp-json\/wp\/v2\/comments?post=55869"}],"version-history":[{"count":1,"href":"https:\/\/portalnpm.com\/index.php\/wp-json\/wp\/v2\/posts\/55869\/revisions"}],"predecessor-version":[{"id":55878,"href":"https:\/\/portalnpm.com\/index.php\/wp-json\/wp\/v2\/posts\/55869\/revisions\/55878"}],"wp:featuredmedia":[{"embeddable":true,"href":"https:\/\/portalnpm.com\/index.php\/wp-json\/wp\/v2\/media\/55870"}],"wp:attachment":[{"href":"https:\/\/portalnpm.com\/index.php\/wp-json\/wp\/v2\/media?parent=55869"}],"wp:term":[{"taxonomy":"category","embeddable":true,"href":"https:\/\/portalnpm.com\/index.php\/wp-json\/wp\/v2\/categories?post=55869"},{"taxonomy":"post_tag","embeddable":true,"href":"https:\/\/portalnpm.com\/index.php\/wp-json\/wp\/v2\/tags?post=55869"}],"curies":[{"name":"wp","href":"https:\/\/api.w.org\/{rel}","templated":true}]}}