{"id":55892,"date":"2020-08-01T08:00:16","date_gmt":"2020-08-01T11:00:16","guid":{"rendered":"https:\/\/portalnpm.com\/index.php\/2020\/08\/01\/covid-19-brasil-tem-92-475-mortes-e-2-662-485-casos-da-doenca-sistemica\/"},"modified":"2020-08-01T08:00:16","modified_gmt":"2020-08-01T11:00:16","slug":"covid-19-brasil-tem-92-475-mortes-e-2-662-485-casos-da-doenca-sistemica","status":"publish","type":"post","link":"https:\/\/portalnpm.com\/index.php\/2020\/08\/01\/covid-19-brasil-tem-92-475-mortes-e-2-662-485-casos-da-doenca-sistemica\/","title":{"rendered":"Covid-19: Brasil tem 92.475 mortes e 2.662.485 casos da doen\u00e7a sist\u00eamica"},"content":{"rendered":"<p style=\"text-align: justify;\">O Brasil atingiu 92.475 mortes e 2.662.485 casos confirmados de covid-19, nesta sexta-feira (31), de acordo com balan\u00e7o atualizado pelo Minist\u00e9rio da Sa\u00fade. A taxa de letalidade, que \u00e9 o percentual de v\u00edtimas entre os doentes, est\u00e1 em 3,5%.<\/p>\n<p style=\"text-align: justify;\">\n<p style=\"text-align: justify;\">Nas \u00faltimas 24 horas, segundo a pasta, as secretarias estaduais de sa\u00fade notificaram 1.212 \u00f3bitos e 52.383 novos infectados.<\/p>\n<p style=\"text-align: justify;\">Do total acumulado de casos, o governo federal estima que 1.844.051 pessoas j\u00e1 est\u00e3o recuperadas e 725.959 permanecem em acompanhamento \u2014registros confirmados nos \u00faltimos 14 dias e que n\u00e3o evolu\u00edram para morte.<\/p>\n<p style=\"text-align: justify;\">\nS\u00e3o Paulo, estado mais afetado pela crise sanit\u00e1ria, registrou at\u00e9 o momento 542.304 casos confirmados e 22.997 mortes pela doen\u00e7a sist\u00eamica causada pelo novo coronav\u00edrus.<\/p>\n<p style=\"text-align: justify;\">Entre ontem e hoje, segundo a Secretaria Estadual de Sa\u00fade, houve um aumento de 13.298 infectados (2,45%) e 287 \u00f3bitos (1,25%). J\u00e1 o \u00edndice de ocupa\u00e7\u00e3o dos leitos de UTI (Unidade de Terapia Intensiva) \u00e9 de 64% no Estado e de 62,1% na regi\u00e3o metropolitana.<\/p>\n<p style=\"text-align: justify;\">O Cear\u00e1 aparece em segundo lugar, com 7.668 mortes e 173.882 infectados desde o in\u00edcio da pandemia. Entre as semanas epidemiol\u00f3gicas 29 e 30, segundo o Minist\u00e9rio da Sa\u00fade, a regi\u00e3o Nordeste apresentou crescimento de 27% na curva de novos casos, enquanto a de \u00f3bitos registrou queda de 8%.<\/p>\n<p style=\"text-align: justify;\"><strong>Veja a situa\u00e7\u00e3o em cada estado<\/strong><\/p>\n<p style=\"text-align: justify;\">S\u00e3o Paulo: 542.304 casos (22.997 mortes)<br \/>\nCear\u00e1: 173.882 casos (7.668 mortes)<br \/>\nBahia: 166.154 casos (3.463 mortes)<br \/>\nRio de Janeiro: 165.495 casos (13.477 mortes)<br \/>\nPar\u00e1: 154.685 casos (5.728 mortes)<br \/>\nMinas Gerais: 127.106 casos (2.769 mortes)<br \/>\nMaranh\u00e3o: 120.661 casos (3.013 mortes)<br \/>\nDistrito Federal : 106.292 casos (1.469 mortes)<br \/>\nAmazonas: 100.940 casos (3.268 mortes)<br \/>\nPernambuco: 95.005 casos (6.557 mortes)<br \/>\nSanta Catarina: 84.073 casos (1.102 mortes)<br \/>\nEsp\u00edrito Santo: 83.292 casos (2.545 mortes)<br \/>\nPara\u00edba: 82.794 casos (1.811 mortes)<br \/>\nParan\u00e1: 76.112 casos (1.920 mortes)<br \/>\nGoi\u00e1s: 67.941 casos (1.656 mortes)<br \/>\nRio Grande do Sul: 66.692 casos (1.876 mortes)<br \/>\nAlagoas: 59.725 casos (1.567 mortes)<br \/>\nSergipe : 58.713 casos ( 1.434 mortes)<br \/>\nMato Grosso : 51.865 casos ( 1.819 mortes)<br \/>\nPiau\u00ed: 51.477 casos (1.329 mortes)<br \/>\nRio Grande do Norte: 50.416 casos (1.777 mortes)<br \/>\nRond\u00f4nia: 38.992 casos (872 mortes)<br \/>\nAmap\u00e1: 36.468 casos (565 mortes)<br \/>\nRoraima: 32.016 casos (505 mortes)<br \/>\nMato Grosso do Sul: 24.936 casos (376 mortes)<br \/>\nTocantins: 24.824 casos (381 mortes)<br \/>\nAcre: 19.625 casos (531 mortes)<\/p>\n<p style=\"text-align: justify;\">Fonte: R7<\/p>\n","protected":false},"excerpt":{"rendered":"<p>O Brasil atingiu 92.475 mortes e 2.662.485 casos confirmados de covid-19, nesta sexta-feira (31), de acordo com balan\u00e7o atualizado pelo Minist\u00e9rio da Sa\u00fade. A taxa de letalidade, que \u00e9 o percentual de v\u00edtimas entre os doentes, est\u00e1 em 3,5%. Nas \u00faltimas 24 horas, segundo a pasta, as secretarias estaduais de sa\u00fade notificaram 1.212 \u00f3bitos e &hellip;<\/p>\n","protected":false},"author":2,"featured_media":55893,"comment_status":"open","ping_status":"open","sticky":false,"template":"","format":"standard","meta":{"content-type":"","rop_custom_images_group":[],"rop_custom_messages_group":[],"rop_publish_now":"initial","rop_publish_now_accounts":{"facebook_2648258775420054_1618374048415101":""},"rop_publish_now_history":[],"rop_publish_now_status":"pending","footnotes":"","_jetpack_memberships_contains_paid_content":false},"categories":[125],"tags":[674,857,35],"yoast_head":"<!-- This site is optimized with the Yoast SEO plugin v22.3 - https:\/\/yoast.com\/wordpress\/plugins\/seo\/ -->\n<title>Covid-19: Brasil tem 92.475 mortes e 2.662.485 casos da doen\u00e7a sist\u00eamica<\/title>\n<meta name=\"robots\" content=\"index, follow, max-snippet:-1, max-image-preview:large, max-video-preview:-1\" \/>\n<link rel=\"canonical\" href=\"https:\/\/portalnpm.com\/index.php\/2020\/08\/01\/covid-19-brasil-tem-92-475-mortes-e-2-662-485-casos-da-doenca-sistemica\/\" \/>\n<meta property=\"og:locale\" content=\"pt_BR\" \/>\n<meta property=\"og:type\" content=\"article\" \/>\n<meta property=\"og:title\" content=\"Covid-19: Brasil tem 92.475 mortes e 2.662.485 casos da doen\u00e7a sist\u00eamica\" \/>\n<meta property=\"og:description\" content=\"O Brasil atingiu 92.475 mortes e 2.662.485 casos confirmados de covid-19, nesta sexta-feira (31), de acordo com balan\u00e7o atualizado pelo Minist\u00e9rio da Sa\u00fade. A taxa de letalidade, que \u00e9 o percentual de v\u00edtimas entre os doentes, est\u00e1 em 3,5%. Nas \u00faltimas 24 horas, segundo a pasta, as secretarias estaduais de sa\u00fade notificaram 1.212 \u00f3bitos e &hellip;\" \/>\n<meta property=\"og:url\" content=\"https:\/\/portalnpm.com\/index.php\/2020\/08\/01\/covid-19-brasil-tem-92-475-mortes-e-2-662-485-casos-da-doenca-sistemica\/\" \/>\n<meta property=\"og:site_name\" content=\"Portal NPM\" \/>\n<meta property=\"article:published_time\" content=\"2020-08-01T11:00:16+00:00\" \/>\n<meta property=\"og:image\" content=\"https:\/\/portalnpm.com\/wp-content\/uploads\/2024\/01\/balanco-31072020173633265.jpeg\" \/>\n\t<meta property=\"og:image:width\" content=\"460\" \/>\n\t<meta property=\"og:image:height\" content=\"305\" \/>\n\t<meta property=\"og:image:type\" content=\"image\/jpeg\" \/>\n<meta name=\"author\" content=\"Genival Barbosa\" \/>\n<meta name=\"twitter:card\" content=\"summary_large_image\" \/>\n<meta name=\"twitter:label1\" content=\"Escrito por\" \/>\n\t<meta name=\"twitter:data1\" content=\"Genival Barbosa\" \/>\n\t<meta name=\"twitter:label2\" content=\"Est. tempo de leitura\" \/>\n\t<meta name=\"twitter:data2\" content=\"2 minutos\" \/>\n<script type=\"application\/ld+json\" class=\"yoast-schema-graph\">{\"@context\":\"https:\/\/schema.org\",\"@graph\":[{\"@type\":\"WebPage\",\"@id\":\"https:\/\/portalnpm.com\/index.php\/2020\/08\/01\/covid-19-brasil-tem-92-475-mortes-e-2-662-485-casos-da-doenca-sistemica\/\",\"url\":\"https:\/\/portalnpm.com\/index.php\/2020\/08\/01\/covid-19-brasil-tem-92-475-mortes-e-2-662-485-casos-da-doenca-sistemica\/\",\"name\":\"Covid-19: Brasil tem 92.475 mortes e 2.662.485 casos da doen\u00e7a sist\u00eamica\",\"isPartOf\":{\"@id\":\"https:\/\/portalnpm.com\/#website\"},\"primaryImageOfPage\":{\"@id\":\"https:\/\/portalnpm.com\/index.php\/2020\/08\/01\/covid-19-brasil-tem-92-475-mortes-e-2-662-485-casos-da-doenca-sistemica\/#primaryimage\"},\"image\":{\"@id\":\"https:\/\/portalnpm.com\/index.php\/2020\/08\/01\/covid-19-brasil-tem-92-475-mortes-e-2-662-485-casos-da-doenca-sistemica\/#primaryimage\"},\"thumbnailUrl\":\"https:\/\/portalnpm.com\/wp-content\/uploads\/2024\/01\/balanco-31072020173633265.jpeg\",\"datePublished\":\"2020-08-01T11:00:16+00:00\",\"dateModified\":\"2020-08-01T11:00:16+00:00\",\"author\":{\"@id\":\"https:\/\/portalnpm.com\/#\/schema\/person\/49313e563cfdefcc167f1ee4c017c294\"},\"breadcrumb\":{\"@id\":\"https:\/\/portalnpm.com\/index.php\/2020\/08\/01\/covid-19-brasil-tem-92-475-mortes-e-2-662-485-casos-da-doenca-sistemica\/#breadcrumb\"},\"inLanguage\":\"pt-BR\",\"potentialAction\":[{\"@type\":\"ReadAction\",\"target\":[\"https:\/\/portalnpm.com\/index.php\/2020\/08\/01\/covid-19-brasil-tem-92-475-mortes-e-2-662-485-casos-da-doenca-sistemica\/\"]}]},{\"@type\":\"ImageObject\",\"inLanguage\":\"pt-BR\",\"@id\":\"https:\/\/portalnpm.com\/index.php\/2020\/08\/01\/covid-19-brasil-tem-92-475-mortes-e-2-662-485-casos-da-doenca-sistemica\/#primaryimage\",\"url\":\"https:\/\/portalnpm.com\/wp-content\/uploads\/2024\/01\/balanco-31072020173633265.jpeg\",\"contentUrl\":\"https:\/\/portalnpm.com\/wp-content\/uploads\/2024\/01\/balanco-31072020173633265.jpeg\",\"width\":460,\"height\":305},{\"@type\":\"BreadcrumbList\",\"@id\":\"https:\/\/portalnpm.com\/index.php\/2020\/08\/01\/covid-19-brasil-tem-92-475-mortes-e-2-662-485-casos-da-doenca-sistemica\/#breadcrumb\",\"itemListElement\":[{\"@type\":\"ListItem\",\"position\":1,\"name\":\"In\u00edcio\",\"item\":\"https:\/\/portalnpm.com\/\"},{\"@type\":\"ListItem\",\"position\":2,\"name\":\"Covid-19: Brasil tem 92.475 mortes e 2.662.485 casos da doen\u00e7a sist\u00eamica\"}]},{\"@type\":\"WebSite\",\"@id\":\"https:\/\/portalnpm.com\/#website\",\"url\":\"https:\/\/portalnpm.com\/\",\"name\":\"Portal NPM\",\"description\":\"Not\u00edcias em Primeira M\u00e3o\",\"potentialAction\":[{\"@type\":\"SearchAction\",\"target\":{\"@type\":\"EntryPoint\",\"urlTemplate\":\"https:\/\/portalnpm.com\/?s={search_term_string}\"},\"query-input\":\"required name=search_term_string\"}],\"inLanguage\":\"pt-BR\"},{\"@type\":\"Person\",\"@id\":\"https:\/\/portalnpm.com\/#\/schema\/person\/49313e563cfdefcc167f1ee4c017c294\",\"name\":\"Genival Barbosa\",\"image\":{\"@type\":\"ImageObject\",\"inLanguage\":\"pt-BR\",\"@id\":\"https:\/\/portalnpm.com\/#\/schema\/person\/image\/\",\"url\":\"https:\/\/portalnpm.com\/wp-content\/uploads\/2024\/02\/avatar_user_2_1707743258-96x96.jpeg\",\"contentUrl\":\"https:\/\/portalnpm.com\/wp-content\/uploads\/2024\/02\/avatar_user_2_1707743258-96x96.jpeg\",\"caption\":\"Genival Barbosa\"},\"url\":\"https:\/\/portalnpm.com\/index.php\/author\/genival\/\"}]}<\/script>\n<!-- \/ Yoast SEO plugin. -->","yoast_head_json":{"title":"Covid-19: Brasil tem 92.475 mortes e 2.662.485 casos da doen\u00e7a sist\u00eamica","robots":{"index":"index","follow":"follow","max-snippet":"max-snippet:-1","max-image-preview":"max-image-preview:large","max-video-preview":"max-video-preview:-1"},"canonical":"https:\/\/portalnpm.com\/index.php\/2020\/08\/01\/covid-19-brasil-tem-92-475-mortes-e-2-662-485-casos-da-doenca-sistemica\/","og_locale":"pt_BR","og_type":"article","og_title":"Covid-19: Brasil tem 92.475 mortes e 2.662.485 casos da doen\u00e7a sist\u00eamica","og_description":"O Brasil atingiu 92.475 mortes e 2.662.485 casos confirmados de covid-19, nesta sexta-feira (31), de acordo com balan\u00e7o atualizado pelo Minist\u00e9rio da Sa\u00fade. A taxa de letalidade, que \u00e9 o percentual de v\u00edtimas entre os doentes, est\u00e1 em 3,5%. Nas \u00faltimas 24 horas, segundo a pasta, as secretarias estaduais de sa\u00fade notificaram 1.212 \u00f3bitos e &hellip;","og_url":"https:\/\/portalnpm.com\/index.php\/2020\/08\/01\/covid-19-brasil-tem-92-475-mortes-e-2-662-485-casos-da-doenca-sistemica\/","og_site_name":"Portal NPM","article_published_time":"2020-08-01T11:00:16+00:00","og_image":[{"width":460,"height":305,"url":"https:\/\/portalnpm.com\/wp-content\/uploads\/2024\/01\/balanco-31072020173633265.jpeg","type":"image\/jpeg"}],"author":"Genival Barbosa","twitter_card":"summary_large_image","twitter_misc":{"Escrito por":"Genival Barbosa","Est. tempo de leitura":"2 minutos"},"schema":{"@context":"https:\/\/schema.org","@graph":[{"@type":"WebPage","@id":"https:\/\/portalnpm.com\/index.php\/2020\/08\/01\/covid-19-brasil-tem-92-475-mortes-e-2-662-485-casos-da-doenca-sistemica\/","url":"https:\/\/portalnpm.com\/index.php\/2020\/08\/01\/covid-19-brasil-tem-92-475-mortes-e-2-662-485-casos-da-doenca-sistemica\/","name":"Covid-19: Brasil tem 92.475 mortes e 2.662.485 casos da doen\u00e7a sist\u00eamica","isPartOf":{"@id":"https:\/\/portalnpm.com\/#website"},"primaryImageOfPage":{"@id":"https:\/\/portalnpm.com\/index.php\/2020\/08\/01\/covid-19-brasil-tem-92-475-mortes-e-2-662-485-casos-da-doenca-sistemica\/#primaryimage"},"image":{"@id":"https:\/\/portalnpm.com\/index.php\/2020\/08\/01\/covid-19-brasil-tem-92-475-mortes-e-2-662-485-casos-da-doenca-sistemica\/#primaryimage"},"thumbnailUrl":"https:\/\/portalnpm.com\/wp-content\/uploads\/2024\/01\/balanco-31072020173633265.jpeg","datePublished":"2020-08-01T11:00:16+00:00","dateModified":"2020-08-01T11:00:16+00:00","author":{"@id":"https:\/\/portalnpm.com\/#\/schema\/person\/49313e563cfdefcc167f1ee4c017c294"},"breadcrumb":{"@id":"https:\/\/portalnpm.com\/index.php\/2020\/08\/01\/covid-19-brasil-tem-92-475-mortes-e-2-662-485-casos-da-doenca-sistemica\/#breadcrumb"},"inLanguage":"pt-BR","potentialAction":[{"@type":"ReadAction","target":["https:\/\/portalnpm.com\/index.php\/2020\/08\/01\/covid-19-brasil-tem-92-475-mortes-e-2-662-485-casos-da-doenca-sistemica\/"]}]},{"@type":"ImageObject","inLanguage":"pt-BR","@id":"https:\/\/portalnpm.com\/index.php\/2020\/08\/01\/covid-19-brasil-tem-92-475-mortes-e-2-662-485-casos-da-doenca-sistemica\/#primaryimage","url":"https:\/\/portalnpm.com\/wp-content\/uploads\/2024\/01\/balanco-31072020173633265.jpeg","contentUrl":"https:\/\/portalnpm.com\/wp-content\/uploads\/2024\/01\/balanco-31072020173633265.jpeg","width":460,"height":305},{"@type":"BreadcrumbList","@id":"https:\/\/portalnpm.com\/index.php\/2020\/08\/01\/covid-19-brasil-tem-92-475-mortes-e-2-662-485-casos-da-doenca-sistemica\/#breadcrumb","itemListElement":[{"@type":"ListItem","position":1,"name":"In\u00edcio","item":"https:\/\/portalnpm.com\/"},{"@type":"ListItem","position":2,"name":"Covid-19: Brasil tem 92.475 mortes e 2.662.485 casos da doen\u00e7a sist\u00eamica"}]},{"@type":"WebSite","@id":"https:\/\/portalnpm.com\/#website","url":"https:\/\/portalnpm.com\/","name":"Portal NPM","description":"Not\u00edcias em Primeira M\u00e3o","potentialAction":[{"@type":"SearchAction","target":{"@type":"EntryPoint","urlTemplate":"https:\/\/portalnpm.com\/?s={search_term_string}"},"query-input":"required name=search_term_string"}],"inLanguage":"pt-BR"},{"@type":"Person","@id":"https:\/\/portalnpm.com\/#\/schema\/person\/49313e563cfdefcc167f1ee4c017c294","name":"Genival Barbosa","image":{"@type":"ImageObject","inLanguage":"pt-BR","@id":"https:\/\/portalnpm.com\/#\/schema\/person\/image\/","url":"https:\/\/portalnpm.com\/wp-content\/uploads\/2024\/02\/avatar_user_2_1707743258-96x96.jpeg","contentUrl":"https:\/\/portalnpm.com\/wp-content\/uploads\/2024\/02\/avatar_user_2_1707743258-96x96.jpeg","caption":"Genival Barbosa"},"url":"https:\/\/portalnpm.com\/index.php\/author\/genival\/"}]}},"jetpack_sharing_enabled":true,"jetpack_featured_media_url":"https:\/\/portalnpm.com\/wp-content\/uploads\/2024\/01\/balanco-31072020173633265.jpeg","_links":{"self":[{"href":"https:\/\/portalnpm.com\/index.php\/wp-json\/wp\/v2\/posts\/55892"}],"collection":[{"href":"https:\/\/portalnpm.com\/index.php\/wp-json\/wp\/v2\/posts"}],"about":[{"href":"https:\/\/portalnpm.com\/index.php\/wp-json\/wp\/v2\/types\/post"}],"author":[{"embeddable":true,"href":"https:\/\/portalnpm.com\/index.php\/wp-json\/wp\/v2\/users\/2"}],"replies":[{"embeddable":true,"href":"https:\/\/portalnpm.com\/index.php\/wp-json\/wp\/v2\/comments?post=55892"}],"version-history":[{"count":0,"href":"https:\/\/portalnpm.com\/index.php\/wp-json\/wp\/v2\/posts\/55892\/revisions"}],"wp:featuredmedia":[{"embeddable":true,"href":"https:\/\/portalnpm.com\/index.php\/wp-json\/wp\/v2\/media\/55893"}],"wp:attachment":[{"href":"https:\/\/portalnpm.com\/index.php\/wp-json\/wp\/v2\/media?parent=55892"}],"wp:term":[{"taxonomy":"category","embeddable":true,"href":"https:\/\/portalnpm.com\/index.php\/wp-json\/wp\/v2\/categories?post=55892"},{"taxonomy":"post_tag","embeddable":true,"href":"https:\/\/portalnpm.com\/index.php\/wp-json\/wp\/v2\/tags?post=55892"}],"curies":[{"name":"wp","href":"https:\/\/api.w.org\/{rel}","templated":true}]}}