{"id":55970,"date":"2020-08-03T18:20:25","date_gmt":"2020-08-03T21:20:25","guid":{"rendered":"https:\/\/portalnpm.com\/index.php\/2020\/08\/03\/populares-encontram-corpo-de-jovem-que-se-afogou-em-acude-de-picos\/"},"modified":"2020-08-03T18:20:25","modified_gmt":"2020-08-03T21:20:25","slug":"populares-encontram-corpo-de-jovem-que-se-afogou-em-acude-de-picos","status":"publish","type":"post","link":"https:\/\/portalnpm.com\/index.php\/2020\/08\/03\/populares-encontram-corpo-de-jovem-que-se-afogou-em-acude-de-picos\/","title":{"rendered":"Populares encontram corpo de jovem que se afogou em a\u00e7ude de Picos"},"content":{"rendered":"<p style=\"text-align: justify;\">O corpo do jovem Lorran Fran\u00e7a, de 14 anos, foi encontrado na manh\u00e3 desta segunda-feira, 03 de agosto. O mesmo havia se afogado em um a\u00e7ude localizado no povoado Gameleira do Rodrigues, em Picos, na tarde de ontem, 02.<\/p>\n<p style=\"text-align: justify;\">\n<p style=\"text-align: justify;\">No momento do afogamento, Lorran estaria na companhia de dois amigos. O Corpo de Bombeiro de Picos esteve no local e iniciou as buscas, mas a noite as mesmas foram suspensas e uma equipe de mergulhadores da capital se deslocou \u00e0 cidade.<\/p>\n<p style=\"text-align: justify;\">Nas primeiras horas desta manh\u00e3 familiares se deslocaram at\u00e9 o a\u00e7ude na companhia de moradores da regi\u00e3o, que encontraram o corpo da v\u00edtima. O mesmo estava em um local de aproximadamente cinco metros de profundidade, onde havria muita lama.<\/p>\n<p style=\"text-align: justify;\">O cad\u00e1ver foi encaminhado ao Instituto M\u00e9dico Legal (IML), em Floriano, onde ser\u00e1 periciado.<\/p>\n<p style=\"text-align: justify;\"><strong>Fonte: Picos 40 Graus<\/strong><\/p>\n","protected":false},"excerpt":{"rendered":"<p>O corpo do jovem Lorran Fran\u00e7a, de 14 anos, foi encontrado na manh\u00e3 desta segunda-feira, 03 de agosto. O mesmo havia se afogado em um a\u00e7ude localizado no povoado Gameleira do Rodrigues, em Picos, na tarde de ontem, 02. No momento do afogamento, Lorran estaria na companhia de dois amigos. O Corpo de Bombeiro de &hellip;<\/p>\n","protected":false},"author":2,"featured_media":55971,"comment_status":"open","ping_status":"open","sticky":false,"template":"","format":"standard","meta":{"content-type":"","rop_custom_images_group":[],"rop_custom_messages_group":[],"rop_publish_now":"initial","rop_publish_now_accounts":{"facebook_2648258775420054_1618374048415101":""},"rop_publish_now_history":[],"rop_publish_now_status":"pending","footnotes":"","_jetpack_memberships_contains_paid_content":false},"categories":[109,127],"tags":[2353,5493,5494,3583,128,1970],"yoast_head":"<!-- This site is optimized with the Yoast SEO plugin v22.3 - https:\/\/yoast.com\/wordpress\/plugins\/seo\/ -->\n<title>Populares encontram corpo de jovem que se afogou em a\u00e7ude de Picos<\/title>\n<meta name=\"robots\" content=\"index, follow, max-snippet:-1, max-image-preview:large, max-video-preview:-1\" \/>\n<link rel=\"canonical\" href=\"https:\/\/portalnpm.com\/index.php\/2020\/08\/03\/populares-encontram-corpo-de-jovem-que-se-afogou-em-acude-de-picos\/\" \/>\n<meta property=\"og:locale\" content=\"pt_BR\" \/>\n<meta property=\"og:type\" content=\"article\" \/>\n<meta property=\"og:title\" content=\"Populares encontram corpo de jovem que se afogou em a\u00e7ude de Picos\" \/>\n<meta property=\"og:description\" content=\"O corpo do jovem Lorran Fran\u00e7a, de 14 anos, foi encontrado na manh\u00e3 desta segunda-feira, 03 de agosto. O mesmo havia se afogado em um a\u00e7ude localizado no povoado Gameleira do Rodrigues, em Picos, na tarde de ontem, 02. No momento do afogamento, Lorran estaria na companhia de dois amigos. O Corpo de Bombeiro de &hellip;\" \/>\n<meta property=\"og:url\" content=\"https:\/\/portalnpm.com\/index.php\/2020\/08\/03\/populares-encontram-corpo-de-jovem-que-se-afogou-em-acude-de-picos\/\" \/>\n<meta property=\"og:site_name\" content=\"Portal NPM\" \/>\n<meta property=\"article:published_time\" content=\"2020-08-03T21:20:25+00:00\" \/>\n<meta property=\"og:image\" content=\"https:\/\/portalnpm.com\/wp-content\/uploads\/2024\/01\/P40G-IMG-c60c3fe7f470d427e8.jpg\" \/>\n\t<meta property=\"og:image:width\" content=\"1600\" \/>\n\t<meta property=\"og:image:height\" content=\"1200\" \/>\n\t<meta property=\"og:image:type\" content=\"image\/jpeg\" \/>\n<meta name=\"author\" content=\"Genival Barbosa\" \/>\n<meta name=\"twitter:card\" content=\"summary_large_image\" \/>\n<meta name=\"twitter:label1\" content=\"Escrito por\" \/>\n\t<meta name=\"twitter:data1\" content=\"Genival Barbosa\" \/>\n\t<meta name=\"twitter:label2\" content=\"Est. tempo de leitura\" \/>\n\t<meta name=\"twitter:data2\" content=\"1 minuto\" \/>\n<script type=\"application\/ld+json\" class=\"yoast-schema-graph\">{\"@context\":\"https:\/\/schema.org\",\"@graph\":[{\"@type\":\"WebPage\",\"@id\":\"https:\/\/portalnpm.com\/index.php\/2020\/08\/03\/populares-encontram-corpo-de-jovem-que-se-afogou-em-acude-de-picos\/\",\"url\":\"https:\/\/portalnpm.com\/index.php\/2020\/08\/03\/populares-encontram-corpo-de-jovem-que-se-afogou-em-acude-de-picos\/\",\"name\":\"Populares encontram corpo de jovem que se afogou em a\u00e7ude de Picos\",\"isPartOf\":{\"@id\":\"https:\/\/portalnpm.com\/#website\"},\"primaryImageOfPage\":{\"@id\":\"https:\/\/portalnpm.com\/index.php\/2020\/08\/03\/populares-encontram-corpo-de-jovem-que-se-afogou-em-acude-de-picos\/#primaryimage\"},\"image\":{\"@id\":\"https:\/\/portalnpm.com\/index.php\/2020\/08\/03\/populares-encontram-corpo-de-jovem-que-se-afogou-em-acude-de-picos\/#primaryimage\"},\"thumbnailUrl\":\"https:\/\/portalnpm.com\/wp-content\/uploads\/2024\/01\/P40G-IMG-c60c3fe7f470d427e8.jpg\",\"datePublished\":\"2020-08-03T21:20:25+00:00\",\"dateModified\":\"2020-08-03T21:20:25+00:00\",\"author\":{\"@id\":\"https:\/\/portalnpm.com\/#\/schema\/person\/49313e563cfdefcc167f1ee4c017c294\"},\"breadcrumb\":{\"@id\":\"https:\/\/portalnpm.com\/index.php\/2020\/08\/03\/populares-encontram-corpo-de-jovem-que-se-afogou-em-acude-de-picos\/#breadcrumb\"},\"inLanguage\":\"pt-BR\",\"potentialAction\":[{\"@type\":\"ReadAction\",\"target\":[\"https:\/\/portalnpm.com\/index.php\/2020\/08\/03\/populares-encontram-corpo-de-jovem-que-se-afogou-em-acude-de-picos\/\"]}]},{\"@type\":\"ImageObject\",\"inLanguage\":\"pt-BR\",\"@id\":\"https:\/\/portalnpm.com\/index.php\/2020\/08\/03\/populares-encontram-corpo-de-jovem-que-se-afogou-em-acude-de-picos\/#primaryimage\",\"url\":\"https:\/\/portalnpm.com\/wp-content\/uploads\/2024\/01\/P40G-IMG-c60c3fe7f470d427e8.jpg\",\"contentUrl\":\"https:\/\/portalnpm.com\/wp-content\/uploads\/2024\/01\/P40G-IMG-c60c3fe7f470d427e8.jpg\",\"width\":1600,\"height\":1200},{\"@type\":\"BreadcrumbList\",\"@id\":\"https:\/\/portalnpm.com\/index.php\/2020\/08\/03\/populares-encontram-corpo-de-jovem-que-se-afogou-em-acude-de-picos\/#breadcrumb\",\"itemListElement\":[{\"@type\":\"ListItem\",\"position\":1,\"name\":\"In\u00edcio\",\"item\":\"https:\/\/portalnpm.com\/\"},{\"@type\":\"ListItem\",\"position\":2,\"name\":\"Populares encontram corpo de jovem que se afogou em a\u00e7ude de Picos\"}]},{\"@type\":\"WebSite\",\"@id\":\"https:\/\/portalnpm.com\/#website\",\"url\":\"https:\/\/portalnpm.com\/\",\"name\":\"Portal NPM\",\"description\":\"Not\u00edcias em Primeira M\u00e3o\",\"potentialAction\":[{\"@type\":\"SearchAction\",\"target\":{\"@type\":\"EntryPoint\",\"urlTemplate\":\"https:\/\/portalnpm.com\/?s={search_term_string}\"},\"query-input\":\"required name=search_term_string\"}],\"inLanguage\":\"pt-BR\"},{\"@type\":\"Person\",\"@id\":\"https:\/\/portalnpm.com\/#\/schema\/person\/49313e563cfdefcc167f1ee4c017c294\",\"name\":\"Genival Barbosa\",\"image\":{\"@type\":\"ImageObject\",\"inLanguage\":\"pt-BR\",\"@id\":\"https:\/\/portalnpm.com\/#\/schema\/person\/image\/\",\"url\":\"https:\/\/portalnpm.com\/wp-content\/uploads\/2024\/02\/avatar_user_2_1707743258-96x96.jpeg\",\"contentUrl\":\"https:\/\/portalnpm.com\/wp-content\/uploads\/2024\/02\/avatar_user_2_1707743258-96x96.jpeg\",\"caption\":\"Genival Barbosa\"},\"url\":\"https:\/\/portalnpm.com\/index.php\/author\/genival\/\"}]}<\/script>\n<!-- \/ Yoast SEO plugin. -->","yoast_head_json":{"title":"Populares encontram corpo de jovem que se afogou em a\u00e7ude de Picos","robots":{"index":"index","follow":"follow","max-snippet":"max-snippet:-1","max-image-preview":"max-image-preview:large","max-video-preview":"max-video-preview:-1"},"canonical":"https:\/\/portalnpm.com\/index.php\/2020\/08\/03\/populares-encontram-corpo-de-jovem-que-se-afogou-em-acude-de-picos\/","og_locale":"pt_BR","og_type":"article","og_title":"Populares encontram corpo de jovem que se afogou em a\u00e7ude de Picos","og_description":"O corpo do jovem Lorran Fran\u00e7a, de 14 anos, foi encontrado na manh\u00e3 desta segunda-feira, 03 de agosto. O mesmo havia se afogado em um a\u00e7ude localizado no povoado Gameleira do Rodrigues, em Picos, na tarde de ontem, 02. No momento do afogamento, Lorran estaria na companhia de dois amigos. O Corpo de Bombeiro de &hellip;","og_url":"https:\/\/portalnpm.com\/index.php\/2020\/08\/03\/populares-encontram-corpo-de-jovem-que-se-afogou-em-acude-de-picos\/","og_site_name":"Portal NPM","article_published_time":"2020-08-03T21:20:25+00:00","og_image":[{"width":1600,"height":1200,"url":"https:\/\/portalnpm.com\/wp-content\/uploads\/2024\/01\/P40G-IMG-c60c3fe7f470d427e8.jpg","type":"image\/jpeg"}],"author":"Genival Barbosa","twitter_card":"summary_large_image","twitter_misc":{"Escrito por":"Genival Barbosa","Est. tempo de leitura":"1 minuto"},"schema":{"@context":"https:\/\/schema.org","@graph":[{"@type":"WebPage","@id":"https:\/\/portalnpm.com\/index.php\/2020\/08\/03\/populares-encontram-corpo-de-jovem-que-se-afogou-em-acude-de-picos\/","url":"https:\/\/portalnpm.com\/index.php\/2020\/08\/03\/populares-encontram-corpo-de-jovem-que-se-afogou-em-acude-de-picos\/","name":"Populares encontram corpo de jovem que se afogou em a\u00e7ude de Picos","isPartOf":{"@id":"https:\/\/portalnpm.com\/#website"},"primaryImageOfPage":{"@id":"https:\/\/portalnpm.com\/index.php\/2020\/08\/03\/populares-encontram-corpo-de-jovem-que-se-afogou-em-acude-de-picos\/#primaryimage"},"image":{"@id":"https:\/\/portalnpm.com\/index.php\/2020\/08\/03\/populares-encontram-corpo-de-jovem-que-se-afogou-em-acude-de-picos\/#primaryimage"},"thumbnailUrl":"https:\/\/portalnpm.com\/wp-content\/uploads\/2024\/01\/P40G-IMG-c60c3fe7f470d427e8.jpg","datePublished":"2020-08-03T21:20:25+00:00","dateModified":"2020-08-03T21:20:25+00:00","author":{"@id":"https:\/\/portalnpm.com\/#\/schema\/person\/49313e563cfdefcc167f1ee4c017c294"},"breadcrumb":{"@id":"https:\/\/portalnpm.com\/index.php\/2020\/08\/03\/populares-encontram-corpo-de-jovem-que-se-afogou-em-acude-de-picos\/#breadcrumb"},"inLanguage":"pt-BR","potentialAction":[{"@type":"ReadAction","target":["https:\/\/portalnpm.com\/index.php\/2020\/08\/03\/populares-encontram-corpo-de-jovem-que-se-afogou-em-acude-de-picos\/"]}]},{"@type":"ImageObject","inLanguage":"pt-BR","@id":"https:\/\/portalnpm.com\/index.php\/2020\/08\/03\/populares-encontram-corpo-de-jovem-que-se-afogou-em-acude-de-picos\/#primaryimage","url":"https:\/\/portalnpm.com\/wp-content\/uploads\/2024\/01\/P40G-IMG-c60c3fe7f470d427e8.jpg","contentUrl":"https:\/\/portalnpm.com\/wp-content\/uploads\/2024\/01\/P40G-IMG-c60c3fe7f470d427e8.jpg","width":1600,"height":1200},{"@type":"BreadcrumbList","@id":"https:\/\/portalnpm.com\/index.php\/2020\/08\/03\/populares-encontram-corpo-de-jovem-que-se-afogou-em-acude-de-picos\/#breadcrumb","itemListElement":[{"@type":"ListItem","position":1,"name":"In\u00edcio","item":"https:\/\/portalnpm.com\/"},{"@type":"ListItem","position":2,"name":"Populares encontram corpo de jovem que se afogou em a\u00e7ude de Picos"}]},{"@type":"WebSite","@id":"https:\/\/portalnpm.com\/#website","url":"https:\/\/portalnpm.com\/","name":"Portal NPM","description":"Not\u00edcias em Primeira M\u00e3o","potentialAction":[{"@type":"SearchAction","target":{"@type":"EntryPoint","urlTemplate":"https:\/\/portalnpm.com\/?s={search_term_string}"},"query-input":"required name=search_term_string"}],"inLanguage":"pt-BR"},{"@type":"Person","@id":"https:\/\/portalnpm.com\/#\/schema\/person\/49313e563cfdefcc167f1ee4c017c294","name":"Genival Barbosa","image":{"@type":"ImageObject","inLanguage":"pt-BR","@id":"https:\/\/portalnpm.com\/#\/schema\/person\/image\/","url":"https:\/\/portalnpm.com\/wp-content\/uploads\/2024\/02\/avatar_user_2_1707743258-96x96.jpeg","contentUrl":"https:\/\/portalnpm.com\/wp-content\/uploads\/2024\/02\/avatar_user_2_1707743258-96x96.jpeg","caption":"Genival Barbosa"},"url":"https:\/\/portalnpm.com\/index.php\/author\/genival\/"}]}},"jetpack_sharing_enabled":true,"jetpack_featured_media_url":"https:\/\/portalnpm.com\/wp-content\/uploads\/2024\/01\/P40G-IMG-c60c3fe7f470d427e8.jpg","_links":{"self":[{"href":"https:\/\/portalnpm.com\/index.php\/wp-json\/wp\/v2\/posts\/55970"}],"collection":[{"href":"https:\/\/portalnpm.com\/index.php\/wp-json\/wp\/v2\/posts"}],"about":[{"href":"https:\/\/portalnpm.com\/index.php\/wp-json\/wp\/v2\/types\/post"}],"author":[{"embeddable":true,"href":"https:\/\/portalnpm.com\/index.php\/wp-json\/wp\/v2\/users\/2"}],"replies":[{"embeddable":true,"href":"https:\/\/portalnpm.com\/index.php\/wp-json\/wp\/v2\/comments?post=55970"}],"version-history":[{"count":0,"href":"https:\/\/portalnpm.com\/index.php\/wp-json\/wp\/v2\/posts\/55970\/revisions"}],"wp:featuredmedia":[{"embeddable":true,"href":"https:\/\/portalnpm.com\/index.php\/wp-json\/wp\/v2\/media\/55971"}],"wp:attachment":[{"href":"https:\/\/portalnpm.com\/index.php\/wp-json\/wp\/v2\/media?parent=55970"}],"wp:term":[{"taxonomy":"category","embeddable":true,"href":"https:\/\/portalnpm.com\/index.php\/wp-json\/wp\/v2\/categories?post=55970"},{"taxonomy":"post_tag","embeddable":true,"href":"https:\/\/portalnpm.com\/index.php\/wp-json\/wp\/v2\/tags?post=55970"}],"curies":[{"name":"wp","href":"https:\/\/api.w.org\/{rel}","templated":true}]}}