{"id":56196,"date":"2020-08-08T08:02:33","date_gmt":"2020-08-08T11:02:33","guid":{"rendered":"https:\/\/portalnpm.com\/index.php\/2020\/08\/08\/secretaria-de-saude-de-picos-registra-mais-um-obito-em-decorrencia-da-covid-19\/"},"modified":"2024-01-15T19:16:24","modified_gmt":"2024-01-15T22:16:24","slug":"secretaria-de-saude-de-picos-registra-mais-um-obito-em-decorrencia-da-covid-19","status":"publish","type":"post","link":"https:\/\/portalnpm.com\/index.php\/2020\/08\/08\/secretaria-de-saude-de-picos-registra-mais-um-obito-em-decorrencia-da-covid-19\/","title":{"rendered":"Secretaria de Sa\u00fade de Picos registra mais um \u00f3bito em decorr\u00eancia da Covid-19"},"content":{"rendered":"<p><p style=\"text-align: justify;\">A Secretaria Municipal de Sa&uacute;de de Picos (SMS), por meio da Coordena&ccedil;&atilde;o de Vigil&acirc;ncia Epidemiol&oacute;gica, divulgou na noite desta sexta-feira (07), mais um boletim informativo das ocorr&ecirc;ncias dos novos casos de coronav&iacute;rus das &uacute;ltimas 24 horas no munic&iacute;pio, onde registrou mais um &oacute;bito em decorr&ecirc;ncia do coronav&iacute;rus, sendo agora o trig&eacute;simo primeiro.<\/p>\n<p style=\"text-align: justify;\">\n<p style=\"text-align: justify;\">De acordo com o novo levantamento da secretaria de Sa&uacute;de, o quadro &eacute; o seguinte: Novos casos de covid &ndash; 39; Pessoas curadas at&eacute; agora &ndash; 1287; &Oacute;bitos at&eacute; o momento &ndash; 31. Total geral de casos registrados de covid em Picos &ndash; 2212.<\/p>\n<p style=\"text-align: justify;\">Esse foi o trig&eacute;simo primeiro &oacute;bito registrado pela secretaria de Sa&uacute;de, foi em decorr&ecirc;ncia da Covid-19, pois trata-se de uma senhora, 84 anos, tinha hipertens&atilde;o e diabetes. Ela estava internada na UTI do Hospital Regional Justino Luz que faleceu, a mesma residia no Bela Vista (Aerol&acirc;ndia).<\/p>\n<p style=\"text-align: justify;\">A secretaria divulgou tamb&eacute;m os bairros e localidades que j&aacute; foram registrados os casos de covid no munic&iacute;pio de Picos.<\/p>\n<p style=\"text-align: justify;\"><span style=\"font-size: 20px;\"><strong>Veja a rela&ccedil;&atilde;o abaixo:<\/strong><\/span><\/p>\n<p style=\"text-align: justify;\">Bairros: Aerol&acirc;ndia; Aroeiras do Matadouro; Baixio de Ipueiras; Bela Vista; Belo Norte; Boa Vista; Boa Sorte; Bomba; Canto da V&aacute;rzea; Catavento; Centro; Cidade de Deus; Conduru; DNER; Ema&uacute;s; Jardim Natal; Jardim Horizonte; Junco; Ipueiras; Lousinho Monteiro; Malva; Morada do Sol; Morada Nova; Morro da Macambira; Paraibinha; Pantanal; Paroquial; Parque de Exposi&ccedil;&atilde;o; Passagem das Pedras; Pedrinhas; S&atilde;o Jos&eacute;; S&atilde;o Sebasti&atilde;o; S&atilde;o Vicente.<\/p>\n<p style=\"text-align: justify;\">Localidades: Altamira; Alto do Morro; Anjical dos Domingos; Bocol&ocirc;; Bugi dos Almondes; Brejinho; Cajazeiras dos Gon&ccedil;alves; Carnaibas &#8211; I; Capit&atilde;o de Campos; Curralinho; Cipauba; Cristovinho; Chapada do Mocambo; Curralinho; F&aacute;tima; F&aacute;tima do Piau&iacute;; Gameleira dos Galdinos; Gameleira dos Rodrigues; Lagoa Comprida; Lagoa Grande; Mirol&acirc;ndia; Morrinhos; Morro da Macambira; Ponta D`&aacute;gua; Queimada da Ema; Samambaia; Tabuleiro dos Pios; Torr&otilde;es; Umar&iacute;; Valpara&iacute;so; Vigia.<\/p>\n<p style=\"text-align: justify;\"><span style=\"font-size: 20px;\"><strong>Boletim Informativo da Secretaria Municipal de Sa&uacute;de<\/strong><\/span><\/p>\n<p style=\"text-align: justify;\"><img fetchpriority=\"high\" decoding=\"async\" class=\"alignnone size-full wp-image-23875\" src=\"https:\/\/portalnpm.com\/wp-content\/uploads\/2018\/07\/SAUDE1.jpeg\" alt=\"\" width=\"960\" height=\"1200\"><br \/>\nO Hospital Regional Justino Luz (HRJL) divulgou novo boletim na noite desta sexta-feira 07 de agosto de 2020.<\/p>\n<p style=\"text-align: justify;\">Na UTI de S&iacute;ndrome Respirat&oacute;ria Aguda Grave, est&atilde;o internados 13 pacientes;<\/p>\n<p style=\"text-align: justify;\">&bull; Picos (05 Positivos)<\/p>\n<p style=\"text-align: justify;\">&bull; Santa Cruz do Piau&iacute; (02 positivos)<\/p>\n<p style=\"text-align: justify;\">&bull; Geminiano (01 suspeito &#8211; Aguardando resultado de exame)<\/p>\n<p style=\"text-align: justify;\">&bull; Bel&eacute;m do Piau&iacute; (01 positivo)<\/p>\n<p style=\"text-align: justify;\">&bull; Queimada Nova (01 positivo)<\/p>\n<p style=\"text-align: justify;\">&bull; S&atilde;o Jo&atilde;o da Canabrava (01 positivo)<\/p>\n<p style=\"text-align: justify;\">&bull; Paulistana (01 negativo)<\/p>\n<p style=\"text-align: justify;\">&bull; Bocaina (01 positivo)<\/p>\n<p style=\"text-align: justify;\">Na enfermaria est&atilde;o internados 15 pacientes;<\/p>\n<p style=\"text-align: justify;\">&bull; Picos (07 positivos e 01 suspeito)<\/p>\n<p style=\"text-align: justify;\">&bull; Valen&ccedil;a do Piau&iacute; (01 positivo)<\/p>\n<p style=\"text-align: justify;\">&bull; Monse nhor Hip&oacute;lito (01 positivo)<\/p>\n<p style=\"text-align: justify;\">&bull; Geminiano (01 positivo)<\/p>\n<p style=\"text-align: justify;\">&bull; Elesb&atilde;o Veloso (01 positivo)<\/p>\n<p style=\"text-align: justify;\">&bull; Sim&otilde;es (01 suspeito)<\/p>\n<p style=\"text-align: justify;\">&bull; Marcol&acirc;ndia (01 positivo)<\/p>\n<p style=\"text-align: justify;\">&bull; Francisco Santos (01 positivo)<\/p>\n<p style=\"text-align: justify;\">*Tr&ecirc;s pacientes da enfermaria foram transferidos para UTI (Picos, S&atilde;o Jo&atilde;o da Canabrava e Bocaina).<\/p>\n<p style=\"text-align: justify;\"><span style=\"font-size: 20px;\"><strong>Altas<\/strong><\/span><\/p>\n<p style=\"text-align: justify;\">Tr&ecirc;s pacientes receberam alta. Um de Geminiano testou negativo para covid e dois de Picos que testaram positivo e est&atilde;o recuperados.<\/p>\n<p style=\"text-align: justify;\"><span style=\"font-size: 20px;\"><strong>&Oacute;bito<\/strong><\/span><\/p>\n<p style=\"text-align: justify;\">Dois pacientes que estavam internados na UTI do setor SRAG n&atilde;o resistiram as complica&ccedil;&otilde;es causadas pelo novo coronav&iacute;rus e vieram a &oacute;bito. Um paciente de Picos do sexo feminino, 84 anos com hist&oacute;rico de hipertens&atilde;o e diabetes e um paciente de Uru&ccedil;u&iacute; do sexo feminino, 74 anos, hipertensa e diab&eacute;tica.<\/p>\n<p style=\"text-align: justify;\">*A paciente de Santa Cruz do Piau&iacute;, 73 anos que faleceu ontem (06\/08\/2020) como um caso suspeito, o resultado do exame saiu hoje e testou positivo para covid.<\/p>\n<p style=\"text-align: justify;\"><img decoding=\"async\" class=\"alignnone size-full wp-image-23876\" src=\"https:\/\/portalnpm.com\/wp-content\/uploads\/2018\/09\/jair-bolsonaro-hospital.jpg\" alt=\"\" width=\"1080\" height=\"1080\"><\/p>\n<p style=\"text-align: justify;\"><strong>Fonte: Agora ED<\/strong><\/p><\/p>\n","protected":false},"excerpt":{"rendered":"<p>A Secretaria Municipal de Sa&uacute;de de Picos (SMS), por meio da Coordena&ccedil;&atilde;o de Vigil&acirc;ncia Epidemiol&oacute;gica, divulgou na noite desta sexta-feira (07), mais um boletim informativo das ocorr&ecirc;ncias dos novos casos de coronav&iacute;rus das &uacute;ltimas 24 horas no munic&iacute;pio, onde registrou mais um &oacute;bito em decorr&ecirc;ncia do coronav&iacute;rus, sendo agora o trig&eacute;simo primeiro. De acordo com &hellip;<\/p>\n","protected":false},"author":2,"featured_media":56197,"comment_status":"open","ping_status":"open","sticky":false,"template":"","format":"standard","meta":{"content-type":"","rop_custom_images_group":[],"rop_custom_messages_group":[],"rop_publish_now":"initial","rop_publish_now_accounts":{"facebook_2648258775420054_1618374048415101":""},"rop_publish_now_history":[],"rop_publish_now_status":"pending","footnotes":"","_jetpack_memberships_contains_paid_content":false},"categories":[109,127],"tags":[1113,128,5613,5614],"yoast_head":"<!-- This site is optimized with the Yoast SEO plugin v22.3 - https:\/\/yoast.com\/wordpress\/plugins\/seo\/ -->\n<title>Secretaria de Sa\u00fade de Picos registra mais um \u00f3bito em decorr\u00eancia da Covid-19<\/title>\n<meta name=\"robots\" content=\"index, follow, max-snippet:-1, max-image-preview:large, max-video-preview:-1\" \/>\n<link rel=\"canonical\" href=\"https:\/\/portalnpm.com\/index.php\/2020\/08\/08\/secretaria-de-saude-de-picos-registra-mais-um-obito-em-decorrencia-da-covid-19\/\" \/>\n<meta property=\"og:locale\" content=\"pt_BR\" \/>\n<meta property=\"og:type\" content=\"article\" \/>\n<meta property=\"og:title\" content=\"Secretaria de Sa\u00fade de Picos registra mais um \u00f3bito em decorr\u00eancia da Covid-19\" \/>\n<meta property=\"og:description\" content=\"A Secretaria Municipal de Sa&uacute;de de Picos (SMS), por meio da Coordena&ccedil;&atilde;o de Vigil&acirc;ncia Epidemiol&oacute;gica, divulgou na noite desta sexta-feira (07), mais um boletim informativo das ocorr&ecirc;ncias dos novos casos de coronav&iacute;rus das &uacute;ltimas 24 horas no munic&iacute;pio, onde registrou mais um &oacute;bito em decorr&ecirc;ncia do coronav&iacute;rus, sendo agora o trig&eacute;simo primeiro. De acordo com &hellip;\" \/>\n<meta property=\"og:url\" content=\"https:\/\/portalnpm.com\/index.php\/2020\/08\/08\/secretaria-de-saude-de-picos-registra-mais-um-obito-em-decorrencia-da-covid-19\/\" \/>\n<meta property=\"og:site_name\" content=\"Portal NPM\" \/>\n<meta property=\"article:published_time\" content=\"2020-08-08T11:02:33+00:00\" \/>\n<meta property=\"article:modified_time\" content=\"2024-01-15T22:16:24+00:00\" \/>\n<meta property=\"og:image\" content=\"https:\/\/portalnpm.com\/wp-content\/uploads\/2024\/01\/76-Picos-0025-768x510-1.jpg\" \/>\n\t<meta property=\"og:image:width\" content=\"768\" \/>\n\t<meta property=\"og:image:height\" content=\"510\" \/>\n\t<meta property=\"og:image:type\" content=\"image\/jpeg\" \/>\n<meta name=\"author\" content=\"Genival Barbosa\" \/>\n<meta name=\"twitter:card\" content=\"summary_large_image\" \/>\n<meta name=\"twitter:label1\" content=\"Escrito por\" \/>\n\t<meta name=\"twitter:data1\" content=\"Genival Barbosa\" \/>\n\t<meta name=\"twitter:label2\" content=\"Est. tempo de leitura\" \/>\n\t<meta name=\"twitter:data2\" content=\"3 minutos\" \/>\n<script type=\"application\/ld+json\" class=\"yoast-schema-graph\">{\"@context\":\"https:\/\/schema.org\",\"@graph\":[{\"@type\":\"WebPage\",\"@id\":\"https:\/\/portalnpm.com\/index.php\/2020\/08\/08\/secretaria-de-saude-de-picos-registra-mais-um-obito-em-decorrencia-da-covid-19\/\",\"url\":\"https:\/\/portalnpm.com\/index.php\/2020\/08\/08\/secretaria-de-saude-de-picos-registra-mais-um-obito-em-decorrencia-da-covid-19\/\",\"name\":\"Secretaria de Sa\u00fade de Picos registra mais um \u00f3bito em decorr\u00eancia da Covid-19\",\"isPartOf\":{\"@id\":\"https:\/\/portalnpm.com\/#website\"},\"primaryImageOfPage\":{\"@id\":\"https:\/\/portalnpm.com\/index.php\/2020\/08\/08\/secretaria-de-saude-de-picos-registra-mais-um-obito-em-decorrencia-da-covid-19\/#primaryimage\"},\"image\":{\"@id\":\"https:\/\/portalnpm.com\/index.php\/2020\/08\/08\/secretaria-de-saude-de-picos-registra-mais-um-obito-em-decorrencia-da-covid-19\/#primaryimage\"},\"thumbnailUrl\":\"https:\/\/portalnpm.com\/wp-content\/uploads\/2024\/01\/76-Picos-0025-768x510-1.jpg\",\"datePublished\":\"2020-08-08T11:02:33+00:00\",\"dateModified\":\"2024-01-15T22:16:24+00:00\",\"author\":{\"@id\":\"https:\/\/portalnpm.com\/#\/schema\/person\/49313e563cfdefcc167f1ee4c017c294\"},\"breadcrumb\":{\"@id\":\"https:\/\/portalnpm.com\/index.php\/2020\/08\/08\/secretaria-de-saude-de-picos-registra-mais-um-obito-em-decorrencia-da-covid-19\/#breadcrumb\"},\"inLanguage\":\"pt-BR\",\"potentialAction\":[{\"@type\":\"ReadAction\",\"target\":[\"https:\/\/portalnpm.com\/index.php\/2020\/08\/08\/secretaria-de-saude-de-picos-registra-mais-um-obito-em-decorrencia-da-covid-19\/\"]}]},{\"@type\":\"ImageObject\",\"inLanguage\":\"pt-BR\",\"@id\":\"https:\/\/portalnpm.com\/index.php\/2020\/08\/08\/secretaria-de-saude-de-picos-registra-mais-um-obito-em-decorrencia-da-covid-19\/#primaryimage\",\"url\":\"https:\/\/portalnpm.com\/wp-content\/uploads\/2024\/01\/76-Picos-0025-768x510-1.jpg\",\"contentUrl\":\"https:\/\/portalnpm.com\/wp-content\/uploads\/2024\/01\/76-Picos-0025-768x510-1.jpg\",\"width\":768,\"height\":510},{\"@type\":\"BreadcrumbList\",\"@id\":\"https:\/\/portalnpm.com\/index.php\/2020\/08\/08\/secretaria-de-saude-de-picos-registra-mais-um-obito-em-decorrencia-da-covid-19\/#breadcrumb\",\"itemListElement\":[{\"@type\":\"ListItem\",\"position\":1,\"name\":\"In\u00edcio\",\"item\":\"https:\/\/portalnpm.com\/\"},{\"@type\":\"ListItem\",\"position\":2,\"name\":\"Secretaria de Sa\u00fade de Picos registra mais um \u00f3bito em decorr\u00eancia da Covid-19\"}]},{\"@type\":\"WebSite\",\"@id\":\"https:\/\/portalnpm.com\/#website\",\"url\":\"https:\/\/portalnpm.com\/\",\"name\":\"Portal NPM\",\"description\":\"Not\u00edcias em Primeira M\u00e3o\",\"potentialAction\":[{\"@type\":\"SearchAction\",\"target\":{\"@type\":\"EntryPoint\",\"urlTemplate\":\"https:\/\/portalnpm.com\/?s={search_term_string}\"},\"query-input\":\"required name=search_term_string\"}],\"inLanguage\":\"pt-BR\"},{\"@type\":\"Person\",\"@id\":\"https:\/\/portalnpm.com\/#\/schema\/person\/49313e563cfdefcc167f1ee4c017c294\",\"name\":\"Genival Barbosa\",\"image\":{\"@type\":\"ImageObject\",\"inLanguage\":\"pt-BR\",\"@id\":\"https:\/\/portalnpm.com\/#\/schema\/person\/image\/\",\"url\":\"https:\/\/portalnpm.com\/wp-content\/uploads\/2024\/02\/avatar_user_2_1707743258-96x96.jpeg\",\"contentUrl\":\"https:\/\/portalnpm.com\/wp-content\/uploads\/2024\/02\/avatar_user_2_1707743258-96x96.jpeg\",\"caption\":\"Genival Barbosa\"},\"url\":\"https:\/\/portalnpm.com\/index.php\/author\/genival\/\"}]}<\/script>\n<!-- \/ Yoast SEO plugin. -->","yoast_head_json":{"title":"Secretaria de Sa\u00fade de Picos registra mais um \u00f3bito em decorr\u00eancia da Covid-19","robots":{"index":"index","follow":"follow","max-snippet":"max-snippet:-1","max-image-preview":"max-image-preview:large","max-video-preview":"max-video-preview:-1"},"canonical":"https:\/\/portalnpm.com\/index.php\/2020\/08\/08\/secretaria-de-saude-de-picos-registra-mais-um-obito-em-decorrencia-da-covid-19\/","og_locale":"pt_BR","og_type":"article","og_title":"Secretaria de Sa\u00fade de Picos registra mais um \u00f3bito em decorr\u00eancia da Covid-19","og_description":"A Secretaria Municipal de Sa&uacute;de de Picos (SMS), por meio da Coordena&ccedil;&atilde;o de Vigil&acirc;ncia Epidemiol&oacute;gica, divulgou na noite desta sexta-feira (07), mais um boletim informativo das ocorr&ecirc;ncias dos novos casos de coronav&iacute;rus das &uacute;ltimas 24 horas no munic&iacute;pio, onde registrou mais um &oacute;bito em decorr&ecirc;ncia do coronav&iacute;rus, sendo agora o trig&eacute;simo primeiro. De acordo com &hellip;","og_url":"https:\/\/portalnpm.com\/index.php\/2020\/08\/08\/secretaria-de-saude-de-picos-registra-mais-um-obito-em-decorrencia-da-covid-19\/","og_site_name":"Portal NPM","article_published_time":"2020-08-08T11:02:33+00:00","article_modified_time":"2024-01-15T22:16:24+00:00","og_image":[{"width":768,"height":510,"url":"https:\/\/portalnpm.com\/wp-content\/uploads\/2024\/01\/76-Picos-0025-768x510-1.jpg","type":"image\/jpeg"}],"author":"Genival Barbosa","twitter_card":"summary_large_image","twitter_misc":{"Escrito por":"Genival Barbosa","Est. tempo de leitura":"3 minutos"},"schema":{"@context":"https:\/\/schema.org","@graph":[{"@type":"WebPage","@id":"https:\/\/portalnpm.com\/index.php\/2020\/08\/08\/secretaria-de-saude-de-picos-registra-mais-um-obito-em-decorrencia-da-covid-19\/","url":"https:\/\/portalnpm.com\/index.php\/2020\/08\/08\/secretaria-de-saude-de-picos-registra-mais-um-obito-em-decorrencia-da-covid-19\/","name":"Secretaria de Sa\u00fade de Picos registra mais um \u00f3bito em decorr\u00eancia da Covid-19","isPartOf":{"@id":"https:\/\/portalnpm.com\/#website"},"primaryImageOfPage":{"@id":"https:\/\/portalnpm.com\/index.php\/2020\/08\/08\/secretaria-de-saude-de-picos-registra-mais-um-obito-em-decorrencia-da-covid-19\/#primaryimage"},"image":{"@id":"https:\/\/portalnpm.com\/index.php\/2020\/08\/08\/secretaria-de-saude-de-picos-registra-mais-um-obito-em-decorrencia-da-covid-19\/#primaryimage"},"thumbnailUrl":"https:\/\/portalnpm.com\/wp-content\/uploads\/2024\/01\/76-Picos-0025-768x510-1.jpg","datePublished":"2020-08-08T11:02:33+00:00","dateModified":"2024-01-15T22:16:24+00:00","author":{"@id":"https:\/\/portalnpm.com\/#\/schema\/person\/49313e563cfdefcc167f1ee4c017c294"},"breadcrumb":{"@id":"https:\/\/portalnpm.com\/index.php\/2020\/08\/08\/secretaria-de-saude-de-picos-registra-mais-um-obito-em-decorrencia-da-covid-19\/#breadcrumb"},"inLanguage":"pt-BR","potentialAction":[{"@type":"ReadAction","target":["https:\/\/portalnpm.com\/index.php\/2020\/08\/08\/secretaria-de-saude-de-picos-registra-mais-um-obito-em-decorrencia-da-covid-19\/"]}]},{"@type":"ImageObject","inLanguage":"pt-BR","@id":"https:\/\/portalnpm.com\/index.php\/2020\/08\/08\/secretaria-de-saude-de-picos-registra-mais-um-obito-em-decorrencia-da-covid-19\/#primaryimage","url":"https:\/\/portalnpm.com\/wp-content\/uploads\/2024\/01\/76-Picos-0025-768x510-1.jpg","contentUrl":"https:\/\/portalnpm.com\/wp-content\/uploads\/2024\/01\/76-Picos-0025-768x510-1.jpg","width":768,"height":510},{"@type":"BreadcrumbList","@id":"https:\/\/portalnpm.com\/index.php\/2020\/08\/08\/secretaria-de-saude-de-picos-registra-mais-um-obito-em-decorrencia-da-covid-19\/#breadcrumb","itemListElement":[{"@type":"ListItem","position":1,"name":"In\u00edcio","item":"https:\/\/portalnpm.com\/"},{"@type":"ListItem","position":2,"name":"Secretaria de Sa\u00fade de Picos registra mais um \u00f3bito em decorr\u00eancia da Covid-19"}]},{"@type":"WebSite","@id":"https:\/\/portalnpm.com\/#website","url":"https:\/\/portalnpm.com\/","name":"Portal NPM","description":"Not\u00edcias em Primeira M\u00e3o","potentialAction":[{"@type":"SearchAction","target":{"@type":"EntryPoint","urlTemplate":"https:\/\/portalnpm.com\/?s={search_term_string}"},"query-input":"required name=search_term_string"}],"inLanguage":"pt-BR"},{"@type":"Person","@id":"https:\/\/portalnpm.com\/#\/schema\/person\/49313e563cfdefcc167f1ee4c017c294","name":"Genival Barbosa","image":{"@type":"ImageObject","inLanguage":"pt-BR","@id":"https:\/\/portalnpm.com\/#\/schema\/person\/image\/","url":"https:\/\/portalnpm.com\/wp-content\/uploads\/2024\/02\/avatar_user_2_1707743258-96x96.jpeg","contentUrl":"https:\/\/portalnpm.com\/wp-content\/uploads\/2024\/02\/avatar_user_2_1707743258-96x96.jpeg","caption":"Genival Barbosa"},"url":"https:\/\/portalnpm.com\/index.php\/author\/genival\/"}]}},"jetpack_sharing_enabled":true,"jetpack_featured_media_url":"https:\/\/portalnpm.com\/wp-content\/uploads\/2024\/01\/76-Picos-0025-768x510-1.jpg","_links":{"self":[{"href":"https:\/\/portalnpm.com\/index.php\/wp-json\/wp\/v2\/posts\/56196"}],"collection":[{"href":"https:\/\/portalnpm.com\/index.php\/wp-json\/wp\/v2\/posts"}],"about":[{"href":"https:\/\/portalnpm.com\/index.php\/wp-json\/wp\/v2\/types\/post"}],"author":[{"embeddable":true,"href":"https:\/\/portalnpm.com\/index.php\/wp-json\/wp\/v2\/users\/2"}],"replies":[{"embeddable":true,"href":"https:\/\/portalnpm.com\/index.php\/wp-json\/wp\/v2\/comments?post=56196"}],"version-history":[{"count":1,"href":"https:\/\/portalnpm.com\/index.php\/wp-json\/wp\/v2\/posts\/56196\/revisions"}],"predecessor-version":[{"id":56204,"href":"https:\/\/portalnpm.com\/index.php\/wp-json\/wp\/v2\/posts\/56196\/revisions\/56204"}],"wp:featuredmedia":[{"embeddable":true,"href":"https:\/\/portalnpm.com\/index.php\/wp-json\/wp\/v2\/media\/56197"}],"wp:attachment":[{"href":"https:\/\/portalnpm.com\/index.php\/wp-json\/wp\/v2\/media?parent=56196"}],"wp:term":[{"taxonomy":"category","embeddable":true,"href":"https:\/\/portalnpm.com\/index.php\/wp-json\/wp\/v2\/categories?post=56196"},{"taxonomy":"post_tag","embeddable":true,"href":"https:\/\/portalnpm.com\/index.php\/wp-json\/wp\/v2\/tags?post=56196"}],"curies":[{"name":"wp","href":"https:\/\/api.w.org\/{rel}","templated":true}]}}